{"id":3372,"date":"2023-09-28T18:44:26","date_gmt":"2023-09-28T21:44:26","guid":{"rendered":"https:\/\/www.cpvsantiago.gob.ar\/web\/?p=3372"},"modified":"2023-10-03T18:46:40","modified_gmt":"2023-10-03T21:46:40","slug":"trabajos-realizados-por-el-personal-de-zona-vial-no-2-atamisqui","status":"publish","type":"post","link":"https:\/\/cpvsantiago.gob.ar\/web\/trabajos-realizados-por-el-personal-de-zona-vial-no-2-atamisqui\/","title":{"rendered":"Trabajos Realizados por el Personal de Zona Vial N\u00ba 2 Atamisqui:"},"content":{"rendered":"\n<p>El incansable equipo de Zona Vial N\u00ba 2 Atamisqui ha llevado a cabo una serie de proyectos que han contribuido al mejoramiento de la infraestructura vial en la regi\u00f3n. Aqu\u00ed se detallan dos de los proyectos m\u00e1s destacados:<\/p>\n\n\n\n<figure class=\"wp-block-gallery has-nested-images columns-default is-cropped wp-block-gallery-1 is-layout-flex wp-block-gallery-is-layout-flex\">\n<figure class=\"wp-block-image size-large\"><a href=\"https:\/\/www.cpvsantiago.gob.ar\/web\/wp-content\/uploads\/2023\/10\/380701401_752823213521413_1012521524304098336_n.jpg\"><img loading=\"lazy\" decoding=\"async\" width=\"1024\" height=\"497\" data-id=\"3373\" src=\"https:\/\/www.cpvsantiago.gob.ar\/web\/wp-content\/uploads\/2023\/10\/380701401_752823213521413_1012521524304098336_n-1024x497.jpg\" alt=\"\" class=\"wp-image-3373\" srcset=\"https:\/\/cpvsantiago.gob.ar\/web\/wp-content\/uploads\/2023\/10\/380701401_752823213521413_1012521524304098336_n-1024x497.jpg 1024w, https:\/\/cpvsantiago.gob.ar\/web\/wp-content\/uploads\/2023\/10\/380701401_752823213521413_1012521524304098336_n-300x146.jpg 300w, https:\/\/cpvsantiago.gob.ar\/web\/wp-content\/uploads\/2023\/10\/380701401_752823213521413_1012521524304098336_n-768x373.jpg 768w, https:\/\/cpvsantiago.gob.ar\/web\/wp-content\/uploads\/2023\/10\/380701401_752823213521413_1012521524304098336_n-1536x746.jpg 1536w, https:\/\/cpvsantiago.gob.ar\/web\/wp-content\/uploads\/2023\/10\/380701401_752823213521413_1012521524304098336_n-150x73.jpg 150w, https:\/\/cpvsantiago.gob.ar\/web\/wp-content\/uploads\/2023\/10\/380701401_752823213521413_1012521524304098336_n-696x338.jpg 696w, https:\/\/cpvsantiago.gob.ar\/web\/wp-content\/uploads\/2023\/10\/380701401_752823213521413_1012521524304098336_n-1068x519.jpg 1068w, https:\/\/cpvsantiago.gob.ar\/web\/wp-content\/uploads\/2023\/10\/380701401_752823213521413_1012521524304098336_n.jpg 1600w\" sizes=\"auto, (max-width: 1024px) 100vw, 1024px\" \/><\/a><\/figure>\n\n\n\n<figure class=\"wp-block-image size-large\"><a href=\"https:\/\/www.cpvsantiago.gob.ar\/web\/wp-content\/uploads\/2023\/10\/380726633_752823216854746_8071360064171839058_n.jpg\"><img loading=\"lazy\" decoding=\"async\" width=\"1024\" height=\"497\" data-id=\"3374\" src=\"https:\/\/www.cpvsantiago.gob.ar\/web\/wp-content\/uploads\/2023\/10\/380726633_752823216854746_8071360064171839058_n-1024x497.jpg\" alt=\"\" class=\"wp-image-3374\" srcset=\"https:\/\/cpvsantiago.gob.ar\/web\/wp-content\/uploads\/2023\/10\/380726633_752823216854746_8071360064171839058_n-1024x497.jpg 1024w, https:\/\/cpvsantiago.gob.ar\/web\/wp-content\/uploads\/2023\/10\/380726633_752823216854746_8071360064171839058_n-300x146.jpg 300w, https:\/\/cpvsantiago.gob.ar\/web\/wp-content\/uploads\/2023\/10\/380726633_752823216854746_8071360064171839058_n-768x373.jpg 768w, https:\/\/cpvsantiago.gob.ar\/web\/wp-content\/uploads\/2023\/10\/380726633_752823216854746_8071360064171839058_n-1536x746.jpg 1536w, https:\/\/cpvsantiago.gob.ar\/web\/wp-content\/uploads\/2023\/10\/380726633_752823216854746_8071360064171839058_n-150x73.jpg 150w, https:\/\/cpvsantiago.gob.ar\/web\/wp-content\/uploads\/2023\/10\/380726633_752823216854746_8071360064171839058_n-696x338.jpg 696w, https:\/\/cpvsantiago.gob.ar\/web\/wp-content\/uploads\/2023\/10\/380726633_752823216854746_8071360064171839058_n-1068x519.jpg 1068w, https:\/\/cpvsantiago.gob.ar\/web\/wp-content\/uploads\/2023\/10\/380726633_752823216854746_8071360064171839058_n.jpg 1600w\" sizes=\"auto, (max-width: 1024px) 100vw, 1024px\" \/><\/a><\/figure>\n\n\n\n<figure class=\"wp-block-image size-large\"><a href=\"https:\/\/www.cpvsantiago.gob.ar\/web\/wp-content\/uploads\/2023\/10\/380737083_752823310188070_965850669897653160_n.jpg\"><img loading=\"lazy\" decoding=\"async\" width=\"1024\" height=\"768\" data-id=\"3375\" src=\"https:\/\/www.cpvsantiago.gob.ar\/web\/wp-content\/uploads\/2023\/10\/380737083_752823310188070_965850669897653160_n-1024x768.jpg\" alt=\"\" class=\"wp-image-3375\" srcset=\"https:\/\/cpvsantiago.gob.ar\/web\/wp-content\/uploads\/2023\/10\/380737083_752823310188070_965850669897653160_n-1024x768.jpg 1024w, https:\/\/cpvsantiago.gob.ar\/web\/wp-content\/uploads\/2023\/10\/380737083_752823310188070_965850669897653160_n-300x225.jpg 300w, https:\/\/cpvsantiago.gob.ar\/web\/wp-content\/uploads\/2023\/10\/380737083_752823310188070_965850669897653160_n-768x576.jpg 768w, https:\/\/cpvsantiago.gob.ar\/web\/wp-content\/uploads\/2023\/10\/380737083_752823310188070_965850669897653160_n-150x113.jpg 150w, https:\/\/cpvsantiago.gob.ar\/web\/wp-content\/uploads\/2023\/10\/380737083_752823310188070_965850669897653160_n-696x522.jpg 696w, https:\/\/cpvsantiago.gob.ar\/web\/wp-content\/uploads\/2023\/10\/380737083_752823310188070_965850669897653160_n-1068x801.jpg 1068w, https:\/\/cpvsantiago.gob.ar\/web\/wp-content\/uploads\/2023\/10\/380737083_752823310188070_965850669897653160_n.jpg 1280w\" sizes=\"auto, (max-width: 1024px) 100vw, 1024px\" \/><\/a><\/figure>\n\n\n\n<figure class=\"wp-block-image size-large\"><a href=\"https:\/\/www.cpvsantiago.gob.ar\/web\/wp-content\/uploads\/2023\/10\/380754815_752823240188077_1686111334161000475_n.jpg\"><img loading=\"lazy\" decoding=\"async\" width=\"1024\" height=\"768\" data-id=\"3376\" src=\"https:\/\/www.cpvsantiago.gob.ar\/web\/wp-content\/uploads\/2023\/10\/380754815_752823240188077_1686111334161000475_n-1024x768.jpg\" alt=\"\" class=\"wp-image-3376\" srcset=\"https:\/\/cpvsantiago.gob.ar\/web\/wp-content\/uploads\/2023\/10\/380754815_752823240188077_1686111334161000475_n-1024x768.jpg 1024w, https:\/\/cpvsantiago.gob.ar\/web\/wp-content\/uploads\/2023\/10\/380754815_752823240188077_1686111334161000475_n-300x225.jpg 300w, https:\/\/cpvsantiago.gob.ar\/web\/wp-content\/uploads\/2023\/10\/380754815_752823240188077_1686111334161000475_n-768x576.jpg 768w, https:\/\/cpvsantiago.gob.ar\/web\/wp-content\/uploads\/2023\/10\/380754815_752823240188077_1686111334161000475_n-150x113.jpg 150w, https:\/\/cpvsantiago.gob.ar\/web\/wp-content\/uploads\/2023\/10\/380754815_752823240188077_1686111334161000475_n-696x522.jpg 696w, https:\/\/cpvsantiago.gob.ar\/web\/wp-content\/uploads\/2023\/10\/380754815_752823240188077_1686111334161000475_n-1068x801.jpg 1068w, https:\/\/cpvsantiago.gob.ar\/web\/wp-content\/uploads\/2023\/10\/380754815_752823240188077_1686111334161000475_n.jpg 1280w\" sizes=\"auto, (max-width: 1024px) 100vw, 1024px\" \/><\/a><\/figure>\n\n\n\n<figure class=\"wp-block-image size-large\"><a href=\"https:\/\/www.cpvsantiago.gob.ar\/web\/wp-content\/uploads\/2023\/10\/382354042_752823320188069_2979539837501496185_n.jpg\"><img loading=\"lazy\" decoding=\"async\" width=\"1024\" height=\"768\" data-id=\"3377\" src=\"https:\/\/www.cpvsantiago.gob.ar\/web\/wp-content\/uploads\/2023\/10\/382354042_752823320188069_2979539837501496185_n-1024x768.jpg\" alt=\"\" class=\"wp-image-3377\" srcset=\"https:\/\/cpvsantiago.gob.ar\/web\/wp-content\/uploads\/2023\/10\/382354042_752823320188069_2979539837501496185_n-1024x768.jpg 1024w, https:\/\/cpvsantiago.gob.ar\/web\/wp-content\/uploads\/2023\/10\/382354042_752823320188069_2979539837501496185_n-300x225.jpg 300w, https:\/\/cpvsantiago.gob.ar\/web\/wp-content\/uploads\/2023\/10\/382354042_752823320188069_2979539837501496185_n-768x576.jpg 768w, https:\/\/cpvsantiago.gob.ar\/web\/wp-content\/uploads\/2023\/10\/382354042_752823320188069_2979539837501496185_n-150x113.jpg 150w, https:\/\/cpvsantiago.gob.ar\/web\/wp-content\/uploads\/2023\/10\/382354042_752823320188069_2979539837501496185_n-696x522.jpg 696w, https:\/\/cpvsantiago.gob.ar\/web\/wp-content\/uploads\/2023\/10\/382354042_752823320188069_2979539837501496185_n-1068x801.jpg 1068w, https:\/\/cpvsantiago.gob.ar\/web\/wp-content\/uploads\/2023\/10\/382354042_752823320188069_2979539837501496185_n.jpg 1280w\" sizes=\"auto, (max-width: 1024px) 100vw, 1024px\" \/><\/a><\/figure>\n<\/figure>\n\n\n\n<ol class=\"wp-block-list\">\n<li>Camino de Crucecitas a San Juan &#8211; Cambio de Suelo: El equipo se embarc\u00f3 en una importante tarea de cambio de suelo en el camino que conecta Crucecitas con San Juan. Esta labor es fundamental para garantizar una base s\u00f3lida y duradera en la carretera, lo que se traduce en una mayor seguridad y comodidad para quienes transitan por esta v\u00eda.<\/li>\n<\/ol>\n\n\n\n<figure class=\"wp-block-video\"><video height=\"480\" style=\"aspect-ratio: 848 \/ 480;\" width=\"848\" controls src=\"https:\/\/www.cpvsantiago.gob.ar\/web\/wp-content\/uploads\/2023\/10\/380591699_165104963303958_3478148285498740690_n.mp4\"><\/video><\/figure>\n\n\n\n<ol class=\"wp-block-list\">\n<li>Perfilado de Calzada Enripiada en Calles de Sauce Solo: En la localidad de Sauce Solo, se realiz\u00f3 el perfilado de la calzada enripiada en varias calles. Este proceso es esencial para mantener las v\u00edas en buenas condiciones, facilitando la circulaci\u00f3n de veh\u00edculos y peatones en la zona.<\/li>\n<\/ol>\n\n\n\n<p>Estos trabajos realizados por el personal de Zona Vial N\u00ba 2 Atamisqui son un claro ejemplo de su compromiso con la mejora de las infraestructuras viales locales, lo que a su vez promueve una mayor conectividad y seguridad en la regi\u00f3n. Su arduo trabajo beneficia a la comunidad en general y a quienes dependen de estas v\u00edas en su vida cotidiana.<\/p>\n","protected":false},"excerpt":{"rendered":"<p>El incansable equipo de Zona Vial N\u00ba 2 Atamisqui ha llevado a cabo una serie de proyectos que han contribuido al mejoramiento de la infraestructura vial en la regi\u00f3n. Aqu\u00ed se detallan dos de los proyectos m\u00e1s destacados: Estos trabajos realizados por el personal de Zona Vial N\u00ba 2 Atamisqui son un claro ejemplo de [&hellip;]<\/p>\n","protected":false},"author":2,"featured_media":3377,"comment_status":"open","ping_status":"open","sticky":false,"template":"","format":"standard","meta":{"footnotes":""},"categories":[5],"tags":[],"class_list":{"0":"post-3372","1":"post","2":"type-post","3":"status-publish","4":"format-standard","5":"has-post-thumbnail","7":"category-noticias"},"yoast_head":"<!-- This site is optimized with the Yoast SEO Premium plugin v24.8 (Yoast SEO v27.2) - https:\/\/yoast.com\/product\/yoast-seo-premium-wordpress\/ -->\n<title>Trabajos Realizados por el Personal de Zona Vial N\u00ba 2 Atamisqui: - Consejo Provincial de Vialidad de la Provincia de Santiago del Estero<\/title>\n<meta name=\"robots\" content=\"index, follow, max-snippet:-1, max-image-preview:large, max-video-preview:-1\" \/>\n<link rel=\"canonical\" href=\"https:\/\/cpvsantiago.gob.ar\/web\/trabajos-realizados-por-el-personal-de-zona-vial-no-2-atamisqui\/\" \/>\n<meta property=\"og:locale\" content=\"es_ES\" \/>\n<meta property=\"og:type\" content=\"article\" \/>\n<meta property=\"og:title\" content=\"Trabajos Realizados por el Personal de Zona Vial N\u00ba 2 Atamisqui:\" \/>\n<meta property=\"og:description\" content=\"El incansable equipo de Zona Vial N\u00ba 2 Atamisqui ha llevado a cabo una serie de proyectos que han contribuido al mejoramiento de la infraestructura vial en la regi\u00f3n. Aqu\u00ed se detallan dos de los proyectos m\u00e1s destacados: Estos trabajos realizados por el personal de Zona Vial N\u00ba 2 Atamisqui son un claro ejemplo de [&hellip;]\" \/>\n<meta property=\"og:url\" content=\"https:\/\/cpvsantiago.gob.ar\/web\/trabajos-realizados-por-el-personal-de-zona-vial-no-2-atamisqui\/\" \/>\n<meta property=\"og:site_name\" content=\"Consejo Provincial de Vialidad de la Provincia de Santiago del Estero\" \/>\n<meta property=\"article:published_time\" content=\"2023-09-28T21:44:26+00:00\" \/>\n<meta property=\"article:modified_time\" content=\"2023-10-03T21:46:40+00:00\" \/>\n<meta property=\"og:image\" content=\"https:\/\/cpvsantiago.gob.ar\/web\/wp-content\/uploads\/2023\/10\/382354042_752823320188069_2979539837501496185_n.jpg\" \/>\n\t<meta property=\"og:image:width\" content=\"1280\" \/>\n\t<meta property=\"og:image:height\" content=\"960\" \/>\n\t<meta property=\"og:image:type\" content=\"image\/jpeg\" \/>\n<meta name=\"author\" content=\"cpv\" \/>\n<meta name=\"twitter:card\" content=\"summary_large_image\" \/>\n<meta name=\"twitter:label1\" content=\"Escrito por\" \/>\n\t<meta name=\"twitter:data1\" content=\"cpv\" \/>\n\t<meta name=\"twitter:label2\" content=\"Tiempo de lectura\" \/>\n\t<meta name=\"twitter:data2\" content=\"2 minutos\" \/>\n<script type=\"application\/ld+json\" class=\"yoast-schema-graph\">{\"@context\":\"https:\/\/schema.org\",\"@graph\":[{\"@type\":\"Article\",\"@id\":\"https:\/\/cpvsantiago.gob.ar\/web\/trabajos-realizados-por-el-personal-de-zona-vial-no-2-atamisqui\/#article\",\"isPartOf\":{\"@id\":\"https:\/\/cpvsantiago.gob.ar\/web\/trabajos-realizados-por-el-personal-de-zona-vial-no-2-atamisqui\/\"},\"author\":{\"name\":\"cpv\",\"@id\":\"https:\/\/cpvsantiago.gob.ar\/web\/#\/schema\/person\/aa59e9835d5eb750d8585c860224dc06\"},\"headline\":\"Trabajos Realizados por el Personal de Zona Vial N\u00ba 2 Atamisqui:\",\"datePublished\":\"2023-09-28T21:44:26+00:00\",\"dateModified\":\"2023-10-03T21:46:40+00:00\",\"mainEntityOfPage\":{\"@id\":\"https:\/\/cpvsantiago.gob.ar\/web\/trabajos-realizados-por-el-personal-de-zona-vial-no-2-atamisqui\/\"},\"wordCount\":224,\"commentCount\":0,\"image\":{\"@id\":\"https:\/\/cpvsantiago.gob.ar\/web\/trabajos-realizados-por-el-personal-de-zona-vial-no-2-atamisqui\/#primaryimage\"},\"thumbnailUrl\":\"https:\/\/cpvsantiago.gob.ar\/web\/wp-content\/uploads\/2023\/10\/382354042_752823320188069_2979539837501496185_n.jpg\",\"articleSection\":[\"Noticias\"],\"inLanguage\":\"es\",\"potentialAction\":[{\"@type\":\"CommentAction\",\"name\":\"Comment\",\"target\":[\"https:\/\/cpvsantiago.gob.ar\/web\/trabajos-realizados-por-el-personal-de-zona-vial-no-2-atamisqui\/#respond\"]}]},{\"@type\":\"WebPage\",\"@id\":\"https:\/\/cpvsantiago.gob.ar\/web\/trabajos-realizados-por-el-personal-de-zona-vial-no-2-atamisqui\/\",\"url\":\"https:\/\/cpvsantiago.gob.ar\/web\/trabajos-realizados-por-el-personal-de-zona-vial-no-2-atamisqui\/\",\"name\":\"Trabajos Realizados por el Personal de Zona Vial N\u00ba 2 Atamisqui: - Consejo Provincial de Vialidad de la Provincia de Santiago del Estero\",\"isPartOf\":{\"@id\":\"https:\/\/cpvsantiago.gob.ar\/web\/#website\"},\"primaryImageOfPage\":{\"@id\":\"https:\/\/cpvsantiago.gob.ar\/web\/trabajos-realizados-por-el-personal-de-zona-vial-no-2-atamisqui\/#primaryimage\"},\"image\":{\"@id\":\"https:\/\/cpvsantiago.gob.ar\/web\/trabajos-realizados-por-el-personal-de-zona-vial-no-2-atamisqui\/#primaryimage\"},\"thumbnailUrl\":\"https:\/\/cpvsantiago.gob.ar\/web\/wp-content\/uploads\/2023\/10\/382354042_752823320188069_2979539837501496185_n.jpg\",\"datePublished\":\"2023-09-28T21:44:26+00:00\",\"dateModified\":\"2023-10-03T21:46:40+00:00\",\"author\":{\"@id\":\"https:\/\/cpvsantiago.gob.ar\/web\/#\/schema\/person\/aa59e9835d5eb750d8585c860224dc06\"},\"breadcrumb\":{\"@id\":\"https:\/\/cpvsantiago.gob.ar\/web\/trabajos-realizados-por-el-personal-de-zona-vial-no-2-atamisqui\/#breadcrumb\"},\"inLanguage\":\"es\",\"potentialAction\":[{\"@type\":\"ReadAction\",\"target\":[\"https:\/\/cpvsantiago.gob.ar\/web\/trabajos-realizados-por-el-personal-de-zona-vial-no-2-atamisqui\/\"]}]},{\"@type\":\"ImageObject\",\"inLanguage\":\"es\",\"@id\":\"https:\/\/cpvsantiago.gob.ar\/web\/trabajos-realizados-por-el-personal-de-zona-vial-no-2-atamisqui\/#primaryimage\",\"url\":\"https:\/\/cpvsantiago.gob.ar\/web\/wp-content\/uploads\/2023\/10\/382354042_752823320188069_2979539837501496185_n.jpg\",\"contentUrl\":\"https:\/\/cpvsantiago.gob.ar\/web\/wp-content\/uploads\/2023\/10\/382354042_752823320188069_2979539837501496185_n.jpg\",\"width\":1280,\"height\":960},{\"@type\":\"BreadcrumbList\",\"@id\":\"https:\/\/cpvsantiago.gob.ar\/web\/trabajos-realizados-por-el-personal-de-zona-vial-no-2-atamisqui\/#breadcrumb\",\"itemListElement\":[{\"@type\":\"ListItem\",\"position\":1,\"name\":\"Portada\",\"item\":\"https:\/\/cpvsantiago.gob.ar\/web\/\"},{\"@type\":\"ListItem\",\"position\":2,\"name\":\"Trabajos Realizados por el Personal de Zona Vial N\u00ba 2 Atamisqui:\"}]},{\"@type\":\"WebSite\",\"@id\":\"https:\/\/cpvsantiago.gob.ar\/web\/#website\",\"url\":\"https:\/\/cpvsantiago.gob.ar\/web\/\",\"name\":\"Consejo Provincial de Vialidad de la Provincia de Santiago del Estero\",\"description\":\"CPV Santiago del Estero\",\"potentialAction\":[{\"@type\":\"SearchAction\",\"target\":{\"@type\":\"EntryPoint\",\"urlTemplate\":\"https:\/\/cpvsantiago.gob.ar\/web\/?s={search_term_string}\"},\"query-input\":{\"@type\":\"PropertyValueSpecification\",\"valueRequired\":true,\"valueName\":\"search_term_string\"}}],\"inLanguage\":\"es\"},{\"@type\":\"Person\",\"@id\":\"https:\/\/cpvsantiago.gob.ar\/web\/#\/schema\/person\/aa59e9835d5eb750d8585c860224dc06\",\"name\":\"cpv\",\"image\":{\"@type\":\"ImageObject\",\"inLanguage\":\"es\",\"@id\":\"https:\/\/secure.gravatar.com\/avatar\/484802c719c69b738102ad3161a3d525b188c752ad36109725aeae22171ead58?s=96&d=mm&r=g\",\"url\":\"https:\/\/secure.gravatar.com\/avatar\/484802c719c69b738102ad3161a3d525b188c752ad36109725aeae22171ead58?s=96&d=mm&r=g\",\"contentUrl\":\"https:\/\/secure.gravatar.com\/avatar\/484802c719c69b738102ad3161a3d525b188c752ad36109725aeae22171ead58?s=96&d=mm&r=g\",\"caption\":\"cpv\"},\"url\":\"https:\/\/cpvsantiago.gob.ar\/web\/author\/h8000593\/\"}]}<\/script>\n<!-- \/ Yoast SEO Premium plugin. -->","yoast_head_json":{"title":"Trabajos Realizados por el Personal de Zona Vial N\u00ba 2 Atamisqui: - Consejo Provincial de Vialidad de la Provincia de Santiago del Estero","robots":{"index":"index","follow":"follow","max-snippet":"max-snippet:-1","max-image-preview":"max-image-preview:large","max-video-preview":"max-video-preview:-1"},"canonical":"https:\/\/cpvsantiago.gob.ar\/web\/trabajos-realizados-por-el-personal-de-zona-vial-no-2-atamisqui\/","og_locale":"es_ES","og_type":"article","og_title":"Trabajos Realizados por el Personal de Zona Vial N\u00ba 2 Atamisqui:","og_description":"El incansable equipo de Zona Vial N\u00ba 2 Atamisqui ha llevado a cabo una serie de proyectos que han contribuido al mejoramiento de la infraestructura vial en la regi\u00f3n. Aqu\u00ed se detallan dos de los proyectos m\u00e1s destacados: Estos trabajos realizados por el personal de Zona Vial N\u00ba 2 Atamisqui son un claro ejemplo de [&hellip;]","og_url":"https:\/\/cpvsantiago.gob.ar\/web\/trabajos-realizados-por-el-personal-de-zona-vial-no-2-atamisqui\/","og_site_name":"Consejo Provincial de Vialidad de la Provincia de Santiago del Estero","article_published_time":"2023-09-28T21:44:26+00:00","article_modified_time":"2023-10-03T21:46:40+00:00","og_image":[{"width":1280,"height":960,"url":"https:\/\/cpvsantiago.gob.ar\/web\/wp-content\/uploads\/2023\/10\/382354042_752823320188069_2979539837501496185_n.jpg","type":"image\/jpeg"}],"author":"cpv","twitter_card":"summary_large_image","twitter_misc":{"Escrito por":"cpv","Tiempo de lectura":"2 minutos"},"schema":{"@context":"https:\/\/schema.org","@graph":[{"@type":"Article","@id":"https:\/\/cpvsantiago.gob.ar\/web\/trabajos-realizados-por-el-personal-de-zona-vial-no-2-atamisqui\/#article","isPartOf":{"@id":"https:\/\/cpvsantiago.gob.ar\/web\/trabajos-realizados-por-el-personal-de-zona-vial-no-2-atamisqui\/"},"author":{"name":"cpv","@id":"https:\/\/cpvsantiago.gob.ar\/web\/#\/schema\/person\/aa59e9835d5eb750d8585c860224dc06"},"headline":"Trabajos Realizados por el Personal de Zona Vial N\u00ba 2 Atamisqui:","datePublished":"2023-09-28T21:44:26+00:00","dateModified":"2023-10-03T21:46:40+00:00","mainEntityOfPage":{"@id":"https:\/\/cpvsantiago.gob.ar\/web\/trabajos-realizados-por-el-personal-de-zona-vial-no-2-atamisqui\/"},"wordCount":224,"commentCount":0,"image":{"@id":"https:\/\/cpvsantiago.gob.ar\/web\/trabajos-realizados-por-el-personal-de-zona-vial-no-2-atamisqui\/#primaryimage"},"thumbnailUrl":"https:\/\/cpvsantiago.gob.ar\/web\/wp-content\/uploads\/2023\/10\/382354042_752823320188069_2979539837501496185_n.jpg","articleSection":["Noticias"],"inLanguage":"es","potentialAction":[{"@type":"CommentAction","name":"Comment","target":["https:\/\/cpvsantiago.gob.ar\/web\/trabajos-realizados-por-el-personal-de-zona-vial-no-2-atamisqui\/#respond"]}]},{"@type":"WebPage","@id":"https:\/\/cpvsantiago.gob.ar\/web\/trabajos-realizados-por-el-personal-de-zona-vial-no-2-atamisqui\/","url":"https:\/\/cpvsantiago.gob.ar\/web\/trabajos-realizados-por-el-personal-de-zona-vial-no-2-atamisqui\/","name":"Trabajos Realizados por el Personal de Zona Vial N\u00ba 2 Atamisqui: - Consejo Provincial de Vialidad de la Provincia de Santiago del Estero","isPartOf":{"@id":"https:\/\/cpvsantiago.gob.ar\/web\/#website"},"primaryImageOfPage":{"@id":"https:\/\/cpvsantiago.gob.ar\/web\/trabajos-realizados-por-el-personal-de-zona-vial-no-2-atamisqui\/#primaryimage"},"image":{"@id":"https:\/\/cpvsantiago.gob.ar\/web\/trabajos-realizados-por-el-personal-de-zona-vial-no-2-atamisqui\/#primaryimage"},"thumbnailUrl":"https:\/\/cpvsantiago.gob.ar\/web\/wp-content\/uploads\/2023\/10\/382354042_752823320188069_2979539837501496185_n.jpg","datePublished":"2023-09-28T21:44:26+00:00","dateModified":"2023-10-03T21:46:40+00:00","author":{"@id":"https:\/\/cpvsantiago.gob.ar\/web\/#\/schema\/person\/aa59e9835d5eb750d8585c860224dc06"},"breadcrumb":{"@id":"https:\/\/cpvsantiago.gob.ar\/web\/trabajos-realizados-por-el-personal-de-zona-vial-no-2-atamisqui\/#breadcrumb"},"inLanguage":"es","potentialAction":[{"@type":"ReadAction","target":["https:\/\/cpvsantiago.gob.ar\/web\/trabajos-realizados-por-el-personal-de-zona-vial-no-2-atamisqui\/"]}]},{"@type":"ImageObject","inLanguage":"es","@id":"https:\/\/cpvsantiago.gob.ar\/web\/trabajos-realizados-por-el-personal-de-zona-vial-no-2-atamisqui\/#primaryimage","url":"https:\/\/cpvsantiago.gob.ar\/web\/wp-content\/uploads\/2023\/10\/382354042_752823320188069_2979539837501496185_n.jpg","contentUrl":"https:\/\/cpvsantiago.gob.ar\/web\/wp-content\/uploads\/2023\/10\/382354042_752823320188069_2979539837501496185_n.jpg","width":1280,"height":960},{"@type":"BreadcrumbList","@id":"https:\/\/cpvsantiago.gob.ar\/web\/trabajos-realizados-por-el-personal-de-zona-vial-no-2-atamisqui\/#breadcrumb","itemListElement":[{"@type":"ListItem","position":1,"name":"Portada","item":"https:\/\/cpvsantiago.gob.ar\/web\/"},{"@type":"ListItem","position":2,"name":"Trabajos Realizados por el Personal de Zona Vial N\u00ba 2 Atamisqui:"}]},{"@type":"WebSite","@id":"https:\/\/cpvsantiago.gob.ar\/web\/#website","url":"https:\/\/cpvsantiago.gob.ar\/web\/","name":"Consejo Provincial de Vialidad de la Provincia de Santiago del Estero","description":"CPV Santiago del Estero","potentialAction":[{"@type":"SearchAction","target":{"@type":"EntryPoint","urlTemplate":"https:\/\/cpvsantiago.gob.ar\/web\/?s={search_term_string}"},"query-input":{"@type":"PropertyValueSpecification","valueRequired":true,"valueName":"search_term_string"}}],"inLanguage":"es"},{"@type":"Person","@id":"https:\/\/cpvsantiago.gob.ar\/web\/#\/schema\/person\/aa59e9835d5eb750d8585c860224dc06","name":"cpv","image":{"@type":"ImageObject","inLanguage":"es","@id":"https:\/\/secure.gravatar.com\/avatar\/484802c719c69b738102ad3161a3d525b188c752ad36109725aeae22171ead58?s=96&d=mm&r=g","url":"https:\/\/secure.gravatar.com\/avatar\/484802c719c69b738102ad3161a3d525b188c752ad36109725aeae22171ead58?s=96&d=mm&r=g","contentUrl":"https:\/\/secure.gravatar.com\/avatar\/484802c719c69b738102ad3161a3d525b188c752ad36109725aeae22171ead58?s=96&d=mm&r=g","caption":"cpv"},"url":"https:\/\/cpvsantiago.gob.ar\/web\/author\/h8000593\/"}]}},"_links":{"self":[{"href":"https:\/\/cpvsantiago.gob.ar\/web\/wp-json\/wp\/v2\/posts\/3372","targetHints":{"allow":["GET"]}}],"collection":[{"href":"https:\/\/cpvsantiago.gob.ar\/web\/wp-json\/wp\/v2\/posts"}],"about":[{"href":"https:\/\/cpvsantiago.gob.ar\/web\/wp-json\/wp\/v2\/types\/post"}],"author":[{"embeddable":true,"href":"https:\/\/cpvsantiago.gob.ar\/web\/wp-json\/wp\/v2\/users\/2"}],"replies":[{"embeddable":true,"href":"https:\/\/cpvsantiago.gob.ar\/web\/wp-json\/wp\/v2\/comments?post=3372"}],"version-history":[{"count":1,"href":"https:\/\/cpvsantiago.gob.ar\/web\/wp-json\/wp\/v2\/posts\/3372\/revisions"}],"predecessor-version":[{"id":3379,"href":"https:\/\/cpvsantiago.gob.ar\/web\/wp-json\/wp\/v2\/posts\/3372\/revisions\/3379"}],"wp:featuredmedia":[{"embeddable":true,"href":"https:\/\/cpvsantiago.gob.ar\/web\/wp-json\/wp\/v2\/media\/3377"}],"wp:attachment":[{"href":"https:\/\/cpvsantiago.gob.ar\/web\/wp-json\/wp\/v2\/media?parent=3372"}],"wp:term":[{"taxonomy":"category","embeddable":true,"href":"https:\/\/cpvsantiago.gob.ar\/web\/wp-json\/wp\/v2\/categories?post=3372"},{"taxonomy":"post_tag","embeddable":true,"href":"https:\/\/cpvsantiago.gob.ar\/web\/wp-json\/wp\/v2\/tags?post=3372"}],"curies":[{"name":"wp","href":"https:\/\/api.w.org\/{rel}","templated":true}]}}