{"id":3955,"date":"2023-12-28T19:18:54","date_gmt":"2023-12-28T22:18:54","guid":{"rendered":"https:\/\/www.cpvsantiago.gob.ar\/web\/?p=3955"},"modified":"2023-12-31T19:32:30","modified_gmt":"2023-12-31T22:32:30","slug":"operacion-trabajos-de-limpieza-y-desmalezamiento-zona-vial-1d-del-subdeposito","status":"publish","type":"post","link":"https:\/\/cpvsantiago.gob.ar\/web\/operacion-trabajos-de-limpieza-y-desmalezamiento-zona-vial-1d-del-subdeposito\/","title":{"rendered":"Operaci\u00f3n, trabajos de limpieza y desmalezamiento Zona Vial 1D del Subdep\u00f3sito."},"content":{"rendered":"\n<p>Se realiz\u00f3 una operaci\u00f3n de limpieza y desmalezado en el Departamento Capital, espec\u00edficamente en la Ruta Provincial 208, a cargo de la Zona Vial 1D del Subdep\u00f3sito. Para esta tarea se utilizaron herramientas como el tractor Pauny Int 146 equipado con una desmalezadora Grosspal, adem\u00e1s de motoguada\u00f1as para asegurar la limpieza y el despeje de la zona de camino. Este trabajo busca mantener la ruta en condiciones \u00f3ptimas, garantizando la seguridad vial y facilitando el tr\u00e1nsito en esa \u00e1rea espec\u00edfica del departamento.<\/p>\n\n\n\n<figure class=\"wp-block-video\"><video height=\"360\" style=\"aspect-ratio: 626 \/ 360;\" width=\"626\" controls src=\"https:\/\/www.cpvsantiago.gob.ar\/web\/wp-content\/uploads\/2023\/12\/GKnCshh1fQ-upDsBAOLlceSTdhR8bmdjAAAF.mp4\"><\/video><\/figure>\n","protected":false},"excerpt":{"rendered":"<p>Se realiz\u00f3 una operaci\u00f3n de limpieza y desmalezado en el Departamento Capital, espec\u00edficamente en la Ruta Provincial 208, a cargo de la Zona Vial 1D del Subdep\u00f3sito. Para esta tarea se utilizaron herramientas como el tractor Pauny Int 146 equipado con una desmalezadora Grosspal, adem\u00e1s de motoguada\u00f1as para asegurar la limpieza y el despeje de [&hellip;]<\/p>\n","protected":false},"author":2,"featured_media":3957,"comment_status":"open","ping_status":"open","sticky":false,"template":"","format":"standard","meta":{"footnotes":""},"categories":[5],"tags":[],"class_list":{"0":"post-3955","1":"post","2":"type-post","3":"status-publish","4":"format-standard","5":"has-post-thumbnail","7":"category-noticias"},"yoast_head":"<!-- This site is optimized with the Yoast SEO Premium plugin v24.8 (Yoast SEO v27.2) - https:\/\/yoast.com\/product\/yoast-seo-premium-wordpress\/ -->\n<title>Operaci\u00f3n, trabajos de limpieza y desmalezamiento Zona Vial 1D del Subdep\u00f3sito. - Consejo Provincial de Vialidad de la Provincia de Santiago del Estero<\/title>\n<meta name=\"robots\" content=\"index, follow, max-snippet:-1, max-image-preview:large, max-video-preview:-1\" \/>\n<link rel=\"canonical\" href=\"https:\/\/cpvsantiago.gob.ar\/web\/operacion-trabajos-de-limpieza-y-desmalezamiento-zona-vial-1d-del-subdeposito\/\" \/>\n<meta property=\"og:locale\" content=\"es_ES\" \/>\n<meta property=\"og:type\" content=\"article\" \/>\n<meta property=\"og:title\" content=\"Operaci\u00f3n, trabajos de limpieza y desmalezamiento Zona Vial 1D del Subdep\u00f3sito.\" \/>\n<meta property=\"og:description\" content=\"Se realiz\u00f3 una operaci\u00f3n de limpieza y desmalezado en el Departamento Capital, espec\u00edficamente en la Ruta Provincial 208, a cargo de la Zona Vial 1D del Subdep\u00f3sito. Para esta tarea se utilizaron herramientas como el tractor Pauny Int 146 equipado con una desmalezadora Grosspal, adem\u00e1s de motoguada\u00f1as para asegurar la limpieza y el despeje de [&hellip;]\" \/>\n<meta property=\"og:url\" content=\"https:\/\/cpvsantiago.gob.ar\/web\/operacion-trabajos-de-limpieza-y-desmalezamiento-zona-vial-1d-del-subdeposito\/\" \/>\n<meta property=\"og:site_name\" content=\"Consejo Provincial de Vialidad de la Provincia de Santiago del Estero\" \/>\n<meta property=\"article:published_time\" content=\"2023-12-28T22:18:54+00:00\" \/>\n<meta property=\"article:modified_time\" content=\"2023-12-31T22:32:30+00:00\" \/>\n<meta property=\"og:image\" content=\"https:\/\/cpvsantiago.gob.ar\/web\/wp-content\/uploads\/2023\/12\/Captura-de-pantalla-700.png\" \/>\n\t<meta property=\"og:image:width\" content=\"1440\" \/>\n\t<meta property=\"og:image:height\" content=\"900\" \/>\n\t<meta property=\"og:image:type\" content=\"image\/png\" \/>\n<meta name=\"author\" content=\"cpv\" \/>\n<meta name=\"twitter:card\" content=\"summary_large_image\" \/>\n<meta name=\"twitter:label1\" content=\"Escrito por\" \/>\n\t<meta name=\"twitter:data1\" content=\"cpv\" \/>\n\t<meta name=\"twitter:label2\" content=\"Tiempo de lectura\" \/>\n\t<meta name=\"twitter:data2\" content=\"1 minuto\" \/>\n<script type=\"application\/ld+json\" class=\"yoast-schema-graph\">{\"@context\":\"https:\/\/schema.org\",\"@graph\":[{\"@type\":\"Article\",\"@id\":\"https:\/\/cpvsantiago.gob.ar\/web\/operacion-trabajos-de-limpieza-y-desmalezamiento-zona-vial-1d-del-subdeposito\/#article\",\"isPartOf\":{\"@id\":\"https:\/\/cpvsantiago.gob.ar\/web\/operacion-trabajos-de-limpieza-y-desmalezamiento-zona-vial-1d-del-subdeposito\/\"},\"author\":{\"name\":\"cpv\",\"@id\":\"https:\/\/cpvsantiago.gob.ar\/web\/#\/schema\/person\/aa59e9835d5eb750d8585c860224dc06\"},\"headline\":\"Operaci\u00f3n, trabajos de limpieza y desmalezamiento Zona Vial 1D del Subdep\u00f3sito.\",\"datePublished\":\"2023-12-28T22:18:54+00:00\",\"dateModified\":\"2023-12-31T22:32:30+00:00\",\"mainEntityOfPage\":{\"@id\":\"https:\/\/cpvsantiago.gob.ar\/web\/operacion-trabajos-de-limpieza-y-desmalezamiento-zona-vial-1d-del-subdeposito\/\"},\"wordCount\":100,\"commentCount\":0,\"image\":{\"@id\":\"https:\/\/cpvsantiago.gob.ar\/web\/operacion-trabajos-de-limpieza-y-desmalezamiento-zona-vial-1d-del-subdeposito\/#primaryimage\"},\"thumbnailUrl\":\"https:\/\/cpvsantiago.gob.ar\/web\/wp-content\/uploads\/2023\/12\/Captura-de-pantalla-700.png\",\"articleSection\":[\"Noticias\"],\"inLanguage\":\"es\",\"potentialAction\":[{\"@type\":\"CommentAction\",\"name\":\"Comment\",\"target\":[\"https:\/\/cpvsantiago.gob.ar\/web\/operacion-trabajos-de-limpieza-y-desmalezamiento-zona-vial-1d-del-subdeposito\/#respond\"]}]},{\"@type\":\"WebPage\",\"@id\":\"https:\/\/cpvsantiago.gob.ar\/web\/operacion-trabajos-de-limpieza-y-desmalezamiento-zona-vial-1d-del-subdeposito\/\",\"url\":\"https:\/\/cpvsantiago.gob.ar\/web\/operacion-trabajos-de-limpieza-y-desmalezamiento-zona-vial-1d-del-subdeposito\/\",\"name\":\"Operaci\u00f3n, trabajos de limpieza y desmalezamiento Zona Vial 1D del Subdep\u00f3sito. - Consejo Provincial de Vialidad de la Provincia de Santiago del Estero\",\"isPartOf\":{\"@id\":\"https:\/\/cpvsantiago.gob.ar\/web\/#website\"},\"primaryImageOfPage\":{\"@id\":\"https:\/\/cpvsantiago.gob.ar\/web\/operacion-trabajos-de-limpieza-y-desmalezamiento-zona-vial-1d-del-subdeposito\/#primaryimage\"},\"image\":{\"@id\":\"https:\/\/cpvsantiago.gob.ar\/web\/operacion-trabajos-de-limpieza-y-desmalezamiento-zona-vial-1d-del-subdeposito\/#primaryimage\"},\"thumbnailUrl\":\"https:\/\/cpvsantiago.gob.ar\/web\/wp-content\/uploads\/2023\/12\/Captura-de-pantalla-700.png\",\"datePublished\":\"2023-12-28T22:18:54+00:00\",\"dateModified\":\"2023-12-31T22:32:30+00:00\",\"author\":{\"@id\":\"https:\/\/cpvsantiago.gob.ar\/web\/#\/schema\/person\/aa59e9835d5eb750d8585c860224dc06\"},\"breadcrumb\":{\"@id\":\"https:\/\/cpvsantiago.gob.ar\/web\/operacion-trabajos-de-limpieza-y-desmalezamiento-zona-vial-1d-del-subdeposito\/#breadcrumb\"},\"inLanguage\":\"es\",\"potentialAction\":[{\"@type\":\"ReadAction\",\"target\":[\"https:\/\/cpvsantiago.gob.ar\/web\/operacion-trabajos-de-limpieza-y-desmalezamiento-zona-vial-1d-del-subdeposito\/\"]}]},{\"@type\":\"ImageObject\",\"inLanguage\":\"es\",\"@id\":\"https:\/\/cpvsantiago.gob.ar\/web\/operacion-trabajos-de-limpieza-y-desmalezamiento-zona-vial-1d-del-subdeposito\/#primaryimage\",\"url\":\"https:\/\/cpvsantiago.gob.ar\/web\/wp-content\/uploads\/2023\/12\/Captura-de-pantalla-700.png\",\"contentUrl\":\"https:\/\/cpvsantiago.gob.ar\/web\/wp-content\/uploads\/2023\/12\/Captura-de-pantalla-700.png\",\"width\":1440,\"height\":900},{\"@type\":\"BreadcrumbList\",\"@id\":\"https:\/\/cpvsantiago.gob.ar\/web\/operacion-trabajos-de-limpieza-y-desmalezamiento-zona-vial-1d-del-subdeposito\/#breadcrumb\",\"itemListElement\":[{\"@type\":\"ListItem\",\"position\":1,\"name\":\"Portada\",\"item\":\"https:\/\/cpvsantiago.gob.ar\/web\/\"},{\"@type\":\"ListItem\",\"position\":2,\"name\":\"Operaci\u00f3n, trabajos de limpieza y desmalezamiento Zona Vial 1D del Subdep\u00f3sito.\"}]},{\"@type\":\"WebSite\",\"@id\":\"https:\/\/cpvsantiago.gob.ar\/web\/#website\",\"url\":\"https:\/\/cpvsantiago.gob.ar\/web\/\",\"name\":\"Consejo Provincial de Vialidad de la Provincia de Santiago del Estero\",\"description\":\"CPV Santiago del Estero\",\"potentialAction\":[{\"@type\":\"SearchAction\",\"target\":{\"@type\":\"EntryPoint\",\"urlTemplate\":\"https:\/\/cpvsantiago.gob.ar\/web\/?s={search_term_string}\"},\"query-input\":{\"@type\":\"PropertyValueSpecification\",\"valueRequired\":true,\"valueName\":\"search_term_string\"}}],\"inLanguage\":\"es\"},{\"@type\":\"Person\",\"@id\":\"https:\/\/cpvsantiago.gob.ar\/web\/#\/schema\/person\/aa59e9835d5eb750d8585c860224dc06\",\"name\":\"cpv\",\"image\":{\"@type\":\"ImageObject\",\"inLanguage\":\"es\",\"@id\":\"https:\/\/secure.gravatar.com\/avatar\/484802c719c69b738102ad3161a3d525b188c752ad36109725aeae22171ead58?s=96&d=mm&r=g\",\"url\":\"https:\/\/secure.gravatar.com\/avatar\/484802c719c69b738102ad3161a3d525b188c752ad36109725aeae22171ead58?s=96&d=mm&r=g\",\"contentUrl\":\"https:\/\/secure.gravatar.com\/avatar\/484802c719c69b738102ad3161a3d525b188c752ad36109725aeae22171ead58?s=96&d=mm&r=g\",\"caption\":\"cpv\"},\"url\":\"https:\/\/cpvsantiago.gob.ar\/web\/author\/h8000593\/\"}]}<\/script>\n<!-- \/ Yoast SEO Premium plugin. -->","yoast_head_json":{"title":"Operaci\u00f3n, trabajos de limpieza y desmalezamiento Zona Vial 1D del Subdep\u00f3sito. - Consejo Provincial de Vialidad de la Provincia de Santiago del Estero","robots":{"index":"index","follow":"follow","max-snippet":"max-snippet:-1","max-image-preview":"max-image-preview:large","max-video-preview":"max-video-preview:-1"},"canonical":"https:\/\/cpvsantiago.gob.ar\/web\/operacion-trabajos-de-limpieza-y-desmalezamiento-zona-vial-1d-del-subdeposito\/","og_locale":"es_ES","og_type":"article","og_title":"Operaci\u00f3n, trabajos de limpieza y desmalezamiento Zona Vial 1D del Subdep\u00f3sito.","og_description":"Se realiz\u00f3 una operaci\u00f3n de limpieza y desmalezado en el Departamento Capital, espec\u00edficamente en la Ruta Provincial 208, a cargo de la Zona Vial 1D del Subdep\u00f3sito. Para esta tarea se utilizaron herramientas como el tractor Pauny Int 146 equipado con una desmalezadora Grosspal, adem\u00e1s de motoguada\u00f1as para asegurar la limpieza y el despeje de [&hellip;]","og_url":"https:\/\/cpvsantiago.gob.ar\/web\/operacion-trabajos-de-limpieza-y-desmalezamiento-zona-vial-1d-del-subdeposito\/","og_site_name":"Consejo Provincial de Vialidad de la Provincia de Santiago del Estero","article_published_time":"2023-12-28T22:18:54+00:00","article_modified_time":"2023-12-31T22:32:30+00:00","og_image":[{"width":1440,"height":900,"url":"https:\/\/cpvsantiago.gob.ar\/web\/wp-content\/uploads\/2023\/12\/Captura-de-pantalla-700.png","type":"image\/png"}],"author":"cpv","twitter_card":"summary_large_image","twitter_misc":{"Escrito por":"cpv","Tiempo de lectura":"1 minuto"},"schema":{"@context":"https:\/\/schema.org","@graph":[{"@type":"Article","@id":"https:\/\/cpvsantiago.gob.ar\/web\/operacion-trabajos-de-limpieza-y-desmalezamiento-zona-vial-1d-del-subdeposito\/#article","isPartOf":{"@id":"https:\/\/cpvsantiago.gob.ar\/web\/operacion-trabajos-de-limpieza-y-desmalezamiento-zona-vial-1d-del-subdeposito\/"},"author":{"name":"cpv","@id":"https:\/\/cpvsantiago.gob.ar\/web\/#\/schema\/person\/aa59e9835d5eb750d8585c860224dc06"},"headline":"Operaci\u00f3n, trabajos de limpieza y desmalezamiento Zona Vial 1D del Subdep\u00f3sito.","datePublished":"2023-12-28T22:18:54+00:00","dateModified":"2023-12-31T22:32:30+00:00","mainEntityOfPage":{"@id":"https:\/\/cpvsantiago.gob.ar\/web\/operacion-trabajos-de-limpieza-y-desmalezamiento-zona-vial-1d-del-subdeposito\/"},"wordCount":100,"commentCount":0,"image":{"@id":"https:\/\/cpvsantiago.gob.ar\/web\/operacion-trabajos-de-limpieza-y-desmalezamiento-zona-vial-1d-del-subdeposito\/#primaryimage"},"thumbnailUrl":"https:\/\/cpvsantiago.gob.ar\/web\/wp-content\/uploads\/2023\/12\/Captura-de-pantalla-700.png","articleSection":["Noticias"],"inLanguage":"es","potentialAction":[{"@type":"CommentAction","name":"Comment","target":["https:\/\/cpvsantiago.gob.ar\/web\/operacion-trabajos-de-limpieza-y-desmalezamiento-zona-vial-1d-del-subdeposito\/#respond"]}]},{"@type":"WebPage","@id":"https:\/\/cpvsantiago.gob.ar\/web\/operacion-trabajos-de-limpieza-y-desmalezamiento-zona-vial-1d-del-subdeposito\/","url":"https:\/\/cpvsantiago.gob.ar\/web\/operacion-trabajos-de-limpieza-y-desmalezamiento-zona-vial-1d-del-subdeposito\/","name":"Operaci\u00f3n, trabajos de limpieza y desmalezamiento Zona Vial 1D del Subdep\u00f3sito. - Consejo Provincial de Vialidad de la Provincia de Santiago del Estero","isPartOf":{"@id":"https:\/\/cpvsantiago.gob.ar\/web\/#website"},"primaryImageOfPage":{"@id":"https:\/\/cpvsantiago.gob.ar\/web\/operacion-trabajos-de-limpieza-y-desmalezamiento-zona-vial-1d-del-subdeposito\/#primaryimage"},"image":{"@id":"https:\/\/cpvsantiago.gob.ar\/web\/operacion-trabajos-de-limpieza-y-desmalezamiento-zona-vial-1d-del-subdeposito\/#primaryimage"},"thumbnailUrl":"https:\/\/cpvsantiago.gob.ar\/web\/wp-content\/uploads\/2023\/12\/Captura-de-pantalla-700.png","datePublished":"2023-12-28T22:18:54+00:00","dateModified":"2023-12-31T22:32:30+00:00","author":{"@id":"https:\/\/cpvsantiago.gob.ar\/web\/#\/schema\/person\/aa59e9835d5eb750d8585c860224dc06"},"breadcrumb":{"@id":"https:\/\/cpvsantiago.gob.ar\/web\/operacion-trabajos-de-limpieza-y-desmalezamiento-zona-vial-1d-del-subdeposito\/#breadcrumb"},"inLanguage":"es","potentialAction":[{"@type":"ReadAction","target":["https:\/\/cpvsantiago.gob.ar\/web\/operacion-trabajos-de-limpieza-y-desmalezamiento-zona-vial-1d-del-subdeposito\/"]}]},{"@type":"ImageObject","inLanguage":"es","@id":"https:\/\/cpvsantiago.gob.ar\/web\/operacion-trabajos-de-limpieza-y-desmalezamiento-zona-vial-1d-del-subdeposito\/#primaryimage","url":"https:\/\/cpvsantiago.gob.ar\/web\/wp-content\/uploads\/2023\/12\/Captura-de-pantalla-700.png","contentUrl":"https:\/\/cpvsantiago.gob.ar\/web\/wp-content\/uploads\/2023\/12\/Captura-de-pantalla-700.png","width":1440,"height":900},{"@type":"BreadcrumbList","@id":"https:\/\/cpvsantiago.gob.ar\/web\/operacion-trabajos-de-limpieza-y-desmalezamiento-zona-vial-1d-del-subdeposito\/#breadcrumb","itemListElement":[{"@type":"ListItem","position":1,"name":"Portada","item":"https:\/\/cpvsantiago.gob.ar\/web\/"},{"@type":"ListItem","position":2,"name":"Operaci\u00f3n, trabajos de limpieza y desmalezamiento Zona Vial 1D del Subdep\u00f3sito."}]},{"@type":"WebSite","@id":"https:\/\/cpvsantiago.gob.ar\/web\/#website","url":"https:\/\/cpvsantiago.gob.ar\/web\/","name":"Consejo Provincial de Vialidad de la Provincia de Santiago del Estero","description":"CPV Santiago del Estero","potentialAction":[{"@type":"SearchAction","target":{"@type":"EntryPoint","urlTemplate":"https:\/\/cpvsantiago.gob.ar\/web\/?s={search_term_string}"},"query-input":{"@type":"PropertyValueSpecification","valueRequired":true,"valueName":"search_term_string"}}],"inLanguage":"es"},{"@type":"Person","@id":"https:\/\/cpvsantiago.gob.ar\/web\/#\/schema\/person\/aa59e9835d5eb750d8585c860224dc06","name":"cpv","image":{"@type":"ImageObject","inLanguage":"es","@id":"https:\/\/secure.gravatar.com\/avatar\/484802c719c69b738102ad3161a3d525b188c752ad36109725aeae22171ead58?s=96&d=mm&r=g","url":"https:\/\/secure.gravatar.com\/avatar\/484802c719c69b738102ad3161a3d525b188c752ad36109725aeae22171ead58?s=96&d=mm&r=g","contentUrl":"https:\/\/secure.gravatar.com\/avatar\/484802c719c69b738102ad3161a3d525b188c752ad36109725aeae22171ead58?s=96&d=mm&r=g","caption":"cpv"},"url":"https:\/\/cpvsantiago.gob.ar\/web\/author\/h8000593\/"}]}},"_links":{"self":[{"href":"https:\/\/cpvsantiago.gob.ar\/web\/wp-json\/wp\/v2\/posts\/3955","targetHints":{"allow":["GET"]}}],"collection":[{"href":"https:\/\/cpvsantiago.gob.ar\/web\/wp-json\/wp\/v2\/posts"}],"about":[{"href":"https:\/\/cpvsantiago.gob.ar\/web\/wp-json\/wp\/v2\/types\/post"}],"author":[{"embeddable":true,"href":"https:\/\/cpvsantiago.gob.ar\/web\/wp-json\/wp\/v2\/users\/2"}],"replies":[{"embeddable":true,"href":"https:\/\/cpvsantiago.gob.ar\/web\/wp-json\/wp\/v2\/comments?post=3955"}],"version-history":[{"count":1,"href":"https:\/\/cpvsantiago.gob.ar\/web\/wp-json\/wp\/v2\/posts\/3955\/revisions"}],"predecessor-version":[{"id":3958,"href":"https:\/\/cpvsantiago.gob.ar\/web\/wp-json\/wp\/v2\/posts\/3955\/revisions\/3958"}],"wp:featuredmedia":[{"embeddable":true,"href":"https:\/\/cpvsantiago.gob.ar\/web\/wp-json\/wp\/v2\/media\/3957"}],"wp:attachment":[{"href":"https:\/\/cpvsantiago.gob.ar\/web\/wp-json\/wp\/v2\/media?parent=3955"}],"wp:term":[{"taxonomy":"category","embeddable":true,"href":"https:\/\/cpvsantiago.gob.ar\/web\/wp-json\/wp\/v2\/categories?post=3955"},{"taxonomy":"post_tag","embeddable":true,"href":"https:\/\/cpvsantiago.gob.ar\/web\/wp-json\/wp\/v2\/tags?post=3955"}],"curies":[{"name":"wp","href":"https:\/\/api.w.org\/{rel}","templated":true}]}}