{"id":3998,"date":"2023-12-09T17:00:07","date_gmt":"2023-12-09T20:00:07","guid":{"rendered":"https:\/\/www.cpvsantiago.gob.ar\/web\/?p=3998"},"modified":"2024-01-05T17:14:57","modified_gmt":"2024-01-05T20:14:57","slug":"trabajos-realizados-por-personal-de-la-zona-vial-n3-villa-la-punta-7","status":"publish","type":"post","link":"https:\/\/cpvsantiago.gob.ar\/web\/trabajos-realizados-por-personal-de-la-zona-vial-n3-villa-la-punta-7\/","title":{"rendered":"Trabajos realizados por personal de la Zona Vial N\u00b03 Villa La Punta:"},"content":{"rendered":"\n<figure class=\"wp-block-gallery has-nested-images columns-default is-cropped wp-block-gallery-1 is-layout-flex wp-block-gallery-is-layout-flex\">\n<figure class=\"wp-block-image size-large\"><a href=\"https:\/\/www.cpvsantiago.gob.ar\/web\/wp-content\/uploads\/2024\/01\/406453584_803034908500243_6233931342742138274_n.jpg\"><img loading=\"lazy\" decoding=\"async\" width=\"768\" height=\"1024\" data-id=\"4001\" src=\"https:\/\/www.cpvsantiago.gob.ar\/web\/wp-content\/uploads\/2024\/01\/406453584_803034908500243_6233931342742138274_n-768x1024.jpg\" alt=\"\" class=\"wp-image-4001\" srcset=\"https:\/\/cpvsantiago.gob.ar\/web\/wp-content\/uploads\/2024\/01\/406453584_803034908500243_6233931342742138274_n-768x1024.jpg 768w, https:\/\/cpvsantiago.gob.ar\/web\/wp-content\/uploads\/2024\/01\/406453584_803034908500243_6233931342742138274_n-225x300.jpg 225w, https:\/\/cpvsantiago.gob.ar\/web\/wp-content\/uploads\/2024\/01\/406453584_803034908500243_6233931342742138274_n-150x200.jpg 150w, https:\/\/cpvsantiago.gob.ar\/web\/wp-content\/uploads\/2024\/01\/406453584_803034908500243_6233931342742138274_n-300x400.jpg 300w, https:\/\/cpvsantiago.gob.ar\/web\/wp-content\/uploads\/2024\/01\/406453584_803034908500243_6233931342742138274_n-696x928.jpg 696w, https:\/\/cpvsantiago.gob.ar\/web\/wp-content\/uploads\/2024\/01\/406453584_803034908500243_6233931342742138274_n.jpg 960w\" sizes=\"auto, (max-width: 768px) 100vw, 768px\" \/><\/a><\/figure>\n\n\n\n<figure class=\"wp-block-image size-large\"><a href=\"https:\/\/www.cpvsantiago.gob.ar\/web\/wp-content\/uploads\/2024\/01\/406457524_803034791833588_3934941819136630587_n-1.jpg\"><img loading=\"lazy\" decoding=\"async\" width=\"768\" height=\"1024\" data-id=\"4002\" src=\"https:\/\/www.cpvsantiago.gob.ar\/web\/wp-content\/uploads\/2024\/01\/406457524_803034791833588_3934941819136630587_n-1-768x1024.jpg\" alt=\"\" class=\"wp-image-4002\" srcset=\"https:\/\/cpvsantiago.gob.ar\/web\/wp-content\/uploads\/2024\/01\/406457524_803034791833588_3934941819136630587_n-1-768x1024.jpg 768w, https:\/\/cpvsantiago.gob.ar\/web\/wp-content\/uploads\/2024\/01\/406457524_803034791833588_3934941819136630587_n-1-225x300.jpg 225w, https:\/\/cpvsantiago.gob.ar\/web\/wp-content\/uploads\/2024\/01\/406457524_803034791833588_3934941819136630587_n-1-1152x1536.jpg 1152w, https:\/\/cpvsantiago.gob.ar\/web\/wp-content\/uploads\/2024\/01\/406457524_803034791833588_3934941819136630587_n-1-150x200.jpg 150w, https:\/\/cpvsantiago.gob.ar\/web\/wp-content\/uploads\/2024\/01\/406457524_803034791833588_3934941819136630587_n-1-300x400.jpg 300w, https:\/\/cpvsantiago.gob.ar\/web\/wp-content\/uploads\/2024\/01\/406457524_803034791833588_3934941819136630587_n-1-696x928.jpg 696w, https:\/\/cpvsantiago.gob.ar\/web\/wp-content\/uploads\/2024\/01\/406457524_803034791833588_3934941819136630587_n-1-1068x1424.jpg 1068w, https:\/\/cpvsantiago.gob.ar\/web\/wp-content\/uploads\/2024\/01\/406457524_803034791833588_3934941819136630587_n-1.jpg 1200w\" sizes=\"auto, (max-width: 768px) 100vw, 768px\" \/><\/a><\/figure>\n\n\n\n<figure class=\"wp-block-image size-large\"><a href=\"https:\/\/www.cpvsantiago.gob.ar\/web\/wp-content\/uploads\/2024\/01\/406459533_803034961833571_5610559105398106749_n.jpg\"><img loading=\"lazy\" decoding=\"async\" width=\"768\" height=\"1024\" data-id=\"4003\" src=\"https:\/\/www.cpvsantiago.gob.ar\/web\/wp-content\/uploads\/2024\/01\/406459533_803034961833571_5610559105398106749_n-768x1024.jpg\" alt=\"\" class=\"wp-image-4003\" srcset=\"https:\/\/cpvsantiago.gob.ar\/web\/wp-content\/uploads\/2024\/01\/406459533_803034961833571_5610559105398106749_n-768x1024.jpg 768w, https:\/\/cpvsantiago.gob.ar\/web\/wp-content\/uploads\/2024\/01\/406459533_803034961833571_5610559105398106749_n-225x300.jpg 225w, https:\/\/cpvsantiago.gob.ar\/web\/wp-content\/uploads\/2024\/01\/406459533_803034961833571_5610559105398106749_n-1152x1536.jpg 1152w, https:\/\/cpvsantiago.gob.ar\/web\/wp-content\/uploads\/2024\/01\/406459533_803034961833571_5610559105398106749_n-150x200.jpg 150w, https:\/\/cpvsantiago.gob.ar\/web\/wp-content\/uploads\/2024\/01\/406459533_803034961833571_5610559105398106749_n-300x400.jpg 300w, https:\/\/cpvsantiago.gob.ar\/web\/wp-content\/uploads\/2024\/01\/406459533_803034961833571_5610559105398106749_n-696x928.jpg 696w, https:\/\/cpvsantiago.gob.ar\/web\/wp-content\/uploads\/2024\/01\/406459533_803034961833571_5610559105398106749_n-1068x1424.jpg 1068w, https:\/\/cpvsantiago.gob.ar\/web\/wp-content\/uploads\/2024\/01\/406459533_803034961833571_5610559105398106749_n.jpg 1200w\" sizes=\"auto, (max-width: 768px) 100vw, 768px\" \/><\/a><\/figure>\n\n\n\n<figure class=\"wp-block-image size-large\"><a href=\"https:\/\/www.cpvsantiago.gob.ar\/web\/wp-content\/uploads\/2024\/01\/406461218_803034765166924_7778370864057914219_n.jpg\"><img loading=\"lazy\" decoding=\"async\" width=\"1024\" height=\"768\" data-id=\"4000\" src=\"https:\/\/www.cpvsantiago.gob.ar\/web\/wp-content\/uploads\/2024\/01\/406461218_803034765166924_7778370864057914219_n-1024x768.jpg\" alt=\"\" class=\"wp-image-4000\" srcset=\"https:\/\/cpvsantiago.gob.ar\/web\/wp-content\/uploads\/2024\/01\/406461218_803034765166924_7778370864057914219_n-1024x768.jpg 1024w, https:\/\/cpvsantiago.gob.ar\/web\/wp-content\/uploads\/2024\/01\/406461218_803034765166924_7778370864057914219_n-300x225.jpg 300w, https:\/\/cpvsantiago.gob.ar\/web\/wp-content\/uploads\/2024\/01\/406461218_803034765166924_7778370864057914219_n-768x576.jpg 768w, https:\/\/cpvsantiago.gob.ar\/web\/wp-content\/uploads\/2024\/01\/406461218_803034765166924_7778370864057914219_n-150x113.jpg 150w, https:\/\/cpvsantiago.gob.ar\/web\/wp-content\/uploads\/2024\/01\/406461218_803034765166924_7778370864057914219_n-696x522.jpg 696w, https:\/\/cpvsantiago.gob.ar\/web\/wp-content\/uploads\/2024\/01\/406461218_803034765166924_7778370864057914219_n-1068x801.jpg 1068w, https:\/\/cpvsantiago.gob.ar\/web\/wp-content\/uploads\/2024\/01\/406461218_803034765166924_7778370864057914219_n.jpg 1280w\" sizes=\"auto, (max-width: 1024px) 100vw, 1024px\" \/><\/a><\/figure>\n\n\n\n<figure class=\"wp-block-image size-large\"><a href=\"https:\/\/www.cpvsantiago.gob.ar\/web\/wp-content\/uploads\/2024\/01\/406461262_803035055166895_462181875658996522_n.jpg\"><img loading=\"lazy\" decoding=\"async\" width=\"1024\" height=\"768\" data-id=\"3999\" src=\"https:\/\/www.cpvsantiago.gob.ar\/web\/wp-content\/uploads\/2024\/01\/406461262_803035055166895_462181875658996522_n-1024x768.jpg\" alt=\"\" class=\"wp-image-3999\" srcset=\"https:\/\/cpvsantiago.gob.ar\/web\/wp-content\/uploads\/2024\/01\/406461262_803035055166895_462181875658996522_n-1024x768.jpg 1024w, https:\/\/cpvsantiago.gob.ar\/web\/wp-content\/uploads\/2024\/01\/406461262_803035055166895_462181875658996522_n-300x225.jpg 300w, https:\/\/cpvsantiago.gob.ar\/web\/wp-content\/uploads\/2024\/01\/406461262_803035055166895_462181875658996522_n-768x576.jpg 768w, https:\/\/cpvsantiago.gob.ar\/web\/wp-content\/uploads\/2024\/01\/406461262_803035055166895_462181875658996522_n-150x113.jpg 150w, https:\/\/cpvsantiago.gob.ar\/web\/wp-content\/uploads\/2024\/01\/406461262_803035055166895_462181875658996522_n-696x522.jpg 696w, https:\/\/cpvsantiago.gob.ar\/web\/wp-content\/uploads\/2024\/01\/406461262_803035055166895_462181875658996522_n-1068x801.jpg 1068w, https:\/\/cpvsantiago.gob.ar\/web\/wp-content\/uploads\/2024\/01\/406461262_803035055166895_462181875658996522_n.jpg 1280w\" sizes=\"auto, (max-width: 1024px) 100vw, 1024px\" \/><\/a><\/figure>\n<\/figure>\n\n\n\n<p><strong>Semana del 06 al 10 de noviembre:<\/strong><\/p>\n\n\n\n<ul class=\"wp-block-list\">\n<li>Transporte de material de base estabilizada desde la Cantera hasta La Represa.<\/li>\n\n\n\n<li>Reconstrucci\u00f3n de abovedamiento en el tramo entre La Represa y El Moj\u00f3n.<\/li>\n\n\n\n<li>Distribuci\u00f3n del material de base estabilizada a lo largo del trayecto desde La Represa hasta El Moj\u00f3n.<\/li>\n\n\n\n<li>Acopio y carga de material de base estabilizada en la Cantera (La Represa).<\/li>\n<\/ul>\n\n\n\n<figure class=\"wp-block-gallery has-nested-images columns-default is-cropped wp-block-gallery-2 is-layout-flex wp-block-gallery-is-layout-flex\">\n<figure class=\"wp-block-image size-large\"><a href=\"https:\/\/www.cpvsantiago.gob.ar\/web\/wp-content\/uploads\/2024\/01\/406463225_803035028500231_8801776256885647516_n.jpg\"><img loading=\"lazy\" decoding=\"async\" width=\"1024\" height=\"768\" data-id=\"4010\" src=\"https:\/\/www.cpvsantiago.gob.ar\/web\/wp-content\/uploads\/2024\/01\/406463225_803035028500231_8801776256885647516_n-1024x768.jpg\" alt=\"\" class=\"wp-image-4010\" srcset=\"https:\/\/cpvsantiago.gob.ar\/web\/wp-content\/uploads\/2024\/01\/406463225_803035028500231_8801776256885647516_n-1024x768.jpg 1024w, https:\/\/cpvsantiago.gob.ar\/web\/wp-content\/uploads\/2024\/01\/406463225_803035028500231_8801776256885647516_n-300x225.jpg 300w, https:\/\/cpvsantiago.gob.ar\/web\/wp-content\/uploads\/2024\/01\/406463225_803035028500231_8801776256885647516_n-768x576.jpg 768w, https:\/\/cpvsantiago.gob.ar\/web\/wp-content\/uploads\/2024\/01\/406463225_803035028500231_8801776256885647516_n-150x113.jpg 150w, https:\/\/cpvsantiago.gob.ar\/web\/wp-content\/uploads\/2024\/01\/406463225_803035028500231_8801776256885647516_n-696x522.jpg 696w, https:\/\/cpvsantiago.gob.ar\/web\/wp-content\/uploads\/2024\/01\/406463225_803035028500231_8801776256885647516_n-1068x801.jpg 1068w, https:\/\/cpvsantiago.gob.ar\/web\/wp-content\/uploads\/2024\/01\/406463225_803035028500231_8801776256885647516_n.jpg 1280w\" sizes=\"auto, (max-width: 1024px) 100vw, 1024px\" \/><\/a><\/figure>\n\n\n\n<figure class=\"wp-block-image size-large\"><a href=\"https:\/\/www.cpvsantiago.gob.ar\/web\/wp-content\/uploads\/2024\/01\/406466005_803034861833581_1157121354900571874_n.jpg\"><img loading=\"lazy\" decoding=\"async\" width=\"768\" height=\"1024\" data-id=\"4005\" src=\"https:\/\/www.cpvsantiago.gob.ar\/web\/wp-content\/uploads\/2024\/01\/406466005_803034861833581_1157121354900571874_n-768x1024.jpg\" alt=\"\" class=\"wp-image-4005\" srcset=\"https:\/\/cpvsantiago.gob.ar\/web\/wp-content\/uploads\/2024\/01\/406466005_803034861833581_1157121354900571874_n-768x1024.jpg 768w, https:\/\/cpvsantiago.gob.ar\/web\/wp-content\/uploads\/2024\/01\/406466005_803034861833581_1157121354900571874_n-225x300.jpg 225w, https:\/\/cpvsantiago.gob.ar\/web\/wp-content\/uploads\/2024\/01\/406466005_803034861833581_1157121354900571874_n-150x200.jpg 150w, https:\/\/cpvsantiago.gob.ar\/web\/wp-content\/uploads\/2024\/01\/406466005_803034861833581_1157121354900571874_n-300x400.jpg 300w, https:\/\/cpvsantiago.gob.ar\/web\/wp-content\/uploads\/2024\/01\/406466005_803034861833581_1157121354900571874_n-696x928.jpg 696w, https:\/\/cpvsantiago.gob.ar\/web\/wp-content\/uploads\/2024\/01\/406466005_803034861833581_1157121354900571874_n.jpg 960w\" sizes=\"auto, (max-width: 768px) 100vw, 768px\" \/><\/a><\/figure>\n\n\n\n<figure class=\"wp-block-image size-large\"><a href=\"https:\/\/www.cpvsantiago.gob.ar\/web\/wp-content\/uploads\/2024\/01\/409464944_803034761833591_6681888594093619869_n-1.jpg\"><img loading=\"lazy\" decoding=\"async\" width=\"1024\" height=\"768\" data-id=\"4009\" src=\"https:\/\/www.cpvsantiago.gob.ar\/web\/wp-content\/uploads\/2024\/01\/409464944_803034761833591_6681888594093619869_n-1-1024x768.jpg\" alt=\"\" class=\"wp-image-4009\" srcset=\"https:\/\/cpvsantiago.gob.ar\/web\/wp-content\/uploads\/2024\/01\/409464944_803034761833591_6681888594093619869_n-1-1024x768.jpg 1024w, https:\/\/cpvsantiago.gob.ar\/web\/wp-content\/uploads\/2024\/01\/409464944_803034761833591_6681888594093619869_n-1-300x225.jpg 300w, https:\/\/cpvsantiago.gob.ar\/web\/wp-content\/uploads\/2024\/01\/409464944_803034761833591_6681888594093619869_n-1-768x576.jpg 768w, https:\/\/cpvsantiago.gob.ar\/web\/wp-content\/uploads\/2024\/01\/409464944_803034761833591_6681888594093619869_n-1-150x113.jpg 150w, https:\/\/cpvsantiago.gob.ar\/web\/wp-content\/uploads\/2024\/01\/409464944_803034761833591_6681888594093619869_n-1-696x522.jpg 696w, https:\/\/cpvsantiago.gob.ar\/web\/wp-content\/uploads\/2024\/01\/409464944_803034761833591_6681888594093619869_n-1-1068x801.jpg 1068w, https:\/\/cpvsantiago.gob.ar\/web\/wp-content\/uploads\/2024\/01\/409464944_803034761833591_6681888594093619869_n-1.jpg 1280w\" sizes=\"auto, (max-width: 1024px) 100vw, 1024px\" \/><\/a><\/figure>\n\n\n\n<figure class=\"wp-block-image size-large\"><a href=\"https:\/\/www.cpvsantiago.gob.ar\/web\/wp-content\/uploads\/2024\/01\/409464944_803034761833591_6681888594093619869_n.jpg\"><img loading=\"lazy\" decoding=\"async\" width=\"1024\" height=\"768\" data-id=\"4008\" src=\"https:\/\/www.cpvsantiago.gob.ar\/web\/wp-content\/uploads\/2024\/01\/409464944_803034761833591_6681888594093619869_n-1024x768.jpg\" alt=\"\" class=\"wp-image-4008\" srcset=\"https:\/\/cpvsantiago.gob.ar\/web\/wp-content\/uploads\/2024\/01\/409464944_803034761833591_6681888594093619869_n-1024x768.jpg 1024w, https:\/\/cpvsantiago.gob.ar\/web\/wp-content\/uploads\/2024\/01\/409464944_803034761833591_6681888594093619869_n-300x225.jpg 300w, https:\/\/cpvsantiago.gob.ar\/web\/wp-content\/uploads\/2024\/01\/409464944_803034761833591_6681888594093619869_n-768x576.jpg 768w, https:\/\/cpvsantiago.gob.ar\/web\/wp-content\/uploads\/2024\/01\/409464944_803034761833591_6681888594093619869_n-150x113.jpg 150w, https:\/\/cpvsantiago.gob.ar\/web\/wp-content\/uploads\/2024\/01\/409464944_803034761833591_6681888594093619869_n-696x522.jpg 696w, https:\/\/cpvsantiago.gob.ar\/web\/wp-content\/uploads\/2024\/01\/409464944_803034761833591_6681888594093619869_n-1068x801.jpg 1068w, https:\/\/cpvsantiago.gob.ar\/web\/wp-content\/uploads\/2024\/01\/409464944_803034761833591_6681888594093619869_n.jpg 1280w\" sizes=\"auto, (max-width: 1024px) 100vw, 1024px\" \/><\/a><\/figure>\n\n\n\n<figure class=\"wp-block-image size-large\"><a href=\"https:\/\/www.cpvsantiago.gob.ar\/web\/wp-content\/uploads\/2024\/01\/409477648_803034985166902_2657136479487662383_n.jpg\"><img loading=\"lazy\" decoding=\"async\" width=\"768\" height=\"1024\" data-id=\"4006\" src=\"https:\/\/www.cpvsantiago.gob.ar\/web\/wp-content\/uploads\/2024\/01\/409477648_803034985166902_2657136479487662383_n-768x1024.jpg\" alt=\"\" class=\"wp-image-4006\" srcset=\"https:\/\/cpvsantiago.gob.ar\/web\/wp-content\/uploads\/2024\/01\/409477648_803034985166902_2657136479487662383_n-768x1024.jpg 768w, https:\/\/cpvsantiago.gob.ar\/web\/wp-content\/uploads\/2024\/01\/409477648_803034985166902_2657136479487662383_n-225x300.jpg 225w, https:\/\/cpvsantiago.gob.ar\/web\/wp-content\/uploads\/2024\/01\/409477648_803034985166902_2657136479487662383_n-150x200.jpg 150w, https:\/\/cpvsantiago.gob.ar\/web\/wp-content\/uploads\/2024\/01\/409477648_803034985166902_2657136479487662383_n-300x400.jpg 300w, https:\/\/cpvsantiago.gob.ar\/web\/wp-content\/uploads\/2024\/01\/409477648_803034985166902_2657136479487662383_n-696x928.jpg 696w, https:\/\/cpvsantiago.gob.ar\/web\/wp-content\/uploads\/2024\/01\/409477648_803034985166902_2657136479487662383_n.jpg 780w\" sizes=\"auto, (max-width: 768px) 100vw, 768px\" \/><\/a><\/figure>\n\n\n\n<figure class=\"wp-block-image size-large\"><a href=\"https:\/\/www.cpvsantiago.gob.ar\/web\/wp-content\/uploads\/2024\/01\/409906182_803034918500242_1269295641615866115_n.jpg\"><img loading=\"lazy\" decoding=\"async\" width=\"1024\" height=\"768\" data-id=\"4007\" src=\"https:\/\/www.cpvsantiago.gob.ar\/web\/wp-content\/uploads\/2024\/01\/409906182_803034918500242_1269295641615866115_n-1024x768.jpg\" alt=\"\" class=\"wp-image-4007\" srcset=\"https:\/\/cpvsantiago.gob.ar\/web\/wp-content\/uploads\/2024\/01\/409906182_803034918500242_1269295641615866115_n-1024x768.jpg 1024w, https:\/\/cpvsantiago.gob.ar\/web\/wp-content\/uploads\/2024\/01\/409906182_803034918500242_1269295641615866115_n-300x225.jpg 300w, https:\/\/cpvsantiago.gob.ar\/web\/wp-content\/uploads\/2024\/01\/409906182_803034918500242_1269295641615866115_n-768x576.jpg 768w, https:\/\/cpvsantiago.gob.ar\/web\/wp-content\/uploads\/2024\/01\/409906182_803034918500242_1269295641615866115_n-150x113.jpg 150w, https:\/\/cpvsantiago.gob.ar\/web\/wp-content\/uploads\/2024\/01\/409906182_803034918500242_1269295641615866115_n-696x522.jpg 696w, https:\/\/cpvsantiago.gob.ar\/web\/wp-content\/uploads\/2024\/01\/409906182_803034918500242_1269295641615866115_n-1068x801.jpg 1068w, https:\/\/cpvsantiago.gob.ar\/web\/wp-content\/uploads\/2024\/01\/409906182_803034918500242_1269295641615866115_n.jpg 1280w\" sizes=\"auto, (max-width: 1024px) 100vw, 1024px\" \/><\/a><\/figure>\n<\/figure>\n\n\n\n<p><strong>Semana del 13 al 17 de noviembre:<\/strong><\/p>\n\n\n\n<ul class=\"wp-block-list\">\n<li>Transporte de material compuesto desde la Zona Vial hasta Estaci\u00f3n La Punta.<\/li>\n\n\n\n<li>Bacheo con material compuesto en el tramo desde Estaci\u00f3n La Punta hasta Villa La Punta.<\/li>\n\n\n\n<li>Movimiento de suelo para rellenar barrancas y distribuci\u00f3n de material de base estabilizada en el tramo desde La Represa hasta El Moj\u00f3n.<\/li>\n\n\n\n<li>Construcci\u00f3n de zanja para la colocaci\u00f3n de ca\u00f1er\u00eda para la comisi\u00f3n municipal de Villa La Punta.<\/li>\n\n\n\n<li>Perfilado de calzada en el tramo desde Villa La Punta hasta la entrada del Dique.<\/li>\n\n\n\n<li>Acopio y carga de material base desde la entrada del Dique hasta Carril Pozo, as\u00ed como en La Represa.<\/li>\n<\/ul>\n\n\n\n<p><\/p>\n","protected":false},"excerpt":{"rendered":"<p>Semana del 06 al 10 de noviembre: Semana del 13 al 17 de noviembre:<\/p>\n","protected":false},"author":2,"featured_media":4004,"comment_status":"open","ping_status":"open","sticky":false,"template":"","format":"standard","meta":{"footnotes":""},"categories":[5],"tags":[],"class_list":{"0":"post-3998","1":"post","2":"type-post","3":"status-publish","4":"format-standard","5":"has-post-thumbnail","7":"category-noticias"},"yoast_head":"<!-- This site is optimized with the Yoast SEO Premium plugin v24.8 (Yoast SEO v27.2) - https:\/\/yoast.com\/product\/yoast-seo-premium-wordpress\/ -->\n<title>Trabajos realizados por personal de la Zona Vial N\u00b03 Villa La Punta: - Consejo Provincial de Vialidad de la Provincia de Santiago del Estero<\/title>\n<meta name=\"robots\" content=\"index, follow, max-snippet:-1, max-image-preview:large, max-video-preview:-1\" \/>\n<link rel=\"canonical\" href=\"https:\/\/cpvsantiago.gob.ar\/web\/trabajos-realizados-por-personal-de-la-zona-vial-n3-villa-la-punta-7\/\" \/>\n<meta property=\"og:locale\" content=\"es_ES\" \/>\n<meta property=\"og:type\" content=\"article\" \/>\n<meta property=\"og:title\" content=\"Trabajos realizados por personal de la Zona Vial N\u00b03 Villa La Punta:\" \/>\n<meta property=\"og:description\" content=\"Semana del 06 al 10 de noviembre: Semana del 13 al 17 de noviembre:\" \/>\n<meta property=\"og:url\" content=\"https:\/\/cpvsantiago.gob.ar\/web\/trabajos-realizados-por-personal-de-la-zona-vial-n3-villa-la-punta-7\/\" \/>\n<meta property=\"og:site_name\" content=\"Consejo Provincial de Vialidad de la Provincia de Santiago del Estero\" \/>\n<meta property=\"article:published_time\" content=\"2023-12-09T20:00:07+00:00\" \/>\n<meta property=\"article:modified_time\" content=\"2024-01-05T20:14:57+00:00\" \/>\n<meta property=\"og:image\" content=\"https:\/\/cpvsantiago.gob.ar\/web\/wp-content\/uploads\/2024\/01\/406457524_803034791833588_3934941819136630587_n.jpg\" \/>\n\t<meta property=\"og:image:width\" content=\"1200\" \/>\n\t<meta property=\"og:image:height\" content=\"1600\" \/>\n\t<meta property=\"og:image:type\" content=\"image\/jpeg\" \/>\n<meta name=\"author\" content=\"cpv\" \/>\n<meta name=\"twitter:card\" content=\"summary_large_image\" \/>\n<meta name=\"twitter:label1\" content=\"Escrito por\" \/>\n\t<meta name=\"twitter:data1\" content=\"cpv\" \/>\n\t<meta name=\"twitter:label2\" content=\"Tiempo de lectura\" \/>\n\t<meta name=\"twitter:data2\" content=\"3 minutos\" \/>\n<script type=\"application\/ld+json\" class=\"yoast-schema-graph\">{\"@context\":\"https:\/\/schema.org\",\"@graph\":[{\"@type\":\"Article\",\"@id\":\"https:\/\/cpvsantiago.gob.ar\/web\/trabajos-realizados-por-personal-de-la-zona-vial-n3-villa-la-punta-7\/#article\",\"isPartOf\":{\"@id\":\"https:\/\/cpvsantiago.gob.ar\/web\/trabajos-realizados-por-personal-de-la-zona-vial-n3-villa-la-punta-7\/\"},\"author\":{\"name\":\"cpv\",\"@id\":\"https:\/\/cpvsantiago.gob.ar\/web\/#\/schema\/person\/aa59e9835d5eb750d8585c860224dc06\"},\"headline\":\"Trabajos realizados por personal de la Zona Vial N\u00b03 Villa La Punta:\",\"datePublished\":\"2023-12-09T20:00:07+00:00\",\"dateModified\":\"2024-01-05T20:14:57+00:00\",\"mainEntityOfPage\":{\"@id\":\"https:\/\/cpvsantiago.gob.ar\/web\/trabajos-realizados-por-personal-de-la-zona-vial-n3-villa-la-punta-7\/\"},\"wordCount\":188,\"commentCount\":0,\"image\":{\"@id\":\"https:\/\/cpvsantiago.gob.ar\/web\/trabajos-realizados-por-personal-de-la-zona-vial-n3-villa-la-punta-7\/#primaryimage\"},\"thumbnailUrl\":\"https:\/\/cpvsantiago.gob.ar\/web\/wp-content\/uploads\/2024\/01\/406457524_803034791833588_3934941819136630587_n.jpg\",\"articleSection\":[\"Noticias\"],\"inLanguage\":\"es\",\"potentialAction\":[{\"@type\":\"CommentAction\",\"name\":\"Comment\",\"target\":[\"https:\/\/cpvsantiago.gob.ar\/web\/trabajos-realizados-por-personal-de-la-zona-vial-n3-villa-la-punta-7\/#respond\"]}]},{\"@type\":\"WebPage\",\"@id\":\"https:\/\/cpvsantiago.gob.ar\/web\/trabajos-realizados-por-personal-de-la-zona-vial-n3-villa-la-punta-7\/\",\"url\":\"https:\/\/cpvsantiago.gob.ar\/web\/trabajos-realizados-por-personal-de-la-zona-vial-n3-villa-la-punta-7\/\",\"name\":\"Trabajos realizados por personal de la Zona Vial N\u00b03 Villa La Punta: - Consejo Provincial de Vialidad de la Provincia de Santiago del Estero\",\"isPartOf\":{\"@id\":\"https:\/\/cpvsantiago.gob.ar\/web\/#website\"},\"primaryImageOfPage\":{\"@id\":\"https:\/\/cpvsantiago.gob.ar\/web\/trabajos-realizados-por-personal-de-la-zona-vial-n3-villa-la-punta-7\/#primaryimage\"},\"image\":{\"@id\":\"https:\/\/cpvsantiago.gob.ar\/web\/trabajos-realizados-por-personal-de-la-zona-vial-n3-villa-la-punta-7\/#primaryimage\"},\"thumbnailUrl\":\"https:\/\/cpvsantiago.gob.ar\/web\/wp-content\/uploads\/2024\/01\/406457524_803034791833588_3934941819136630587_n.jpg\",\"datePublished\":\"2023-12-09T20:00:07+00:00\",\"dateModified\":\"2024-01-05T20:14:57+00:00\",\"author\":{\"@id\":\"https:\/\/cpvsantiago.gob.ar\/web\/#\/schema\/person\/aa59e9835d5eb750d8585c860224dc06\"},\"breadcrumb\":{\"@id\":\"https:\/\/cpvsantiago.gob.ar\/web\/trabajos-realizados-por-personal-de-la-zona-vial-n3-villa-la-punta-7\/#breadcrumb\"},\"inLanguage\":\"es\",\"potentialAction\":[{\"@type\":\"ReadAction\",\"target\":[\"https:\/\/cpvsantiago.gob.ar\/web\/trabajos-realizados-por-personal-de-la-zona-vial-n3-villa-la-punta-7\/\"]}]},{\"@type\":\"ImageObject\",\"inLanguage\":\"es\",\"@id\":\"https:\/\/cpvsantiago.gob.ar\/web\/trabajos-realizados-por-personal-de-la-zona-vial-n3-villa-la-punta-7\/#primaryimage\",\"url\":\"https:\/\/cpvsantiago.gob.ar\/web\/wp-content\/uploads\/2024\/01\/406457524_803034791833588_3934941819136630587_n.jpg\",\"contentUrl\":\"https:\/\/cpvsantiago.gob.ar\/web\/wp-content\/uploads\/2024\/01\/406457524_803034791833588_3934941819136630587_n.jpg\",\"width\":1200,\"height\":1600},{\"@type\":\"BreadcrumbList\",\"@id\":\"https:\/\/cpvsantiago.gob.ar\/web\/trabajos-realizados-por-personal-de-la-zona-vial-n3-villa-la-punta-7\/#breadcrumb\",\"itemListElement\":[{\"@type\":\"ListItem\",\"position\":1,\"name\":\"Portada\",\"item\":\"https:\/\/cpvsantiago.gob.ar\/web\/\"},{\"@type\":\"ListItem\",\"position\":2,\"name\":\"Trabajos realizados por personal de la Zona Vial N\u00b03 Villa La Punta:\"}]},{\"@type\":\"WebSite\",\"@id\":\"https:\/\/cpvsantiago.gob.ar\/web\/#website\",\"url\":\"https:\/\/cpvsantiago.gob.ar\/web\/\",\"name\":\"Consejo Provincial de Vialidad de la Provincia de Santiago del Estero\",\"description\":\"CPV Santiago del Estero\",\"potentialAction\":[{\"@type\":\"SearchAction\",\"target\":{\"@type\":\"EntryPoint\",\"urlTemplate\":\"https:\/\/cpvsantiago.gob.ar\/web\/?s={search_term_string}\"},\"query-input\":{\"@type\":\"PropertyValueSpecification\",\"valueRequired\":true,\"valueName\":\"search_term_string\"}}],\"inLanguage\":\"es\"},{\"@type\":\"Person\",\"@id\":\"https:\/\/cpvsantiago.gob.ar\/web\/#\/schema\/person\/aa59e9835d5eb750d8585c860224dc06\",\"name\":\"cpv\",\"image\":{\"@type\":\"ImageObject\",\"inLanguage\":\"es\",\"@id\":\"https:\/\/secure.gravatar.com\/avatar\/484802c719c69b738102ad3161a3d525b188c752ad36109725aeae22171ead58?s=96&d=mm&r=g\",\"url\":\"https:\/\/secure.gravatar.com\/avatar\/484802c719c69b738102ad3161a3d525b188c752ad36109725aeae22171ead58?s=96&d=mm&r=g\",\"contentUrl\":\"https:\/\/secure.gravatar.com\/avatar\/484802c719c69b738102ad3161a3d525b188c752ad36109725aeae22171ead58?s=96&d=mm&r=g\",\"caption\":\"cpv\"},\"url\":\"https:\/\/cpvsantiago.gob.ar\/web\/author\/h8000593\/\"}]}<\/script>\n<!-- \/ Yoast SEO Premium plugin. -->","yoast_head_json":{"title":"Trabajos realizados por personal de la Zona Vial N\u00b03 Villa La Punta: - Consejo Provincial de Vialidad de la Provincia de Santiago del Estero","robots":{"index":"index","follow":"follow","max-snippet":"max-snippet:-1","max-image-preview":"max-image-preview:large","max-video-preview":"max-video-preview:-1"},"canonical":"https:\/\/cpvsantiago.gob.ar\/web\/trabajos-realizados-por-personal-de-la-zona-vial-n3-villa-la-punta-7\/","og_locale":"es_ES","og_type":"article","og_title":"Trabajos realizados por personal de la Zona Vial N\u00b03 Villa La Punta:","og_description":"Semana del 06 al 10 de noviembre: Semana del 13 al 17 de noviembre:","og_url":"https:\/\/cpvsantiago.gob.ar\/web\/trabajos-realizados-por-personal-de-la-zona-vial-n3-villa-la-punta-7\/","og_site_name":"Consejo Provincial de Vialidad de la Provincia de Santiago del Estero","article_published_time":"2023-12-09T20:00:07+00:00","article_modified_time":"2024-01-05T20:14:57+00:00","og_image":[{"width":1200,"height":1600,"url":"https:\/\/cpvsantiago.gob.ar\/web\/wp-content\/uploads\/2024\/01\/406457524_803034791833588_3934941819136630587_n.jpg","type":"image\/jpeg"}],"author":"cpv","twitter_card":"summary_large_image","twitter_misc":{"Escrito por":"cpv","Tiempo de lectura":"3 minutos"},"schema":{"@context":"https:\/\/schema.org","@graph":[{"@type":"Article","@id":"https:\/\/cpvsantiago.gob.ar\/web\/trabajos-realizados-por-personal-de-la-zona-vial-n3-villa-la-punta-7\/#article","isPartOf":{"@id":"https:\/\/cpvsantiago.gob.ar\/web\/trabajos-realizados-por-personal-de-la-zona-vial-n3-villa-la-punta-7\/"},"author":{"name":"cpv","@id":"https:\/\/cpvsantiago.gob.ar\/web\/#\/schema\/person\/aa59e9835d5eb750d8585c860224dc06"},"headline":"Trabajos realizados por personal de la Zona Vial N\u00b03 Villa La Punta:","datePublished":"2023-12-09T20:00:07+00:00","dateModified":"2024-01-05T20:14:57+00:00","mainEntityOfPage":{"@id":"https:\/\/cpvsantiago.gob.ar\/web\/trabajos-realizados-por-personal-de-la-zona-vial-n3-villa-la-punta-7\/"},"wordCount":188,"commentCount":0,"image":{"@id":"https:\/\/cpvsantiago.gob.ar\/web\/trabajos-realizados-por-personal-de-la-zona-vial-n3-villa-la-punta-7\/#primaryimage"},"thumbnailUrl":"https:\/\/cpvsantiago.gob.ar\/web\/wp-content\/uploads\/2024\/01\/406457524_803034791833588_3934941819136630587_n.jpg","articleSection":["Noticias"],"inLanguage":"es","potentialAction":[{"@type":"CommentAction","name":"Comment","target":["https:\/\/cpvsantiago.gob.ar\/web\/trabajos-realizados-por-personal-de-la-zona-vial-n3-villa-la-punta-7\/#respond"]}]},{"@type":"WebPage","@id":"https:\/\/cpvsantiago.gob.ar\/web\/trabajos-realizados-por-personal-de-la-zona-vial-n3-villa-la-punta-7\/","url":"https:\/\/cpvsantiago.gob.ar\/web\/trabajos-realizados-por-personal-de-la-zona-vial-n3-villa-la-punta-7\/","name":"Trabajos realizados por personal de la Zona Vial N\u00b03 Villa La Punta: - Consejo Provincial de Vialidad de la Provincia de Santiago del Estero","isPartOf":{"@id":"https:\/\/cpvsantiago.gob.ar\/web\/#website"},"primaryImageOfPage":{"@id":"https:\/\/cpvsantiago.gob.ar\/web\/trabajos-realizados-por-personal-de-la-zona-vial-n3-villa-la-punta-7\/#primaryimage"},"image":{"@id":"https:\/\/cpvsantiago.gob.ar\/web\/trabajos-realizados-por-personal-de-la-zona-vial-n3-villa-la-punta-7\/#primaryimage"},"thumbnailUrl":"https:\/\/cpvsantiago.gob.ar\/web\/wp-content\/uploads\/2024\/01\/406457524_803034791833588_3934941819136630587_n.jpg","datePublished":"2023-12-09T20:00:07+00:00","dateModified":"2024-01-05T20:14:57+00:00","author":{"@id":"https:\/\/cpvsantiago.gob.ar\/web\/#\/schema\/person\/aa59e9835d5eb750d8585c860224dc06"},"breadcrumb":{"@id":"https:\/\/cpvsantiago.gob.ar\/web\/trabajos-realizados-por-personal-de-la-zona-vial-n3-villa-la-punta-7\/#breadcrumb"},"inLanguage":"es","potentialAction":[{"@type":"ReadAction","target":["https:\/\/cpvsantiago.gob.ar\/web\/trabajos-realizados-por-personal-de-la-zona-vial-n3-villa-la-punta-7\/"]}]},{"@type":"ImageObject","inLanguage":"es","@id":"https:\/\/cpvsantiago.gob.ar\/web\/trabajos-realizados-por-personal-de-la-zona-vial-n3-villa-la-punta-7\/#primaryimage","url":"https:\/\/cpvsantiago.gob.ar\/web\/wp-content\/uploads\/2024\/01\/406457524_803034791833588_3934941819136630587_n.jpg","contentUrl":"https:\/\/cpvsantiago.gob.ar\/web\/wp-content\/uploads\/2024\/01\/406457524_803034791833588_3934941819136630587_n.jpg","width":1200,"height":1600},{"@type":"BreadcrumbList","@id":"https:\/\/cpvsantiago.gob.ar\/web\/trabajos-realizados-por-personal-de-la-zona-vial-n3-villa-la-punta-7\/#breadcrumb","itemListElement":[{"@type":"ListItem","position":1,"name":"Portada","item":"https:\/\/cpvsantiago.gob.ar\/web\/"},{"@type":"ListItem","position":2,"name":"Trabajos realizados por personal de la Zona Vial N\u00b03 Villa La Punta:"}]},{"@type":"WebSite","@id":"https:\/\/cpvsantiago.gob.ar\/web\/#website","url":"https:\/\/cpvsantiago.gob.ar\/web\/","name":"Consejo Provincial de Vialidad de la Provincia de Santiago del Estero","description":"CPV Santiago del Estero","potentialAction":[{"@type":"SearchAction","target":{"@type":"EntryPoint","urlTemplate":"https:\/\/cpvsantiago.gob.ar\/web\/?s={search_term_string}"},"query-input":{"@type":"PropertyValueSpecification","valueRequired":true,"valueName":"search_term_string"}}],"inLanguage":"es"},{"@type":"Person","@id":"https:\/\/cpvsantiago.gob.ar\/web\/#\/schema\/person\/aa59e9835d5eb750d8585c860224dc06","name":"cpv","image":{"@type":"ImageObject","inLanguage":"es","@id":"https:\/\/secure.gravatar.com\/avatar\/484802c719c69b738102ad3161a3d525b188c752ad36109725aeae22171ead58?s=96&d=mm&r=g","url":"https:\/\/secure.gravatar.com\/avatar\/484802c719c69b738102ad3161a3d525b188c752ad36109725aeae22171ead58?s=96&d=mm&r=g","contentUrl":"https:\/\/secure.gravatar.com\/avatar\/484802c719c69b738102ad3161a3d525b188c752ad36109725aeae22171ead58?s=96&d=mm&r=g","caption":"cpv"},"url":"https:\/\/cpvsantiago.gob.ar\/web\/author\/h8000593\/"}]}},"_links":{"self":[{"href":"https:\/\/cpvsantiago.gob.ar\/web\/wp-json\/wp\/v2\/posts\/3998","targetHints":{"allow":["GET"]}}],"collection":[{"href":"https:\/\/cpvsantiago.gob.ar\/web\/wp-json\/wp\/v2\/posts"}],"about":[{"href":"https:\/\/cpvsantiago.gob.ar\/web\/wp-json\/wp\/v2\/types\/post"}],"author":[{"embeddable":true,"href":"https:\/\/cpvsantiago.gob.ar\/web\/wp-json\/wp\/v2\/users\/2"}],"replies":[{"embeddable":true,"href":"https:\/\/cpvsantiago.gob.ar\/web\/wp-json\/wp\/v2\/comments?post=3998"}],"version-history":[{"count":1,"href":"https:\/\/cpvsantiago.gob.ar\/web\/wp-json\/wp\/v2\/posts\/3998\/revisions"}],"predecessor-version":[{"id":4011,"href":"https:\/\/cpvsantiago.gob.ar\/web\/wp-json\/wp\/v2\/posts\/3998\/revisions\/4011"}],"wp:featuredmedia":[{"embeddable":true,"href":"https:\/\/cpvsantiago.gob.ar\/web\/wp-json\/wp\/v2\/media\/4004"}],"wp:attachment":[{"href":"https:\/\/cpvsantiago.gob.ar\/web\/wp-json\/wp\/v2\/media?parent=3998"}],"wp:term":[{"taxonomy":"category","embeddable":true,"href":"https:\/\/cpvsantiago.gob.ar\/web\/wp-json\/wp\/v2\/categories?post=3998"},{"taxonomy":"post_tag","embeddable":true,"href":"https:\/\/cpvsantiago.gob.ar\/web\/wp-json\/wp\/v2\/tags?post=3998"}],"curies":[{"name":"wp","href":"https:\/\/api.w.org\/{rel}","templated":true}]}}