{"id":4480,"date":"2024-03-15T12:25:00","date_gmt":"2024-03-15T15:25:00","guid":{"rendered":"https:\/\/cpvsantiago.gob.ar\/web\/?p=4480"},"modified":"2024-03-25T10:45:16","modified_gmt":"2024-03-25T13:45:16","slug":"trabajos-efectuados-en-zona-vial-n-3-villa-la-punta-desde-el-11-al-15-de-marzo","status":"publish","type":"post","link":"https:\/\/cpvsantiago.gob.ar\/web\/trabajos-efectuados-en-zona-vial-n-3-villa-la-punta-desde-el-11-al-15-de-marzo\/","title":{"rendered":"Trabajos efectuados en \u00a0Zona Vial N\u00b0 3 \u00a0Villa La Punta \u00a0desde el \u00a011 al 15 de Marzo"},"content":{"rendered":"\n<figure class=\"wp-block-image size-large\"><a href=\"https:\/\/cpvsantiago.gob.ar\/web\/wp-content\/uploads\/2024\/03\/433738708_867402025396864_485862139668602779_n.jpg\"><img decoding=\"async\" src=\"https:\/\/cpvsantiago.gob.ar\/web\/wp-content\/uploads\/2024\/03\/433738708_867402025396864_485862139668602779_n-1024x768.jpg\" alt=\"\" class=\"wp-image-4481\"\/><\/a><\/figure>\n\n\n\n<p class=\"has-text-align-left\">Los trabajos consistieron en transporte y ditribuci\u00f3n de material base estabilizada. \u00a0Tambi\u00e9n limpieza de camino en el Tramo Los Ralos \u2013 Km \u00a018. En este sentido se efectuaron tambi\u00e9n perfilado de calzada natural, \u00a0perfilado calzada enripiada, como as\u00ed tambi\u00e9n reconstrucci\u00f3n de abovedamiento. \u00a0Se realiz\u00f3 adem\u00e1s \u00a0movimiento de suelo, \u00a0desmalezamiento zona de banquinas y \u00a0acopio &#8211; cargado material \u00a0base estabilizada.<\/p>\n\n\n\n<figure class=\"wp-block-gallery has-nested-images columns-default is-cropped wp-block-gallery-1 is-layout-flex wp-block-gallery-is-layout-flex\">\n<figure class=\"wp-block-image size-large\"><a href=\"https:\/\/cpvsantiago.gob.ar\/web\/wp-content\/uploads\/2024\/03\/432384765_867402345396832_3413495798178440595_n.jpg\"><img loading=\"lazy\" decoding=\"async\" width=\"1024\" height=\"768\" data-id=\"4482\" src=\"https:\/\/cpvsantiago.gob.ar\/web\/wp-content\/uploads\/2024\/03\/432384765_867402345396832_3413495798178440595_n-1024x768.jpg\" alt=\"\" class=\"wp-image-4482\" srcset=\"https:\/\/cpvsantiago.gob.ar\/web\/wp-content\/uploads\/2024\/03\/432384765_867402345396832_3413495798178440595_n-1024x768.jpg 1024w, https:\/\/cpvsantiago.gob.ar\/web\/wp-content\/uploads\/2024\/03\/432384765_867402345396832_3413495798178440595_n-300x225.jpg 300w, https:\/\/cpvsantiago.gob.ar\/web\/wp-content\/uploads\/2024\/03\/432384765_867402345396832_3413495798178440595_n-768x576.jpg 768w, https:\/\/cpvsantiago.gob.ar\/web\/wp-content\/uploads\/2024\/03\/432384765_867402345396832_3413495798178440595_n-1536x1152.jpg 1536w, https:\/\/cpvsantiago.gob.ar\/web\/wp-content\/uploads\/2024\/03\/432384765_867402345396832_3413495798178440595_n-150x113.jpg 150w, https:\/\/cpvsantiago.gob.ar\/web\/wp-content\/uploads\/2024\/03\/432384765_867402345396832_3413495798178440595_n-696x522.jpg 696w, https:\/\/cpvsantiago.gob.ar\/web\/wp-content\/uploads\/2024\/03\/432384765_867402345396832_3413495798178440595_n-1068x801.jpg 1068w, https:\/\/cpvsantiago.gob.ar\/web\/wp-content\/uploads\/2024\/03\/432384765_867402345396832_3413495798178440595_n.jpg 1600w\" sizes=\"auto, (max-width: 1024px) 100vw, 1024px\" \/><\/a><\/figure>\n\n\n\n<figure class=\"wp-block-image size-large\"><a href=\"https:\/\/cpvsantiago.gob.ar\/web\/wp-content\/uploads\/2024\/03\/432423114_867402052063528_2797785719988759702_n.jpg\"><img loading=\"lazy\" decoding=\"async\" width=\"576\" height=\"1024\" data-id=\"4486\" src=\"https:\/\/cpvsantiago.gob.ar\/web\/wp-content\/uploads\/2024\/03\/432423114_867402052063528_2797785719988759702_n-576x1024.jpg\" alt=\"\" class=\"wp-image-4486\" srcset=\"https:\/\/cpvsantiago.gob.ar\/web\/wp-content\/uploads\/2024\/03\/432423114_867402052063528_2797785719988759702_n-576x1024.jpg 576w, https:\/\/cpvsantiago.gob.ar\/web\/wp-content\/uploads\/2024\/03\/432423114_867402052063528_2797785719988759702_n-169x300.jpg 169w, https:\/\/cpvsantiago.gob.ar\/web\/wp-content\/uploads\/2024\/03\/432423114_867402052063528_2797785719988759702_n-150x267.jpg 150w, https:\/\/cpvsantiago.gob.ar\/web\/wp-content\/uploads\/2024\/03\/432423114_867402052063528_2797785719988759702_n-300x533.jpg 300w, https:\/\/cpvsantiago.gob.ar\/web\/wp-content\/uploads\/2024\/03\/432423114_867402052063528_2797785719988759702_n-696x1237.jpg 696w, https:\/\/cpvsantiago.gob.ar\/web\/wp-content\/uploads\/2024\/03\/432423114_867402052063528_2797785719988759702_n.jpg 720w\" sizes=\"auto, (max-width: 576px) 100vw, 576px\" \/><\/a><\/figure>\n\n\n\n<figure class=\"wp-block-image size-large\"><a href=\"https:\/\/cpvsantiago.gob.ar\/web\/wp-content\/uploads\/2024\/03\/432428682_867402065396860_3025752870770212395_n.jpg\"><img loading=\"lazy\" decoding=\"async\" width=\"768\" height=\"1024\" data-id=\"4487\" src=\"https:\/\/cpvsantiago.gob.ar\/web\/wp-content\/uploads\/2024\/03\/432428682_867402065396860_3025752870770212395_n-768x1024.jpg\" alt=\"\" class=\"wp-image-4487\" srcset=\"https:\/\/cpvsantiago.gob.ar\/web\/wp-content\/uploads\/2024\/03\/432428682_867402065396860_3025752870770212395_n-768x1024.jpg 768w, https:\/\/cpvsantiago.gob.ar\/web\/wp-content\/uploads\/2024\/03\/432428682_867402065396860_3025752870770212395_n-225x300.jpg 225w, https:\/\/cpvsantiago.gob.ar\/web\/wp-content\/uploads\/2024\/03\/432428682_867402065396860_3025752870770212395_n-1152x1536.jpg 1152w, https:\/\/cpvsantiago.gob.ar\/web\/wp-content\/uploads\/2024\/03\/432428682_867402065396860_3025752870770212395_n-150x200.jpg 150w, https:\/\/cpvsantiago.gob.ar\/web\/wp-content\/uploads\/2024\/03\/432428682_867402065396860_3025752870770212395_n-300x400.jpg 300w, https:\/\/cpvsantiago.gob.ar\/web\/wp-content\/uploads\/2024\/03\/432428682_867402065396860_3025752870770212395_n-696x928.jpg 696w, https:\/\/cpvsantiago.gob.ar\/web\/wp-content\/uploads\/2024\/03\/432428682_867402065396860_3025752870770212395_n-1068x1424.jpg 1068w, https:\/\/cpvsantiago.gob.ar\/web\/wp-content\/uploads\/2024\/03\/432428682_867402065396860_3025752870770212395_n.jpg 1200w\" sizes=\"auto, (max-width: 768px) 100vw, 768px\" \/><\/a><\/figure>\n\n\n\n<figure class=\"wp-block-image size-large\"><a href=\"https:\/\/cpvsantiago.gob.ar\/web\/wp-content\/uploads\/2024\/03\/432433499_867402315396835_4490428219351679021_n.jpg\"><img loading=\"lazy\" decoding=\"async\" width=\"768\" height=\"1024\" data-id=\"4488\" src=\"https:\/\/cpvsantiago.gob.ar\/web\/wp-content\/uploads\/2024\/03\/432433499_867402315396835_4490428219351679021_n-768x1024.jpg\" alt=\"\" class=\"wp-image-4488\" srcset=\"https:\/\/cpvsantiago.gob.ar\/web\/wp-content\/uploads\/2024\/03\/432433499_867402315396835_4490428219351679021_n-768x1024.jpg 768w, https:\/\/cpvsantiago.gob.ar\/web\/wp-content\/uploads\/2024\/03\/432433499_867402315396835_4490428219351679021_n-225x300.jpg 225w, https:\/\/cpvsantiago.gob.ar\/web\/wp-content\/uploads\/2024\/03\/432433499_867402315396835_4490428219351679021_n-1152x1536.jpg 1152w, https:\/\/cpvsantiago.gob.ar\/web\/wp-content\/uploads\/2024\/03\/432433499_867402315396835_4490428219351679021_n-150x200.jpg 150w, https:\/\/cpvsantiago.gob.ar\/web\/wp-content\/uploads\/2024\/03\/432433499_867402315396835_4490428219351679021_n-300x400.jpg 300w, https:\/\/cpvsantiago.gob.ar\/web\/wp-content\/uploads\/2024\/03\/432433499_867402315396835_4490428219351679021_n-696x928.jpg 696w, https:\/\/cpvsantiago.gob.ar\/web\/wp-content\/uploads\/2024\/03\/432433499_867402315396835_4490428219351679021_n-1068x1424.jpg 1068w, https:\/\/cpvsantiago.gob.ar\/web\/wp-content\/uploads\/2024\/03\/432433499_867402315396835_4490428219351679021_n.jpg 1200w\" sizes=\"auto, (max-width: 768px) 100vw, 768px\" \/><\/a><\/figure>\n\n\n\n<figure class=\"wp-block-image size-large\"><a href=\"https:\/\/cpvsantiago.gob.ar\/web\/wp-content\/uploads\/2024\/03\/432441323_867402242063509_8342010190554028925_n.jpg\"><img loading=\"lazy\" decoding=\"async\" width=\"1024\" height=\"576\" data-id=\"4485\" src=\"https:\/\/cpvsantiago.gob.ar\/web\/wp-content\/uploads\/2024\/03\/432441323_867402242063509_8342010190554028925_n-1024x576.jpg\" alt=\"\" class=\"wp-image-4485\" srcset=\"https:\/\/cpvsantiago.gob.ar\/web\/wp-content\/uploads\/2024\/03\/432441323_867402242063509_8342010190554028925_n-1024x576.jpg 1024w, https:\/\/cpvsantiago.gob.ar\/web\/wp-content\/uploads\/2024\/03\/432441323_867402242063509_8342010190554028925_n-300x169.jpg 300w, https:\/\/cpvsantiago.gob.ar\/web\/wp-content\/uploads\/2024\/03\/432441323_867402242063509_8342010190554028925_n-768x432.jpg 768w, https:\/\/cpvsantiago.gob.ar\/web\/wp-content\/uploads\/2024\/03\/432441323_867402242063509_8342010190554028925_n-150x84.jpg 150w, https:\/\/cpvsantiago.gob.ar\/web\/wp-content\/uploads\/2024\/03\/432441323_867402242063509_8342010190554028925_n-696x392.jpg 696w, https:\/\/cpvsantiago.gob.ar\/web\/wp-content\/uploads\/2024\/03\/432441323_867402242063509_8342010190554028925_n-1068x601.jpg 1068w, https:\/\/cpvsantiago.gob.ar\/web\/wp-content\/uploads\/2024\/03\/432441323_867402242063509_8342010190554028925_n.jpg 1280w\" sizes=\"auto, (max-width: 1024px) 100vw, 1024px\" \/><\/a><\/figure>\n\n\n\n<figure class=\"wp-block-image size-large\"><a href=\"https:\/\/cpvsantiago.gob.ar\/web\/wp-content\/uploads\/2024\/03\/432473086_867402152063518_8437084950428208175_n.jpg\"><img loading=\"lazy\" decoding=\"async\" width=\"768\" height=\"1024\" data-id=\"4484\" src=\"https:\/\/cpvsantiago.gob.ar\/web\/wp-content\/uploads\/2024\/03\/432473086_867402152063518_8437084950428208175_n-768x1024.jpg\" alt=\"\" class=\"wp-image-4484\" srcset=\"https:\/\/cpvsantiago.gob.ar\/web\/wp-content\/uploads\/2024\/03\/432473086_867402152063518_8437084950428208175_n-768x1024.jpg 768w, https:\/\/cpvsantiago.gob.ar\/web\/wp-content\/uploads\/2024\/03\/432473086_867402152063518_8437084950428208175_n-225x300.jpg 225w, https:\/\/cpvsantiago.gob.ar\/web\/wp-content\/uploads\/2024\/03\/432473086_867402152063518_8437084950428208175_n-150x200.jpg 150w, https:\/\/cpvsantiago.gob.ar\/web\/wp-content\/uploads\/2024\/03\/432473086_867402152063518_8437084950428208175_n-300x400.jpg 300w, https:\/\/cpvsantiago.gob.ar\/web\/wp-content\/uploads\/2024\/03\/432473086_867402152063518_8437084950428208175_n-696x928.jpg 696w, https:\/\/cpvsantiago.gob.ar\/web\/wp-content\/uploads\/2024\/03\/432473086_867402152063518_8437084950428208175_n.jpg 960w\" sizes=\"auto, (max-width: 768px) 100vw, 768px\" \/><\/a><\/figure>\n\n\n\n<figure class=\"wp-block-image size-large\"><a href=\"https:\/\/cpvsantiago.gob.ar\/web\/wp-content\/uploads\/2024\/03\/433666834_867402412063492_2937755255988286952_n.jpg\"><img loading=\"lazy\" decoding=\"async\" width=\"1024\" height=\"768\" data-id=\"4483\" src=\"https:\/\/cpvsantiago.gob.ar\/web\/wp-content\/uploads\/2024\/03\/433666834_867402412063492_2937755255988286952_n-1024x768.jpg\" alt=\"\" class=\"wp-image-4483\" srcset=\"https:\/\/cpvsantiago.gob.ar\/web\/wp-content\/uploads\/2024\/03\/433666834_867402412063492_2937755255988286952_n-1024x768.jpg 1024w, https:\/\/cpvsantiago.gob.ar\/web\/wp-content\/uploads\/2024\/03\/433666834_867402412063492_2937755255988286952_n-300x225.jpg 300w, https:\/\/cpvsantiago.gob.ar\/web\/wp-content\/uploads\/2024\/03\/433666834_867402412063492_2937755255988286952_n-768x576.jpg 768w, https:\/\/cpvsantiago.gob.ar\/web\/wp-content\/uploads\/2024\/03\/433666834_867402412063492_2937755255988286952_n-1536x1152.jpg 1536w, https:\/\/cpvsantiago.gob.ar\/web\/wp-content\/uploads\/2024\/03\/433666834_867402412063492_2937755255988286952_n-150x113.jpg 150w, https:\/\/cpvsantiago.gob.ar\/web\/wp-content\/uploads\/2024\/03\/433666834_867402412063492_2937755255988286952_n-696x522.jpg 696w, https:\/\/cpvsantiago.gob.ar\/web\/wp-content\/uploads\/2024\/03\/433666834_867402412063492_2937755255988286952_n-1068x801.jpg 1068w, https:\/\/cpvsantiago.gob.ar\/web\/wp-content\/uploads\/2024\/03\/433666834_867402412063492_2937755255988286952_n.jpg 1600w\" sizes=\"auto, (max-width: 1024px) 100vw, 1024px\" \/><\/a><\/figure>\n<\/figure>\n","protected":false},"excerpt":{"rendered":"<p>Los trabajos consistieron en transporte y ditribuci\u00f3n de material base estabilizada. \u00a0Tambi\u00e9n limpieza de camino en el Tramo Los Ralos \u2013 Km \u00a018. En este sentido se efectuaron tambi\u00e9n perfilado de calzada natural, \u00a0perfilado calzada enripiada, como as\u00ed tambi\u00e9n reconstrucci\u00f3n de abovedamiento. \u00a0Se realiz\u00f3 adem\u00e1s \u00a0movimiento de suelo, \u00a0desmalezamiento zona de banquinas y \u00a0acopio &#8211; [&hellip;]<\/p>\n","protected":false},"author":2,"featured_media":4482,"comment_status":"open","ping_status":"open","sticky":false,"template":"","format":"standard","meta":{"footnotes":""},"categories":[5,3],"tags":[],"class_list":{"0":"post-4480","1":"post","2":"type-post","3":"status-publish","4":"format-standard","5":"has-post-thumbnail","7":"category-noticias","8":"category-zonas_viales"},"yoast_head":"<!-- This site is optimized with the Yoast SEO Premium plugin v24.8 (Yoast SEO v27.2) - https:\/\/yoast.com\/product\/yoast-seo-premium-wordpress\/ -->\n<title>Trabajos efectuados en \u00a0Zona Vial N\u00b0 3 \u00a0Villa La Punta \u00a0desde el \u00a011 al 15 de Marzo - Consejo Provincial de Vialidad de la Provincia de Santiago del Estero<\/title>\n<meta name=\"robots\" content=\"index, follow, max-snippet:-1, max-image-preview:large, max-video-preview:-1\" \/>\n<link rel=\"canonical\" href=\"https:\/\/cpvsantiago.gob.ar\/web\/trabajos-efectuados-en-zona-vial-n-3-villa-la-punta-desde-el-11-al-15-de-marzo\/\" \/>\n<meta property=\"og:locale\" content=\"es_ES\" \/>\n<meta property=\"og:type\" content=\"article\" \/>\n<meta property=\"og:title\" content=\"Trabajos efectuados en \u00a0Zona Vial N\u00b0 3 \u00a0Villa La Punta \u00a0desde el \u00a011 al 15 de Marzo\" \/>\n<meta property=\"og:description\" content=\"Los trabajos consistieron en transporte y ditribuci\u00f3n de material base estabilizada. \u00a0Tambi\u00e9n limpieza de camino en el Tramo Los Ralos \u2013 Km \u00a018. En este sentido se efectuaron tambi\u00e9n perfilado de calzada natural, \u00a0perfilado calzada enripiada, como as\u00ed tambi\u00e9n reconstrucci\u00f3n de abovedamiento. \u00a0Se realiz\u00f3 adem\u00e1s \u00a0movimiento de suelo, \u00a0desmalezamiento zona de banquinas y \u00a0acopio &#8211; [&hellip;]\" \/>\n<meta property=\"og:url\" content=\"https:\/\/cpvsantiago.gob.ar\/web\/trabajos-efectuados-en-zona-vial-n-3-villa-la-punta-desde-el-11-al-15-de-marzo\/\" \/>\n<meta property=\"og:site_name\" content=\"Consejo Provincial de Vialidad de la Provincia de Santiago del Estero\" \/>\n<meta property=\"article:published_time\" content=\"2024-03-15T15:25:00+00:00\" \/>\n<meta property=\"article:modified_time\" content=\"2024-03-25T13:45:16+00:00\" \/>\n<meta property=\"og:image\" content=\"https:\/\/cpvsantiago.gob.ar\/web\/wp-content\/uploads\/2024\/03\/432384765_867402345396832_3413495798178440595_n.jpg\" \/>\n\t<meta property=\"og:image:width\" content=\"1600\" \/>\n\t<meta property=\"og:image:height\" content=\"1200\" \/>\n\t<meta property=\"og:image:type\" content=\"image\/jpeg\" \/>\n<meta name=\"author\" content=\"cpv\" \/>\n<meta name=\"twitter:card\" content=\"summary_large_image\" \/>\n<meta name=\"twitter:label1\" content=\"Escrito por\" \/>\n\t<meta name=\"twitter:data1\" content=\"cpv\" \/>\n\t<meta name=\"twitter:label2\" content=\"Tiempo de lectura\" \/>\n\t<meta name=\"twitter:data2\" content=\"3 minutos\" \/>\n<script type=\"application\/ld+json\" class=\"yoast-schema-graph\">{\"@context\":\"https:\/\/schema.org\",\"@graph\":[{\"@type\":\"Article\",\"@id\":\"https:\/\/cpvsantiago.gob.ar\/web\/trabajos-efectuados-en-zona-vial-n-3-villa-la-punta-desde-el-11-al-15-de-marzo\/#article\",\"isPartOf\":{\"@id\":\"https:\/\/cpvsantiago.gob.ar\/web\/trabajos-efectuados-en-zona-vial-n-3-villa-la-punta-desde-el-11-al-15-de-marzo\/\"},\"author\":{\"name\":\"cpv\",\"@id\":\"https:\/\/cpvsantiago.gob.ar\/web\/#\/schema\/person\/aa59e9835d5eb750d8585c860224dc06\"},\"headline\":\"Trabajos efectuados en \u00a0Zona Vial N\u00b0 3 \u00a0Villa La Punta \u00a0desde el \u00a011 al 15 de Marzo\",\"datePublished\":\"2024-03-15T15:25:00+00:00\",\"dateModified\":\"2024-03-25T13:45:16+00:00\",\"mainEntityOfPage\":{\"@id\":\"https:\/\/cpvsantiago.gob.ar\/web\/trabajos-efectuados-en-zona-vial-n-3-villa-la-punta-desde-el-11-al-15-de-marzo\/\"},\"wordCount\":77,\"commentCount\":0,\"image\":{\"@id\":\"https:\/\/cpvsantiago.gob.ar\/web\/trabajos-efectuados-en-zona-vial-n-3-villa-la-punta-desde-el-11-al-15-de-marzo\/#primaryimage\"},\"thumbnailUrl\":\"https:\/\/cpvsantiago.gob.ar\/web\/wp-content\/uploads\/2024\/03\/432384765_867402345396832_3413495798178440595_n.jpg\",\"articleSection\":[\"Noticias\",\"Zonas Viales\"],\"inLanguage\":\"es\",\"potentialAction\":[{\"@type\":\"CommentAction\",\"name\":\"Comment\",\"target\":[\"https:\/\/cpvsantiago.gob.ar\/web\/trabajos-efectuados-en-zona-vial-n-3-villa-la-punta-desde-el-11-al-15-de-marzo\/#respond\"]}]},{\"@type\":\"WebPage\",\"@id\":\"https:\/\/cpvsantiago.gob.ar\/web\/trabajos-efectuados-en-zona-vial-n-3-villa-la-punta-desde-el-11-al-15-de-marzo\/\",\"url\":\"https:\/\/cpvsantiago.gob.ar\/web\/trabajos-efectuados-en-zona-vial-n-3-villa-la-punta-desde-el-11-al-15-de-marzo\/\",\"name\":\"Trabajos efectuados en \u00a0Zona Vial N\u00b0 3 \u00a0Villa La Punta \u00a0desde el \u00a011 al 15 de Marzo - Consejo Provincial de Vialidad de la Provincia de Santiago del Estero\",\"isPartOf\":{\"@id\":\"https:\/\/cpvsantiago.gob.ar\/web\/#website\"},\"primaryImageOfPage\":{\"@id\":\"https:\/\/cpvsantiago.gob.ar\/web\/trabajos-efectuados-en-zona-vial-n-3-villa-la-punta-desde-el-11-al-15-de-marzo\/#primaryimage\"},\"image\":{\"@id\":\"https:\/\/cpvsantiago.gob.ar\/web\/trabajos-efectuados-en-zona-vial-n-3-villa-la-punta-desde-el-11-al-15-de-marzo\/#primaryimage\"},\"thumbnailUrl\":\"https:\/\/cpvsantiago.gob.ar\/web\/wp-content\/uploads\/2024\/03\/432384765_867402345396832_3413495798178440595_n.jpg\",\"datePublished\":\"2024-03-15T15:25:00+00:00\",\"dateModified\":\"2024-03-25T13:45:16+00:00\",\"author\":{\"@id\":\"https:\/\/cpvsantiago.gob.ar\/web\/#\/schema\/person\/aa59e9835d5eb750d8585c860224dc06\"},\"breadcrumb\":{\"@id\":\"https:\/\/cpvsantiago.gob.ar\/web\/trabajos-efectuados-en-zona-vial-n-3-villa-la-punta-desde-el-11-al-15-de-marzo\/#breadcrumb\"},\"inLanguage\":\"es\",\"potentialAction\":[{\"@type\":\"ReadAction\",\"target\":[\"https:\/\/cpvsantiago.gob.ar\/web\/trabajos-efectuados-en-zona-vial-n-3-villa-la-punta-desde-el-11-al-15-de-marzo\/\"]}]},{\"@type\":\"ImageObject\",\"inLanguage\":\"es\",\"@id\":\"https:\/\/cpvsantiago.gob.ar\/web\/trabajos-efectuados-en-zona-vial-n-3-villa-la-punta-desde-el-11-al-15-de-marzo\/#primaryimage\",\"url\":\"https:\/\/cpvsantiago.gob.ar\/web\/wp-content\/uploads\/2024\/03\/432384765_867402345396832_3413495798178440595_n.jpg\",\"contentUrl\":\"https:\/\/cpvsantiago.gob.ar\/web\/wp-content\/uploads\/2024\/03\/432384765_867402345396832_3413495798178440595_n.jpg\",\"width\":1600,\"height\":1200},{\"@type\":\"BreadcrumbList\",\"@id\":\"https:\/\/cpvsantiago.gob.ar\/web\/trabajos-efectuados-en-zona-vial-n-3-villa-la-punta-desde-el-11-al-15-de-marzo\/#breadcrumb\",\"itemListElement\":[{\"@type\":\"ListItem\",\"position\":1,\"name\":\"Portada\",\"item\":\"https:\/\/cpvsantiago.gob.ar\/web\/\"},{\"@type\":\"ListItem\",\"position\":2,\"name\":\"Trabajos efectuados en \u00a0Zona Vial N\u00b0 3 \u00a0Villa La Punta \u00a0desde el \u00a011 al 15 de Marzo\"}]},{\"@type\":\"WebSite\",\"@id\":\"https:\/\/cpvsantiago.gob.ar\/web\/#website\",\"url\":\"https:\/\/cpvsantiago.gob.ar\/web\/\",\"name\":\"Consejo Provincial de Vialidad de la Provincia de Santiago del Estero\",\"description\":\"CPV Santiago del Estero\",\"potentialAction\":[{\"@type\":\"SearchAction\",\"target\":{\"@type\":\"EntryPoint\",\"urlTemplate\":\"https:\/\/cpvsantiago.gob.ar\/web\/?s={search_term_string}\"},\"query-input\":{\"@type\":\"PropertyValueSpecification\",\"valueRequired\":true,\"valueName\":\"search_term_string\"}}],\"inLanguage\":\"es\"},{\"@type\":\"Person\",\"@id\":\"https:\/\/cpvsantiago.gob.ar\/web\/#\/schema\/person\/aa59e9835d5eb750d8585c860224dc06\",\"name\":\"cpv\",\"image\":{\"@type\":\"ImageObject\",\"inLanguage\":\"es\",\"@id\":\"https:\/\/secure.gravatar.com\/avatar\/484802c719c69b738102ad3161a3d525b188c752ad36109725aeae22171ead58?s=96&d=mm&r=g\",\"url\":\"https:\/\/secure.gravatar.com\/avatar\/484802c719c69b738102ad3161a3d525b188c752ad36109725aeae22171ead58?s=96&d=mm&r=g\",\"contentUrl\":\"https:\/\/secure.gravatar.com\/avatar\/484802c719c69b738102ad3161a3d525b188c752ad36109725aeae22171ead58?s=96&d=mm&r=g\",\"caption\":\"cpv\"},\"url\":\"https:\/\/cpvsantiago.gob.ar\/web\/author\/h8000593\/\"}]}<\/script>\n<!-- \/ Yoast SEO Premium plugin. -->","yoast_head_json":{"title":"Trabajos efectuados en \u00a0Zona Vial N\u00b0 3 \u00a0Villa La Punta \u00a0desde el \u00a011 al 15 de Marzo - Consejo Provincial de Vialidad de la Provincia de Santiago del Estero","robots":{"index":"index","follow":"follow","max-snippet":"max-snippet:-1","max-image-preview":"max-image-preview:large","max-video-preview":"max-video-preview:-1"},"canonical":"https:\/\/cpvsantiago.gob.ar\/web\/trabajos-efectuados-en-zona-vial-n-3-villa-la-punta-desde-el-11-al-15-de-marzo\/","og_locale":"es_ES","og_type":"article","og_title":"Trabajos efectuados en \u00a0Zona Vial N\u00b0 3 \u00a0Villa La Punta \u00a0desde el \u00a011 al 15 de Marzo","og_description":"Los trabajos consistieron en transporte y ditribuci\u00f3n de material base estabilizada. \u00a0Tambi\u00e9n limpieza de camino en el Tramo Los Ralos \u2013 Km \u00a018. En este sentido se efectuaron tambi\u00e9n perfilado de calzada natural, \u00a0perfilado calzada enripiada, como as\u00ed tambi\u00e9n reconstrucci\u00f3n de abovedamiento. \u00a0Se realiz\u00f3 adem\u00e1s \u00a0movimiento de suelo, \u00a0desmalezamiento zona de banquinas y \u00a0acopio &#8211; [&hellip;]","og_url":"https:\/\/cpvsantiago.gob.ar\/web\/trabajos-efectuados-en-zona-vial-n-3-villa-la-punta-desde-el-11-al-15-de-marzo\/","og_site_name":"Consejo Provincial de Vialidad de la Provincia de Santiago del Estero","article_published_time":"2024-03-15T15:25:00+00:00","article_modified_time":"2024-03-25T13:45:16+00:00","og_image":[{"width":1600,"height":1200,"url":"https:\/\/cpvsantiago.gob.ar\/web\/wp-content\/uploads\/2024\/03\/432384765_867402345396832_3413495798178440595_n.jpg","type":"image\/jpeg"}],"author":"cpv","twitter_card":"summary_large_image","twitter_misc":{"Escrito por":"cpv","Tiempo de lectura":"3 minutos"},"schema":{"@context":"https:\/\/schema.org","@graph":[{"@type":"Article","@id":"https:\/\/cpvsantiago.gob.ar\/web\/trabajos-efectuados-en-zona-vial-n-3-villa-la-punta-desde-el-11-al-15-de-marzo\/#article","isPartOf":{"@id":"https:\/\/cpvsantiago.gob.ar\/web\/trabajos-efectuados-en-zona-vial-n-3-villa-la-punta-desde-el-11-al-15-de-marzo\/"},"author":{"name":"cpv","@id":"https:\/\/cpvsantiago.gob.ar\/web\/#\/schema\/person\/aa59e9835d5eb750d8585c860224dc06"},"headline":"Trabajos efectuados en \u00a0Zona Vial N\u00b0 3 \u00a0Villa La Punta \u00a0desde el \u00a011 al 15 de Marzo","datePublished":"2024-03-15T15:25:00+00:00","dateModified":"2024-03-25T13:45:16+00:00","mainEntityOfPage":{"@id":"https:\/\/cpvsantiago.gob.ar\/web\/trabajos-efectuados-en-zona-vial-n-3-villa-la-punta-desde-el-11-al-15-de-marzo\/"},"wordCount":77,"commentCount":0,"image":{"@id":"https:\/\/cpvsantiago.gob.ar\/web\/trabajos-efectuados-en-zona-vial-n-3-villa-la-punta-desde-el-11-al-15-de-marzo\/#primaryimage"},"thumbnailUrl":"https:\/\/cpvsantiago.gob.ar\/web\/wp-content\/uploads\/2024\/03\/432384765_867402345396832_3413495798178440595_n.jpg","articleSection":["Noticias","Zonas Viales"],"inLanguage":"es","potentialAction":[{"@type":"CommentAction","name":"Comment","target":["https:\/\/cpvsantiago.gob.ar\/web\/trabajos-efectuados-en-zona-vial-n-3-villa-la-punta-desde-el-11-al-15-de-marzo\/#respond"]}]},{"@type":"WebPage","@id":"https:\/\/cpvsantiago.gob.ar\/web\/trabajos-efectuados-en-zona-vial-n-3-villa-la-punta-desde-el-11-al-15-de-marzo\/","url":"https:\/\/cpvsantiago.gob.ar\/web\/trabajos-efectuados-en-zona-vial-n-3-villa-la-punta-desde-el-11-al-15-de-marzo\/","name":"Trabajos efectuados en \u00a0Zona Vial N\u00b0 3 \u00a0Villa La Punta \u00a0desde el \u00a011 al 15 de Marzo - Consejo Provincial de Vialidad de la Provincia de Santiago del Estero","isPartOf":{"@id":"https:\/\/cpvsantiago.gob.ar\/web\/#website"},"primaryImageOfPage":{"@id":"https:\/\/cpvsantiago.gob.ar\/web\/trabajos-efectuados-en-zona-vial-n-3-villa-la-punta-desde-el-11-al-15-de-marzo\/#primaryimage"},"image":{"@id":"https:\/\/cpvsantiago.gob.ar\/web\/trabajos-efectuados-en-zona-vial-n-3-villa-la-punta-desde-el-11-al-15-de-marzo\/#primaryimage"},"thumbnailUrl":"https:\/\/cpvsantiago.gob.ar\/web\/wp-content\/uploads\/2024\/03\/432384765_867402345396832_3413495798178440595_n.jpg","datePublished":"2024-03-15T15:25:00+00:00","dateModified":"2024-03-25T13:45:16+00:00","author":{"@id":"https:\/\/cpvsantiago.gob.ar\/web\/#\/schema\/person\/aa59e9835d5eb750d8585c860224dc06"},"breadcrumb":{"@id":"https:\/\/cpvsantiago.gob.ar\/web\/trabajos-efectuados-en-zona-vial-n-3-villa-la-punta-desde-el-11-al-15-de-marzo\/#breadcrumb"},"inLanguage":"es","potentialAction":[{"@type":"ReadAction","target":["https:\/\/cpvsantiago.gob.ar\/web\/trabajos-efectuados-en-zona-vial-n-3-villa-la-punta-desde-el-11-al-15-de-marzo\/"]}]},{"@type":"ImageObject","inLanguage":"es","@id":"https:\/\/cpvsantiago.gob.ar\/web\/trabajos-efectuados-en-zona-vial-n-3-villa-la-punta-desde-el-11-al-15-de-marzo\/#primaryimage","url":"https:\/\/cpvsantiago.gob.ar\/web\/wp-content\/uploads\/2024\/03\/432384765_867402345396832_3413495798178440595_n.jpg","contentUrl":"https:\/\/cpvsantiago.gob.ar\/web\/wp-content\/uploads\/2024\/03\/432384765_867402345396832_3413495798178440595_n.jpg","width":1600,"height":1200},{"@type":"BreadcrumbList","@id":"https:\/\/cpvsantiago.gob.ar\/web\/trabajos-efectuados-en-zona-vial-n-3-villa-la-punta-desde-el-11-al-15-de-marzo\/#breadcrumb","itemListElement":[{"@type":"ListItem","position":1,"name":"Portada","item":"https:\/\/cpvsantiago.gob.ar\/web\/"},{"@type":"ListItem","position":2,"name":"Trabajos efectuados en \u00a0Zona Vial N\u00b0 3 \u00a0Villa La Punta \u00a0desde el \u00a011 al 15 de Marzo"}]},{"@type":"WebSite","@id":"https:\/\/cpvsantiago.gob.ar\/web\/#website","url":"https:\/\/cpvsantiago.gob.ar\/web\/","name":"Consejo Provincial de Vialidad de la Provincia de Santiago del Estero","description":"CPV Santiago del Estero","potentialAction":[{"@type":"SearchAction","target":{"@type":"EntryPoint","urlTemplate":"https:\/\/cpvsantiago.gob.ar\/web\/?s={search_term_string}"},"query-input":{"@type":"PropertyValueSpecification","valueRequired":true,"valueName":"search_term_string"}}],"inLanguage":"es"},{"@type":"Person","@id":"https:\/\/cpvsantiago.gob.ar\/web\/#\/schema\/person\/aa59e9835d5eb750d8585c860224dc06","name":"cpv","image":{"@type":"ImageObject","inLanguage":"es","@id":"https:\/\/secure.gravatar.com\/avatar\/484802c719c69b738102ad3161a3d525b188c752ad36109725aeae22171ead58?s=96&d=mm&r=g","url":"https:\/\/secure.gravatar.com\/avatar\/484802c719c69b738102ad3161a3d525b188c752ad36109725aeae22171ead58?s=96&d=mm&r=g","contentUrl":"https:\/\/secure.gravatar.com\/avatar\/484802c719c69b738102ad3161a3d525b188c752ad36109725aeae22171ead58?s=96&d=mm&r=g","caption":"cpv"},"url":"https:\/\/cpvsantiago.gob.ar\/web\/author\/h8000593\/"}]}},"_links":{"self":[{"href":"https:\/\/cpvsantiago.gob.ar\/web\/wp-json\/wp\/v2\/posts\/4480","targetHints":{"allow":["GET"]}}],"collection":[{"href":"https:\/\/cpvsantiago.gob.ar\/web\/wp-json\/wp\/v2\/posts"}],"about":[{"href":"https:\/\/cpvsantiago.gob.ar\/web\/wp-json\/wp\/v2\/types\/post"}],"author":[{"embeddable":true,"href":"https:\/\/cpvsantiago.gob.ar\/web\/wp-json\/wp\/v2\/users\/2"}],"replies":[{"embeddable":true,"href":"https:\/\/cpvsantiago.gob.ar\/web\/wp-json\/wp\/v2\/comments?post=4480"}],"version-history":[{"count":1,"href":"https:\/\/cpvsantiago.gob.ar\/web\/wp-json\/wp\/v2\/posts\/4480\/revisions"}],"predecessor-version":[{"id":4489,"href":"https:\/\/cpvsantiago.gob.ar\/web\/wp-json\/wp\/v2\/posts\/4480\/revisions\/4489"}],"wp:featuredmedia":[{"embeddable":true,"href":"https:\/\/cpvsantiago.gob.ar\/web\/wp-json\/wp\/v2\/media\/4482"}],"wp:attachment":[{"href":"https:\/\/cpvsantiago.gob.ar\/web\/wp-json\/wp\/v2\/media?parent=4480"}],"wp:term":[{"taxonomy":"category","embeddable":true,"href":"https:\/\/cpvsantiago.gob.ar\/web\/wp-json\/wp\/v2\/categories?post=4480"},{"taxonomy":"post_tag","embeddable":true,"href":"https:\/\/cpvsantiago.gob.ar\/web\/wp-json\/wp\/v2\/tags?post=4480"}],"curies":[{"name":"wp","href":"https:\/\/api.w.org\/{rel}","templated":true}]}}