{"id":4526,"date":"2024-03-25T22:59:00","date_gmt":"2024-03-26T01:59:00","guid":{"rendered":"https:\/\/cpvsantiago.gob.ar\/web\/?p=4526"},"modified":"2024-03-29T14:05:34","modified_gmt":"2024-03-29T17:05:34","slug":"continuan-los-importantes-trabajos-de-mantenimiento-de-la-zona-vial-n3-villa-la-punta","status":"publish","type":"post","link":"https:\/\/cpvsantiago.gob.ar\/web\/continuan-los-importantes-trabajos-de-mantenimiento-de-la-zona-vial-n3-villa-la-punta\/","title":{"rendered":"Contin\u00faan importantes trabajos de mantenimiento de la \u00a0Zona Vial N\u00b03 Villa La Punta"},"content":{"rendered":"\n<p>En la semana comprendida entre el 18 al 22 de Marzo del presente a\u00f1o se efectuaron tareas de Transporte Material Base Estabilizada, reconstrucci\u00f3n de abovedamiento en el Tramo La Ca\u00f1ada &#8211; Carril Pozo\/El Rodeo &#8211; San Justo\/San Justo &#8211; San Rafael.<\/p>\n\n\n\n<p>Adem\u00e1s de realizaron perfilado de calzada y enripiados\u00a0 en los tramos: La Ca\u00f1ada &#8211; Carril Pozo\/El Rodeo &#8211; San Justo\/ San Justo &#8211; San Rafael, como as\u00ed tambi\u00e9n perfilado de calzada natural en el Tramo: San Bernardo &#8211; El 25.<\/p>\n\n\n\n<p>En otro orden de tareas de construyeron zanjas de desag\u00fces \u00a0en el \u00a0tramo \u00a0La Ca\u00f1ada- Carril Pozo.<\/p>\n\n\n\n<p>El mantenimiento propiciado por el personal de la Zona Vial N\u00b03 abarc\u00f3 tambi\u00e9n tareas de desmalezamiento en zona de banquinas en los tramos: Villa Guasay\u00e1n- San Jos\u00e9\/ San Jos\u00e9- Villa Guasay\u00e1n , y tambi\u00e9n limpieza en las zona de caminos en tramo Palermo &#8211; La Ca\u00f1ada y La Ca\u00f1ada &#8211; Carril Pozo.\u00a0 Se concluy\u00f3 la labor de la limpieza del Predio de la Escuela N\u00b01030 en San Rafael.<\/p>\n\n\n\n<figure class=\"wp-block-gallery has-nested-images columns-default is-cropped wp-block-gallery-1 is-layout-flex wp-block-gallery-is-layout-flex\">\n<figure class=\"wp-block-image size-large\"><a href=\"https:\/\/cpvsantiago.gob.ar\/web\/wp-content\/uploads\/2024\/03\/02.jpg\"><img loading=\"lazy\" decoding=\"async\" width=\"461\" height=\"1024\" data-id=\"4529\" src=\"https:\/\/cpvsantiago.gob.ar\/web\/wp-content\/uploads\/2024\/03\/02-461x1024.jpg\" alt=\"\" class=\"wp-image-4529\" srcset=\"https:\/\/cpvsantiago.gob.ar\/web\/wp-content\/uploads\/2024\/03\/02-461x1024.jpg 461w, https:\/\/cpvsantiago.gob.ar\/web\/wp-content\/uploads\/2024\/03\/02-135x300.jpg 135w, https:\/\/cpvsantiago.gob.ar\/web\/wp-content\/uploads\/2024\/03\/02-691x1536.jpg 691w, https:\/\/cpvsantiago.gob.ar\/web\/wp-content\/uploads\/2024\/03\/02-150x333.jpg 150w, https:\/\/cpvsantiago.gob.ar\/web\/wp-content\/uploads\/2024\/03\/02-300x667.jpg 300w, https:\/\/cpvsantiago.gob.ar\/web\/wp-content\/uploads\/2024\/03\/02-696x1547.jpg 696w, https:\/\/cpvsantiago.gob.ar\/web\/wp-content\/uploads\/2024\/03\/02.jpg 720w\" sizes=\"auto, (max-width: 461px) 100vw, 461px\" \/><\/a><\/figure>\n\n\n\n<figure class=\"wp-block-image size-large\"><a href=\"https:\/\/cpvsantiago.gob.ar\/web\/wp-content\/uploads\/2024\/03\/03.jpg\"><img loading=\"lazy\" decoding=\"async\" width=\"461\" height=\"1024\" data-id=\"4530\" src=\"https:\/\/cpvsantiago.gob.ar\/web\/wp-content\/uploads\/2024\/03\/03-461x1024.jpg\" alt=\"\" class=\"wp-image-4530\" srcset=\"https:\/\/cpvsantiago.gob.ar\/web\/wp-content\/uploads\/2024\/03\/03-461x1024.jpg 461w, https:\/\/cpvsantiago.gob.ar\/web\/wp-content\/uploads\/2024\/03\/03-135x300.jpg 135w, https:\/\/cpvsantiago.gob.ar\/web\/wp-content\/uploads\/2024\/03\/03-691x1536.jpg 691w, https:\/\/cpvsantiago.gob.ar\/web\/wp-content\/uploads\/2024\/03\/03-150x333.jpg 150w, https:\/\/cpvsantiago.gob.ar\/web\/wp-content\/uploads\/2024\/03\/03-300x667.jpg 300w, https:\/\/cpvsantiago.gob.ar\/web\/wp-content\/uploads\/2024\/03\/03-696x1547.jpg 696w, https:\/\/cpvsantiago.gob.ar\/web\/wp-content\/uploads\/2024\/03\/03.jpg 720w\" sizes=\"auto, (max-width: 461px) 100vw, 461px\" \/><\/a><\/figure>\n\n\n\n<figure class=\"wp-block-image size-large\"><a href=\"https:\/\/cpvsantiago.gob.ar\/web\/wp-content\/uploads\/2024\/03\/04.jpg\"><img loading=\"lazy\" decoding=\"async\" width=\"1024\" height=\"768\" data-id=\"4528\" src=\"https:\/\/cpvsantiago.gob.ar\/web\/wp-content\/uploads\/2024\/03\/04-1024x768.jpg\" alt=\"\" class=\"wp-image-4528\" srcset=\"https:\/\/cpvsantiago.gob.ar\/web\/wp-content\/uploads\/2024\/03\/04-1024x768.jpg 1024w, https:\/\/cpvsantiago.gob.ar\/web\/wp-content\/uploads\/2024\/03\/04-300x225.jpg 300w, https:\/\/cpvsantiago.gob.ar\/web\/wp-content\/uploads\/2024\/03\/04-768x576.jpg 768w, https:\/\/cpvsantiago.gob.ar\/web\/wp-content\/uploads\/2024\/03\/04-150x113.jpg 150w, https:\/\/cpvsantiago.gob.ar\/web\/wp-content\/uploads\/2024\/03\/04-696x522.jpg 696w, https:\/\/cpvsantiago.gob.ar\/web\/wp-content\/uploads\/2024\/03\/04-1068x801.jpg 1068w, https:\/\/cpvsantiago.gob.ar\/web\/wp-content\/uploads\/2024\/03\/04.jpg 1280w\" sizes=\"auto, (max-width: 1024px) 100vw, 1024px\" \/><\/a><\/figure>\n\n\n\n<figure class=\"wp-block-image size-large\"><a href=\"https:\/\/cpvsantiago.gob.ar\/web\/wp-content\/uploads\/2024\/03\/05.jpg\"><img loading=\"lazy\" decoding=\"async\" width=\"1024\" height=\"768\" data-id=\"4527\" src=\"https:\/\/cpvsantiago.gob.ar\/web\/wp-content\/uploads\/2024\/03\/05-1024x768.jpg\" alt=\"\" class=\"wp-image-4527\" srcset=\"https:\/\/cpvsantiago.gob.ar\/web\/wp-content\/uploads\/2024\/03\/05-1024x768.jpg 1024w, https:\/\/cpvsantiago.gob.ar\/web\/wp-content\/uploads\/2024\/03\/05-300x225.jpg 300w, https:\/\/cpvsantiago.gob.ar\/web\/wp-content\/uploads\/2024\/03\/05-768x576.jpg 768w, https:\/\/cpvsantiago.gob.ar\/web\/wp-content\/uploads\/2024\/03\/05-150x113.jpg 150w, https:\/\/cpvsantiago.gob.ar\/web\/wp-content\/uploads\/2024\/03\/05-696x522.jpg 696w, https:\/\/cpvsantiago.gob.ar\/web\/wp-content\/uploads\/2024\/03\/05-1068x801.jpg 1068w, https:\/\/cpvsantiago.gob.ar\/web\/wp-content\/uploads\/2024\/03\/05.jpg 1280w\" sizes=\"auto, (max-width: 1024px) 100vw, 1024px\" \/><\/a><\/figure>\n<\/figure>\n","protected":false},"excerpt":{"rendered":"<p>En la semana comprendida entre el 18 al 22 de Marzo del presente a\u00f1o se efectuaron tareas de Transporte Material Base Estabilizada, reconstrucci\u00f3n de abovedamiento en el Tramo La Ca\u00f1ada &#8211; Carril Pozo\/El Rodeo &#8211; San Justo\/San Justo &#8211; San Rafael. Adem\u00e1s de realizaron perfilado de calzada y enripiados\u00a0 en los tramos: La Ca\u00f1ada &#8211; [&hellip;]<\/p>\n","protected":false},"author":2,"featured_media":4531,"comment_status":"open","ping_status":"open","sticky":false,"template":"","format":"standard","meta":{"footnotes":""},"categories":[5,3],"tags":[],"class_list":{"0":"post-4526","1":"post","2":"type-post","3":"status-publish","4":"format-standard","5":"has-post-thumbnail","7":"category-noticias","8":"category-zonas_viales"},"yoast_head":"<!-- This site is optimized with the Yoast SEO Premium plugin v24.8 (Yoast SEO v27.2) - https:\/\/yoast.com\/product\/yoast-seo-premium-wordpress\/ -->\n<title>Contin\u00faan importantes trabajos de mantenimiento de la \u00a0Zona Vial N\u00b03 Villa La Punta - Consejo Provincial de Vialidad de la Provincia de Santiago del Estero<\/title>\n<meta name=\"robots\" content=\"index, follow, max-snippet:-1, max-image-preview:large, max-video-preview:-1\" \/>\n<link rel=\"canonical\" href=\"https:\/\/cpvsantiago.gob.ar\/web\/continuan-los-importantes-trabajos-de-mantenimiento-de-la-zona-vial-n3-villa-la-punta\/\" \/>\n<meta property=\"og:locale\" content=\"es_ES\" \/>\n<meta property=\"og:type\" content=\"article\" \/>\n<meta property=\"og:title\" content=\"Contin\u00faan importantes trabajos de mantenimiento de la \u00a0Zona Vial N\u00b03 Villa La Punta\" \/>\n<meta property=\"og:description\" content=\"En la semana comprendida entre el 18 al 22 de Marzo del presente a\u00f1o se efectuaron tareas de Transporte Material Base Estabilizada, reconstrucci\u00f3n de abovedamiento en el Tramo La Ca\u00f1ada &#8211; Carril Pozo\/El Rodeo &#8211; San Justo\/San Justo &#8211; San Rafael. Adem\u00e1s de realizaron perfilado de calzada y enripiados\u00a0 en los tramos: La Ca\u00f1ada &#8211; [&hellip;]\" \/>\n<meta property=\"og:url\" content=\"https:\/\/cpvsantiago.gob.ar\/web\/continuan-los-importantes-trabajos-de-mantenimiento-de-la-zona-vial-n3-villa-la-punta\/\" \/>\n<meta property=\"og:site_name\" content=\"Consejo Provincial de Vialidad de la Provincia de Santiago del Estero\" \/>\n<meta property=\"article:published_time\" content=\"2024-03-26T01:59:00+00:00\" \/>\n<meta property=\"article:modified_time\" content=\"2024-03-29T17:05:34+00:00\" \/>\n<meta property=\"og:image\" content=\"https:\/\/cpvsantiago.gob.ar\/web\/wp-content\/uploads\/2024\/03\/01.jpg\" \/>\n\t<meta property=\"og:image:width\" content=\"1280\" \/>\n\t<meta property=\"og:image:height\" content=\"960\" \/>\n\t<meta property=\"og:image:type\" content=\"image\/jpeg\" \/>\n<meta name=\"author\" content=\"cpv\" \/>\n<meta name=\"twitter:card\" content=\"summary_large_image\" \/>\n<meta name=\"twitter:label1\" content=\"Escrito por\" \/>\n\t<meta name=\"twitter:data1\" content=\"cpv\" \/>\n\t<meta name=\"twitter:label2\" content=\"Tiempo de lectura\" \/>\n\t<meta name=\"twitter:data2\" content=\"2 minutos\" \/>\n<script type=\"application\/ld+json\" class=\"yoast-schema-graph\">{\"@context\":\"https:\/\/schema.org\",\"@graph\":[{\"@type\":\"Article\",\"@id\":\"https:\/\/cpvsantiago.gob.ar\/web\/continuan-los-importantes-trabajos-de-mantenimiento-de-la-zona-vial-n3-villa-la-punta\/#article\",\"isPartOf\":{\"@id\":\"https:\/\/cpvsantiago.gob.ar\/web\/continuan-los-importantes-trabajos-de-mantenimiento-de-la-zona-vial-n3-villa-la-punta\/\"},\"author\":{\"name\":\"cpv\",\"@id\":\"https:\/\/cpvsantiago.gob.ar\/web\/#\/schema\/person\/aa59e9835d5eb750d8585c860224dc06\"},\"headline\":\"Contin\u00faan importantes trabajos de mantenimiento de la \u00a0Zona Vial N\u00b03 Villa La Punta\",\"datePublished\":\"2024-03-26T01:59:00+00:00\",\"dateModified\":\"2024-03-29T17:05:34+00:00\",\"mainEntityOfPage\":{\"@id\":\"https:\/\/cpvsantiago.gob.ar\/web\/continuan-los-importantes-trabajos-de-mantenimiento-de-la-zona-vial-n3-villa-la-punta\/\"},\"wordCount\":194,\"commentCount\":0,\"image\":{\"@id\":\"https:\/\/cpvsantiago.gob.ar\/web\/continuan-los-importantes-trabajos-de-mantenimiento-de-la-zona-vial-n3-villa-la-punta\/#primaryimage\"},\"thumbnailUrl\":\"https:\/\/cpvsantiago.gob.ar\/web\/wp-content\/uploads\/2024\/03\/01.jpg\",\"articleSection\":[\"Noticias\",\"Zonas Viales\"],\"inLanguage\":\"es\",\"potentialAction\":[{\"@type\":\"CommentAction\",\"name\":\"Comment\",\"target\":[\"https:\/\/cpvsantiago.gob.ar\/web\/continuan-los-importantes-trabajos-de-mantenimiento-de-la-zona-vial-n3-villa-la-punta\/#respond\"]}]},{\"@type\":\"WebPage\",\"@id\":\"https:\/\/cpvsantiago.gob.ar\/web\/continuan-los-importantes-trabajos-de-mantenimiento-de-la-zona-vial-n3-villa-la-punta\/\",\"url\":\"https:\/\/cpvsantiago.gob.ar\/web\/continuan-los-importantes-trabajos-de-mantenimiento-de-la-zona-vial-n3-villa-la-punta\/\",\"name\":\"Contin\u00faan importantes trabajos de mantenimiento de la \u00a0Zona Vial N\u00b03 Villa La Punta - Consejo Provincial de Vialidad de la Provincia de Santiago del Estero\",\"isPartOf\":{\"@id\":\"https:\/\/cpvsantiago.gob.ar\/web\/#website\"},\"primaryImageOfPage\":{\"@id\":\"https:\/\/cpvsantiago.gob.ar\/web\/continuan-los-importantes-trabajos-de-mantenimiento-de-la-zona-vial-n3-villa-la-punta\/#primaryimage\"},\"image\":{\"@id\":\"https:\/\/cpvsantiago.gob.ar\/web\/continuan-los-importantes-trabajos-de-mantenimiento-de-la-zona-vial-n3-villa-la-punta\/#primaryimage\"},\"thumbnailUrl\":\"https:\/\/cpvsantiago.gob.ar\/web\/wp-content\/uploads\/2024\/03\/01.jpg\",\"datePublished\":\"2024-03-26T01:59:00+00:00\",\"dateModified\":\"2024-03-29T17:05:34+00:00\",\"author\":{\"@id\":\"https:\/\/cpvsantiago.gob.ar\/web\/#\/schema\/person\/aa59e9835d5eb750d8585c860224dc06\"},\"breadcrumb\":{\"@id\":\"https:\/\/cpvsantiago.gob.ar\/web\/continuan-los-importantes-trabajos-de-mantenimiento-de-la-zona-vial-n3-villa-la-punta\/#breadcrumb\"},\"inLanguage\":\"es\",\"potentialAction\":[{\"@type\":\"ReadAction\",\"target\":[\"https:\/\/cpvsantiago.gob.ar\/web\/continuan-los-importantes-trabajos-de-mantenimiento-de-la-zona-vial-n3-villa-la-punta\/\"]}]},{\"@type\":\"ImageObject\",\"inLanguage\":\"es\",\"@id\":\"https:\/\/cpvsantiago.gob.ar\/web\/continuan-los-importantes-trabajos-de-mantenimiento-de-la-zona-vial-n3-villa-la-punta\/#primaryimage\",\"url\":\"https:\/\/cpvsantiago.gob.ar\/web\/wp-content\/uploads\/2024\/03\/01.jpg\",\"contentUrl\":\"https:\/\/cpvsantiago.gob.ar\/web\/wp-content\/uploads\/2024\/03\/01.jpg\",\"width\":1280,\"height\":960},{\"@type\":\"BreadcrumbList\",\"@id\":\"https:\/\/cpvsantiago.gob.ar\/web\/continuan-los-importantes-trabajos-de-mantenimiento-de-la-zona-vial-n3-villa-la-punta\/#breadcrumb\",\"itemListElement\":[{\"@type\":\"ListItem\",\"position\":1,\"name\":\"Portada\",\"item\":\"https:\/\/cpvsantiago.gob.ar\/web\/\"},{\"@type\":\"ListItem\",\"position\":2,\"name\":\"Contin\u00faan importantes trabajos de mantenimiento de la \u00a0Zona Vial N\u00b03 Villa La Punta\"}]},{\"@type\":\"WebSite\",\"@id\":\"https:\/\/cpvsantiago.gob.ar\/web\/#website\",\"url\":\"https:\/\/cpvsantiago.gob.ar\/web\/\",\"name\":\"Consejo Provincial de Vialidad de la Provincia de Santiago del Estero\",\"description\":\"CPV Santiago del Estero\",\"potentialAction\":[{\"@type\":\"SearchAction\",\"target\":{\"@type\":\"EntryPoint\",\"urlTemplate\":\"https:\/\/cpvsantiago.gob.ar\/web\/?s={search_term_string}\"},\"query-input\":{\"@type\":\"PropertyValueSpecification\",\"valueRequired\":true,\"valueName\":\"search_term_string\"}}],\"inLanguage\":\"es\"},{\"@type\":\"Person\",\"@id\":\"https:\/\/cpvsantiago.gob.ar\/web\/#\/schema\/person\/aa59e9835d5eb750d8585c860224dc06\",\"name\":\"cpv\",\"image\":{\"@type\":\"ImageObject\",\"inLanguage\":\"es\",\"@id\":\"https:\/\/secure.gravatar.com\/avatar\/484802c719c69b738102ad3161a3d525b188c752ad36109725aeae22171ead58?s=96&d=mm&r=g\",\"url\":\"https:\/\/secure.gravatar.com\/avatar\/484802c719c69b738102ad3161a3d525b188c752ad36109725aeae22171ead58?s=96&d=mm&r=g\",\"contentUrl\":\"https:\/\/secure.gravatar.com\/avatar\/484802c719c69b738102ad3161a3d525b188c752ad36109725aeae22171ead58?s=96&d=mm&r=g\",\"caption\":\"cpv\"},\"url\":\"https:\/\/cpvsantiago.gob.ar\/web\/author\/h8000593\/\"}]}<\/script>\n<!-- \/ Yoast SEO Premium plugin. -->","yoast_head_json":{"title":"Contin\u00faan importantes trabajos de mantenimiento de la \u00a0Zona Vial N\u00b03 Villa La Punta - Consejo Provincial de Vialidad de la Provincia de Santiago del Estero","robots":{"index":"index","follow":"follow","max-snippet":"max-snippet:-1","max-image-preview":"max-image-preview:large","max-video-preview":"max-video-preview:-1"},"canonical":"https:\/\/cpvsantiago.gob.ar\/web\/continuan-los-importantes-trabajos-de-mantenimiento-de-la-zona-vial-n3-villa-la-punta\/","og_locale":"es_ES","og_type":"article","og_title":"Contin\u00faan importantes trabajos de mantenimiento de la \u00a0Zona Vial N\u00b03 Villa La Punta","og_description":"En la semana comprendida entre el 18 al 22 de Marzo del presente a\u00f1o se efectuaron tareas de Transporte Material Base Estabilizada, reconstrucci\u00f3n de abovedamiento en el Tramo La Ca\u00f1ada &#8211; Carril Pozo\/El Rodeo &#8211; San Justo\/San Justo &#8211; San Rafael. Adem\u00e1s de realizaron perfilado de calzada y enripiados\u00a0 en los tramos: La Ca\u00f1ada &#8211; [&hellip;]","og_url":"https:\/\/cpvsantiago.gob.ar\/web\/continuan-los-importantes-trabajos-de-mantenimiento-de-la-zona-vial-n3-villa-la-punta\/","og_site_name":"Consejo Provincial de Vialidad de la Provincia de Santiago del Estero","article_published_time":"2024-03-26T01:59:00+00:00","article_modified_time":"2024-03-29T17:05:34+00:00","og_image":[{"width":1280,"height":960,"url":"https:\/\/cpvsantiago.gob.ar\/web\/wp-content\/uploads\/2024\/03\/01.jpg","type":"image\/jpeg"}],"author":"cpv","twitter_card":"summary_large_image","twitter_misc":{"Escrito por":"cpv","Tiempo de lectura":"2 minutos"},"schema":{"@context":"https:\/\/schema.org","@graph":[{"@type":"Article","@id":"https:\/\/cpvsantiago.gob.ar\/web\/continuan-los-importantes-trabajos-de-mantenimiento-de-la-zona-vial-n3-villa-la-punta\/#article","isPartOf":{"@id":"https:\/\/cpvsantiago.gob.ar\/web\/continuan-los-importantes-trabajos-de-mantenimiento-de-la-zona-vial-n3-villa-la-punta\/"},"author":{"name":"cpv","@id":"https:\/\/cpvsantiago.gob.ar\/web\/#\/schema\/person\/aa59e9835d5eb750d8585c860224dc06"},"headline":"Contin\u00faan importantes trabajos de mantenimiento de la \u00a0Zona Vial N\u00b03 Villa La Punta","datePublished":"2024-03-26T01:59:00+00:00","dateModified":"2024-03-29T17:05:34+00:00","mainEntityOfPage":{"@id":"https:\/\/cpvsantiago.gob.ar\/web\/continuan-los-importantes-trabajos-de-mantenimiento-de-la-zona-vial-n3-villa-la-punta\/"},"wordCount":194,"commentCount":0,"image":{"@id":"https:\/\/cpvsantiago.gob.ar\/web\/continuan-los-importantes-trabajos-de-mantenimiento-de-la-zona-vial-n3-villa-la-punta\/#primaryimage"},"thumbnailUrl":"https:\/\/cpvsantiago.gob.ar\/web\/wp-content\/uploads\/2024\/03\/01.jpg","articleSection":["Noticias","Zonas Viales"],"inLanguage":"es","potentialAction":[{"@type":"CommentAction","name":"Comment","target":["https:\/\/cpvsantiago.gob.ar\/web\/continuan-los-importantes-trabajos-de-mantenimiento-de-la-zona-vial-n3-villa-la-punta\/#respond"]}]},{"@type":"WebPage","@id":"https:\/\/cpvsantiago.gob.ar\/web\/continuan-los-importantes-trabajos-de-mantenimiento-de-la-zona-vial-n3-villa-la-punta\/","url":"https:\/\/cpvsantiago.gob.ar\/web\/continuan-los-importantes-trabajos-de-mantenimiento-de-la-zona-vial-n3-villa-la-punta\/","name":"Contin\u00faan importantes trabajos de mantenimiento de la \u00a0Zona Vial N\u00b03 Villa La Punta - Consejo Provincial de Vialidad de la Provincia de Santiago del Estero","isPartOf":{"@id":"https:\/\/cpvsantiago.gob.ar\/web\/#website"},"primaryImageOfPage":{"@id":"https:\/\/cpvsantiago.gob.ar\/web\/continuan-los-importantes-trabajos-de-mantenimiento-de-la-zona-vial-n3-villa-la-punta\/#primaryimage"},"image":{"@id":"https:\/\/cpvsantiago.gob.ar\/web\/continuan-los-importantes-trabajos-de-mantenimiento-de-la-zona-vial-n3-villa-la-punta\/#primaryimage"},"thumbnailUrl":"https:\/\/cpvsantiago.gob.ar\/web\/wp-content\/uploads\/2024\/03\/01.jpg","datePublished":"2024-03-26T01:59:00+00:00","dateModified":"2024-03-29T17:05:34+00:00","author":{"@id":"https:\/\/cpvsantiago.gob.ar\/web\/#\/schema\/person\/aa59e9835d5eb750d8585c860224dc06"},"breadcrumb":{"@id":"https:\/\/cpvsantiago.gob.ar\/web\/continuan-los-importantes-trabajos-de-mantenimiento-de-la-zona-vial-n3-villa-la-punta\/#breadcrumb"},"inLanguage":"es","potentialAction":[{"@type":"ReadAction","target":["https:\/\/cpvsantiago.gob.ar\/web\/continuan-los-importantes-trabajos-de-mantenimiento-de-la-zona-vial-n3-villa-la-punta\/"]}]},{"@type":"ImageObject","inLanguage":"es","@id":"https:\/\/cpvsantiago.gob.ar\/web\/continuan-los-importantes-trabajos-de-mantenimiento-de-la-zona-vial-n3-villa-la-punta\/#primaryimage","url":"https:\/\/cpvsantiago.gob.ar\/web\/wp-content\/uploads\/2024\/03\/01.jpg","contentUrl":"https:\/\/cpvsantiago.gob.ar\/web\/wp-content\/uploads\/2024\/03\/01.jpg","width":1280,"height":960},{"@type":"BreadcrumbList","@id":"https:\/\/cpvsantiago.gob.ar\/web\/continuan-los-importantes-trabajos-de-mantenimiento-de-la-zona-vial-n3-villa-la-punta\/#breadcrumb","itemListElement":[{"@type":"ListItem","position":1,"name":"Portada","item":"https:\/\/cpvsantiago.gob.ar\/web\/"},{"@type":"ListItem","position":2,"name":"Contin\u00faan importantes trabajos de mantenimiento de la \u00a0Zona Vial N\u00b03 Villa La Punta"}]},{"@type":"WebSite","@id":"https:\/\/cpvsantiago.gob.ar\/web\/#website","url":"https:\/\/cpvsantiago.gob.ar\/web\/","name":"Consejo Provincial de Vialidad de la Provincia de Santiago del Estero","description":"CPV Santiago del Estero","potentialAction":[{"@type":"SearchAction","target":{"@type":"EntryPoint","urlTemplate":"https:\/\/cpvsantiago.gob.ar\/web\/?s={search_term_string}"},"query-input":{"@type":"PropertyValueSpecification","valueRequired":true,"valueName":"search_term_string"}}],"inLanguage":"es"},{"@type":"Person","@id":"https:\/\/cpvsantiago.gob.ar\/web\/#\/schema\/person\/aa59e9835d5eb750d8585c860224dc06","name":"cpv","image":{"@type":"ImageObject","inLanguage":"es","@id":"https:\/\/secure.gravatar.com\/avatar\/484802c719c69b738102ad3161a3d525b188c752ad36109725aeae22171ead58?s=96&d=mm&r=g","url":"https:\/\/secure.gravatar.com\/avatar\/484802c719c69b738102ad3161a3d525b188c752ad36109725aeae22171ead58?s=96&d=mm&r=g","contentUrl":"https:\/\/secure.gravatar.com\/avatar\/484802c719c69b738102ad3161a3d525b188c752ad36109725aeae22171ead58?s=96&d=mm&r=g","caption":"cpv"},"url":"https:\/\/cpvsantiago.gob.ar\/web\/author\/h8000593\/"}]}},"_links":{"self":[{"href":"https:\/\/cpvsantiago.gob.ar\/web\/wp-json\/wp\/v2\/posts\/4526","targetHints":{"allow":["GET"]}}],"collection":[{"href":"https:\/\/cpvsantiago.gob.ar\/web\/wp-json\/wp\/v2\/posts"}],"about":[{"href":"https:\/\/cpvsantiago.gob.ar\/web\/wp-json\/wp\/v2\/types\/post"}],"author":[{"embeddable":true,"href":"https:\/\/cpvsantiago.gob.ar\/web\/wp-json\/wp\/v2\/users\/2"}],"replies":[{"embeddable":true,"href":"https:\/\/cpvsantiago.gob.ar\/web\/wp-json\/wp\/v2\/comments?post=4526"}],"version-history":[{"count":2,"href":"https:\/\/cpvsantiago.gob.ar\/web\/wp-json\/wp\/v2\/posts\/4526\/revisions"}],"predecessor-version":[{"id":4533,"href":"https:\/\/cpvsantiago.gob.ar\/web\/wp-json\/wp\/v2\/posts\/4526\/revisions\/4533"}],"wp:featuredmedia":[{"embeddable":true,"href":"https:\/\/cpvsantiago.gob.ar\/web\/wp-json\/wp\/v2\/media\/4531"}],"wp:attachment":[{"href":"https:\/\/cpvsantiago.gob.ar\/web\/wp-json\/wp\/v2\/media?parent=4526"}],"wp:term":[{"taxonomy":"category","embeddable":true,"href":"https:\/\/cpvsantiago.gob.ar\/web\/wp-json\/wp\/v2\/categories?post=4526"},{"taxonomy":"post_tag","embeddable":true,"href":"https:\/\/cpvsantiago.gob.ar\/web\/wp-json\/wp\/v2\/tags?post=4526"}],"curies":[{"name":"wp","href":"https:\/\/api.w.org\/{rel}","templated":true}]}}