{"id":4644,"date":"2024-04-15T10:02:00","date_gmt":"2024-04-15T13:02:00","guid":{"rendered":"https:\/\/cpvsantiago.gob.ar\/web\/?p=4644"},"modified":"2024-04-19T15:17:48","modified_gmt":"2024-04-19T18:17:48","slug":"el-cpv-a-traves-de-la-zona-vial-n3-en-villa-la-punta-atendio-a-necesidades-de-su-zona-de-incumbencia","status":"publish","type":"post","link":"https:\/\/cpvsantiago.gob.ar\/web\/el-cpv-a-traves-de-la-zona-vial-n3-en-villa-la-punta-atendio-a-necesidades-de-su-zona-de-incumbencia\/","title":{"rendered":"El CPV a trav\u00e9s de la Zona Vial N\u00b03 en Villa La Punta atendi\u00f3 a necesidades de su zona de incumbencia"},"content":{"rendered":"\n<p> La Zona Vial N\u00b0 3 con sede en Villa La Punta efectu\u00f3 los siguientes trabajos en la primera quincena del mes de abril de 2024:<\/p>\n\n\n\n<p>Reconstrucci\u00f3n de abovedamientoen y perfilado de calzada natural en el tramo Sinchi Ca\u00f1a &#8211; Pozo P\u00fablico &#8211; Palo Lindo.  tambi\u00e9n atendi\u00f3 al traslado de personal de zona vial &#8211; Villa Guasayan- San Jos\u00e9- Loma de Yeso &#8211; Villa Guasayan &#8211; Sinchi ca\u00f1a &#8211; La represa.<\/p>\n\n\n\n<p>Tambi\u00e9n se efectu\u00f3 el transporte de Material Base desde Cantera situada en Villa La Punta hasta Laprida (Comisi\u00f3n municipal de Laprida).  en otro orden de tareas se hizo limpieza en zona de camino en el tramo Villa La Punta &#8211; Pichana y tramo  Pichana &#8211; La Represa.  Adem\u00e1s de tareas de desmalezado en el tramo San Jos\u00e9 &#8211; Lomas de Yeso,  Lomas de Yeso &#8211; San Jos\u00e9, Villa Guasayan- El Cerro, El Cerro &#8211; Villa Guasayan y El Cerro &#8211; Las Juntas<\/p>\n\n\n\n<p><\/p>\n\n\n\n<figure class=\"wp-block-gallery has-nested-images columns-default is-cropped wp-block-gallery-1 is-layout-flex wp-block-gallery-is-layout-flex\">\n<figure class=\"wp-block-image size-large\"><a href=\"https:\/\/cpvsantiago.gob.ar\/web\/wp-content\/uploads\/2024\/04\/437074430_886868976783502_607551342450262334_n.jpg\"><img loading=\"lazy\" decoding=\"async\" width=\"720\" height=\"960\" data-id=\"4645\" src=\"https:\/\/cpvsantiago.gob.ar\/web\/wp-content\/uploads\/2024\/04\/437074430_886868976783502_607551342450262334_n.jpg\" alt=\"\" class=\"wp-image-4645\" srcset=\"https:\/\/cpvsantiago.gob.ar\/web\/wp-content\/uploads\/2024\/04\/437074430_886868976783502_607551342450262334_n.jpg 720w, https:\/\/cpvsantiago.gob.ar\/web\/wp-content\/uploads\/2024\/04\/437074430_886868976783502_607551342450262334_n-225x300.jpg 225w, https:\/\/cpvsantiago.gob.ar\/web\/wp-content\/uploads\/2024\/04\/437074430_886868976783502_607551342450262334_n-150x200.jpg 150w, https:\/\/cpvsantiago.gob.ar\/web\/wp-content\/uploads\/2024\/04\/437074430_886868976783502_607551342450262334_n-300x400.jpg 300w, https:\/\/cpvsantiago.gob.ar\/web\/wp-content\/uploads\/2024\/04\/437074430_886868976783502_607551342450262334_n-696x928.jpg 696w\" sizes=\"auto, (max-width: 720px) 100vw, 720px\" \/><\/a><\/figure>\n\n\n\n<figure class=\"wp-block-image size-large\"><a href=\"https:\/\/cpvsantiago.gob.ar\/web\/wp-content\/uploads\/2024\/04\/437074503_886869046783495_6458479315152711897_n.jpg\"><img loading=\"lazy\" decoding=\"async\" width=\"720\" height=\"960\" data-id=\"4646\" src=\"https:\/\/cpvsantiago.gob.ar\/web\/wp-content\/uploads\/2024\/04\/437074503_886869046783495_6458479315152711897_n.jpg\" alt=\"\" class=\"wp-image-4646\" srcset=\"https:\/\/cpvsantiago.gob.ar\/web\/wp-content\/uploads\/2024\/04\/437074503_886869046783495_6458479315152711897_n.jpg 720w, https:\/\/cpvsantiago.gob.ar\/web\/wp-content\/uploads\/2024\/04\/437074503_886869046783495_6458479315152711897_n-225x300.jpg 225w, https:\/\/cpvsantiago.gob.ar\/web\/wp-content\/uploads\/2024\/04\/437074503_886869046783495_6458479315152711897_n-150x200.jpg 150w, https:\/\/cpvsantiago.gob.ar\/web\/wp-content\/uploads\/2024\/04\/437074503_886869046783495_6458479315152711897_n-300x400.jpg 300w, https:\/\/cpvsantiago.gob.ar\/web\/wp-content\/uploads\/2024\/04\/437074503_886869046783495_6458479315152711897_n-696x928.jpg 696w\" sizes=\"auto, (max-width: 720px) 100vw, 720px\" \/><\/a><\/figure>\n\n\n\n<figure class=\"wp-block-image size-large\"><a href=\"https:\/\/cpvsantiago.gob.ar\/web\/wp-content\/uploads\/2024\/04\/438030520_886869820116751_1894378594682952910_n.jpg\"><img loading=\"lazy\" decoding=\"async\" width=\"768\" height=\"1024\" data-id=\"4647\" src=\"https:\/\/cpvsantiago.gob.ar\/web\/wp-content\/uploads\/2024\/04\/438030520_886869820116751_1894378594682952910_n-768x1024.jpg\" alt=\"\" class=\"wp-image-4647\" srcset=\"https:\/\/cpvsantiago.gob.ar\/web\/wp-content\/uploads\/2024\/04\/438030520_886869820116751_1894378594682952910_n-768x1024.jpg 768w, https:\/\/cpvsantiago.gob.ar\/web\/wp-content\/uploads\/2024\/04\/438030520_886869820116751_1894378594682952910_n-225x300.jpg 225w, https:\/\/cpvsantiago.gob.ar\/web\/wp-content\/uploads\/2024\/04\/438030520_886869820116751_1894378594682952910_n-1152x1536.jpg 1152w, https:\/\/cpvsantiago.gob.ar\/web\/wp-content\/uploads\/2024\/04\/438030520_886869820116751_1894378594682952910_n-150x200.jpg 150w, https:\/\/cpvsantiago.gob.ar\/web\/wp-content\/uploads\/2024\/04\/438030520_886869820116751_1894378594682952910_n-300x400.jpg 300w, https:\/\/cpvsantiago.gob.ar\/web\/wp-content\/uploads\/2024\/04\/438030520_886869820116751_1894378594682952910_n-696x928.jpg 696w, https:\/\/cpvsantiago.gob.ar\/web\/wp-content\/uploads\/2024\/04\/438030520_886869820116751_1894378594682952910_n-1068x1424.jpg 1068w, https:\/\/cpvsantiago.gob.ar\/web\/wp-content\/uploads\/2024\/04\/438030520_886869820116751_1894378594682952910_n.jpg 1200w\" sizes=\"auto, (max-width: 768px) 100vw, 768px\" \/><\/a><\/figure>\n\n\n\n<figure class=\"wp-block-image size-large\"><a href=\"https:\/\/cpvsantiago.gob.ar\/web\/wp-content\/uploads\/2024\/04\/438299933_886869516783448_3433302890969494947_n-1.jpg\"><img loading=\"lazy\" decoding=\"async\" width=\"768\" height=\"1024\" data-id=\"4649\" src=\"https:\/\/cpvsantiago.gob.ar\/web\/wp-content\/uploads\/2024\/04\/438299933_886869516783448_3433302890969494947_n-1-768x1024.jpg\" alt=\"\" class=\"wp-image-4649\" srcset=\"https:\/\/cpvsantiago.gob.ar\/web\/wp-content\/uploads\/2024\/04\/438299933_886869516783448_3433302890969494947_n-1-768x1024.jpg 768w, https:\/\/cpvsantiago.gob.ar\/web\/wp-content\/uploads\/2024\/04\/438299933_886869516783448_3433302890969494947_n-1-225x300.jpg 225w, https:\/\/cpvsantiago.gob.ar\/web\/wp-content\/uploads\/2024\/04\/438299933_886869516783448_3433302890969494947_n-1-1152x1536.jpg 1152w, https:\/\/cpvsantiago.gob.ar\/web\/wp-content\/uploads\/2024\/04\/438299933_886869516783448_3433302890969494947_n-1-150x200.jpg 150w, https:\/\/cpvsantiago.gob.ar\/web\/wp-content\/uploads\/2024\/04\/438299933_886869516783448_3433302890969494947_n-1-300x400.jpg 300w, https:\/\/cpvsantiago.gob.ar\/web\/wp-content\/uploads\/2024\/04\/438299933_886869516783448_3433302890969494947_n-1-696x928.jpg 696w, https:\/\/cpvsantiago.gob.ar\/web\/wp-content\/uploads\/2024\/04\/438299933_886869516783448_3433302890969494947_n-1-1068x1424.jpg 1068w, https:\/\/cpvsantiago.gob.ar\/web\/wp-content\/uploads\/2024\/04\/438299933_886869516783448_3433302890969494947_n-1.jpg 1200w\" sizes=\"auto, (max-width: 768px) 100vw, 768px\" \/><\/a><\/figure>\n\n\n\n<figure class=\"wp-block-image size-large\"><a href=\"https:\/\/cpvsantiago.gob.ar\/web\/wp-content\/uploads\/2024\/04\/438927779_886869610116772_1404916603337212354_n.jpg\"><img loading=\"lazy\" decoding=\"async\" width=\"768\" height=\"1024\" data-id=\"4648\" src=\"https:\/\/cpvsantiago.gob.ar\/web\/wp-content\/uploads\/2024\/04\/438927779_886869610116772_1404916603337212354_n-768x1024.jpg\" alt=\"\" class=\"wp-image-4648\" srcset=\"https:\/\/cpvsantiago.gob.ar\/web\/wp-content\/uploads\/2024\/04\/438927779_886869610116772_1404916603337212354_n-768x1024.jpg 768w, https:\/\/cpvsantiago.gob.ar\/web\/wp-content\/uploads\/2024\/04\/438927779_886869610116772_1404916603337212354_n-225x300.jpg 225w, https:\/\/cpvsantiago.gob.ar\/web\/wp-content\/uploads\/2024\/04\/438927779_886869610116772_1404916603337212354_n-1152x1536.jpg 1152w, https:\/\/cpvsantiago.gob.ar\/web\/wp-content\/uploads\/2024\/04\/438927779_886869610116772_1404916603337212354_n-150x200.jpg 150w, https:\/\/cpvsantiago.gob.ar\/web\/wp-content\/uploads\/2024\/04\/438927779_886869610116772_1404916603337212354_n-300x400.jpg 300w, https:\/\/cpvsantiago.gob.ar\/web\/wp-content\/uploads\/2024\/04\/438927779_886869610116772_1404916603337212354_n-696x928.jpg 696w, https:\/\/cpvsantiago.gob.ar\/web\/wp-content\/uploads\/2024\/04\/438927779_886869610116772_1404916603337212354_n-1068x1424.jpg 1068w, https:\/\/cpvsantiago.gob.ar\/web\/wp-content\/uploads\/2024\/04\/438927779_886869610116772_1404916603337212354_n.jpg 1200w\" sizes=\"auto, (max-width: 768px) 100vw, 768px\" \/><\/a><\/figure>\n<\/figure>\n","protected":false},"excerpt":{"rendered":"<p>La Zona Vial N\u00b0 3 con sede en Villa La Punta efectu\u00f3 los siguientes trabajos en la primera quincena del mes de abril de 2024: Reconstrucci\u00f3n de abovedamientoen y perfilado de calzada natural en el tramo Sinchi Ca\u00f1a &#8211; Pozo P\u00fablico &#8211; Palo Lindo. tambi\u00e9n atendi\u00f3 al traslado de personal de zona vial &#8211; Villa [&hellip;]<\/p>\n","protected":false},"author":2,"featured_media":4647,"comment_status":"open","ping_status":"open","sticky":false,"template":"","format":"standard","meta":{"footnotes":""},"categories":[5,3],"tags":[],"class_list":{"0":"post-4644","1":"post","2":"type-post","3":"status-publish","4":"format-standard","5":"has-post-thumbnail","7":"category-noticias","8":"category-zonas_viales"},"yoast_head":"<!-- This site is optimized with the Yoast SEO Premium plugin v24.8 (Yoast SEO v27.2) - https:\/\/yoast.com\/product\/yoast-seo-premium-wordpress\/ -->\n<title>El CPV a trav\u00e9s de la Zona Vial N\u00b03 en Villa La Punta atendi\u00f3 a necesidades de su zona de incumbencia - Consejo Provincial de Vialidad de la Provincia de Santiago del Estero<\/title>\n<meta name=\"robots\" content=\"index, follow, max-snippet:-1, max-image-preview:large, max-video-preview:-1\" \/>\n<link rel=\"canonical\" href=\"https:\/\/cpvsantiago.gob.ar\/web\/el-cpv-a-traves-de-la-zona-vial-n3-en-villa-la-punta-atendio-a-necesidades-de-su-zona-de-incumbencia\/\" \/>\n<meta property=\"og:locale\" content=\"es_ES\" \/>\n<meta property=\"og:type\" content=\"article\" \/>\n<meta property=\"og:title\" content=\"El CPV a trav\u00e9s de la Zona Vial N\u00b03 en Villa La Punta atendi\u00f3 a necesidades de su zona de incumbencia\" \/>\n<meta property=\"og:description\" content=\"La Zona Vial N\u00b0 3 con sede en Villa La Punta efectu\u00f3 los siguientes trabajos en la primera quincena del mes de abril de 2024: Reconstrucci\u00f3n de abovedamientoen y perfilado de calzada natural en el tramo Sinchi Ca\u00f1a &#8211; Pozo P\u00fablico &#8211; Palo Lindo. tambi\u00e9n atendi\u00f3 al traslado de personal de zona vial &#8211; Villa [&hellip;]\" \/>\n<meta property=\"og:url\" content=\"https:\/\/cpvsantiago.gob.ar\/web\/el-cpv-a-traves-de-la-zona-vial-n3-en-villa-la-punta-atendio-a-necesidades-de-su-zona-de-incumbencia\/\" \/>\n<meta property=\"og:site_name\" content=\"Consejo Provincial de Vialidad de la Provincia de Santiago del Estero\" \/>\n<meta property=\"article:published_time\" content=\"2024-04-15T13:02:00+00:00\" \/>\n<meta property=\"article:modified_time\" content=\"2024-04-19T18:17:48+00:00\" \/>\n<meta property=\"og:image\" content=\"https:\/\/cpvsantiago.gob.ar\/web\/wp-content\/uploads\/2024\/04\/438030520_886869820116751_1894378594682952910_n.jpg\" \/>\n\t<meta property=\"og:image:width\" content=\"1200\" \/>\n\t<meta property=\"og:image:height\" content=\"1600\" \/>\n\t<meta property=\"og:image:type\" content=\"image\/jpeg\" \/>\n<meta name=\"author\" content=\"cpv\" \/>\n<meta name=\"twitter:card\" content=\"summary_large_image\" \/>\n<meta name=\"twitter:label1\" content=\"Escrito por\" \/>\n\t<meta name=\"twitter:data1\" content=\"cpv\" \/>\n\t<meta name=\"twitter:label2\" content=\"Tiempo de lectura\" \/>\n\t<meta name=\"twitter:data2\" content=\"2 minutos\" \/>\n<script type=\"application\/ld+json\" class=\"yoast-schema-graph\">{\"@context\":\"https:\/\/schema.org\",\"@graph\":[{\"@type\":\"Article\",\"@id\":\"https:\/\/cpvsantiago.gob.ar\/web\/el-cpv-a-traves-de-la-zona-vial-n3-en-villa-la-punta-atendio-a-necesidades-de-su-zona-de-incumbencia\/#article\",\"isPartOf\":{\"@id\":\"https:\/\/cpvsantiago.gob.ar\/web\/el-cpv-a-traves-de-la-zona-vial-n3-en-villa-la-punta-atendio-a-necesidades-de-su-zona-de-incumbencia\/\"},\"author\":{\"name\":\"cpv\",\"@id\":\"https:\/\/cpvsantiago.gob.ar\/web\/#\/schema\/person\/aa59e9835d5eb750d8585c860224dc06\"},\"headline\":\"El CPV a trav\u00e9s de la Zona Vial N\u00b03 en Villa La Punta atendi\u00f3 a necesidades de su zona de incumbencia\",\"datePublished\":\"2024-04-15T13:02:00+00:00\",\"dateModified\":\"2024-04-19T18:17:48+00:00\",\"mainEntityOfPage\":{\"@id\":\"https:\/\/cpvsantiago.gob.ar\/web\/el-cpv-a-traves-de-la-zona-vial-n3-en-villa-la-punta-atendio-a-necesidades-de-su-zona-de-incumbencia\/\"},\"wordCount\":181,\"commentCount\":0,\"image\":{\"@id\":\"https:\/\/cpvsantiago.gob.ar\/web\/el-cpv-a-traves-de-la-zona-vial-n3-en-villa-la-punta-atendio-a-necesidades-de-su-zona-de-incumbencia\/#primaryimage\"},\"thumbnailUrl\":\"https:\/\/cpvsantiago.gob.ar\/web\/wp-content\/uploads\/2024\/04\/438030520_886869820116751_1894378594682952910_n.jpg\",\"articleSection\":[\"Noticias\",\"Zonas Viales\"],\"inLanguage\":\"es\",\"potentialAction\":[{\"@type\":\"CommentAction\",\"name\":\"Comment\",\"target\":[\"https:\/\/cpvsantiago.gob.ar\/web\/el-cpv-a-traves-de-la-zona-vial-n3-en-villa-la-punta-atendio-a-necesidades-de-su-zona-de-incumbencia\/#respond\"]}]},{\"@type\":\"WebPage\",\"@id\":\"https:\/\/cpvsantiago.gob.ar\/web\/el-cpv-a-traves-de-la-zona-vial-n3-en-villa-la-punta-atendio-a-necesidades-de-su-zona-de-incumbencia\/\",\"url\":\"https:\/\/cpvsantiago.gob.ar\/web\/el-cpv-a-traves-de-la-zona-vial-n3-en-villa-la-punta-atendio-a-necesidades-de-su-zona-de-incumbencia\/\",\"name\":\"El CPV a trav\u00e9s de la Zona Vial N\u00b03 en Villa La Punta atendi\u00f3 a necesidades de su zona de incumbencia - Consejo Provincial de Vialidad de la Provincia de Santiago del Estero\",\"isPartOf\":{\"@id\":\"https:\/\/cpvsantiago.gob.ar\/web\/#website\"},\"primaryImageOfPage\":{\"@id\":\"https:\/\/cpvsantiago.gob.ar\/web\/el-cpv-a-traves-de-la-zona-vial-n3-en-villa-la-punta-atendio-a-necesidades-de-su-zona-de-incumbencia\/#primaryimage\"},\"image\":{\"@id\":\"https:\/\/cpvsantiago.gob.ar\/web\/el-cpv-a-traves-de-la-zona-vial-n3-en-villa-la-punta-atendio-a-necesidades-de-su-zona-de-incumbencia\/#primaryimage\"},\"thumbnailUrl\":\"https:\/\/cpvsantiago.gob.ar\/web\/wp-content\/uploads\/2024\/04\/438030520_886869820116751_1894378594682952910_n.jpg\",\"datePublished\":\"2024-04-15T13:02:00+00:00\",\"dateModified\":\"2024-04-19T18:17:48+00:00\",\"author\":{\"@id\":\"https:\/\/cpvsantiago.gob.ar\/web\/#\/schema\/person\/aa59e9835d5eb750d8585c860224dc06\"},\"breadcrumb\":{\"@id\":\"https:\/\/cpvsantiago.gob.ar\/web\/el-cpv-a-traves-de-la-zona-vial-n3-en-villa-la-punta-atendio-a-necesidades-de-su-zona-de-incumbencia\/#breadcrumb\"},\"inLanguage\":\"es\",\"potentialAction\":[{\"@type\":\"ReadAction\",\"target\":[\"https:\/\/cpvsantiago.gob.ar\/web\/el-cpv-a-traves-de-la-zona-vial-n3-en-villa-la-punta-atendio-a-necesidades-de-su-zona-de-incumbencia\/\"]}]},{\"@type\":\"ImageObject\",\"inLanguage\":\"es\",\"@id\":\"https:\/\/cpvsantiago.gob.ar\/web\/el-cpv-a-traves-de-la-zona-vial-n3-en-villa-la-punta-atendio-a-necesidades-de-su-zona-de-incumbencia\/#primaryimage\",\"url\":\"https:\/\/cpvsantiago.gob.ar\/web\/wp-content\/uploads\/2024\/04\/438030520_886869820116751_1894378594682952910_n.jpg\",\"contentUrl\":\"https:\/\/cpvsantiago.gob.ar\/web\/wp-content\/uploads\/2024\/04\/438030520_886869820116751_1894378594682952910_n.jpg\",\"width\":1200,\"height\":1600},{\"@type\":\"BreadcrumbList\",\"@id\":\"https:\/\/cpvsantiago.gob.ar\/web\/el-cpv-a-traves-de-la-zona-vial-n3-en-villa-la-punta-atendio-a-necesidades-de-su-zona-de-incumbencia\/#breadcrumb\",\"itemListElement\":[{\"@type\":\"ListItem\",\"position\":1,\"name\":\"Portada\",\"item\":\"https:\/\/cpvsantiago.gob.ar\/web\/\"},{\"@type\":\"ListItem\",\"position\":2,\"name\":\"El CPV a trav\u00e9s de la Zona Vial N\u00b03 en Villa La Punta atendi\u00f3 a necesidades de su zona de incumbencia\"}]},{\"@type\":\"WebSite\",\"@id\":\"https:\/\/cpvsantiago.gob.ar\/web\/#website\",\"url\":\"https:\/\/cpvsantiago.gob.ar\/web\/\",\"name\":\"Consejo Provincial de Vialidad de la Provincia de Santiago del Estero\",\"description\":\"CPV Santiago del Estero\",\"potentialAction\":[{\"@type\":\"SearchAction\",\"target\":{\"@type\":\"EntryPoint\",\"urlTemplate\":\"https:\/\/cpvsantiago.gob.ar\/web\/?s={search_term_string}\"},\"query-input\":{\"@type\":\"PropertyValueSpecification\",\"valueRequired\":true,\"valueName\":\"search_term_string\"}}],\"inLanguage\":\"es\"},{\"@type\":\"Person\",\"@id\":\"https:\/\/cpvsantiago.gob.ar\/web\/#\/schema\/person\/aa59e9835d5eb750d8585c860224dc06\",\"name\":\"cpv\",\"image\":{\"@type\":\"ImageObject\",\"inLanguage\":\"es\",\"@id\":\"https:\/\/secure.gravatar.com\/avatar\/484802c719c69b738102ad3161a3d525b188c752ad36109725aeae22171ead58?s=96&d=mm&r=g\",\"url\":\"https:\/\/secure.gravatar.com\/avatar\/484802c719c69b738102ad3161a3d525b188c752ad36109725aeae22171ead58?s=96&d=mm&r=g\",\"contentUrl\":\"https:\/\/secure.gravatar.com\/avatar\/484802c719c69b738102ad3161a3d525b188c752ad36109725aeae22171ead58?s=96&d=mm&r=g\",\"caption\":\"cpv\"},\"url\":\"https:\/\/cpvsantiago.gob.ar\/web\/author\/h8000593\/\"}]}<\/script>\n<!-- \/ Yoast SEO Premium plugin. -->","yoast_head_json":{"title":"El CPV a trav\u00e9s de la Zona Vial N\u00b03 en Villa La Punta atendi\u00f3 a necesidades de su zona de incumbencia - Consejo Provincial de Vialidad de la Provincia de Santiago del Estero","robots":{"index":"index","follow":"follow","max-snippet":"max-snippet:-1","max-image-preview":"max-image-preview:large","max-video-preview":"max-video-preview:-1"},"canonical":"https:\/\/cpvsantiago.gob.ar\/web\/el-cpv-a-traves-de-la-zona-vial-n3-en-villa-la-punta-atendio-a-necesidades-de-su-zona-de-incumbencia\/","og_locale":"es_ES","og_type":"article","og_title":"El CPV a trav\u00e9s de la Zona Vial N\u00b03 en Villa La Punta atendi\u00f3 a necesidades de su zona de incumbencia","og_description":"La Zona Vial N\u00b0 3 con sede en Villa La Punta efectu\u00f3 los siguientes trabajos en la primera quincena del mes de abril de 2024: Reconstrucci\u00f3n de abovedamientoen y perfilado de calzada natural en el tramo Sinchi Ca\u00f1a &#8211; Pozo P\u00fablico &#8211; Palo Lindo. tambi\u00e9n atendi\u00f3 al traslado de personal de zona vial &#8211; Villa [&hellip;]","og_url":"https:\/\/cpvsantiago.gob.ar\/web\/el-cpv-a-traves-de-la-zona-vial-n3-en-villa-la-punta-atendio-a-necesidades-de-su-zona-de-incumbencia\/","og_site_name":"Consejo Provincial de Vialidad de la Provincia de Santiago del Estero","article_published_time":"2024-04-15T13:02:00+00:00","article_modified_time":"2024-04-19T18:17:48+00:00","og_image":[{"width":1200,"height":1600,"url":"https:\/\/cpvsantiago.gob.ar\/web\/wp-content\/uploads\/2024\/04\/438030520_886869820116751_1894378594682952910_n.jpg","type":"image\/jpeg"}],"author":"cpv","twitter_card":"summary_large_image","twitter_misc":{"Escrito por":"cpv","Tiempo de lectura":"2 minutos"},"schema":{"@context":"https:\/\/schema.org","@graph":[{"@type":"Article","@id":"https:\/\/cpvsantiago.gob.ar\/web\/el-cpv-a-traves-de-la-zona-vial-n3-en-villa-la-punta-atendio-a-necesidades-de-su-zona-de-incumbencia\/#article","isPartOf":{"@id":"https:\/\/cpvsantiago.gob.ar\/web\/el-cpv-a-traves-de-la-zona-vial-n3-en-villa-la-punta-atendio-a-necesidades-de-su-zona-de-incumbencia\/"},"author":{"name":"cpv","@id":"https:\/\/cpvsantiago.gob.ar\/web\/#\/schema\/person\/aa59e9835d5eb750d8585c860224dc06"},"headline":"El CPV a trav\u00e9s de la Zona Vial N\u00b03 en Villa La Punta atendi\u00f3 a necesidades de su zona de incumbencia","datePublished":"2024-04-15T13:02:00+00:00","dateModified":"2024-04-19T18:17:48+00:00","mainEntityOfPage":{"@id":"https:\/\/cpvsantiago.gob.ar\/web\/el-cpv-a-traves-de-la-zona-vial-n3-en-villa-la-punta-atendio-a-necesidades-de-su-zona-de-incumbencia\/"},"wordCount":181,"commentCount":0,"image":{"@id":"https:\/\/cpvsantiago.gob.ar\/web\/el-cpv-a-traves-de-la-zona-vial-n3-en-villa-la-punta-atendio-a-necesidades-de-su-zona-de-incumbencia\/#primaryimage"},"thumbnailUrl":"https:\/\/cpvsantiago.gob.ar\/web\/wp-content\/uploads\/2024\/04\/438030520_886869820116751_1894378594682952910_n.jpg","articleSection":["Noticias","Zonas Viales"],"inLanguage":"es","potentialAction":[{"@type":"CommentAction","name":"Comment","target":["https:\/\/cpvsantiago.gob.ar\/web\/el-cpv-a-traves-de-la-zona-vial-n3-en-villa-la-punta-atendio-a-necesidades-de-su-zona-de-incumbencia\/#respond"]}]},{"@type":"WebPage","@id":"https:\/\/cpvsantiago.gob.ar\/web\/el-cpv-a-traves-de-la-zona-vial-n3-en-villa-la-punta-atendio-a-necesidades-de-su-zona-de-incumbencia\/","url":"https:\/\/cpvsantiago.gob.ar\/web\/el-cpv-a-traves-de-la-zona-vial-n3-en-villa-la-punta-atendio-a-necesidades-de-su-zona-de-incumbencia\/","name":"El CPV a trav\u00e9s de la Zona Vial N\u00b03 en Villa La Punta atendi\u00f3 a necesidades de su zona de incumbencia - Consejo Provincial de Vialidad de la Provincia de Santiago del Estero","isPartOf":{"@id":"https:\/\/cpvsantiago.gob.ar\/web\/#website"},"primaryImageOfPage":{"@id":"https:\/\/cpvsantiago.gob.ar\/web\/el-cpv-a-traves-de-la-zona-vial-n3-en-villa-la-punta-atendio-a-necesidades-de-su-zona-de-incumbencia\/#primaryimage"},"image":{"@id":"https:\/\/cpvsantiago.gob.ar\/web\/el-cpv-a-traves-de-la-zona-vial-n3-en-villa-la-punta-atendio-a-necesidades-de-su-zona-de-incumbencia\/#primaryimage"},"thumbnailUrl":"https:\/\/cpvsantiago.gob.ar\/web\/wp-content\/uploads\/2024\/04\/438030520_886869820116751_1894378594682952910_n.jpg","datePublished":"2024-04-15T13:02:00+00:00","dateModified":"2024-04-19T18:17:48+00:00","author":{"@id":"https:\/\/cpvsantiago.gob.ar\/web\/#\/schema\/person\/aa59e9835d5eb750d8585c860224dc06"},"breadcrumb":{"@id":"https:\/\/cpvsantiago.gob.ar\/web\/el-cpv-a-traves-de-la-zona-vial-n3-en-villa-la-punta-atendio-a-necesidades-de-su-zona-de-incumbencia\/#breadcrumb"},"inLanguage":"es","potentialAction":[{"@type":"ReadAction","target":["https:\/\/cpvsantiago.gob.ar\/web\/el-cpv-a-traves-de-la-zona-vial-n3-en-villa-la-punta-atendio-a-necesidades-de-su-zona-de-incumbencia\/"]}]},{"@type":"ImageObject","inLanguage":"es","@id":"https:\/\/cpvsantiago.gob.ar\/web\/el-cpv-a-traves-de-la-zona-vial-n3-en-villa-la-punta-atendio-a-necesidades-de-su-zona-de-incumbencia\/#primaryimage","url":"https:\/\/cpvsantiago.gob.ar\/web\/wp-content\/uploads\/2024\/04\/438030520_886869820116751_1894378594682952910_n.jpg","contentUrl":"https:\/\/cpvsantiago.gob.ar\/web\/wp-content\/uploads\/2024\/04\/438030520_886869820116751_1894378594682952910_n.jpg","width":1200,"height":1600},{"@type":"BreadcrumbList","@id":"https:\/\/cpvsantiago.gob.ar\/web\/el-cpv-a-traves-de-la-zona-vial-n3-en-villa-la-punta-atendio-a-necesidades-de-su-zona-de-incumbencia\/#breadcrumb","itemListElement":[{"@type":"ListItem","position":1,"name":"Portada","item":"https:\/\/cpvsantiago.gob.ar\/web\/"},{"@type":"ListItem","position":2,"name":"El CPV a trav\u00e9s de la Zona Vial N\u00b03 en Villa La Punta atendi\u00f3 a necesidades de su zona de incumbencia"}]},{"@type":"WebSite","@id":"https:\/\/cpvsantiago.gob.ar\/web\/#website","url":"https:\/\/cpvsantiago.gob.ar\/web\/","name":"Consejo Provincial de Vialidad de la Provincia de Santiago del Estero","description":"CPV Santiago del Estero","potentialAction":[{"@type":"SearchAction","target":{"@type":"EntryPoint","urlTemplate":"https:\/\/cpvsantiago.gob.ar\/web\/?s={search_term_string}"},"query-input":{"@type":"PropertyValueSpecification","valueRequired":true,"valueName":"search_term_string"}}],"inLanguage":"es"},{"@type":"Person","@id":"https:\/\/cpvsantiago.gob.ar\/web\/#\/schema\/person\/aa59e9835d5eb750d8585c860224dc06","name":"cpv","image":{"@type":"ImageObject","inLanguage":"es","@id":"https:\/\/secure.gravatar.com\/avatar\/484802c719c69b738102ad3161a3d525b188c752ad36109725aeae22171ead58?s=96&d=mm&r=g","url":"https:\/\/secure.gravatar.com\/avatar\/484802c719c69b738102ad3161a3d525b188c752ad36109725aeae22171ead58?s=96&d=mm&r=g","contentUrl":"https:\/\/secure.gravatar.com\/avatar\/484802c719c69b738102ad3161a3d525b188c752ad36109725aeae22171ead58?s=96&d=mm&r=g","caption":"cpv"},"url":"https:\/\/cpvsantiago.gob.ar\/web\/author\/h8000593\/"}]}},"_links":{"self":[{"href":"https:\/\/cpvsantiago.gob.ar\/web\/wp-json\/wp\/v2\/posts\/4644","targetHints":{"allow":["GET"]}}],"collection":[{"href":"https:\/\/cpvsantiago.gob.ar\/web\/wp-json\/wp\/v2\/posts"}],"about":[{"href":"https:\/\/cpvsantiago.gob.ar\/web\/wp-json\/wp\/v2\/types\/post"}],"author":[{"embeddable":true,"href":"https:\/\/cpvsantiago.gob.ar\/web\/wp-json\/wp\/v2\/users\/2"}],"replies":[{"embeddable":true,"href":"https:\/\/cpvsantiago.gob.ar\/web\/wp-json\/wp\/v2\/comments?post=4644"}],"version-history":[{"count":1,"href":"https:\/\/cpvsantiago.gob.ar\/web\/wp-json\/wp\/v2\/posts\/4644\/revisions"}],"predecessor-version":[{"id":4650,"href":"https:\/\/cpvsantiago.gob.ar\/web\/wp-json\/wp\/v2\/posts\/4644\/revisions\/4650"}],"wp:featuredmedia":[{"embeddable":true,"href":"https:\/\/cpvsantiago.gob.ar\/web\/wp-json\/wp\/v2\/media\/4647"}],"wp:attachment":[{"href":"https:\/\/cpvsantiago.gob.ar\/web\/wp-json\/wp\/v2\/media?parent=4644"}],"wp:term":[{"taxonomy":"category","embeddable":true,"href":"https:\/\/cpvsantiago.gob.ar\/web\/wp-json\/wp\/v2\/categories?post=4644"},{"taxonomy":"post_tag","embeddable":true,"href":"https:\/\/cpvsantiago.gob.ar\/web\/wp-json\/wp\/v2\/tags?post=4644"}],"curies":[{"name":"wp","href":"https:\/\/api.w.org\/{rel}","templated":true}]}}