{"id":4719,"date":"2024-05-06T12:23:00","date_gmt":"2024-05-06T15:23:00","guid":{"rendered":"https:\/\/cpvsantiago.gob.ar\/web\/?p=4719"},"modified":"2024-05-08T14:35:16","modified_gmt":"2024-05-08T17:35:16","slug":"personal-de-la-zona-vial-n-15-la-dormida-trabaja-intensamente-en-diferentes-labores","status":"publish","type":"post","link":"https:\/\/cpvsantiago.gob.ar\/web\/personal-de-la-zona-vial-n-15-la-dormida-trabaja-intensamente-en-diferentes-labores\/","title":{"rendered":"Personal de la Zona Vial N\u00b0 15 La Dormida trabaja intensamente en diferentes labores"},"content":{"rendered":"\n<p>En zonas de influencia de la zona vial 15 prosigue la limpieza de pr\u00e9stamo y calzada Ruta N\u00b018 en el tramo Perchil Bajo a Brea Pozo.\u00a0 All\u00ed se efect\u00faan tareas de desmalezados en ambos m\u00e1rgenes de la ruta mencionada.\u00a0 Tambi\u00e9n en el tramo Perchil Bajo \u2013 Linton contin\u00faan los trabajos de limpieza, perfilado y compactaci\u00f3n en camino. \u00a0Desde Linton a Majada Sud se dio inicio de trabajo de limpieza, perfilado y compactaci\u00f3n .\u00a0 El personal de la zona vial colabor\u00f3 adem\u00e1s en traslado de unidades alimentarias para Comisi\u00f3n Municipal de T\u00edo Pozo y Villa Nueva.<\/p>\n\n\n\n<figure class=\"wp-block-gallery has-nested-images columns-default is-cropped wp-block-gallery-1 is-layout-flex wp-block-gallery-is-layout-flex\">\n<figure class=\"wp-block-image size-large\"><a href=\"https:\/\/cpvsantiago.gob.ar\/web\/wp-content\/uploads\/2024\/05\/440578225_901594211977645_5191434135261475478_n.jpg\"><img loading=\"lazy\" decoding=\"async\" width=\"1024\" height=\"768\" data-id=\"4721\" src=\"https:\/\/cpvsantiago.gob.ar\/web\/wp-content\/uploads\/2024\/05\/440578225_901594211977645_5191434135261475478_n-1024x768.jpg\" alt=\"\" class=\"wp-image-4721\" srcset=\"https:\/\/cpvsantiago.gob.ar\/web\/wp-content\/uploads\/2024\/05\/440578225_901594211977645_5191434135261475478_n-1024x768.jpg 1024w, https:\/\/cpvsantiago.gob.ar\/web\/wp-content\/uploads\/2024\/05\/440578225_901594211977645_5191434135261475478_n-300x225.jpg 300w, https:\/\/cpvsantiago.gob.ar\/web\/wp-content\/uploads\/2024\/05\/440578225_901594211977645_5191434135261475478_n-768x576.jpg 768w, https:\/\/cpvsantiago.gob.ar\/web\/wp-content\/uploads\/2024\/05\/440578225_901594211977645_5191434135261475478_n-150x113.jpg 150w, https:\/\/cpvsantiago.gob.ar\/web\/wp-content\/uploads\/2024\/05\/440578225_901594211977645_5191434135261475478_n-696x522.jpg 696w, https:\/\/cpvsantiago.gob.ar\/web\/wp-content\/uploads\/2024\/05\/440578225_901594211977645_5191434135261475478_n.jpg 1040w\" sizes=\"auto, (max-width: 1024px) 100vw, 1024px\" \/><\/a><\/figure>\n\n\n\n<figure class=\"wp-block-image size-large\"><a href=\"https:\/\/cpvsantiago.gob.ar\/web\/wp-content\/uploads\/2024\/05\/441450179_901594338644299_365618664411656571_n.jpg\"><img loading=\"lazy\" decoding=\"async\" width=\"1024\" height=\"768\" data-id=\"4731\" src=\"https:\/\/cpvsantiago.gob.ar\/web\/wp-content\/uploads\/2024\/05\/441450179_901594338644299_365618664411656571_n-1024x768.jpg\" alt=\"\" class=\"wp-image-4731\" srcset=\"https:\/\/cpvsantiago.gob.ar\/web\/wp-content\/uploads\/2024\/05\/441450179_901594338644299_365618664411656571_n-1024x768.jpg 1024w, https:\/\/cpvsantiago.gob.ar\/web\/wp-content\/uploads\/2024\/05\/441450179_901594338644299_365618664411656571_n-300x225.jpg 300w, https:\/\/cpvsantiago.gob.ar\/web\/wp-content\/uploads\/2024\/05\/441450179_901594338644299_365618664411656571_n-768x576.jpg 768w, https:\/\/cpvsantiago.gob.ar\/web\/wp-content\/uploads\/2024\/05\/441450179_901594338644299_365618664411656571_n-1536x1152.jpg 1536w, https:\/\/cpvsantiago.gob.ar\/web\/wp-content\/uploads\/2024\/05\/441450179_901594338644299_365618664411656571_n-150x113.jpg 150w, https:\/\/cpvsantiago.gob.ar\/web\/wp-content\/uploads\/2024\/05\/441450179_901594338644299_365618664411656571_n-696x522.jpg 696w, https:\/\/cpvsantiago.gob.ar\/web\/wp-content\/uploads\/2024\/05\/441450179_901594338644299_365618664411656571_n-1068x801.jpg 1068w, https:\/\/cpvsantiago.gob.ar\/web\/wp-content\/uploads\/2024\/05\/441450179_901594338644299_365618664411656571_n-1920x1440.jpg 1920w, https:\/\/cpvsantiago.gob.ar\/web\/wp-content\/uploads\/2024\/05\/441450179_901594338644299_365618664411656571_n.jpg 2048w\" sizes=\"auto, (max-width: 1024px) 100vw, 1024px\" \/><\/a><\/figure>\n\n\n\n<figure class=\"wp-block-image size-large\"><a href=\"https:\/\/cpvsantiago.gob.ar\/web\/wp-content\/uploads\/2024\/05\/441450190_901594135310986_4043101437665878619_n.jpg\"><img loading=\"lazy\" decoding=\"async\" width=\"1024\" height=\"768\" data-id=\"4729\" src=\"https:\/\/cpvsantiago.gob.ar\/web\/wp-content\/uploads\/2024\/05\/441450190_901594135310986_4043101437665878619_n-1024x768.jpg\" alt=\"\" class=\"wp-image-4729\" srcset=\"https:\/\/cpvsantiago.gob.ar\/web\/wp-content\/uploads\/2024\/05\/441450190_901594135310986_4043101437665878619_n-1024x768.jpg 1024w, https:\/\/cpvsantiago.gob.ar\/web\/wp-content\/uploads\/2024\/05\/441450190_901594135310986_4043101437665878619_n-300x225.jpg 300w, https:\/\/cpvsantiago.gob.ar\/web\/wp-content\/uploads\/2024\/05\/441450190_901594135310986_4043101437665878619_n-768x576.jpg 768w, https:\/\/cpvsantiago.gob.ar\/web\/wp-content\/uploads\/2024\/05\/441450190_901594135310986_4043101437665878619_n-1536x1152.jpg 1536w, https:\/\/cpvsantiago.gob.ar\/web\/wp-content\/uploads\/2024\/05\/441450190_901594135310986_4043101437665878619_n-150x113.jpg 150w, https:\/\/cpvsantiago.gob.ar\/web\/wp-content\/uploads\/2024\/05\/441450190_901594135310986_4043101437665878619_n-696x522.jpg 696w, https:\/\/cpvsantiago.gob.ar\/web\/wp-content\/uploads\/2024\/05\/441450190_901594135310986_4043101437665878619_n-1068x801.jpg 1068w, https:\/\/cpvsantiago.gob.ar\/web\/wp-content\/uploads\/2024\/05\/441450190_901594135310986_4043101437665878619_n.jpg 1600w\" sizes=\"auto, (max-width: 1024px) 100vw, 1024px\" \/><\/a><\/figure>\n\n\n\n<figure class=\"wp-block-image size-large\"><a href=\"https:\/\/cpvsantiago.gob.ar\/web\/wp-content\/uploads\/2024\/05\/441463959_901594105310989_4201990968243303555_n.jpg\"><img loading=\"lazy\" decoding=\"async\" width=\"1024\" height=\"576\" data-id=\"4727\" src=\"https:\/\/cpvsantiago.gob.ar\/web\/wp-content\/uploads\/2024\/05\/441463959_901594105310989_4201990968243303555_n-1024x576.jpg\" alt=\"\" class=\"wp-image-4727\" srcset=\"https:\/\/cpvsantiago.gob.ar\/web\/wp-content\/uploads\/2024\/05\/441463959_901594105310989_4201990968243303555_n-1024x576.jpg 1024w, https:\/\/cpvsantiago.gob.ar\/web\/wp-content\/uploads\/2024\/05\/441463959_901594105310989_4201990968243303555_n-300x169.jpg 300w, https:\/\/cpvsantiago.gob.ar\/web\/wp-content\/uploads\/2024\/05\/441463959_901594105310989_4201990968243303555_n-768x432.jpg 768w, https:\/\/cpvsantiago.gob.ar\/web\/wp-content\/uploads\/2024\/05\/441463959_901594105310989_4201990968243303555_n-150x84.jpg 150w, https:\/\/cpvsantiago.gob.ar\/web\/wp-content\/uploads\/2024\/05\/441463959_901594105310989_4201990968243303555_n-696x392.jpg 696w, https:\/\/cpvsantiago.gob.ar\/web\/wp-content\/uploads\/2024\/05\/441463959_901594105310989_4201990968243303555_n-1068x601.jpg 1068w, https:\/\/cpvsantiago.gob.ar\/web\/wp-content\/uploads\/2024\/05\/441463959_901594105310989_4201990968243303555_n.jpg 1280w\" sizes=\"auto, (max-width: 1024px) 100vw, 1024px\" \/><\/a><\/figure>\n\n\n\n<figure class=\"wp-block-image size-large\"><a href=\"https:\/\/cpvsantiago.gob.ar\/web\/wp-content\/uploads\/2024\/05\/441496571_901594045310995_4977868356433515830_n.jpg\"><img loading=\"lazy\" decoding=\"async\" width=\"1024\" height=\"576\" data-id=\"4723\" src=\"https:\/\/cpvsantiago.gob.ar\/web\/wp-content\/uploads\/2024\/05\/441496571_901594045310995_4977868356433515830_n-1024x576.jpg\" alt=\"\" class=\"wp-image-4723\" srcset=\"https:\/\/cpvsantiago.gob.ar\/web\/wp-content\/uploads\/2024\/05\/441496571_901594045310995_4977868356433515830_n-1024x576.jpg 1024w, https:\/\/cpvsantiago.gob.ar\/web\/wp-content\/uploads\/2024\/05\/441496571_901594045310995_4977868356433515830_n-300x169.jpg 300w, https:\/\/cpvsantiago.gob.ar\/web\/wp-content\/uploads\/2024\/05\/441496571_901594045310995_4977868356433515830_n-768x432.jpg 768w, https:\/\/cpvsantiago.gob.ar\/web\/wp-content\/uploads\/2024\/05\/441496571_901594045310995_4977868356433515830_n-150x84.jpg 150w, https:\/\/cpvsantiago.gob.ar\/web\/wp-content\/uploads\/2024\/05\/441496571_901594045310995_4977868356433515830_n-696x392.jpg 696w, https:\/\/cpvsantiago.gob.ar\/web\/wp-content\/uploads\/2024\/05\/441496571_901594045310995_4977868356433515830_n-1068x601.jpg 1068w, https:\/\/cpvsantiago.gob.ar\/web\/wp-content\/uploads\/2024\/05\/441496571_901594045310995_4977868356433515830_n.jpg 1280w\" sizes=\"auto, (max-width: 1024px) 100vw, 1024px\" \/><\/a><\/figure>\n\n\n\n<figure class=\"wp-block-image size-large\"><a href=\"https:\/\/cpvsantiago.gob.ar\/web\/wp-content\/uploads\/2024\/05\/441505065_901594178644315_8170656617404255191_n.jpg\"><img loading=\"lazy\" decoding=\"async\" width=\"1024\" height=\"576\" data-id=\"4724\" src=\"https:\/\/cpvsantiago.gob.ar\/web\/wp-content\/uploads\/2024\/05\/441505065_901594178644315_8170656617404255191_n-1024x576.jpg\" alt=\"\" class=\"wp-image-4724\" srcset=\"https:\/\/cpvsantiago.gob.ar\/web\/wp-content\/uploads\/2024\/05\/441505065_901594178644315_8170656617404255191_n-1024x576.jpg 1024w, https:\/\/cpvsantiago.gob.ar\/web\/wp-content\/uploads\/2024\/05\/441505065_901594178644315_8170656617404255191_n-300x169.jpg 300w, https:\/\/cpvsantiago.gob.ar\/web\/wp-content\/uploads\/2024\/05\/441505065_901594178644315_8170656617404255191_n-768x432.jpg 768w, https:\/\/cpvsantiago.gob.ar\/web\/wp-content\/uploads\/2024\/05\/441505065_901594178644315_8170656617404255191_n-150x84.jpg 150w, https:\/\/cpvsantiago.gob.ar\/web\/wp-content\/uploads\/2024\/05\/441505065_901594178644315_8170656617404255191_n-696x392.jpg 696w, https:\/\/cpvsantiago.gob.ar\/web\/wp-content\/uploads\/2024\/05\/441505065_901594178644315_8170656617404255191_n-1068x601.jpg 1068w, https:\/\/cpvsantiago.gob.ar\/web\/wp-content\/uploads\/2024\/05\/441505065_901594178644315_8170656617404255191_n.jpg 1280w\" sizes=\"auto, (max-width: 1024px) 100vw, 1024px\" \/><\/a><\/figure>\n\n\n\n<figure class=\"wp-block-image size-large\"><a href=\"https:\/\/cpvsantiago.gob.ar\/web\/wp-content\/uploads\/2024\/05\/441527432_901594121977654_1108015975132774674_n.jpg\"><img loading=\"lazy\" decoding=\"async\" width=\"1024\" height=\"576\" data-id=\"4728\" src=\"https:\/\/cpvsantiago.gob.ar\/web\/wp-content\/uploads\/2024\/05\/441527432_901594121977654_1108015975132774674_n-1024x576.jpg\" alt=\"\" class=\"wp-image-4728\" srcset=\"https:\/\/cpvsantiago.gob.ar\/web\/wp-content\/uploads\/2024\/05\/441527432_901594121977654_1108015975132774674_n-1024x576.jpg 1024w, https:\/\/cpvsantiago.gob.ar\/web\/wp-content\/uploads\/2024\/05\/441527432_901594121977654_1108015975132774674_n-300x169.jpg 300w, https:\/\/cpvsantiago.gob.ar\/web\/wp-content\/uploads\/2024\/05\/441527432_901594121977654_1108015975132774674_n-768x432.jpg 768w, https:\/\/cpvsantiago.gob.ar\/web\/wp-content\/uploads\/2024\/05\/441527432_901594121977654_1108015975132774674_n-150x84.jpg 150w, https:\/\/cpvsantiago.gob.ar\/web\/wp-content\/uploads\/2024\/05\/441527432_901594121977654_1108015975132774674_n-696x392.jpg 696w, https:\/\/cpvsantiago.gob.ar\/web\/wp-content\/uploads\/2024\/05\/441527432_901594121977654_1108015975132774674_n-1068x601.jpg 1068w, https:\/\/cpvsantiago.gob.ar\/web\/wp-content\/uploads\/2024\/05\/441527432_901594121977654_1108015975132774674_n.jpg 1280w\" sizes=\"auto, (max-width: 1024px) 100vw, 1024px\" \/><\/a><\/figure>\n\n\n\n<figure class=\"wp-block-image size-large\"><a href=\"https:\/\/cpvsantiago.gob.ar\/web\/wp-content\/uploads\/2024\/05\/441548676_901594281977638_8539058847821248481_n.jpg\"><img loading=\"lazy\" decoding=\"async\" width=\"1024\" height=\"768\" data-id=\"4722\" src=\"https:\/\/cpvsantiago.gob.ar\/web\/wp-content\/uploads\/2024\/05\/441548676_901594281977638_8539058847821248481_n-1024x768.jpg\" alt=\"\" class=\"wp-image-4722\" srcset=\"https:\/\/cpvsantiago.gob.ar\/web\/wp-content\/uploads\/2024\/05\/441548676_901594281977638_8539058847821248481_n-1024x768.jpg 1024w, https:\/\/cpvsantiago.gob.ar\/web\/wp-content\/uploads\/2024\/05\/441548676_901594281977638_8539058847821248481_n-300x225.jpg 300w, https:\/\/cpvsantiago.gob.ar\/web\/wp-content\/uploads\/2024\/05\/441548676_901594281977638_8539058847821248481_n-768x576.jpg 768w, https:\/\/cpvsantiago.gob.ar\/web\/wp-content\/uploads\/2024\/05\/441548676_901594281977638_8539058847821248481_n-150x113.jpg 150w, https:\/\/cpvsantiago.gob.ar\/web\/wp-content\/uploads\/2024\/05\/441548676_901594281977638_8539058847821248481_n-696x522.jpg 696w, https:\/\/cpvsantiago.gob.ar\/web\/wp-content\/uploads\/2024\/05\/441548676_901594281977638_8539058847821248481_n.jpg 1040w\" sizes=\"auto, (max-width: 1024px) 100vw, 1024px\" \/><\/a><\/figure>\n\n\n\n<figure class=\"wp-block-image size-large\"><a href=\"https:\/\/cpvsantiago.gob.ar\/web\/wp-content\/uploads\/2024\/05\/441874612_901594288644304_3873296767953889101_n.jpg\"><img loading=\"lazy\" decoding=\"async\" width=\"1024\" height=\"768\" data-id=\"4730\" src=\"https:\/\/cpvsantiago.gob.ar\/web\/wp-content\/uploads\/2024\/05\/441874612_901594288644304_3873296767953889101_n-1024x768.jpg\" alt=\"\" class=\"wp-image-4730\" srcset=\"https:\/\/cpvsantiago.gob.ar\/web\/wp-content\/uploads\/2024\/05\/441874612_901594288644304_3873296767953889101_n-1024x768.jpg 1024w, https:\/\/cpvsantiago.gob.ar\/web\/wp-content\/uploads\/2024\/05\/441874612_901594288644304_3873296767953889101_n-300x225.jpg 300w, https:\/\/cpvsantiago.gob.ar\/web\/wp-content\/uploads\/2024\/05\/441874612_901594288644304_3873296767953889101_n-768x576.jpg 768w, https:\/\/cpvsantiago.gob.ar\/web\/wp-content\/uploads\/2024\/05\/441874612_901594288644304_3873296767953889101_n-1536x1152.jpg 1536w, https:\/\/cpvsantiago.gob.ar\/web\/wp-content\/uploads\/2024\/05\/441874612_901594288644304_3873296767953889101_n-150x113.jpg 150w, https:\/\/cpvsantiago.gob.ar\/web\/wp-content\/uploads\/2024\/05\/441874612_901594288644304_3873296767953889101_n-696x522.jpg 696w, https:\/\/cpvsantiago.gob.ar\/web\/wp-content\/uploads\/2024\/05\/441874612_901594288644304_3873296767953889101_n-1068x801.jpg 1068w, https:\/\/cpvsantiago.gob.ar\/web\/wp-content\/uploads\/2024\/05\/441874612_901594288644304_3873296767953889101_n-1920x1440.jpg 1920w, https:\/\/cpvsantiago.gob.ar\/web\/wp-content\/uploads\/2024\/05\/441874612_901594288644304_3873296767953889101_n.jpg 2048w\" sizes=\"auto, (max-width: 1024px) 100vw, 1024px\" \/><\/a><\/figure>\n\n\n\n<figure class=\"wp-block-image size-large\"><a href=\"https:\/\/cpvsantiago.gob.ar\/web\/wp-content\/uploads\/2024\/05\/442366182_901594031977663_6561183891376699584_n.jpg\"><img loading=\"lazy\" decoding=\"async\" width=\"768\" height=\"1024\" data-id=\"4725\" src=\"https:\/\/cpvsantiago.gob.ar\/web\/wp-content\/uploads\/2024\/05\/442366182_901594031977663_6561183891376699584_n-768x1024.jpg\" alt=\"\" class=\"wp-image-4725\" srcset=\"https:\/\/cpvsantiago.gob.ar\/web\/wp-content\/uploads\/2024\/05\/442366182_901594031977663_6561183891376699584_n-768x1024.jpg 768w, https:\/\/cpvsantiago.gob.ar\/web\/wp-content\/uploads\/2024\/05\/442366182_901594031977663_6561183891376699584_n-225x300.jpg 225w, https:\/\/cpvsantiago.gob.ar\/web\/wp-content\/uploads\/2024\/05\/442366182_901594031977663_6561183891376699584_n-150x200.jpg 150w, https:\/\/cpvsantiago.gob.ar\/web\/wp-content\/uploads\/2024\/05\/442366182_901594031977663_6561183891376699584_n-300x400.jpg 300w, https:\/\/cpvsantiago.gob.ar\/web\/wp-content\/uploads\/2024\/05\/442366182_901594031977663_6561183891376699584_n-696x928.jpg 696w, https:\/\/cpvsantiago.gob.ar\/web\/wp-content\/uploads\/2024\/05\/442366182_901594031977663_6561183891376699584_n.jpg 864w\" sizes=\"auto, (max-width: 768px) 100vw, 768px\" \/><\/a><\/figure>\n\n\n\n<figure class=\"wp-block-image size-large\"><a href=\"https:\/\/cpvsantiago.gob.ar\/web\/wp-content\/uploads\/2024\/05\/442413399_901594038644329_1193310032510497067_n.jpg\"><img loading=\"lazy\" decoding=\"async\" width=\"1024\" height=\"768\" data-id=\"4726\" src=\"https:\/\/cpvsantiago.gob.ar\/web\/wp-content\/uploads\/2024\/05\/442413399_901594038644329_1193310032510497067_n-1024x768.jpg\" alt=\"\" class=\"wp-image-4726\" srcset=\"https:\/\/cpvsantiago.gob.ar\/web\/wp-content\/uploads\/2024\/05\/442413399_901594038644329_1193310032510497067_n-1024x768.jpg 1024w, https:\/\/cpvsantiago.gob.ar\/web\/wp-content\/uploads\/2024\/05\/442413399_901594038644329_1193310032510497067_n-300x225.jpg 300w, https:\/\/cpvsantiago.gob.ar\/web\/wp-content\/uploads\/2024\/05\/442413399_901594038644329_1193310032510497067_n-768x576.jpg 768w, https:\/\/cpvsantiago.gob.ar\/web\/wp-content\/uploads\/2024\/05\/442413399_901594038644329_1193310032510497067_n-150x113.jpg 150w, https:\/\/cpvsantiago.gob.ar\/web\/wp-content\/uploads\/2024\/05\/442413399_901594038644329_1193310032510497067_n-696x522.jpg 696w, https:\/\/cpvsantiago.gob.ar\/web\/wp-content\/uploads\/2024\/05\/442413399_901594038644329_1193310032510497067_n-1068x801.jpg 1068w, https:\/\/cpvsantiago.gob.ar\/web\/wp-content\/uploads\/2024\/05\/442413399_901594038644329_1193310032510497067_n.jpg 1280w\" sizes=\"auto, (max-width: 1024px) 100vw, 1024px\" \/><\/a><\/figure>\n<\/figure>\n","protected":false},"excerpt":{"rendered":"<p>En zonas de influencia de la zona vial 15 prosigue la limpieza de pr\u00e9stamo y calzada Ruta N\u00b018 en el tramo Perchil Bajo a Brea Pozo.\u00a0 All\u00ed se efect\u00faan tareas de desmalezados en ambos m\u00e1rgenes de la ruta mencionada.\u00a0 Tambi\u00e9n en el tramo Perchil Bajo \u2013 Linton contin\u00faan los trabajos de limpieza, perfilado y compactaci\u00f3n [&hellip;]<\/p>\n","protected":false},"author":2,"featured_media":4732,"comment_status":"open","ping_status":"open","sticky":false,"template":"","format":"standard","meta":{"footnotes":""},"categories":[5,3],"tags":[],"class_list":{"0":"post-4719","1":"post","2":"type-post","3":"status-publish","4":"format-standard","5":"has-post-thumbnail","7":"category-noticias","8":"category-zonas_viales"},"yoast_head":"<!-- This site is optimized with the Yoast SEO Premium plugin v24.8 (Yoast SEO v27.2) - https:\/\/yoast.com\/product\/yoast-seo-premium-wordpress\/ -->\n<title>Personal de la Zona Vial N\u00b0 15 La Dormida trabaja intensamente en diferentes labores - Consejo Provincial de Vialidad de la Provincia de Santiago del Estero<\/title>\n<meta name=\"robots\" content=\"index, follow, max-snippet:-1, max-image-preview:large, max-video-preview:-1\" \/>\n<link rel=\"canonical\" href=\"https:\/\/cpvsantiago.gob.ar\/web\/personal-de-la-zona-vial-n-15-la-dormida-trabaja-intensamente-en-diferentes-labores\/\" \/>\n<meta property=\"og:locale\" content=\"es_ES\" \/>\n<meta property=\"og:type\" content=\"article\" \/>\n<meta property=\"og:title\" content=\"Personal de la Zona Vial N\u00b0 15 La Dormida trabaja intensamente en diferentes labores\" \/>\n<meta property=\"og:description\" content=\"En zonas de influencia de la zona vial 15 prosigue la limpieza de pr\u00e9stamo y calzada Ruta N\u00b018 en el tramo Perchil Bajo a Brea Pozo.\u00a0 All\u00ed se efect\u00faan tareas de desmalezados en ambos m\u00e1rgenes de la ruta mencionada.\u00a0 Tambi\u00e9n en el tramo Perchil Bajo \u2013 Linton contin\u00faan los trabajos de limpieza, perfilado y compactaci\u00f3n [&hellip;]\" \/>\n<meta property=\"og:url\" content=\"https:\/\/cpvsantiago.gob.ar\/web\/personal-de-la-zona-vial-n-15-la-dormida-trabaja-intensamente-en-diferentes-labores\/\" \/>\n<meta property=\"og:site_name\" content=\"Consejo Provincial de Vialidad de la Provincia de Santiago del Estero\" \/>\n<meta property=\"article:published_time\" content=\"2024-05-06T15:23:00+00:00\" \/>\n<meta property=\"article:modified_time\" content=\"2024-05-08T17:35:16+00:00\" \/>\n<meta property=\"og:image\" content=\"https:\/\/cpvsantiago.gob.ar\/web\/wp-content\/uploads\/2024\/05\/441548676_901594281977638_8539058847821248481_n-1.jpg\" \/>\n\t<meta property=\"og:image:width\" content=\"1001\" \/>\n\t<meta property=\"og:image:height\" content=\"570\" \/>\n\t<meta property=\"og:image:type\" content=\"image\/jpeg\" \/>\n<meta name=\"author\" content=\"cpv\" \/>\n<meta name=\"twitter:card\" content=\"summary_large_image\" \/>\n<meta name=\"twitter:label1\" content=\"Escrito por\" \/>\n\t<meta name=\"twitter:data1\" content=\"cpv\" \/>\n\t<meta name=\"twitter:label2\" content=\"Tiempo de lectura\" \/>\n\t<meta name=\"twitter:data2\" content=\"3 minutos\" \/>\n<script type=\"application\/ld+json\" class=\"yoast-schema-graph\">{\"@context\":\"https:\/\/schema.org\",\"@graph\":[{\"@type\":\"Article\",\"@id\":\"https:\/\/cpvsantiago.gob.ar\/web\/personal-de-la-zona-vial-n-15-la-dormida-trabaja-intensamente-en-diferentes-labores\/#article\",\"isPartOf\":{\"@id\":\"https:\/\/cpvsantiago.gob.ar\/web\/personal-de-la-zona-vial-n-15-la-dormida-trabaja-intensamente-en-diferentes-labores\/\"},\"author\":{\"name\":\"cpv\",\"@id\":\"https:\/\/cpvsantiago.gob.ar\/web\/#\/schema\/person\/aa59e9835d5eb750d8585c860224dc06\"},\"headline\":\"Personal de la Zona Vial N\u00b0 15 La Dormida trabaja intensamente en diferentes labores\",\"datePublished\":\"2024-05-06T15:23:00+00:00\",\"dateModified\":\"2024-05-08T17:35:16+00:00\",\"mainEntityOfPage\":{\"@id\":\"https:\/\/cpvsantiago.gob.ar\/web\/personal-de-la-zona-vial-n-15-la-dormida-trabaja-intensamente-en-diferentes-labores\/\"},\"wordCount\":115,\"commentCount\":0,\"image\":{\"@id\":\"https:\/\/cpvsantiago.gob.ar\/web\/personal-de-la-zona-vial-n-15-la-dormida-trabaja-intensamente-en-diferentes-labores\/#primaryimage\"},\"thumbnailUrl\":\"https:\/\/cpvsantiago.gob.ar\/web\/wp-content\/uploads\/2024\/05\/441548676_901594281977638_8539058847821248481_n-1.jpg\",\"articleSection\":[\"Noticias\",\"Zonas Viales\"],\"inLanguage\":\"es\",\"potentialAction\":[{\"@type\":\"CommentAction\",\"name\":\"Comment\",\"target\":[\"https:\/\/cpvsantiago.gob.ar\/web\/personal-de-la-zona-vial-n-15-la-dormida-trabaja-intensamente-en-diferentes-labores\/#respond\"]}]},{\"@type\":\"WebPage\",\"@id\":\"https:\/\/cpvsantiago.gob.ar\/web\/personal-de-la-zona-vial-n-15-la-dormida-trabaja-intensamente-en-diferentes-labores\/\",\"url\":\"https:\/\/cpvsantiago.gob.ar\/web\/personal-de-la-zona-vial-n-15-la-dormida-trabaja-intensamente-en-diferentes-labores\/\",\"name\":\"Personal de la Zona Vial N\u00b0 15 La Dormida trabaja intensamente en diferentes labores - Consejo Provincial de Vialidad de la Provincia de Santiago del Estero\",\"isPartOf\":{\"@id\":\"https:\/\/cpvsantiago.gob.ar\/web\/#website\"},\"primaryImageOfPage\":{\"@id\":\"https:\/\/cpvsantiago.gob.ar\/web\/personal-de-la-zona-vial-n-15-la-dormida-trabaja-intensamente-en-diferentes-labores\/#primaryimage\"},\"image\":{\"@id\":\"https:\/\/cpvsantiago.gob.ar\/web\/personal-de-la-zona-vial-n-15-la-dormida-trabaja-intensamente-en-diferentes-labores\/#primaryimage\"},\"thumbnailUrl\":\"https:\/\/cpvsantiago.gob.ar\/web\/wp-content\/uploads\/2024\/05\/441548676_901594281977638_8539058847821248481_n-1.jpg\",\"datePublished\":\"2024-05-06T15:23:00+00:00\",\"dateModified\":\"2024-05-08T17:35:16+00:00\",\"author\":{\"@id\":\"https:\/\/cpvsantiago.gob.ar\/web\/#\/schema\/person\/aa59e9835d5eb750d8585c860224dc06\"},\"breadcrumb\":{\"@id\":\"https:\/\/cpvsantiago.gob.ar\/web\/personal-de-la-zona-vial-n-15-la-dormida-trabaja-intensamente-en-diferentes-labores\/#breadcrumb\"},\"inLanguage\":\"es\",\"potentialAction\":[{\"@type\":\"ReadAction\",\"target\":[\"https:\/\/cpvsantiago.gob.ar\/web\/personal-de-la-zona-vial-n-15-la-dormida-trabaja-intensamente-en-diferentes-labores\/\"]}]},{\"@type\":\"ImageObject\",\"inLanguage\":\"es\",\"@id\":\"https:\/\/cpvsantiago.gob.ar\/web\/personal-de-la-zona-vial-n-15-la-dormida-trabaja-intensamente-en-diferentes-labores\/#primaryimage\",\"url\":\"https:\/\/cpvsantiago.gob.ar\/web\/wp-content\/uploads\/2024\/05\/441548676_901594281977638_8539058847821248481_n-1.jpg\",\"contentUrl\":\"https:\/\/cpvsantiago.gob.ar\/web\/wp-content\/uploads\/2024\/05\/441548676_901594281977638_8539058847821248481_n-1.jpg\",\"width\":1001,\"height\":570},{\"@type\":\"BreadcrumbList\",\"@id\":\"https:\/\/cpvsantiago.gob.ar\/web\/personal-de-la-zona-vial-n-15-la-dormida-trabaja-intensamente-en-diferentes-labores\/#breadcrumb\",\"itemListElement\":[{\"@type\":\"ListItem\",\"position\":1,\"name\":\"Portada\",\"item\":\"https:\/\/cpvsantiago.gob.ar\/web\/\"},{\"@type\":\"ListItem\",\"position\":2,\"name\":\"Personal de la Zona Vial N\u00b0 15 La Dormida trabaja intensamente en diferentes labores\"}]},{\"@type\":\"WebSite\",\"@id\":\"https:\/\/cpvsantiago.gob.ar\/web\/#website\",\"url\":\"https:\/\/cpvsantiago.gob.ar\/web\/\",\"name\":\"Consejo Provincial de Vialidad de la Provincia de Santiago del Estero\",\"description\":\"CPV Santiago del Estero\",\"potentialAction\":[{\"@type\":\"SearchAction\",\"target\":{\"@type\":\"EntryPoint\",\"urlTemplate\":\"https:\/\/cpvsantiago.gob.ar\/web\/?s={search_term_string}\"},\"query-input\":{\"@type\":\"PropertyValueSpecification\",\"valueRequired\":true,\"valueName\":\"search_term_string\"}}],\"inLanguage\":\"es\"},{\"@type\":\"Person\",\"@id\":\"https:\/\/cpvsantiago.gob.ar\/web\/#\/schema\/person\/aa59e9835d5eb750d8585c860224dc06\",\"name\":\"cpv\",\"image\":{\"@type\":\"ImageObject\",\"inLanguage\":\"es\",\"@id\":\"https:\/\/secure.gravatar.com\/avatar\/484802c719c69b738102ad3161a3d525b188c752ad36109725aeae22171ead58?s=96&d=mm&r=g\",\"url\":\"https:\/\/secure.gravatar.com\/avatar\/484802c719c69b738102ad3161a3d525b188c752ad36109725aeae22171ead58?s=96&d=mm&r=g\",\"contentUrl\":\"https:\/\/secure.gravatar.com\/avatar\/484802c719c69b738102ad3161a3d525b188c752ad36109725aeae22171ead58?s=96&d=mm&r=g\",\"caption\":\"cpv\"},\"url\":\"https:\/\/cpvsantiago.gob.ar\/web\/author\/h8000593\/\"}]}<\/script>\n<!-- \/ Yoast SEO Premium plugin. -->","yoast_head_json":{"title":"Personal de la Zona Vial N\u00b0 15 La Dormida trabaja intensamente en diferentes labores - Consejo Provincial de Vialidad de la Provincia de Santiago del Estero","robots":{"index":"index","follow":"follow","max-snippet":"max-snippet:-1","max-image-preview":"max-image-preview:large","max-video-preview":"max-video-preview:-1"},"canonical":"https:\/\/cpvsantiago.gob.ar\/web\/personal-de-la-zona-vial-n-15-la-dormida-trabaja-intensamente-en-diferentes-labores\/","og_locale":"es_ES","og_type":"article","og_title":"Personal de la Zona Vial N\u00b0 15 La Dormida trabaja intensamente en diferentes labores","og_description":"En zonas de influencia de la zona vial 15 prosigue la limpieza de pr\u00e9stamo y calzada Ruta N\u00b018 en el tramo Perchil Bajo a Brea Pozo.\u00a0 All\u00ed se efect\u00faan tareas de desmalezados en ambos m\u00e1rgenes de la ruta mencionada.\u00a0 Tambi\u00e9n en el tramo Perchil Bajo \u2013 Linton contin\u00faan los trabajos de limpieza, perfilado y compactaci\u00f3n [&hellip;]","og_url":"https:\/\/cpvsantiago.gob.ar\/web\/personal-de-la-zona-vial-n-15-la-dormida-trabaja-intensamente-en-diferentes-labores\/","og_site_name":"Consejo Provincial de Vialidad de la Provincia de Santiago del Estero","article_published_time":"2024-05-06T15:23:00+00:00","article_modified_time":"2024-05-08T17:35:16+00:00","og_image":[{"width":1001,"height":570,"url":"https:\/\/cpvsantiago.gob.ar\/web\/wp-content\/uploads\/2024\/05\/441548676_901594281977638_8539058847821248481_n-1.jpg","type":"image\/jpeg"}],"author":"cpv","twitter_card":"summary_large_image","twitter_misc":{"Escrito por":"cpv","Tiempo de lectura":"3 minutos"},"schema":{"@context":"https:\/\/schema.org","@graph":[{"@type":"Article","@id":"https:\/\/cpvsantiago.gob.ar\/web\/personal-de-la-zona-vial-n-15-la-dormida-trabaja-intensamente-en-diferentes-labores\/#article","isPartOf":{"@id":"https:\/\/cpvsantiago.gob.ar\/web\/personal-de-la-zona-vial-n-15-la-dormida-trabaja-intensamente-en-diferentes-labores\/"},"author":{"name":"cpv","@id":"https:\/\/cpvsantiago.gob.ar\/web\/#\/schema\/person\/aa59e9835d5eb750d8585c860224dc06"},"headline":"Personal de la Zona Vial N\u00b0 15 La Dormida trabaja intensamente en diferentes labores","datePublished":"2024-05-06T15:23:00+00:00","dateModified":"2024-05-08T17:35:16+00:00","mainEntityOfPage":{"@id":"https:\/\/cpvsantiago.gob.ar\/web\/personal-de-la-zona-vial-n-15-la-dormida-trabaja-intensamente-en-diferentes-labores\/"},"wordCount":115,"commentCount":0,"image":{"@id":"https:\/\/cpvsantiago.gob.ar\/web\/personal-de-la-zona-vial-n-15-la-dormida-trabaja-intensamente-en-diferentes-labores\/#primaryimage"},"thumbnailUrl":"https:\/\/cpvsantiago.gob.ar\/web\/wp-content\/uploads\/2024\/05\/441548676_901594281977638_8539058847821248481_n-1.jpg","articleSection":["Noticias","Zonas Viales"],"inLanguage":"es","potentialAction":[{"@type":"CommentAction","name":"Comment","target":["https:\/\/cpvsantiago.gob.ar\/web\/personal-de-la-zona-vial-n-15-la-dormida-trabaja-intensamente-en-diferentes-labores\/#respond"]}]},{"@type":"WebPage","@id":"https:\/\/cpvsantiago.gob.ar\/web\/personal-de-la-zona-vial-n-15-la-dormida-trabaja-intensamente-en-diferentes-labores\/","url":"https:\/\/cpvsantiago.gob.ar\/web\/personal-de-la-zona-vial-n-15-la-dormida-trabaja-intensamente-en-diferentes-labores\/","name":"Personal de la Zona Vial N\u00b0 15 La Dormida trabaja intensamente en diferentes labores - Consejo Provincial de Vialidad de la Provincia de Santiago del Estero","isPartOf":{"@id":"https:\/\/cpvsantiago.gob.ar\/web\/#website"},"primaryImageOfPage":{"@id":"https:\/\/cpvsantiago.gob.ar\/web\/personal-de-la-zona-vial-n-15-la-dormida-trabaja-intensamente-en-diferentes-labores\/#primaryimage"},"image":{"@id":"https:\/\/cpvsantiago.gob.ar\/web\/personal-de-la-zona-vial-n-15-la-dormida-trabaja-intensamente-en-diferentes-labores\/#primaryimage"},"thumbnailUrl":"https:\/\/cpvsantiago.gob.ar\/web\/wp-content\/uploads\/2024\/05\/441548676_901594281977638_8539058847821248481_n-1.jpg","datePublished":"2024-05-06T15:23:00+00:00","dateModified":"2024-05-08T17:35:16+00:00","author":{"@id":"https:\/\/cpvsantiago.gob.ar\/web\/#\/schema\/person\/aa59e9835d5eb750d8585c860224dc06"},"breadcrumb":{"@id":"https:\/\/cpvsantiago.gob.ar\/web\/personal-de-la-zona-vial-n-15-la-dormida-trabaja-intensamente-en-diferentes-labores\/#breadcrumb"},"inLanguage":"es","potentialAction":[{"@type":"ReadAction","target":["https:\/\/cpvsantiago.gob.ar\/web\/personal-de-la-zona-vial-n-15-la-dormida-trabaja-intensamente-en-diferentes-labores\/"]}]},{"@type":"ImageObject","inLanguage":"es","@id":"https:\/\/cpvsantiago.gob.ar\/web\/personal-de-la-zona-vial-n-15-la-dormida-trabaja-intensamente-en-diferentes-labores\/#primaryimage","url":"https:\/\/cpvsantiago.gob.ar\/web\/wp-content\/uploads\/2024\/05\/441548676_901594281977638_8539058847821248481_n-1.jpg","contentUrl":"https:\/\/cpvsantiago.gob.ar\/web\/wp-content\/uploads\/2024\/05\/441548676_901594281977638_8539058847821248481_n-1.jpg","width":1001,"height":570},{"@type":"BreadcrumbList","@id":"https:\/\/cpvsantiago.gob.ar\/web\/personal-de-la-zona-vial-n-15-la-dormida-trabaja-intensamente-en-diferentes-labores\/#breadcrumb","itemListElement":[{"@type":"ListItem","position":1,"name":"Portada","item":"https:\/\/cpvsantiago.gob.ar\/web\/"},{"@type":"ListItem","position":2,"name":"Personal de la Zona Vial N\u00b0 15 La Dormida trabaja intensamente en diferentes labores"}]},{"@type":"WebSite","@id":"https:\/\/cpvsantiago.gob.ar\/web\/#website","url":"https:\/\/cpvsantiago.gob.ar\/web\/","name":"Consejo Provincial de Vialidad de la Provincia de Santiago del Estero","description":"CPV Santiago del Estero","potentialAction":[{"@type":"SearchAction","target":{"@type":"EntryPoint","urlTemplate":"https:\/\/cpvsantiago.gob.ar\/web\/?s={search_term_string}"},"query-input":{"@type":"PropertyValueSpecification","valueRequired":true,"valueName":"search_term_string"}}],"inLanguage":"es"},{"@type":"Person","@id":"https:\/\/cpvsantiago.gob.ar\/web\/#\/schema\/person\/aa59e9835d5eb750d8585c860224dc06","name":"cpv","image":{"@type":"ImageObject","inLanguage":"es","@id":"https:\/\/secure.gravatar.com\/avatar\/484802c719c69b738102ad3161a3d525b188c752ad36109725aeae22171ead58?s=96&d=mm&r=g","url":"https:\/\/secure.gravatar.com\/avatar\/484802c719c69b738102ad3161a3d525b188c752ad36109725aeae22171ead58?s=96&d=mm&r=g","contentUrl":"https:\/\/secure.gravatar.com\/avatar\/484802c719c69b738102ad3161a3d525b188c752ad36109725aeae22171ead58?s=96&d=mm&r=g","caption":"cpv"},"url":"https:\/\/cpvsantiago.gob.ar\/web\/author\/h8000593\/"}]}},"_links":{"self":[{"href":"https:\/\/cpvsantiago.gob.ar\/web\/wp-json\/wp\/v2\/posts\/4719","targetHints":{"allow":["GET"]}}],"collection":[{"href":"https:\/\/cpvsantiago.gob.ar\/web\/wp-json\/wp\/v2\/posts"}],"about":[{"href":"https:\/\/cpvsantiago.gob.ar\/web\/wp-json\/wp\/v2\/types\/post"}],"author":[{"embeddable":true,"href":"https:\/\/cpvsantiago.gob.ar\/web\/wp-json\/wp\/v2\/users\/2"}],"replies":[{"embeddable":true,"href":"https:\/\/cpvsantiago.gob.ar\/web\/wp-json\/wp\/v2\/comments?post=4719"}],"version-history":[{"count":1,"href":"https:\/\/cpvsantiago.gob.ar\/web\/wp-json\/wp\/v2\/posts\/4719\/revisions"}],"predecessor-version":[{"id":4733,"href":"https:\/\/cpvsantiago.gob.ar\/web\/wp-json\/wp\/v2\/posts\/4719\/revisions\/4733"}],"wp:featuredmedia":[{"embeddable":true,"href":"https:\/\/cpvsantiago.gob.ar\/web\/wp-json\/wp\/v2\/media\/4732"}],"wp:attachment":[{"href":"https:\/\/cpvsantiago.gob.ar\/web\/wp-json\/wp\/v2\/media?parent=4719"}],"wp:term":[{"taxonomy":"category","embeddable":true,"href":"https:\/\/cpvsantiago.gob.ar\/web\/wp-json\/wp\/v2\/categories?post=4719"},{"taxonomy":"post_tag","embeddable":true,"href":"https:\/\/cpvsantiago.gob.ar\/web\/wp-json\/wp\/v2\/tags?post=4719"}],"curies":[{"name":"wp","href":"https:\/\/api.w.org\/{rel}","templated":true}]}}