{"id":4734,"date":"2024-05-07T10:36:00","date_gmt":"2024-05-07T13:36:00","guid":{"rendered":"https:\/\/cpvsantiago.gob.ar\/web\/?p=4734"},"modified":"2024-05-08T15:03:52","modified_gmt":"2024-05-08T18:03:52","slug":"numerosos-trabajos-efectuados-en-las-areas-de-incumbencia-de-la-zona-vial-n-3-villa-la-punta","status":"publish","type":"post","link":"https:\/\/cpvsantiago.gob.ar\/web\/numerosos-trabajos-efectuados-en-las-areas-de-incumbencia-de-la-zona-vial-n-3-villa-la-punta\/","title":{"rendered":"Numerosos trabajos efectuados en las \u00e1reas de incumbencia de la Zona Vial N\u00b0 3 Villa La Punta"},"content":{"rendered":"\n<p>Diversos trabajos realizaron el personal de la Zona Vial N\u00b0 3 durante la semana del 29 de abril\u00a0\u00a0al\u00a0 03 mayo.\u00a0 Los mismos consistieron en \u00a0traslados de personal\u00a0en los tramos: \u00a0zona vial \u2013 La Esperanza, \u00a0\u00a0El Tala\u00a0 \u2013 zona vial, Viva Mercedes \u2013 zona vial y desde zona vial \u2013 La Represa.<\/p>\n\n\n\n<p>Se procedi\u00f3 tambi\u00e9n a la reconstrucci\u00f3n de abovedamiento en el tramo Los Pozos \u2013 El 9.\u00a0 Perfilado de Calzada Enripiada en tramos La Bajada \u2013 El Moj\u00f3n, Choya\u2013 San Pedro, Estaci\u00f3n La Punta \u2013 El Tala, El Tala \u2013 Viva Mercedes.<\/p>\n\n\n\n<p>Se efectu\u00f3 tambi\u00e9n tareas de limpieza en zona de camino en los tramos\u00a0 El Moj\u00f3n \u2013 La Bajada, La Bajada \u2013 Carril Pozo.\u00a0\u00a0 Tambi\u00e9n se trabaj\u00f3 en movimiento de suelo, para rellenado de cortes en el tramo Las Pe\u00f1as. Adem\u00e1s se hicieron labores de construcci\u00f3n zanjas para desag\u00fces en el tramo La Represa \u2013 Loro Huasi.<\/p>\n\n\n\n<figure class=\"wp-block-gallery has-nested-images columns-default is-cropped wp-block-gallery-1 is-layout-flex wp-block-gallery-is-layout-flex\">\n<figure class=\"wp-block-image size-large\"><a href=\"https:\/\/cpvsantiago.gob.ar\/web\/wp-content\/uploads\/2024\/05\/440778028_901719671965099_8310452594865837210_n.jpg\"><img loading=\"lazy\" decoding=\"async\" width=\"768\" height=\"1024\" data-id=\"4736\" src=\"https:\/\/cpvsantiago.gob.ar\/web\/wp-content\/uploads\/2024\/05\/440778028_901719671965099_8310452594865837210_n-768x1024.jpg\" alt=\"\" class=\"wp-image-4736\" srcset=\"https:\/\/cpvsantiago.gob.ar\/web\/wp-content\/uploads\/2024\/05\/440778028_901719671965099_8310452594865837210_n-768x1024.jpg 768w, https:\/\/cpvsantiago.gob.ar\/web\/wp-content\/uploads\/2024\/05\/440778028_901719671965099_8310452594865837210_n-225x300.jpg 225w, https:\/\/cpvsantiago.gob.ar\/web\/wp-content\/uploads\/2024\/05\/440778028_901719671965099_8310452594865837210_n-150x200.jpg 150w, https:\/\/cpvsantiago.gob.ar\/web\/wp-content\/uploads\/2024\/05\/440778028_901719671965099_8310452594865837210_n-300x400.jpg 300w, https:\/\/cpvsantiago.gob.ar\/web\/wp-content\/uploads\/2024\/05\/440778028_901719671965099_8310452594865837210_n-696x928.jpg 696w, https:\/\/cpvsantiago.gob.ar\/web\/wp-content\/uploads\/2024\/05\/440778028_901719671965099_8310452594865837210_n.jpg 960w\" sizes=\"auto, (max-width: 768px) 100vw, 768px\" \/><\/a><\/figure>\n\n\n\n<figure class=\"wp-block-image size-large\"><a href=\"https:\/\/cpvsantiago.gob.ar\/web\/wp-content\/uploads\/2024\/05\/440941051_901719728631760_3739179762007645484_n.jpg\"><img loading=\"lazy\" decoding=\"async\" width=\"768\" height=\"1024\" data-id=\"4739\" src=\"https:\/\/cpvsantiago.gob.ar\/web\/wp-content\/uploads\/2024\/05\/440941051_901719728631760_3739179762007645484_n-768x1024.jpg\" alt=\"\" class=\"wp-image-4739\" srcset=\"https:\/\/cpvsantiago.gob.ar\/web\/wp-content\/uploads\/2024\/05\/440941051_901719728631760_3739179762007645484_n-768x1024.jpg 768w, https:\/\/cpvsantiago.gob.ar\/web\/wp-content\/uploads\/2024\/05\/440941051_901719728631760_3739179762007645484_n-225x300.jpg 225w, https:\/\/cpvsantiago.gob.ar\/web\/wp-content\/uploads\/2024\/05\/440941051_901719728631760_3739179762007645484_n-150x200.jpg 150w, https:\/\/cpvsantiago.gob.ar\/web\/wp-content\/uploads\/2024\/05\/440941051_901719728631760_3739179762007645484_n-300x400.jpg 300w, https:\/\/cpvsantiago.gob.ar\/web\/wp-content\/uploads\/2024\/05\/440941051_901719728631760_3739179762007645484_n-696x928.jpg 696w, https:\/\/cpvsantiago.gob.ar\/web\/wp-content\/uploads\/2024\/05\/440941051_901719728631760_3739179762007645484_n.jpg 960w\" sizes=\"auto, (max-width: 768px) 100vw, 768px\" \/><\/a><\/figure>\n\n\n\n<figure class=\"wp-block-image size-large\"><a href=\"https:\/\/cpvsantiago.gob.ar\/web\/wp-content\/uploads\/2024\/05\/440941582_901719875298412_8478217618019260699_n.jpg\"><img loading=\"lazy\" decoding=\"async\" width=\"768\" height=\"1024\" data-id=\"4735\" src=\"https:\/\/cpvsantiago.gob.ar\/web\/wp-content\/uploads\/2024\/05\/440941582_901719875298412_8478217618019260699_n-768x1024.jpg\" alt=\"\" class=\"wp-image-4735\" srcset=\"https:\/\/cpvsantiago.gob.ar\/web\/wp-content\/uploads\/2024\/05\/440941582_901719875298412_8478217618019260699_n-768x1024.jpg 768w, https:\/\/cpvsantiago.gob.ar\/web\/wp-content\/uploads\/2024\/05\/440941582_901719875298412_8478217618019260699_n-225x300.jpg 225w, https:\/\/cpvsantiago.gob.ar\/web\/wp-content\/uploads\/2024\/05\/440941582_901719875298412_8478217618019260699_n-150x200.jpg 150w, https:\/\/cpvsantiago.gob.ar\/web\/wp-content\/uploads\/2024\/05\/440941582_901719875298412_8478217618019260699_n-300x400.jpg 300w, https:\/\/cpvsantiago.gob.ar\/web\/wp-content\/uploads\/2024\/05\/440941582_901719875298412_8478217618019260699_n-696x928.jpg 696w, https:\/\/cpvsantiago.gob.ar\/web\/wp-content\/uploads\/2024\/05\/440941582_901719875298412_8478217618019260699_n.jpg 960w\" sizes=\"auto, (max-width: 768px) 100vw, 768px\" \/><\/a><\/figure>\n\n\n\n<figure class=\"wp-block-image size-large\"><a href=\"https:\/\/cpvsantiago.gob.ar\/web\/wp-content\/uploads\/2024\/05\/441056272_901720025298397_9216563052589955545_n.jpg\"><img loading=\"lazy\" decoding=\"async\" width=\"768\" height=\"1024\" data-id=\"4738\" src=\"https:\/\/cpvsantiago.gob.ar\/web\/wp-content\/uploads\/2024\/05\/441056272_901720025298397_9216563052589955545_n-768x1024.jpg\" alt=\"\" class=\"wp-image-4738\" srcset=\"https:\/\/cpvsantiago.gob.ar\/web\/wp-content\/uploads\/2024\/05\/441056272_901720025298397_9216563052589955545_n-768x1024.jpg 768w, https:\/\/cpvsantiago.gob.ar\/web\/wp-content\/uploads\/2024\/05\/441056272_901720025298397_9216563052589955545_n-225x300.jpg 225w, https:\/\/cpvsantiago.gob.ar\/web\/wp-content\/uploads\/2024\/05\/441056272_901720025298397_9216563052589955545_n-150x200.jpg 150w, https:\/\/cpvsantiago.gob.ar\/web\/wp-content\/uploads\/2024\/05\/441056272_901720025298397_9216563052589955545_n-300x400.jpg 300w, https:\/\/cpvsantiago.gob.ar\/web\/wp-content\/uploads\/2024\/05\/441056272_901720025298397_9216563052589955545_n-696x928.jpg 696w, https:\/\/cpvsantiago.gob.ar\/web\/wp-content\/uploads\/2024\/05\/441056272_901720025298397_9216563052589955545_n.jpg 960w\" sizes=\"auto, (max-width: 768px) 100vw, 768px\" \/><\/a><\/figure>\n\n\n\n<figure class=\"wp-block-image size-large\"><a href=\"https:\/\/cpvsantiago.gob.ar\/web\/wp-content\/uploads\/2024\/05\/441314452_901720045298395_5614267403383393472_n.jpg\"><img loading=\"lazy\" decoding=\"async\" width=\"768\" height=\"1024\" data-id=\"4737\" src=\"https:\/\/cpvsantiago.gob.ar\/web\/wp-content\/uploads\/2024\/05\/441314452_901720045298395_5614267403383393472_n-768x1024.jpg\" alt=\"\" class=\"wp-image-4737\" srcset=\"https:\/\/cpvsantiago.gob.ar\/web\/wp-content\/uploads\/2024\/05\/441314452_901720045298395_5614267403383393472_n-768x1024.jpg 768w, https:\/\/cpvsantiago.gob.ar\/web\/wp-content\/uploads\/2024\/05\/441314452_901720045298395_5614267403383393472_n-225x300.jpg 225w, https:\/\/cpvsantiago.gob.ar\/web\/wp-content\/uploads\/2024\/05\/441314452_901720045298395_5614267403383393472_n-150x200.jpg 150w, https:\/\/cpvsantiago.gob.ar\/web\/wp-content\/uploads\/2024\/05\/441314452_901720045298395_5614267403383393472_n-300x400.jpg 300w, https:\/\/cpvsantiago.gob.ar\/web\/wp-content\/uploads\/2024\/05\/441314452_901720045298395_5614267403383393472_n-696x928.jpg 696w, https:\/\/cpvsantiago.gob.ar\/web\/wp-content\/uploads\/2024\/05\/441314452_901720045298395_5614267403383393472_n.jpg 960w\" sizes=\"auto, (max-width: 768px) 100vw, 768px\" \/><\/a><\/figure>\n<\/figure>\n","protected":false},"excerpt":{"rendered":"<p>Diversos trabajos realizaron el personal de la Zona Vial N\u00b0 3 durante la semana del 29 de abril\u00a0\u00a0al\u00a0 03 mayo.\u00a0 Los mismos consistieron en \u00a0traslados de personal\u00a0en los tramos: \u00a0zona vial \u2013 La Esperanza, \u00a0\u00a0El Tala\u00a0 \u2013 zona vial, Viva Mercedes \u2013 zona vial y desde zona vial \u2013 La Represa. Se procedi\u00f3 tambi\u00e9n a [&hellip;]<\/p>\n","protected":false},"author":2,"featured_media":4742,"comment_status":"open","ping_status":"open","sticky":false,"template":"","format":"standard","meta":{"footnotes":""},"categories":[5,3],"tags":[],"class_list":{"0":"post-4734","1":"post","2":"type-post","3":"status-publish","4":"format-standard","5":"has-post-thumbnail","7":"category-noticias","8":"category-zonas_viales"},"yoast_head":"<!-- This site is optimized with the Yoast SEO Premium plugin v24.8 (Yoast SEO v27.2) - https:\/\/yoast.com\/product\/yoast-seo-premium-wordpress\/ -->\n<title>Numerosos trabajos efectuados en las \u00e1reas de incumbencia de la Zona Vial N\u00b0 3 Villa La Punta - Consejo Provincial de Vialidad de la Provincia de Santiago del Estero<\/title>\n<meta name=\"robots\" content=\"index, follow, max-snippet:-1, max-image-preview:large, max-video-preview:-1\" \/>\n<link rel=\"canonical\" href=\"https:\/\/cpvsantiago.gob.ar\/web\/numerosos-trabajos-efectuados-en-las-areas-de-incumbencia-de-la-zona-vial-n-3-villa-la-punta\/\" \/>\n<meta property=\"og:locale\" content=\"es_ES\" \/>\n<meta property=\"og:type\" content=\"article\" \/>\n<meta property=\"og:title\" content=\"Numerosos trabajos efectuados en las \u00e1reas de incumbencia de la Zona Vial N\u00b0 3 Villa La Punta\" \/>\n<meta property=\"og:description\" content=\"Diversos trabajos realizaron el personal de la Zona Vial N\u00b0 3 durante la semana del 29 de abril\u00a0\u00a0al\u00a0 03 mayo.\u00a0 Los mismos consistieron en \u00a0traslados de personal\u00a0en los tramos: \u00a0zona vial \u2013 La Esperanza, \u00a0\u00a0El Tala\u00a0 \u2013 zona vial, Viva Mercedes \u2013 zona vial y desde zona vial \u2013 La Represa. Se procedi\u00f3 tambi\u00e9n a [&hellip;]\" \/>\n<meta property=\"og:url\" content=\"https:\/\/cpvsantiago.gob.ar\/web\/numerosos-trabajos-efectuados-en-las-areas-de-incumbencia-de-la-zona-vial-n-3-villa-la-punta\/\" \/>\n<meta property=\"og:site_name\" content=\"Consejo Provincial de Vialidad de la Provincia de Santiago del Estero\" \/>\n<meta property=\"article:published_time\" content=\"2024-05-07T13:36:00+00:00\" \/>\n<meta property=\"article:modified_time\" content=\"2024-05-08T18:03:52+00:00\" \/>\n<meta property=\"og:image\" content=\"https:\/\/cpvsantiago.gob.ar\/web\/wp-content\/uploads\/2024\/05\/440941051_901719728631760_3739179762007645484_n-2.jpg\" \/>\n\t<meta property=\"og:image:width\" content=\"809\" \/>\n\t<meta property=\"og:image:height\" content=\"328\" \/>\n\t<meta property=\"og:image:type\" content=\"image\/jpeg\" \/>\n<meta name=\"author\" content=\"cpv\" \/>\n<meta name=\"twitter:card\" content=\"summary_large_image\" \/>\n<meta name=\"twitter:label1\" content=\"Escrito por\" \/>\n\t<meta name=\"twitter:data1\" content=\"cpv\" \/>\n\t<meta name=\"twitter:label2\" content=\"Tiempo de lectura\" \/>\n\t<meta name=\"twitter:data2\" content=\"2 minutos\" \/>\n<script type=\"application\/ld+json\" class=\"yoast-schema-graph\">{\"@context\":\"https:\/\/schema.org\",\"@graph\":[{\"@type\":\"Article\",\"@id\":\"https:\/\/cpvsantiago.gob.ar\/web\/numerosos-trabajos-efectuados-en-las-areas-de-incumbencia-de-la-zona-vial-n-3-villa-la-punta\/#article\",\"isPartOf\":{\"@id\":\"https:\/\/cpvsantiago.gob.ar\/web\/numerosos-trabajos-efectuados-en-las-areas-de-incumbencia-de-la-zona-vial-n-3-villa-la-punta\/\"},\"author\":{\"name\":\"cpv\",\"@id\":\"https:\/\/cpvsantiago.gob.ar\/web\/#\/schema\/person\/aa59e9835d5eb750d8585c860224dc06\"},\"headline\":\"Numerosos trabajos efectuados en las \u00e1reas de incumbencia de la Zona Vial N\u00b0 3 Villa La Punta\",\"datePublished\":\"2024-05-07T13:36:00+00:00\",\"dateModified\":\"2024-05-08T18:03:52+00:00\",\"mainEntityOfPage\":{\"@id\":\"https:\/\/cpvsantiago.gob.ar\/web\/numerosos-trabajos-efectuados-en-las-areas-de-incumbencia-de-la-zona-vial-n-3-villa-la-punta\/\"},\"wordCount\":162,\"commentCount\":0,\"image\":{\"@id\":\"https:\/\/cpvsantiago.gob.ar\/web\/numerosos-trabajos-efectuados-en-las-areas-de-incumbencia-de-la-zona-vial-n-3-villa-la-punta\/#primaryimage\"},\"thumbnailUrl\":\"https:\/\/cpvsantiago.gob.ar\/web\/wp-content\/uploads\/2024\/05\/440941051_901719728631760_3739179762007645484_n-2.jpg\",\"articleSection\":[\"Noticias\",\"Zonas Viales\"],\"inLanguage\":\"es\",\"potentialAction\":[{\"@type\":\"CommentAction\",\"name\":\"Comment\",\"target\":[\"https:\/\/cpvsantiago.gob.ar\/web\/numerosos-trabajos-efectuados-en-las-areas-de-incumbencia-de-la-zona-vial-n-3-villa-la-punta\/#respond\"]}]},{\"@type\":\"WebPage\",\"@id\":\"https:\/\/cpvsantiago.gob.ar\/web\/numerosos-trabajos-efectuados-en-las-areas-de-incumbencia-de-la-zona-vial-n-3-villa-la-punta\/\",\"url\":\"https:\/\/cpvsantiago.gob.ar\/web\/numerosos-trabajos-efectuados-en-las-areas-de-incumbencia-de-la-zona-vial-n-3-villa-la-punta\/\",\"name\":\"Numerosos trabajos efectuados en las \u00e1reas de incumbencia de la Zona Vial N\u00b0 3 Villa La Punta - Consejo Provincial de Vialidad de la Provincia de Santiago del Estero\",\"isPartOf\":{\"@id\":\"https:\/\/cpvsantiago.gob.ar\/web\/#website\"},\"primaryImageOfPage\":{\"@id\":\"https:\/\/cpvsantiago.gob.ar\/web\/numerosos-trabajos-efectuados-en-las-areas-de-incumbencia-de-la-zona-vial-n-3-villa-la-punta\/#primaryimage\"},\"image\":{\"@id\":\"https:\/\/cpvsantiago.gob.ar\/web\/numerosos-trabajos-efectuados-en-las-areas-de-incumbencia-de-la-zona-vial-n-3-villa-la-punta\/#primaryimage\"},\"thumbnailUrl\":\"https:\/\/cpvsantiago.gob.ar\/web\/wp-content\/uploads\/2024\/05\/440941051_901719728631760_3739179762007645484_n-2.jpg\",\"datePublished\":\"2024-05-07T13:36:00+00:00\",\"dateModified\":\"2024-05-08T18:03:52+00:00\",\"author\":{\"@id\":\"https:\/\/cpvsantiago.gob.ar\/web\/#\/schema\/person\/aa59e9835d5eb750d8585c860224dc06\"},\"breadcrumb\":{\"@id\":\"https:\/\/cpvsantiago.gob.ar\/web\/numerosos-trabajos-efectuados-en-las-areas-de-incumbencia-de-la-zona-vial-n-3-villa-la-punta\/#breadcrumb\"},\"inLanguage\":\"es\",\"potentialAction\":[{\"@type\":\"ReadAction\",\"target\":[\"https:\/\/cpvsantiago.gob.ar\/web\/numerosos-trabajos-efectuados-en-las-areas-de-incumbencia-de-la-zona-vial-n-3-villa-la-punta\/\"]}]},{\"@type\":\"ImageObject\",\"inLanguage\":\"es\",\"@id\":\"https:\/\/cpvsantiago.gob.ar\/web\/numerosos-trabajos-efectuados-en-las-areas-de-incumbencia-de-la-zona-vial-n-3-villa-la-punta\/#primaryimage\",\"url\":\"https:\/\/cpvsantiago.gob.ar\/web\/wp-content\/uploads\/2024\/05\/440941051_901719728631760_3739179762007645484_n-2.jpg\",\"contentUrl\":\"https:\/\/cpvsantiago.gob.ar\/web\/wp-content\/uploads\/2024\/05\/440941051_901719728631760_3739179762007645484_n-2.jpg\",\"width\":809,\"height\":328},{\"@type\":\"BreadcrumbList\",\"@id\":\"https:\/\/cpvsantiago.gob.ar\/web\/numerosos-trabajos-efectuados-en-las-areas-de-incumbencia-de-la-zona-vial-n-3-villa-la-punta\/#breadcrumb\",\"itemListElement\":[{\"@type\":\"ListItem\",\"position\":1,\"name\":\"Portada\",\"item\":\"https:\/\/cpvsantiago.gob.ar\/web\/\"},{\"@type\":\"ListItem\",\"position\":2,\"name\":\"Numerosos trabajos efectuados en las \u00e1reas de incumbencia de la Zona Vial N\u00b0 3 Villa La Punta\"}]},{\"@type\":\"WebSite\",\"@id\":\"https:\/\/cpvsantiago.gob.ar\/web\/#website\",\"url\":\"https:\/\/cpvsantiago.gob.ar\/web\/\",\"name\":\"Consejo Provincial de Vialidad de la Provincia de Santiago del Estero\",\"description\":\"CPV Santiago del Estero\",\"potentialAction\":[{\"@type\":\"SearchAction\",\"target\":{\"@type\":\"EntryPoint\",\"urlTemplate\":\"https:\/\/cpvsantiago.gob.ar\/web\/?s={search_term_string}\"},\"query-input\":{\"@type\":\"PropertyValueSpecification\",\"valueRequired\":true,\"valueName\":\"search_term_string\"}}],\"inLanguage\":\"es\"},{\"@type\":\"Person\",\"@id\":\"https:\/\/cpvsantiago.gob.ar\/web\/#\/schema\/person\/aa59e9835d5eb750d8585c860224dc06\",\"name\":\"cpv\",\"image\":{\"@type\":\"ImageObject\",\"inLanguage\":\"es\",\"@id\":\"https:\/\/secure.gravatar.com\/avatar\/484802c719c69b738102ad3161a3d525b188c752ad36109725aeae22171ead58?s=96&d=mm&r=g\",\"url\":\"https:\/\/secure.gravatar.com\/avatar\/484802c719c69b738102ad3161a3d525b188c752ad36109725aeae22171ead58?s=96&d=mm&r=g\",\"contentUrl\":\"https:\/\/secure.gravatar.com\/avatar\/484802c719c69b738102ad3161a3d525b188c752ad36109725aeae22171ead58?s=96&d=mm&r=g\",\"caption\":\"cpv\"},\"url\":\"https:\/\/cpvsantiago.gob.ar\/web\/author\/h8000593\/\"}]}<\/script>\n<!-- \/ Yoast SEO Premium plugin. -->","yoast_head_json":{"title":"Numerosos trabajos efectuados en las \u00e1reas de incumbencia de la Zona Vial N\u00b0 3 Villa La Punta - Consejo Provincial de Vialidad de la Provincia de Santiago del Estero","robots":{"index":"index","follow":"follow","max-snippet":"max-snippet:-1","max-image-preview":"max-image-preview:large","max-video-preview":"max-video-preview:-1"},"canonical":"https:\/\/cpvsantiago.gob.ar\/web\/numerosos-trabajos-efectuados-en-las-areas-de-incumbencia-de-la-zona-vial-n-3-villa-la-punta\/","og_locale":"es_ES","og_type":"article","og_title":"Numerosos trabajos efectuados en las \u00e1reas de incumbencia de la Zona Vial N\u00b0 3 Villa La Punta","og_description":"Diversos trabajos realizaron el personal de la Zona Vial N\u00b0 3 durante la semana del 29 de abril\u00a0\u00a0al\u00a0 03 mayo.\u00a0 Los mismos consistieron en \u00a0traslados de personal\u00a0en los tramos: \u00a0zona vial \u2013 La Esperanza, \u00a0\u00a0El Tala\u00a0 \u2013 zona vial, Viva Mercedes \u2013 zona vial y desde zona vial \u2013 La Represa. Se procedi\u00f3 tambi\u00e9n a [&hellip;]","og_url":"https:\/\/cpvsantiago.gob.ar\/web\/numerosos-trabajos-efectuados-en-las-areas-de-incumbencia-de-la-zona-vial-n-3-villa-la-punta\/","og_site_name":"Consejo Provincial de Vialidad de la Provincia de Santiago del Estero","article_published_time":"2024-05-07T13:36:00+00:00","article_modified_time":"2024-05-08T18:03:52+00:00","og_image":[{"width":809,"height":328,"url":"https:\/\/cpvsantiago.gob.ar\/web\/wp-content\/uploads\/2024\/05\/440941051_901719728631760_3739179762007645484_n-2.jpg","type":"image\/jpeg"}],"author":"cpv","twitter_card":"summary_large_image","twitter_misc":{"Escrito por":"cpv","Tiempo de lectura":"2 minutos"},"schema":{"@context":"https:\/\/schema.org","@graph":[{"@type":"Article","@id":"https:\/\/cpvsantiago.gob.ar\/web\/numerosos-trabajos-efectuados-en-las-areas-de-incumbencia-de-la-zona-vial-n-3-villa-la-punta\/#article","isPartOf":{"@id":"https:\/\/cpvsantiago.gob.ar\/web\/numerosos-trabajos-efectuados-en-las-areas-de-incumbencia-de-la-zona-vial-n-3-villa-la-punta\/"},"author":{"name":"cpv","@id":"https:\/\/cpvsantiago.gob.ar\/web\/#\/schema\/person\/aa59e9835d5eb750d8585c860224dc06"},"headline":"Numerosos trabajos efectuados en las \u00e1reas de incumbencia de la Zona Vial N\u00b0 3 Villa La Punta","datePublished":"2024-05-07T13:36:00+00:00","dateModified":"2024-05-08T18:03:52+00:00","mainEntityOfPage":{"@id":"https:\/\/cpvsantiago.gob.ar\/web\/numerosos-trabajos-efectuados-en-las-areas-de-incumbencia-de-la-zona-vial-n-3-villa-la-punta\/"},"wordCount":162,"commentCount":0,"image":{"@id":"https:\/\/cpvsantiago.gob.ar\/web\/numerosos-trabajos-efectuados-en-las-areas-de-incumbencia-de-la-zona-vial-n-3-villa-la-punta\/#primaryimage"},"thumbnailUrl":"https:\/\/cpvsantiago.gob.ar\/web\/wp-content\/uploads\/2024\/05\/440941051_901719728631760_3739179762007645484_n-2.jpg","articleSection":["Noticias","Zonas Viales"],"inLanguage":"es","potentialAction":[{"@type":"CommentAction","name":"Comment","target":["https:\/\/cpvsantiago.gob.ar\/web\/numerosos-trabajos-efectuados-en-las-areas-de-incumbencia-de-la-zona-vial-n-3-villa-la-punta\/#respond"]}]},{"@type":"WebPage","@id":"https:\/\/cpvsantiago.gob.ar\/web\/numerosos-trabajos-efectuados-en-las-areas-de-incumbencia-de-la-zona-vial-n-3-villa-la-punta\/","url":"https:\/\/cpvsantiago.gob.ar\/web\/numerosos-trabajos-efectuados-en-las-areas-de-incumbencia-de-la-zona-vial-n-3-villa-la-punta\/","name":"Numerosos trabajos efectuados en las \u00e1reas de incumbencia de la Zona Vial N\u00b0 3 Villa La Punta - Consejo Provincial de Vialidad de la Provincia de Santiago del Estero","isPartOf":{"@id":"https:\/\/cpvsantiago.gob.ar\/web\/#website"},"primaryImageOfPage":{"@id":"https:\/\/cpvsantiago.gob.ar\/web\/numerosos-trabajos-efectuados-en-las-areas-de-incumbencia-de-la-zona-vial-n-3-villa-la-punta\/#primaryimage"},"image":{"@id":"https:\/\/cpvsantiago.gob.ar\/web\/numerosos-trabajos-efectuados-en-las-areas-de-incumbencia-de-la-zona-vial-n-3-villa-la-punta\/#primaryimage"},"thumbnailUrl":"https:\/\/cpvsantiago.gob.ar\/web\/wp-content\/uploads\/2024\/05\/440941051_901719728631760_3739179762007645484_n-2.jpg","datePublished":"2024-05-07T13:36:00+00:00","dateModified":"2024-05-08T18:03:52+00:00","author":{"@id":"https:\/\/cpvsantiago.gob.ar\/web\/#\/schema\/person\/aa59e9835d5eb750d8585c860224dc06"},"breadcrumb":{"@id":"https:\/\/cpvsantiago.gob.ar\/web\/numerosos-trabajos-efectuados-en-las-areas-de-incumbencia-de-la-zona-vial-n-3-villa-la-punta\/#breadcrumb"},"inLanguage":"es","potentialAction":[{"@type":"ReadAction","target":["https:\/\/cpvsantiago.gob.ar\/web\/numerosos-trabajos-efectuados-en-las-areas-de-incumbencia-de-la-zona-vial-n-3-villa-la-punta\/"]}]},{"@type":"ImageObject","inLanguage":"es","@id":"https:\/\/cpvsantiago.gob.ar\/web\/numerosos-trabajos-efectuados-en-las-areas-de-incumbencia-de-la-zona-vial-n-3-villa-la-punta\/#primaryimage","url":"https:\/\/cpvsantiago.gob.ar\/web\/wp-content\/uploads\/2024\/05\/440941051_901719728631760_3739179762007645484_n-2.jpg","contentUrl":"https:\/\/cpvsantiago.gob.ar\/web\/wp-content\/uploads\/2024\/05\/440941051_901719728631760_3739179762007645484_n-2.jpg","width":809,"height":328},{"@type":"BreadcrumbList","@id":"https:\/\/cpvsantiago.gob.ar\/web\/numerosos-trabajos-efectuados-en-las-areas-de-incumbencia-de-la-zona-vial-n-3-villa-la-punta\/#breadcrumb","itemListElement":[{"@type":"ListItem","position":1,"name":"Portada","item":"https:\/\/cpvsantiago.gob.ar\/web\/"},{"@type":"ListItem","position":2,"name":"Numerosos trabajos efectuados en las \u00e1reas de incumbencia de la Zona Vial N\u00b0 3 Villa La Punta"}]},{"@type":"WebSite","@id":"https:\/\/cpvsantiago.gob.ar\/web\/#website","url":"https:\/\/cpvsantiago.gob.ar\/web\/","name":"Consejo Provincial de Vialidad de la Provincia de Santiago del Estero","description":"CPV Santiago del Estero","potentialAction":[{"@type":"SearchAction","target":{"@type":"EntryPoint","urlTemplate":"https:\/\/cpvsantiago.gob.ar\/web\/?s={search_term_string}"},"query-input":{"@type":"PropertyValueSpecification","valueRequired":true,"valueName":"search_term_string"}}],"inLanguage":"es"},{"@type":"Person","@id":"https:\/\/cpvsantiago.gob.ar\/web\/#\/schema\/person\/aa59e9835d5eb750d8585c860224dc06","name":"cpv","image":{"@type":"ImageObject","inLanguage":"es","@id":"https:\/\/secure.gravatar.com\/avatar\/484802c719c69b738102ad3161a3d525b188c752ad36109725aeae22171ead58?s=96&d=mm&r=g","url":"https:\/\/secure.gravatar.com\/avatar\/484802c719c69b738102ad3161a3d525b188c752ad36109725aeae22171ead58?s=96&d=mm&r=g","contentUrl":"https:\/\/secure.gravatar.com\/avatar\/484802c719c69b738102ad3161a3d525b188c752ad36109725aeae22171ead58?s=96&d=mm&r=g","caption":"cpv"},"url":"https:\/\/cpvsantiago.gob.ar\/web\/author\/h8000593\/"}]}},"_links":{"self":[{"href":"https:\/\/cpvsantiago.gob.ar\/web\/wp-json\/wp\/v2\/posts\/4734","targetHints":{"allow":["GET"]}}],"collection":[{"href":"https:\/\/cpvsantiago.gob.ar\/web\/wp-json\/wp\/v2\/posts"}],"about":[{"href":"https:\/\/cpvsantiago.gob.ar\/web\/wp-json\/wp\/v2\/types\/post"}],"author":[{"embeddable":true,"href":"https:\/\/cpvsantiago.gob.ar\/web\/wp-json\/wp\/v2\/users\/2"}],"replies":[{"embeddable":true,"href":"https:\/\/cpvsantiago.gob.ar\/web\/wp-json\/wp\/v2\/comments?post=4734"}],"version-history":[{"count":1,"href":"https:\/\/cpvsantiago.gob.ar\/web\/wp-json\/wp\/v2\/posts\/4734\/revisions"}],"predecessor-version":[{"id":4741,"href":"https:\/\/cpvsantiago.gob.ar\/web\/wp-json\/wp\/v2\/posts\/4734\/revisions\/4741"}],"wp:featuredmedia":[{"embeddable":true,"href":"https:\/\/cpvsantiago.gob.ar\/web\/wp-json\/wp\/v2\/media\/4742"}],"wp:attachment":[{"href":"https:\/\/cpvsantiago.gob.ar\/web\/wp-json\/wp\/v2\/media?parent=4734"}],"wp:term":[{"taxonomy":"category","embeddable":true,"href":"https:\/\/cpvsantiago.gob.ar\/web\/wp-json\/wp\/v2\/categories?post=4734"},{"taxonomy":"post_tag","embeddable":true,"href":"https:\/\/cpvsantiago.gob.ar\/web\/wp-json\/wp\/v2\/tags?post=4734"}],"curies":[{"name":"wp","href":"https:\/\/api.w.org\/{rel}","templated":true}]}}