{"id":4758,"date":"2024-05-11T10:22:00","date_gmt":"2024-05-11T13:22:00","guid":{"rendered":"https:\/\/cpvsantiago.gob.ar\/web\/?p=4758"},"modified":"2024-05-23T10:27:48","modified_gmt":"2024-05-23T13:27:48","slug":"importantes-tareas-llevadas-a-cabo-por-personal-de-la-zona-vial-n3-villa-la-punta","status":"publish","type":"post","link":"https:\/\/cpvsantiago.gob.ar\/web\/importantes-tareas-llevadas-a-cabo-por-personal-de-la-zona-vial-n3-villa-la-punta\/","title":{"rendered":"Importantes tareas llevadas a cabo por personal de la Zona Vial N\u00b03 Villa La Punta"},"content":{"rendered":"\n<p>Trabajadores del CPV de la Zona Vial de Villa La Punta efectuaron el transporte material base estabilizada en los tramos: Cantera &#8211; Los Pozos y El Tacial &#8211; Choya.\u00a0 tambi\u00e9n procedieron a la reconstrucci\u00f3n de abovedamiento en los tramos: Medio Mundo &#8211; San Pedro y Medio Mundo Pozo Cabao.<\/p>\n\n\n\n<p>Se realiz\u00f3 tambi\u00e9n trabajos de perfilado calzada enripiada en los tramos:\u00a0 El Tacial &#8211; \u00a0San Nicol\u00e1s; San Nicol\u00e1s &#8211; La Esperanza; El Tacial &#8211; \u00a0Choya; Medio Mundo &#8211; San Pedro; \u00a0San Pedro &#8211; \u00a0Pozo Cabao; Viva Mercedes &#8211; La Guardia; \u00a0La Guardia &#8211; Las Barrancas.\u00a0 Siguiendo con las actividades se efectu\u00f3 la limpieza zona de camino en los tramos: La Guardia &#8211; \u00a0Las Barrancas; Las Barrancas &#8211; \u00a0La Guardia.\u00a0 Se procedi\u00f3 tambi\u00e9n a movimiento de suelo para rellenado de cortes en el tramo La Guardia &#8211;\u00a0 Las Barrancas.\u00a0<\/p>\n\n\n\n<p>En otro orden de labores se dispusieron a distribuir material base estabilizada en los tramos: La Esperanza &#8211;\u00a0 Los Pozos; El Tacial \u2013 Choya.\u00a0 Se trabaj\u00f3 adem\u00e1s\u00a0 en el acopio y cargado material base estabilizada y bacheo con material en caliente en el tramo: Estaci\u00f3n La Punta &#8211; Flores , sobre Ruta Provincial N\u00b06.<\/p>\n\n\n\n<figure class=\"wp-block-gallery has-nested-images columns-default is-cropped wp-block-gallery-1 is-layout-flex wp-block-gallery-is-layout-flex\">\n<figure class=\"wp-block-image size-large\"><a href=\"https:\/\/cpvsantiago.gob.ar\/web\/wp-content\/uploads\/2024\/05\/436235650_904409001696166_1796482782071072047_n.jpg\"><img loading=\"lazy\" decoding=\"async\" width=\"768\" height=\"1024\" data-id=\"4759\" src=\"https:\/\/cpvsantiago.gob.ar\/web\/wp-content\/uploads\/2024\/05\/436235650_904409001696166_1796482782071072047_n-768x1024.jpg\" alt=\"\" class=\"wp-image-4759\" srcset=\"https:\/\/cpvsantiago.gob.ar\/web\/wp-content\/uploads\/2024\/05\/436235650_904409001696166_1796482782071072047_n-768x1024.jpg 768w, https:\/\/cpvsantiago.gob.ar\/web\/wp-content\/uploads\/2024\/05\/436235650_904409001696166_1796482782071072047_n-225x300.jpg 225w, https:\/\/cpvsantiago.gob.ar\/web\/wp-content\/uploads\/2024\/05\/436235650_904409001696166_1796482782071072047_n-150x200.jpg 150w, https:\/\/cpvsantiago.gob.ar\/web\/wp-content\/uploads\/2024\/05\/436235650_904409001696166_1796482782071072047_n-300x400.jpg 300w, https:\/\/cpvsantiago.gob.ar\/web\/wp-content\/uploads\/2024\/05\/436235650_904409001696166_1796482782071072047_n-696x928.jpg 696w, https:\/\/cpvsantiago.gob.ar\/web\/wp-content\/uploads\/2024\/05\/436235650_904409001696166_1796482782071072047_n.jpg 960w\" sizes=\"auto, (max-width: 768px) 100vw, 768px\" \/><\/a><\/figure>\n\n\n\n<figure class=\"wp-block-image size-large\"><a href=\"https:\/\/cpvsantiago.gob.ar\/web\/wp-content\/uploads\/2024\/05\/436308554_904409135029486_8314523233744640051_n.jpg\"><img loading=\"lazy\" decoding=\"async\" width=\"768\" height=\"1024\" data-id=\"4764\" src=\"https:\/\/cpvsantiago.gob.ar\/web\/wp-content\/uploads\/2024\/05\/436308554_904409135029486_8314523233744640051_n-768x1024.jpg\" alt=\"\" class=\"wp-image-4764\" srcset=\"https:\/\/cpvsantiago.gob.ar\/web\/wp-content\/uploads\/2024\/05\/436308554_904409135029486_8314523233744640051_n-768x1024.jpg 768w, https:\/\/cpvsantiago.gob.ar\/web\/wp-content\/uploads\/2024\/05\/436308554_904409135029486_8314523233744640051_n-225x300.jpg 225w, https:\/\/cpvsantiago.gob.ar\/web\/wp-content\/uploads\/2024\/05\/436308554_904409135029486_8314523233744640051_n-150x200.jpg 150w, https:\/\/cpvsantiago.gob.ar\/web\/wp-content\/uploads\/2024\/05\/436308554_904409135029486_8314523233744640051_n-300x400.jpg 300w, https:\/\/cpvsantiago.gob.ar\/web\/wp-content\/uploads\/2024\/05\/436308554_904409135029486_8314523233744640051_n-696x928.jpg 696w, https:\/\/cpvsantiago.gob.ar\/web\/wp-content\/uploads\/2024\/05\/436308554_904409135029486_8314523233744640051_n.jpg 960w\" sizes=\"auto, (max-width: 768px) 100vw, 768px\" \/><\/a><\/figure>\n\n\n\n<figure class=\"wp-block-image size-large\"><a href=\"https:\/\/cpvsantiago.gob.ar\/web\/wp-content\/uploads\/2024\/05\/440930626_904407921696274_4414858990899341606_n-1.jpg\"><img loading=\"lazy\" decoding=\"async\" width=\"768\" height=\"1024\" data-id=\"4760\" src=\"https:\/\/cpvsantiago.gob.ar\/web\/wp-content\/uploads\/2024\/05\/440930626_904407921696274_4414858990899341606_n-1-768x1024.jpg\" alt=\"\" class=\"wp-image-4760\" srcset=\"https:\/\/cpvsantiago.gob.ar\/web\/wp-content\/uploads\/2024\/05\/440930626_904407921696274_4414858990899341606_n-1-768x1024.jpg 768w, https:\/\/cpvsantiago.gob.ar\/web\/wp-content\/uploads\/2024\/05\/440930626_904407921696274_4414858990899341606_n-1-225x300.jpg 225w, https:\/\/cpvsantiago.gob.ar\/web\/wp-content\/uploads\/2024\/05\/440930626_904407921696274_4414858990899341606_n-1-150x200.jpg 150w, https:\/\/cpvsantiago.gob.ar\/web\/wp-content\/uploads\/2024\/05\/440930626_904407921696274_4414858990899341606_n-1-300x400.jpg 300w, https:\/\/cpvsantiago.gob.ar\/web\/wp-content\/uploads\/2024\/05\/440930626_904407921696274_4414858990899341606_n-1-696x928.jpg 696w, https:\/\/cpvsantiago.gob.ar\/web\/wp-content\/uploads\/2024\/05\/440930626_904407921696274_4414858990899341606_n-1.jpg 960w\" sizes=\"auto, (max-width: 768px) 100vw, 768px\" \/><\/a><\/figure>\n\n\n\n<figure class=\"wp-block-image size-large\"><a href=\"https:\/\/cpvsantiago.gob.ar\/web\/wp-content\/uploads\/2024\/05\/440930626_904407921696274_4414858990899341606_n.jpg\"><img loading=\"lazy\" decoding=\"async\" width=\"768\" height=\"1024\" data-id=\"4762\" src=\"https:\/\/cpvsantiago.gob.ar\/web\/wp-content\/uploads\/2024\/05\/440930626_904407921696274_4414858990899341606_n-768x1024.jpg\" alt=\"\" class=\"wp-image-4762\" srcset=\"https:\/\/cpvsantiago.gob.ar\/web\/wp-content\/uploads\/2024\/05\/440930626_904407921696274_4414858990899341606_n-768x1024.jpg 768w, https:\/\/cpvsantiago.gob.ar\/web\/wp-content\/uploads\/2024\/05\/440930626_904407921696274_4414858990899341606_n-225x300.jpg 225w, https:\/\/cpvsantiago.gob.ar\/web\/wp-content\/uploads\/2024\/05\/440930626_904407921696274_4414858990899341606_n-150x200.jpg 150w, https:\/\/cpvsantiago.gob.ar\/web\/wp-content\/uploads\/2024\/05\/440930626_904407921696274_4414858990899341606_n-300x400.jpg 300w, https:\/\/cpvsantiago.gob.ar\/web\/wp-content\/uploads\/2024\/05\/440930626_904407921696274_4414858990899341606_n-696x928.jpg 696w, https:\/\/cpvsantiago.gob.ar\/web\/wp-content\/uploads\/2024\/05\/440930626_904407921696274_4414858990899341606_n.jpg 960w\" sizes=\"auto, (max-width: 768px) 100vw, 768px\" \/><\/a><\/figure>\n\n\n\n<figure class=\"wp-block-image size-large\"><a href=\"https:\/\/cpvsantiago.gob.ar\/web\/wp-content\/uploads\/2024\/05\/440933003_904409101696156_5095292329406745092_n.jpg\"><img loading=\"lazy\" decoding=\"async\" width=\"768\" height=\"1024\" data-id=\"4761\" src=\"https:\/\/cpvsantiago.gob.ar\/web\/wp-content\/uploads\/2024\/05\/440933003_904409101696156_5095292329406745092_n-768x1024.jpg\" alt=\"\" class=\"wp-image-4761\" srcset=\"https:\/\/cpvsantiago.gob.ar\/web\/wp-content\/uploads\/2024\/05\/440933003_904409101696156_5095292329406745092_n-768x1024.jpg 768w, https:\/\/cpvsantiago.gob.ar\/web\/wp-content\/uploads\/2024\/05\/440933003_904409101696156_5095292329406745092_n-225x300.jpg 225w, https:\/\/cpvsantiago.gob.ar\/web\/wp-content\/uploads\/2024\/05\/440933003_904409101696156_5095292329406745092_n-150x200.jpg 150w, https:\/\/cpvsantiago.gob.ar\/web\/wp-content\/uploads\/2024\/05\/440933003_904409101696156_5095292329406745092_n-300x400.jpg 300w, https:\/\/cpvsantiago.gob.ar\/web\/wp-content\/uploads\/2024\/05\/440933003_904409101696156_5095292329406745092_n-696x928.jpg 696w, https:\/\/cpvsantiago.gob.ar\/web\/wp-content\/uploads\/2024\/05\/440933003_904409101696156_5095292329406745092_n.jpg 960w\" sizes=\"auto, (max-width: 768px) 100vw, 768px\" \/><\/a><\/figure>\n\n\n\n<figure class=\"wp-block-image size-large\"><a href=\"https:\/\/cpvsantiago.gob.ar\/web\/wp-content\/uploads\/2024\/05\/440938991_904408558362877_990678096398229568_n.jpg\"><img loading=\"lazy\" decoding=\"async\" width=\"768\" height=\"1024\" data-id=\"4765\" src=\"https:\/\/cpvsantiago.gob.ar\/web\/wp-content\/uploads\/2024\/05\/440938991_904408558362877_990678096398229568_n-768x1024.jpg\" alt=\"\" class=\"wp-image-4765\" srcset=\"https:\/\/cpvsantiago.gob.ar\/web\/wp-content\/uploads\/2024\/05\/440938991_904408558362877_990678096398229568_n-768x1024.jpg 768w, https:\/\/cpvsantiago.gob.ar\/web\/wp-content\/uploads\/2024\/05\/440938991_904408558362877_990678096398229568_n-225x300.jpg 225w, https:\/\/cpvsantiago.gob.ar\/web\/wp-content\/uploads\/2024\/05\/440938991_904408558362877_990678096398229568_n-150x200.jpg 150w, https:\/\/cpvsantiago.gob.ar\/web\/wp-content\/uploads\/2024\/05\/440938991_904408558362877_990678096398229568_n-300x400.jpg 300w, https:\/\/cpvsantiago.gob.ar\/web\/wp-content\/uploads\/2024\/05\/440938991_904408558362877_990678096398229568_n-696x928.jpg 696w, https:\/\/cpvsantiago.gob.ar\/web\/wp-content\/uploads\/2024\/05\/440938991_904408558362877_990678096398229568_n.jpg 960w\" sizes=\"auto, (max-width: 768px) 100vw, 768px\" \/><\/a><\/figure>\n\n\n\n<figure class=\"wp-block-image size-large\"><a href=\"https:\/\/cpvsantiago.gob.ar\/web\/wp-content\/uploads\/2024\/05\/440939982_904409185029481_3150217435070546765_n.jpg\"><img loading=\"lazy\" decoding=\"async\" width=\"768\" height=\"1024\" data-id=\"4766\" src=\"https:\/\/cpvsantiago.gob.ar\/web\/wp-content\/uploads\/2024\/05\/440939982_904409185029481_3150217435070546765_n-768x1024.jpg\" alt=\"\" class=\"wp-image-4766\" srcset=\"https:\/\/cpvsantiago.gob.ar\/web\/wp-content\/uploads\/2024\/05\/440939982_904409185029481_3150217435070546765_n-768x1024.jpg 768w, https:\/\/cpvsantiago.gob.ar\/web\/wp-content\/uploads\/2024\/05\/440939982_904409185029481_3150217435070546765_n-225x300.jpg 225w, https:\/\/cpvsantiago.gob.ar\/web\/wp-content\/uploads\/2024\/05\/440939982_904409185029481_3150217435070546765_n-150x200.jpg 150w, https:\/\/cpvsantiago.gob.ar\/web\/wp-content\/uploads\/2024\/05\/440939982_904409185029481_3150217435070546765_n-300x400.jpg 300w, https:\/\/cpvsantiago.gob.ar\/web\/wp-content\/uploads\/2024\/05\/440939982_904409185029481_3150217435070546765_n-696x928.jpg 696w, https:\/\/cpvsantiago.gob.ar\/web\/wp-content\/uploads\/2024\/05\/440939982_904409185029481_3150217435070546765_n.jpg 960w\" sizes=\"auto, (max-width: 768px) 100vw, 768px\" \/><\/a><\/figure>\n\n\n\n<figure class=\"wp-block-image size-large\"><a href=\"https:\/\/cpvsantiago.gob.ar\/web\/wp-content\/uploads\/2024\/05\/441195550_904408141696252_5568968870012410222_n.jpg\"><img loading=\"lazy\" decoding=\"async\" width=\"768\" height=\"1024\" data-id=\"4763\" src=\"https:\/\/cpvsantiago.gob.ar\/web\/wp-content\/uploads\/2024\/05\/441195550_904408141696252_5568968870012410222_n-768x1024.jpg\" alt=\"\" class=\"wp-image-4763\" srcset=\"https:\/\/cpvsantiago.gob.ar\/web\/wp-content\/uploads\/2024\/05\/441195550_904408141696252_5568968870012410222_n-768x1024.jpg 768w, https:\/\/cpvsantiago.gob.ar\/web\/wp-content\/uploads\/2024\/05\/441195550_904408141696252_5568968870012410222_n-225x300.jpg 225w, https:\/\/cpvsantiago.gob.ar\/web\/wp-content\/uploads\/2024\/05\/441195550_904408141696252_5568968870012410222_n-150x200.jpg 150w, https:\/\/cpvsantiago.gob.ar\/web\/wp-content\/uploads\/2024\/05\/441195550_904408141696252_5568968870012410222_n-300x400.jpg 300w, https:\/\/cpvsantiago.gob.ar\/web\/wp-content\/uploads\/2024\/05\/441195550_904408141696252_5568968870012410222_n-696x928.jpg 696w, https:\/\/cpvsantiago.gob.ar\/web\/wp-content\/uploads\/2024\/05\/441195550_904408141696252_5568968870012410222_n.jpg 960w\" sizes=\"auto, (max-width: 768px) 100vw, 768px\" \/><\/a><\/figure>\n\n\n\n<figure class=\"wp-block-image size-large\"><a href=\"https:\/\/cpvsantiago.gob.ar\/web\/wp-content\/uploads\/2024\/05\/442391649_904408031696263_3943453983290642231_n.jpg\"><img loading=\"lazy\" decoding=\"async\" width=\"768\" height=\"1024\" data-id=\"4767\" src=\"https:\/\/cpvsantiago.gob.ar\/web\/wp-content\/uploads\/2024\/05\/442391649_904408031696263_3943453983290642231_n-768x1024.jpg\" alt=\"\" class=\"wp-image-4767\" srcset=\"https:\/\/cpvsantiago.gob.ar\/web\/wp-content\/uploads\/2024\/05\/442391649_904408031696263_3943453983290642231_n-768x1024.jpg 768w, https:\/\/cpvsantiago.gob.ar\/web\/wp-content\/uploads\/2024\/05\/442391649_904408031696263_3943453983290642231_n-225x300.jpg 225w, https:\/\/cpvsantiago.gob.ar\/web\/wp-content\/uploads\/2024\/05\/442391649_904408031696263_3943453983290642231_n-150x200.jpg 150w, https:\/\/cpvsantiago.gob.ar\/web\/wp-content\/uploads\/2024\/05\/442391649_904408031696263_3943453983290642231_n-300x400.jpg 300w, https:\/\/cpvsantiago.gob.ar\/web\/wp-content\/uploads\/2024\/05\/442391649_904408031696263_3943453983290642231_n-696x928.jpg 696w, https:\/\/cpvsantiago.gob.ar\/web\/wp-content\/uploads\/2024\/05\/442391649_904408031696263_3943453983290642231_n.jpg 960w\" sizes=\"auto, (max-width: 768px) 100vw, 768px\" \/><\/a><\/figure>\n\n\n\n<figure class=\"wp-block-image size-large\"><a href=\"https:\/\/cpvsantiago.gob.ar\/web\/wp-content\/uploads\/2024\/05\/442408080_904408108362922_3840587540348558621_n.jpg\"><img loading=\"lazy\" decoding=\"async\" width=\"768\" height=\"1024\" data-id=\"4768\" src=\"https:\/\/cpvsantiago.gob.ar\/web\/wp-content\/uploads\/2024\/05\/442408080_904408108362922_3840587540348558621_n-768x1024.jpg\" alt=\"\" class=\"wp-image-4768\" srcset=\"https:\/\/cpvsantiago.gob.ar\/web\/wp-content\/uploads\/2024\/05\/442408080_904408108362922_3840587540348558621_n-768x1024.jpg 768w, https:\/\/cpvsantiago.gob.ar\/web\/wp-content\/uploads\/2024\/05\/442408080_904408108362922_3840587540348558621_n-225x300.jpg 225w, https:\/\/cpvsantiago.gob.ar\/web\/wp-content\/uploads\/2024\/05\/442408080_904408108362922_3840587540348558621_n-150x200.jpg 150w, https:\/\/cpvsantiago.gob.ar\/web\/wp-content\/uploads\/2024\/05\/442408080_904408108362922_3840587540348558621_n-300x400.jpg 300w, https:\/\/cpvsantiago.gob.ar\/web\/wp-content\/uploads\/2024\/05\/442408080_904408108362922_3840587540348558621_n-696x928.jpg 696w, https:\/\/cpvsantiago.gob.ar\/web\/wp-content\/uploads\/2024\/05\/442408080_904408108362922_3840587540348558621_n.jpg 960w\" sizes=\"auto, (max-width: 768px) 100vw, 768px\" \/><\/a><\/figure>\n<\/figure>\n","protected":false},"excerpt":{"rendered":"<p>Trabajadores del CPV de la Zona Vial de Villa La Punta efectuaron el transporte material base estabilizada en los tramos: Cantera &#8211; Los Pozos y El Tacial &#8211; Choya.\u00a0 tambi\u00e9n procedieron a la reconstrucci\u00f3n de abovedamiento en los tramos: Medio Mundo &#8211; San Pedro y Medio Mundo Pozo Cabao. Se realiz\u00f3 tambi\u00e9n trabajos de perfilado [&hellip;]<\/p>\n","protected":false},"author":2,"featured_media":4769,"comment_status":"open","ping_status":"open","sticky":false,"template":"","format":"standard","meta":{"footnotes":""},"categories":[5,3],"tags":[],"class_list":{"0":"post-4758","1":"post","2":"type-post","3":"status-publish","4":"format-standard","5":"has-post-thumbnail","7":"category-noticias","8":"category-zonas_viales"},"yoast_head":"<!-- This site is optimized with the Yoast SEO Premium plugin v24.8 (Yoast SEO v27.2) - https:\/\/yoast.com\/product\/yoast-seo-premium-wordpress\/ -->\n<title>Importantes tareas llevadas a cabo por personal de la Zona Vial N\u00b03 Villa La Punta - Consejo Provincial de Vialidad de la Provincia de Santiago del Estero<\/title>\n<meta name=\"robots\" content=\"index, follow, max-snippet:-1, max-image-preview:large, max-video-preview:-1\" \/>\n<link rel=\"canonical\" href=\"https:\/\/cpvsantiago.gob.ar\/web\/importantes-tareas-llevadas-a-cabo-por-personal-de-la-zona-vial-n3-villa-la-punta\/\" \/>\n<meta property=\"og:locale\" content=\"es_ES\" \/>\n<meta property=\"og:type\" content=\"article\" \/>\n<meta property=\"og:title\" content=\"Importantes tareas llevadas a cabo por personal de la Zona Vial N\u00b03 Villa La Punta\" \/>\n<meta property=\"og:description\" content=\"Trabajadores del CPV de la Zona Vial de Villa La Punta efectuaron el transporte material base estabilizada en los tramos: Cantera &#8211; Los Pozos y El Tacial &#8211; Choya.\u00a0 tambi\u00e9n procedieron a la reconstrucci\u00f3n de abovedamiento en los tramos: Medio Mundo &#8211; San Pedro y Medio Mundo Pozo Cabao. Se realiz\u00f3 tambi\u00e9n trabajos de perfilado [&hellip;]\" \/>\n<meta property=\"og:url\" content=\"https:\/\/cpvsantiago.gob.ar\/web\/importantes-tareas-llevadas-a-cabo-por-personal-de-la-zona-vial-n3-villa-la-punta\/\" \/>\n<meta property=\"og:site_name\" content=\"Consejo Provincial de Vialidad de la Provincia de Santiago del Estero\" \/>\n<meta property=\"article:published_time\" content=\"2024-05-11T13:22:00+00:00\" \/>\n<meta property=\"article:modified_time\" content=\"2024-05-23T13:27:48+00:00\" \/>\n<meta property=\"og:image\" content=\"https:\/\/cpvsantiago.gob.ar\/web\/wp-content\/uploads\/2024\/05\/foto-01.jpg\" \/>\n\t<meta property=\"og:image:width\" content=\"946\" \/>\n\t<meta property=\"og:image:height\" content=\"561\" \/>\n\t<meta property=\"og:image:type\" content=\"image\/jpeg\" \/>\n<meta name=\"author\" content=\"cpv\" \/>\n<meta name=\"twitter:card\" content=\"summary_large_image\" \/>\n<meta name=\"twitter:label1\" content=\"Escrito por\" \/>\n\t<meta name=\"twitter:data1\" content=\"cpv\" \/>\n\t<meta name=\"twitter:label2\" content=\"Tiempo de lectura\" \/>\n\t<meta name=\"twitter:data2\" content=\"3 minutos\" \/>\n<script type=\"application\/ld+json\" class=\"yoast-schema-graph\">{\"@context\":\"https:\/\/schema.org\",\"@graph\":[{\"@type\":\"Article\",\"@id\":\"https:\/\/cpvsantiago.gob.ar\/web\/importantes-tareas-llevadas-a-cabo-por-personal-de-la-zona-vial-n3-villa-la-punta\/#article\",\"isPartOf\":{\"@id\":\"https:\/\/cpvsantiago.gob.ar\/web\/importantes-tareas-llevadas-a-cabo-por-personal-de-la-zona-vial-n3-villa-la-punta\/\"},\"author\":{\"name\":\"cpv\",\"@id\":\"https:\/\/cpvsantiago.gob.ar\/web\/#\/schema\/person\/aa59e9835d5eb750d8585c860224dc06\"},\"headline\":\"Importantes tareas llevadas a cabo por personal de la Zona Vial N\u00b03 Villa La Punta\",\"datePublished\":\"2024-05-11T13:22:00+00:00\",\"dateModified\":\"2024-05-23T13:27:48+00:00\",\"mainEntityOfPage\":{\"@id\":\"https:\/\/cpvsantiago.gob.ar\/web\/importantes-tareas-llevadas-a-cabo-por-personal-de-la-zona-vial-n3-villa-la-punta\/\"},\"wordCount\":212,\"commentCount\":0,\"image\":{\"@id\":\"https:\/\/cpvsantiago.gob.ar\/web\/importantes-tareas-llevadas-a-cabo-por-personal-de-la-zona-vial-n3-villa-la-punta\/#primaryimage\"},\"thumbnailUrl\":\"https:\/\/cpvsantiago.gob.ar\/web\/wp-content\/uploads\/2024\/05\/foto-01.jpg\",\"articleSection\":[\"Noticias\",\"Zonas Viales\"],\"inLanguage\":\"es\",\"potentialAction\":[{\"@type\":\"CommentAction\",\"name\":\"Comment\",\"target\":[\"https:\/\/cpvsantiago.gob.ar\/web\/importantes-tareas-llevadas-a-cabo-por-personal-de-la-zona-vial-n3-villa-la-punta\/#respond\"]}]},{\"@type\":\"WebPage\",\"@id\":\"https:\/\/cpvsantiago.gob.ar\/web\/importantes-tareas-llevadas-a-cabo-por-personal-de-la-zona-vial-n3-villa-la-punta\/\",\"url\":\"https:\/\/cpvsantiago.gob.ar\/web\/importantes-tareas-llevadas-a-cabo-por-personal-de-la-zona-vial-n3-villa-la-punta\/\",\"name\":\"Importantes tareas llevadas a cabo por personal de la Zona Vial N\u00b03 Villa La Punta - Consejo Provincial de Vialidad de la Provincia de Santiago del Estero\",\"isPartOf\":{\"@id\":\"https:\/\/cpvsantiago.gob.ar\/web\/#website\"},\"primaryImageOfPage\":{\"@id\":\"https:\/\/cpvsantiago.gob.ar\/web\/importantes-tareas-llevadas-a-cabo-por-personal-de-la-zona-vial-n3-villa-la-punta\/#primaryimage\"},\"image\":{\"@id\":\"https:\/\/cpvsantiago.gob.ar\/web\/importantes-tareas-llevadas-a-cabo-por-personal-de-la-zona-vial-n3-villa-la-punta\/#primaryimage\"},\"thumbnailUrl\":\"https:\/\/cpvsantiago.gob.ar\/web\/wp-content\/uploads\/2024\/05\/foto-01.jpg\",\"datePublished\":\"2024-05-11T13:22:00+00:00\",\"dateModified\":\"2024-05-23T13:27:48+00:00\",\"author\":{\"@id\":\"https:\/\/cpvsantiago.gob.ar\/web\/#\/schema\/person\/aa59e9835d5eb750d8585c860224dc06\"},\"breadcrumb\":{\"@id\":\"https:\/\/cpvsantiago.gob.ar\/web\/importantes-tareas-llevadas-a-cabo-por-personal-de-la-zona-vial-n3-villa-la-punta\/#breadcrumb\"},\"inLanguage\":\"es\",\"potentialAction\":[{\"@type\":\"ReadAction\",\"target\":[\"https:\/\/cpvsantiago.gob.ar\/web\/importantes-tareas-llevadas-a-cabo-por-personal-de-la-zona-vial-n3-villa-la-punta\/\"]}]},{\"@type\":\"ImageObject\",\"inLanguage\":\"es\",\"@id\":\"https:\/\/cpvsantiago.gob.ar\/web\/importantes-tareas-llevadas-a-cabo-por-personal-de-la-zona-vial-n3-villa-la-punta\/#primaryimage\",\"url\":\"https:\/\/cpvsantiago.gob.ar\/web\/wp-content\/uploads\/2024\/05\/foto-01.jpg\",\"contentUrl\":\"https:\/\/cpvsantiago.gob.ar\/web\/wp-content\/uploads\/2024\/05\/foto-01.jpg\",\"width\":946,\"height\":561},{\"@type\":\"BreadcrumbList\",\"@id\":\"https:\/\/cpvsantiago.gob.ar\/web\/importantes-tareas-llevadas-a-cabo-por-personal-de-la-zona-vial-n3-villa-la-punta\/#breadcrumb\",\"itemListElement\":[{\"@type\":\"ListItem\",\"position\":1,\"name\":\"Portada\",\"item\":\"https:\/\/cpvsantiago.gob.ar\/web\/\"},{\"@type\":\"ListItem\",\"position\":2,\"name\":\"Importantes tareas llevadas a cabo por personal de la Zona Vial N\u00b03 Villa La Punta\"}]},{\"@type\":\"WebSite\",\"@id\":\"https:\/\/cpvsantiago.gob.ar\/web\/#website\",\"url\":\"https:\/\/cpvsantiago.gob.ar\/web\/\",\"name\":\"Consejo Provincial de Vialidad de la Provincia de Santiago del Estero\",\"description\":\"CPV Santiago del Estero\",\"potentialAction\":[{\"@type\":\"SearchAction\",\"target\":{\"@type\":\"EntryPoint\",\"urlTemplate\":\"https:\/\/cpvsantiago.gob.ar\/web\/?s={search_term_string}\"},\"query-input\":{\"@type\":\"PropertyValueSpecification\",\"valueRequired\":true,\"valueName\":\"search_term_string\"}}],\"inLanguage\":\"es\"},{\"@type\":\"Person\",\"@id\":\"https:\/\/cpvsantiago.gob.ar\/web\/#\/schema\/person\/aa59e9835d5eb750d8585c860224dc06\",\"name\":\"cpv\",\"image\":{\"@type\":\"ImageObject\",\"inLanguage\":\"es\",\"@id\":\"https:\/\/secure.gravatar.com\/avatar\/484802c719c69b738102ad3161a3d525b188c752ad36109725aeae22171ead58?s=96&d=mm&r=g\",\"url\":\"https:\/\/secure.gravatar.com\/avatar\/484802c719c69b738102ad3161a3d525b188c752ad36109725aeae22171ead58?s=96&d=mm&r=g\",\"contentUrl\":\"https:\/\/secure.gravatar.com\/avatar\/484802c719c69b738102ad3161a3d525b188c752ad36109725aeae22171ead58?s=96&d=mm&r=g\",\"caption\":\"cpv\"},\"url\":\"https:\/\/cpvsantiago.gob.ar\/web\/author\/h8000593\/\"}]}<\/script>\n<!-- \/ Yoast SEO Premium plugin. -->","yoast_head_json":{"title":"Importantes tareas llevadas a cabo por personal de la Zona Vial N\u00b03 Villa La Punta - Consejo Provincial de Vialidad de la Provincia de Santiago del Estero","robots":{"index":"index","follow":"follow","max-snippet":"max-snippet:-1","max-image-preview":"max-image-preview:large","max-video-preview":"max-video-preview:-1"},"canonical":"https:\/\/cpvsantiago.gob.ar\/web\/importantes-tareas-llevadas-a-cabo-por-personal-de-la-zona-vial-n3-villa-la-punta\/","og_locale":"es_ES","og_type":"article","og_title":"Importantes tareas llevadas a cabo por personal de la Zona Vial N\u00b03 Villa La Punta","og_description":"Trabajadores del CPV de la Zona Vial de Villa La Punta efectuaron el transporte material base estabilizada en los tramos: Cantera &#8211; Los Pozos y El Tacial &#8211; Choya.\u00a0 tambi\u00e9n procedieron a la reconstrucci\u00f3n de abovedamiento en los tramos: Medio Mundo &#8211; San Pedro y Medio Mundo Pozo Cabao. Se realiz\u00f3 tambi\u00e9n trabajos de perfilado [&hellip;]","og_url":"https:\/\/cpvsantiago.gob.ar\/web\/importantes-tareas-llevadas-a-cabo-por-personal-de-la-zona-vial-n3-villa-la-punta\/","og_site_name":"Consejo Provincial de Vialidad de la Provincia de Santiago del Estero","article_published_time":"2024-05-11T13:22:00+00:00","article_modified_time":"2024-05-23T13:27:48+00:00","og_image":[{"width":946,"height":561,"url":"https:\/\/cpvsantiago.gob.ar\/web\/wp-content\/uploads\/2024\/05\/foto-01.jpg","type":"image\/jpeg"}],"author":"cpv","twitter_card":"summary_large_image","twitter_misc":{"Escrito por":"cpv","Tiempo de lectura":"3 minutos"},"schema":{"@context":"https:\/\/schema.org","@graph":[{"@type":"Article","@id":"https:\/\/cpvsantiago.gob.ar\/web\/importantes-tareas-llevadas-a-cabo-por-personal-de-la-zona-vial-n3-villa-la-punta\/#article","isPartOf":{"@id":"https:\/\/cpvsantiago.gob.ar\/web\/importantes-tareas-llevadas-a-cabo-por-personal-de-la-zona-vial-n3-villa-la-punta\/"},"author":{"name":"cpv","@id":"https:\/\/cpvsantiago.gob.ar\/web\/#\/schema\/person\/aa59e9835d5eb750d8585c860224dc06"},"headline":"Importantes tareas llevadas a cabo por personal de la Zona Vial N\u00b03 Villa La Punta","datePublished":"2024-05-11T13:22:00+00:00","dateModified":"2024-05-23T13:27:48+00:00","mainEntityOfPage":{"@id":"https:\/\/cpvsantiago.gob.ar\/web\/importantes-tareas-llevadas-a-cabo-por-personal-de-la-zona-vial-n3-villa-la-punta\/"},"wordCount":212,"commentCount":0,"image":{"@id":"https:\/\/cpvsantiago.gob.ar\/web\/importantes-tareas-llevadas-a-cabo-por-personal-de-la-zona-vial-n3-villa-la-punta\/#primaryimage"},"thumbnailUrl":"https:\/\/cpvsantiago.gob.ar\/web\/wp-content\/uploads\/2024\/05\/foto-01.jpg","articleSection":["Noticias","Zonas Viales"],"inLanguage":"es","potentialAction":[{"@type":"CommentAction","name":"Comment","target":["https:\/\/cpvsantiago.gob.ar\/web\/importantes-tareas-llevadas-a-cabo-por-personal-de-la-zona-vial-n3-villa-la-punta\/#respond"]}]},{"@type":"WebPage","@id":"https:\/\/cpvsantiago.gob.ar\/web\/importantes-tareas-llevadas-a-cabo-por-personal-de-la-zona-vial-n3-villa-la-punta\/","url":"https:\/\/cpvsantiago.gob.ar\/web\/importantes-tareas-llevadas-a-cabo-por-personal-de-la-zona-vial-n3-villa-la-punta\/","name":"Importantes tareas llevadas a cabo por personal de la Zona Vial N\u00b03 Villa La Punta - Consejo Provincial de Vialidad de la Provincia de Santiago del Estero","isPartOf":{"@id":"https:\/\/cpvsantiago.gob.ar\/web\/#website"},"primaryImageOfPage":{"@id":"https:\/\/cpvsantiago.gob.ar\/web\/importantes-tareas-llevadas-a-cabo-por-personal-de-la-zona-vial-n3-villa-la-punta\/#primaryimage"},"image":{"@id":"https:\/\/cpvsantiago.gob.ar\/web\/importantes-tareas-llevadas-a-cabo-por-personal-de-la-zona-vial-n3-villa-la-punta\/#primaryimage"},"thumbnailUrl":"https:\/\/cpvsantiago.gob.ar\/web\/wp-content\/uploads\/2024\/05\/foto-01.jpg","datePublished":"2024-05-11T13:22:00+00:00","dateModified":"2024-05-23T13:27:48+00:00","author":{"@id":"https:\/\/cpvsantiago.gob.ar\/web\/#\/schema\/person\/aa59e9835d5eb750d8585c860224dc06"},"breadcrumb":{"@id":"https:\/\/cpvsantiago.gob.ar\/web\/importantes-tareas-llevadas-a-cabo-por-personal-de-la-zona-vial-n3-villa-la-punta\/#breadcrumb"},"inLanguage":"es","potentialAction":[{"@type":"ReadAction","target":["https:\/\/cpvsantiago.gob.ar\/web\/importantes-tareas-llevadas-a-cabo-por-personal-de-la-zona-vial-n3-villa-la-punta\/"]}]},{"@type":"ImageObject","inLanguage":"es","@id":"https:\/\/cpvsantiago.gob.ar\/web\/importantes-tareas-llevadas-a-cabo-por-personal-de-la-zona-vial-n3-villa-la-punta\/#primaryimage","url":"https:\/\/cpvsantiago.gob.ar\/web\/wp-content\/uploads\/2024\/05\/foto-01.jpg","contentUrl":"https:\/\/cpvsantiago.gob.ar\/web\/wp-content\/uploads\/2024\/05\/foto-01.jpg","width":946,"height":561},{"@type":"BreadcrumbList","@id":"https:\/\/cpvsantiago.gob.ar\/web\/importantes-tareas-llevadas-a-cabo-por-personal-de-la-zona-vial-n3-villa-la-punta\/#breadcrumb","itemListElement":[{"@type":"ListItem","position":1,"name":"Portada","item":"https:\/\/cpvsantiago.gob.ar\/web\/"},{"@type":"ListItem","position":2,"name":"Importantes tareas llevadas a cabo por personal de la Zona Vial N\u00b03 Villa La Punta"}]},{"@type":"WebSite","@id":"https:\/\/cpvsantiago.gob.ar\/web\/#website","url":"https:\/\/cpvsantiago.gob.ar\/web\/","name":"Consejo Provincial de Vialidad de la Provincia de Santiago del Estero","description":"CPV Santiago del Estero","potentialAction":[{"@type":"SearchAction","target":{"@type":"EntryPoint","urlTemplate":"https:\/\/cpvsantiago.gob.ar\/web\/?s={search_term_string}"},"query-input":{"@type":"PropertyValueSpecification","valueRequired":true,"valueName":"search_term_string"}}],"inLanguage":"es"},{"@type":"Person","@id":"https:\/\/cpvsantiago.gob.ar\/web\/#\/schema\/person\/aa59e9835d5eb750d8585c860224dc06","name":"cpv","image":{"@type":"ImageObject","inLanguage":"es","@id":"https:\/\/secure.gravatar.com\/avatar\/484802c719c69b738102ad3161a3d525b188c752ad36109725aeae22171ead58?s=96&d=mm&r=g","url":"https:\/\/secure.gravatar.com\/avatar\/484802c719c69b738102ad3161a3d525b188c752ad36109725aeae22171ead58?s=96&d=mm&r=g","contentUrl":"https:\/\/secure.gravatar.com\/avatar\/484802c719c69b738102ad3161a3d525b188c752ad36109725aeae22171ead58?s=96&d=mm&r=g","caption":"cpv"},"url":"https:\/\/cpvsantiago.gob.ar\/web\/author\/h8000593\/"}]}},"_links":{"self":[{"href":"https:\/\/cpvsantiago.gob.ar\/web\/wp-json\/wp\/v2\/posts\/4758","targetHints":{"allow":["GET"]}}],"collection":[{"href":"https:\/\/cpvsantiago.gob.ar\/web\/wp-json\/wp\/v2\/posts"}],"about":[{"href":"https:\/\/cpvsantiago.gob.ar\/web\/wp-json\/wp\/v2\/types\/post"}],"author":[{"embeddable":true,"href":"https:\/\/cpvsantiago.gob.ar\/web\/wp-json\/wp\/v2\/users\/2"}],"replies":[{"embeddable":true,"href":"https:\/\/cpvsantiago.gob.ar\/web\/wp-json\/wp\/v2\/comments?post=4758"}],"version-history":[{"count":1,"href":"https:\/\/cpvsantiago.gob.ar\/web\/wp-json\/wp\/v2\/posts\/4758\/revisions"}],"predecessor-version":[{"id":4770,"href":"https:\/\/cpvsantiago.gob.ar\/web\/wp-json\/wp\/v2\/posts\/4758\/revisions\/4770"}],"wp:featuredmedia":[{"embeddable":true,"href":"https:\/\/cpvsantiago.gob.ar\/web\/wp-json\/wp\/v2\/media\/4769"}],"wp:attachment":[{"href":"https:\/\/cpvsantiago.gob.ar\/web\/wp-json\/wp\/v2\/media?parent=4758"}],"wp:term":[{"taxonomy":"category","embeddable":true,"href":"https:\/\/cpvsantiago.gob.ar\/web\/wp-json\/wp\/v2\/categories?post=4758"},{"taxonomy":"post_tag","embeddable":true,"href":"https:\/\/cpvsantiago.gob.ar\/web\/wp-json\/wp\/v2\/tags?post=4758"}],"curies":[{"name":"wp","href":"https:\/\/api.w.org\/{rel}","templated":true}]}}