{"id":4810,"date":"2024-05-17T11:12:13","date_gmt":"2024-05-17T14:12:13","guid":{"rendered":"https:\/\/cpvsantiago.gob.ar\/web\/?p=4810"},"modified":"2024-05-23T11:24:51","modified_gmt":"2024-05-23T14:24:51","slug":"mejoramiento-de-camino-en-el-simbol-mediante-zona-vial-1a-san-pedro","status":"publish","type":"post","link":"https:\/\/cpvsantiago.gob.ar\/web\/mejoramiento-de-camino-en-el-simbol-mediante-zona-vial-1a-san-pedro\/","title":{"rendered":"Mejoramiento de camino en El Simbol mediante \u00a0Zona Vial 1A  San Pedro"},"content":{"rendered":"\n<p>Trabajadores del Consejo Provincial de Vialidad dependientes de la Zona Vial 1 A San Pedro, Departamento Capital, \u00a0se abocaron a efectuar el mejoramiento de camino en El Simbol.\u00a0 Estas tareas se llevaron a cabo con los equipos Motoniveladora\u00a0 SEM 914 int. N\u00b0 191, Tractor Deutz int. N\u00b0 123 con Rolo Neum\u00e1tico y Cami\u00f3n Ford con tanque.\u00a0 Se trabaj\u00f3 con ellos en las tareas de reconstrucci\u00f3n de abovedado y perfilado de calzada, compactaci\u00f3n y riego de camino.<\/p>\n\n\n\n<figure class=\"wp-block-video\"><video height=\"478\" style=\"aspect-ratio: 848 \/ 478;\" width=\"848\" controls src=\"https:\/\/cpvsantiago.gob.ar\/web\/wp-content\/uploads\/2024\/05\/An_doHTJFrOfaTrVhHbx4J7w4dYaCnoONGjncj-Xc1yMwTkirSXBe5yvB37SNzPj3KqJYOD6rOpEkITpnaZ6av0.mp4\"><\/video><\/figure>\n\n\n\n<figure class=\"wp-block-video\"><video height=\"478\" style=\"aspect-ratio: 848 \/ 478;\" width=\"848\" controls src=\"https:\/\/cpvsantiago.gob.ar\/web\/wp-content\/uploads\/2024\/05\/An9Vp6FpBHl-NDWHd_N9S2VPFisoBvN4xOLbZWdpiZ2iyEI8WASdsdapKCORNWXYWF6C1St7gHhM4EpRciqfvWU.mp4\"><\/video><\/figure>\n\n\n\n<figure class=\"wp-block-gallery has-nested-images columns-default is-cropped wp-block-gallery-1 is-layout-flex wp-block-gallery-is-layout-flex\">\n<figure class=\"wp-block-image size-large\"><a href=\"https:\/\/cpvsantiago.gob.ar\/web\/wp-content\/uploads\/2024\/05\/441954954_908813871255679_3739502104251960256_n.jpg\"><img loading=\"lazy\" decoding=\"async\" width=\"473\" height=\"1024\" data-id=\"4813\" src=\"https:\/\/cpvsantiago.gob.ar\/web\/wp-content\/uploads\/2024\/05\/441954954_908813871255679_3739502104251960256_n-473x1024.jpg\" alt=\"\" class=\"wp-image-4813\" srcset=\"https:\/\/cpvsantiago.gob.ar\/web\/wp-content\/uploads\/2024\/05\/441954954_908813871255679_3739502104251960256_n-473x1024.jpg 473w, https:\/\/cpvsantiago.gob.ar\/web\/wp-content\/uploads\/2024\/05\/441954954_908813871255679_3739502104251960256_n-139x300.jpg 139w, https:\/\/cpvsantiago.gob.ar\/web\/wp-content\/uploads\/2024\/05\/441954954_908813871255679_3739502104251960256_n-150x325.jpg 150w, https:\/\/cpvsantiago.gob.ar\/web\/wp-content\/uploads\/2024\/05\/441954954_908813871255679_3739502104251960256_n-300x650.jpg 300w, https:\/\/cpvsantiago.gob.ar\/web\/wp-content\/uploads\/2024\/05\/441954954_908813871255679_3739502104251960256_n.jpg 591w\" sizes=\"auto, (max-width: 473px) 100vw, 473px\" \/><\/a><\/figure>\n\n\n\n<figure class=\"wp-block-image size-large\"><a href=\"https:\/\/cpvsantiago.gob.ar\/web\/wp-content\/uploads\/2024\/05\/441966265_908813867922346_8066316513853126443_n.jpg\"><img loading=\"lazy\" decoding=\"async\" width=\"473\" height=\"1024\" data-id=\"4814\" src=\"https:\/\/cpvsantiago.gob.ar\/web\/wp-content\/uploads\/2024\/05\/441966265_908813867922346_8066316513853126443_n-473x1024.jpg\" alt=\"\" class=\"wp-image-4814\" srcset=\"https:\/\/cpvsantiago.gob.ar\/web\/wp-content\/uploads\/2024\/05\/441966265_908813867922346_8066316513853126443_n-473x1024.jpg 473w, https:\/\/cpvsantiago.gob.ar\/web\/wp-content\/uploads\/2024\/05\/441966265_908813867922346_8066316513853126443_n-139x300.jpg 139w, https:\/\/cpvsantiago.gob.ar\/web\/wp-content\/uploads\/2024\/05\/441966265_908813867922346_8066316513853126443_n-150x325.jpg 150w, https:\/\/cpvsantiago.gob.ar\/web\/wp-content\/uploads\/2024\/05\/441966265_908813867922346_8066316513853126443_n-300x650.jpg 300w, https:\/\/cpvsantiago.gob.ar\/web\/wp-content\/uploads\/2024\/05\/441966265_908813867922346_8066316513853126443_n.jpg 591w\" sizes=\"auto, (max-width: 473px) 100vw, 473px\" \/><\/a><\/figure>\n<\/figure>\n","protected":false},"excerpt":{"rendered":"<p>Trabajadores del Consejo Provincial de Vialidad dependientes de la Zona Vial 1 A San Pedro, Departamento Capital, \u00a0se abocaron a efectuar el mejoramiento de camino en El Simbol.\u00a0 Estas tareas se llevaron a cabo con los equipos Motoniveladora\u00a0 SEM 914 int. N\u00b0 191, Tractor Deutz int. N\u00b0 123 con Rolo Neum\u00e1tico y Cami\u00f3n Ford con [&hellip;]<\/p>\n","protected":false},"author":2,"featured_media":4815,"comment_status":"open","ping_status":"open","sticky":false,"template":"","format":"standard","meta":{"footnotes":""},"categories":[5,3],"tags":[],"class_list":{"0":"post-4810","1":"post","2":"type-post","3":"status-publish","4":"format-standard","5":"has-post-thumbnail","7":"category-noticias","8":"category-zonas_viales"},"yoast_head":"<!-- This site is optimized with the Yoast SEO Premium plugin v24.8 (Yoast SEO v27.2) - https:\/\/yoast.com\/product\/yoast-seo-premium-wordpress\/ -->\n<title>Mejoramiento de camino en El Simbol mediante \u00a0Zona Vial 1A San Pedro - Consejo Provincial de Vialidad de la Provincia de Santiago del Estero<\/title>\n<meta name=\"robots\" content=\"index, follow, max-snippet:-1, max-image-preview:large, max-video-preview:-1\" \/>\n<link rel=\"canonical\" href=\"https:\/\/cpvsantiago.gob.ar\/web\/mejoramiento-de-camino-en-el-simbol-mediante-zona-vial-1a-san-pedro\/\" \/>\n<meta property=\"og:locale\" content=\"es_ES\" \/>\n<meta property=\"og:type\" content=\"article\" \/>\n<meta property=\"og:title\" content=\"Mejoramiento de camino en El Simbol mediante \u00a0Zona Vial 1A San Pedro\" \/>\n<meta property=\"og:description\" content=\"Trabajadores del Consejo Provincial de Vialidad dependientes de la Zona Vial 1 A San Pedro, Departamento Capital, \u00a0se abocaron a efectuar el mejoramiento de camino en El Simbol.\u00a0 Estas tareas se llevaron a cabo con los equipos Motoniveladora\u00a0 SEM 914 int. N\u00b0 191, Tractor Deutz int. N\u00b0 123 con Rolo Neum\u00e1tico y Cami\u00f3n Ford con [&hellip;]\" \/>\n<meta property=\"og:url\" content=\"https:\/\/cpvsantiago.gob.ar\/web\/mejoramiento-de-camino-en-el-simbol-mediante-zona-vial-1a-san-pedro\/\" \/>\n<meta property=\"og:site_name\" content=\"Consejo Provincial de Vialidad de la Provincia de Santiago del Estero\" \/>\n<meta property=\"article:published_time\" content=\"2024-05-17T14:12:13+00:00\" \/>\n<meta property=\"article:modified_time\" content=\"2024-05-23T14:24:51+00:00\" \/>\n<meta property=\"og:image\" content=\"https:\/\/cpvsantiago.gob.ar\/web\/wp-content\/uploads\/2024\/05\/vlcsnap-2024-05-23-11h23m04s949.png\" \/>\n\t<meta property=\"og:image:width\" content=\"848\" \/>\n\t<meta property=\"og:image:height\" content=\"478\" \/>\n\t<meta property=\"og:image:type\" content=\"image\/png\" \/>\n<meta name=\"author\" content=\"cpv\" \/>\n<meta name=\"twitter:card\" content=\"summary_large_image\" \/>\n<meta name=\"twitter:label1\" content=\"Escrito por\" \/>\n\t<meta name=\"twitter:data1\" content=\"cpv\" \/>\n\t<meta name=\"twitter:label2\" content=\"Tiempo de lectura\" \/>\n\t<meta name=\"twitter:data2\" content=\"1 minuto\" \/>\n<script type=\"application\/ld+json\" class=\"yoast-schema-graph\">{\"@context\":\"https:\/\/schema.org\",\"@graph\":[{\"@type\":\"Article\",\"@id\":\"https:\/\/cpvsantiago.gob.ar\/web\/mejoramiento-de-camino-en-el-simbol-mediante-zona-vial-1a-san-pedro\/#article\",\"isPartOf\":{\"@id\":\"https:\/\/cpvsantiago.gob.ar\/web\/mejoramiento-de-camino-en-el-simbol-mediante-zona-vial-1a-san-pedro\/\"},\"author\":{\"name\":\"cpv\",\"@id\":\"https:\/\/cpvsantiago.gob.ar\/web\/#\/schema\/person\/aa59e9835d5eb750d8585c860224dc06\"},\"headline\":\"Mejoramiento de camino en El Simbol mediante \u00a0Zona Vial 1A San Pedro\",\"datePublished\":\"2024-05-17T14:12:13+00:00\",\"dateModified\":\"2024-05-23T14:24:51+00:00\",\"mainEntityOfPage\":{\"@id\":\"https:\/\/cpvsantiago.gob.ar\/web\/mejoramiento-de-camino-en-el-simbol-mediante-zona-vial-1a-san-pedro\/\"},\"wordCount\":88,\"commentCount\":0,\"image\":{\"@id\":\"https:\/\/cpvsantiago.gob.ar\/web\/mejoramiento-de-camino-en-el-simbol-mediante-zona-vial-1a-san-pedro\/#primaryimage\"},\"thumbnailUrl\":\"https:\/\/cpvsantiago.gob.ar\/web\/wp-content\/uploads\/2024\/05\/vlcsnap-2024-05-23-11h23m04s949.png\",\"articleSection\":[\"Noticias\",\"Zonas Viales\"],\"inLanguage\":\"es\",\"potentialAction\":[{\"@type\":\"CommentAction\",\"name\":\"Comment\",\"target\":[\"https:\/\/cpvsantiago.gob.ar\/web\/mejoramiento-de-camino-en-el-simbol-mediante-zona-vial-1a-san-pedro\/#respond\"]}]},{\"@type\":\"WebPage\",\"@id\":\"https:\/\/cpvsantiago.gob.ar\/web\/mejoramiento-de-camino-en-el-simbol-mediante-zona-vial-1a-san-pedro\/\",\"url\":\"https:\/\/cpvsantiago.gob.ar\/web\/mejoramiento-de-camino-en-el-simbol-mediante-zona-vial-1a-san-pedro\/\",\"name\":\"Mejoramiento de camino en El Simbol mediante \u00a0Zona Vial 1A San Pedro - Consejo Provincial de Vialidad de la Provincia de Santiago del Estero\",\"isPartOf\":{\"@id\":\"https:\/\/cpvsantiago.gob.ar\/web\/#website\"},\"primaryImageOfPage\":{\"@id\":\"https:\/\/cpvsantiago.gob.ar\/web\/mejoramiento-de-camino-en-el-simbol-mediante-zona-vial-1a-san-pedro\/#primaryimage\"},\"image\":{\"@id\":\"https:\/\/cpvsantiago.gob.ar\/web\/mejoramiento-de-camino-en-el-simbol-mediante-zona-vial-1a-san-pedro\/#primaryimage\"},\"thumbnailUrl\":\"https:\/\/cpvsantiago.gob.ar\/web\/wp-content\/uploads\/2024\/05\/vlcsnap-2024-05-23-11h23m04s949.png\",\"datePublished\":\"2024-05-17T14:12:13+00:00\",\"dateModified\":\"2024-05-23T14:24:51+00:00\",\"author\":{\"@id\":\"https:\/\/cpvsantiago.gob.ar\/web\/#\/schema\/person\/aa59e9835d5eb750d8585c860224dc06\"},\"breadcrumb\":{\"@id\":\"https:\/\/cpvsantiago.gob.ar\/web\/mejoramiento-de-camino-en-el-simbol-mediante-zona-vial-1a-san-pedro\/#breadcrumb\"},\"inLanguage\":\"es\",\"potentialAction\":[{\"@type\":\"ReadAction\",\"target\":[\"https:\/\/cpvsantiago.gob.ar\/web\/mejoramiento-de-camino-en-el-simbol-mediante-zona-vial-1a-san-pedro\/\"]}]},{\"@type\":\"ImageObject\",\"inLanguage\":\"es\",\"@id\":\"https:\/\/cpvsantiago.gob.ar\/web\/mejoramiento-de-camino-en-el-simbol-mediante-zona-vial-1a-san-pedro\/#primaryimage\",\"url\":\"https:\/\/cpvsantiago.gob.ar\/web\/wp-content\/uploads\/2024\/05\/vlcsnap-2024-05-23-11h23m04s949.png\",\"contentUrl\":\"https:\/\/cpvsantiago.gob.ar\/web\/wp-content\/uploads\/2024\/05\/vlcsnap-2024-05-23-11h23m04s949.png\",\"width\":848,\"height\":478},{\"@type\":\"BreadcrumbList\",\"@id\":\"https:\/\/cpvsantiago.gob.ar\/web\/mejoramiento-de-camino-en-el-simbol-mediante-zona-vial-1a-san-pedro\/#breadcrumb\",\"itemListElement\":[{\"@type\":\"ListItem\",\"position\":1,\"name\":\"Portada\",\"item\":\"https:\/\/cpvsantiago.gob.ar\/web\/\"},{\"@type\":\"ListItem\",\"position\":2,\"name\":\"Mejoramiento de camino en El Simbol mediante \u00a0Zona Vial 1A San Pedro\"}]},{\"@type\":\"WebSite\",\"@id\":\"https:\/\/cpvsantiago.gob.ar\/web\/#website\",\"url\":\"https:\/\/cpvsantiago.gob.ar\/web\/\",\"name\":\"Consejo Provincial de Vialidad de la Provincia de Santiago del Estero\",\"description\":\"CPV Santiago del Estero\",\"potentialAction\":[{\"@type\":\"SearchAction\",\"target\":{\"@type\":\"EntryPoint\",\"urlTemplate\":\"https:\/\/cpvsantiago.gob.ar\/web\/?s={search_term_string}\"},\"query-input\":{\"@type\":\"PropertyValueSpecification\",\"valueRequired\":true,\"valueName\":\"search_term_string\"}}],\"inLanguage\":\"es\"},{\"@type\":\"Person\",\"@id\":\"https:\/\/cpvsantiago.gob.ar\/web\/#\/schema\/person\/aa59e9835d5eb750d8585c860224dc06\",\"name\":\"cpv\",\"image\":{\"@type\":\"ImageObject\",\"inLanguage\":\"es\",\"@id\":\"https:\/\/secure.gravatar.com\/avatar\/484802c719c69b738102ad3161a3d525b188c752ad36109725aeae22171ead58?s=96&d=mm&r=g\",\"url\":\"https:\/\/secure.gravatar.com\/avatar\/484802c719c69b738102ad3161a3d525b188c752ad36109725aeae22171ead58?s=96&d=mm&r=g\",\"contentUrl\":\"https:\/\/secure.gravatar.com\/avatar\/484802c719c69b738102ad3161a3d525b188c752ad36109725aeae22171ead58?s=96&d=mm&r=g\",\"caption\":\"cpv\"},\"url\":\"https:\/\/cpvsantiago.gob.ar\/web\/author\/h8000593\/\"}]}<\/script>\n<!-- \/ Yoast SEO Premium plugin. -->","yoast_head_json":{"title":"Mejoramiento de camino en El Simbol mediante \u00a0Zona Vial 1A San Pedro - Consejo Provincial de Vialidad de la Provincia de Santiago del Estero","robots":{"index":"index","follow":"follow","max-snippet":"max-snippet:-1","max-image-preview":"max-image-preview:large","max-video-preview":"max-video-preview:-1"},"canonical":"https:\/\/cpvsantiago.gob.ar\/web\/mejoramiento-de-camino-en-el-simbol-mediante-zona-vial-1a-san-pedro\/","og_locale":"es_ES","og_type":"article","og_title":"Mejoramiento de camino en El Simbol mediante \u00a0Zona Vial 1A San Pedro","og_description":"Trabajadores del Consejo Provincial de Vialidad dependientes de la Zona Vial 1 A San Pedro, Departamento Capital, \u00a0se abocaron a efectuar el mejoramiento de camino en El Simbol.\u00a0 Estas tareas se llevaron a cabo con los equipos Motoniveladora\u00a0 SEM 914 int. N\u00b0 191, Tractor Deutz int. N\u00b0 123 con Rolo Neum\u00e1tico y Cami\u00f3n Ford con [&hellip;]","og_url":"https:\/\/cpvsantiago.gob.ar\/web\/mejoramiento-de-camino-en-el-simbol-mediante-zona-vial-1a-san-pedro\/","og_site_name":"Consejo Provincial de Vialidad de la Provincia de Santiago del Estero","article_published_time":"2024-05-17T14:12:13+00:00","article_modified_time":"2024-05-23T14:24:51+00:00","og_image":[{"width":848,"height":478,"url":"https:\/\/cpvsantiago.gob.ar\/web\/wp-content\/uploads\/2024\/05\/vlcsnap-2024-05-23-11h23m04s949.png","type":"image\/png"}],"author":"cpv","twitter_card":"summary_large_image","twitter_misc":{"Escrito por":"cpv","Tiempo de lectura":"1 minuto"},"schema":{"@context":"https:\/\/schema.org","@graph":[{"@type":"Article","@id":"https:\/\/cpvsantiago.gob.ar\/web\/mejoramiento-de-camino-en-el-simbol-mediante-zona-vial-1a-san-pedro\/#article","isPartOf":{"@id":"https:\/\/cpvsantiago.gob.ar\/web\/mejoramiento-de-camino-en-el-simbol-mediante-zona-vial-1a-san-pedro\/"},"author":{"name":"cpv","@id":"https:\/\/cpvsantiago.gob.ar\/web\/#\/schema\/person\/aa59e9835d5eb750d8585c860224dc06"},"headline":"Mejoramiento de camino en El Simbol mediante \u00a0Zona Vial 1A San Pedro","datePublished":"2024-05-17T14:12:13+00:00","dateModified":"2024-05-23T14:24:51+00:00","mainEntityOfPage":{"@id":"https:\/\/cpvsantiago.gob.ar\/web\/mejoramiento-de-camino-en-el-simbol-mediante-zona-vial-1a-san-pedro\/"},"wordCount":88,"commentCount":0,"image":{"@id":"https:\/\/cpvsantiago.gob.ar\/web\/mejoramiento-de-camino-en-el-simbol-mediante-zona-vial-1a-san-pedro\/#primaryimage"},"thumbnailUrl":"https:\/\/cpvsantiago.gob.ar\/web\/wp-content\/uploads\/2024\/05\/vlcsnap-2024-05-23-11h23m04s949.png","articleSection":["Noticias","Zonas Viales"],"inLanguage":"es","potentialAction":[{"@type":"CommentAction","name":"Comment","target":["https:\/\/cpvsantiago.gob.ar\/web\/mejoramiento-de-camino-en-el-simbol-mediante-zona-vial-1a-san-pedro\/#respond"]}]},{"@type":"WebPage","@id":"https:\/\/cpvsantiago.gob.ar\/web\/mejoramiento-de-camino-en-el-simbol-mediante-zona-vial-1a-san-pedro\/","url":"https:\/\/cpvsantiago.gob.ar\/web\/mejoramiento-de-camino-en-el-simbol-mediante-zona-vial-1a-san-pedro\/","name":"Mejoramiento de camino en El Simbol mediante \u00a0Zona Vial 1A San Pedro - Consejo Provincial de Vialidad de la Provincia de Santiago del Estero","isPartOf":{"@id":"https:\/\/cpvsantiago.gob.ar\/web\/#website"},"primaryImageOfPage":{"@id":"https:\/\/cpvsantiago.gob.ar\/web\/mejoramiento-de-camino-en-el-simbol-mediante-zona-vial-1a-san-pedro\/#primaryimage"},"image":{"@id":"https:\/\/cpvsantiago.gob.ar\/web\/mejoramiento-de-camino-en-el-simbol-mediante-zona-vial-1a-san-pedro\/#primaryimage"},"thumbnailUrl":"https:\/\/cpvsantiago.gob.ar\/web\/wp-content\/uploads\/2024\/05\/vlcsnap-2024-05-23-11h23m04s949.png","datePublished":"2024-05-17T14:12:13+00:00","dateModified":"2024-05-23T14:24:51+00:00","author":{"@id":"https:\/\/cpvsantiago.gob.ar\/web\/#\/schema\/person\/aa59e9835d5eb750d8585c860224dc06"},"breadcrumb":{"@id":"https:\/\/cpvsantiago.gob.ar\/web\/mejoramiento-de-camino-en-el-simbol-mediante-zona-vial-1a-san-pedro\/#breadcrumb"},"inLanguage":"es","potentialAction":[{"@type":"ReadAction","target":["https:\/\/cpvsantiago.gob.ar\/web\/mejoramiento-de-camino-en-el-simbol-mediante-zona-vial-1a-san-pedro\/"]}]},{"@type":"ImageObject","inLanguage":"es","@id":"https:\/\/cpvsantiago.gob.ar\/web\/mejoramiento-de-camino-en-el-simbol-mediante-zona-vial-1a-san-pedro\/#primaryimage","url":"https:\/\/cpvsantiago.gob.ar\/web\/wp-content\/uploads\/2024\/05\/vlcsnap-2024-05-23-11h23m04s949.png","contentUrl":"https:\/\/cpvsantiago.gob.ar\/web\/wp-content\/uploads\/2024\/05\/vlcsnap-2024-05-23-11h23m04s949.png","width":848,"height":478},{"@type":"BreadcrumbList","@id":"https:\/\/cpvsantiago.gob.ar\/web\/mejoramiento-de-camino-en-el-simbol-mediante-zona-vial-1a-san-pedro\/#breadcrumb","itemListElement":[{"@type":"ListItem","position":1,"name":"Portada","item":"https:\/\/cpvsantiago.gob.ar\/web\/"},{"@type":"ListItem","position":2,"name":"Mejoramiento de camino en El Simbol mediante \u00a0Zona Vial 1A San Pedro"}]},{"@type":"WebSite","@id":"https:\/\/cpvsantiago.gob.ar\/web\/#website","url":"https:\/\/cpvsantiago.gob.ar\/web\/","name":"Consejo Provincial de Vialidad de la Provincia de Santiago del Estero","description":"CPV Santiago del Estero","potentialAction":[{"@type":"SearchAction","target":{"@type":"EntryPoint","urlTemplate":"https:\/\/cpvsantiago.gob.ar\/web\/?s={search_term_string}"},"query-input":{"@type":"PropertyValueSpecification","valueRequired":true,"valueName":"search_term_string"}}],"inLanguage":"es"},{"@type":"Person","@id":"https:\/\/cpvsantiago.gob.ar\/web\/#\/schema\/person\/aa59e9835d5eb750d8585c860224dc06","name":"cpv","image":{"@type":"ImageObject","inLanguage":"es","@id":"https:\/\/secure.gravatar.com\/avatar\/484802c719c69b738102ad3161a3d525b188c752ad36109725aeae22171ead58?s=96&d=mm&r=g","url":"https:\/\/secure.gravatar.com\/avatar\/484802c719c69b738102ad3161a3d525b188c752ad36109725aeae22171ead58?s=96&d=mm&r=g","contentUrl":"https:\/\/secure.gravatar.com\/avatar\/484802c719c69b738102ad3161a3d525b188c752ad36109725aeae22171ead58?s=96&d=mm&r=g","caption":"cpv"},"url":"https:\/\/cpvsantiago.gob.ar\/web\/author\/h8000593\/"}]}},"_links":{"self":[{"href":"https:\/\/cpvsantiago.gob.ar\/web\/wp-json\/wp\/v2\/posts\/4810","targetHints":{"allow":["GET"]}}],"collection":[{"href":"https:\/\/cpvsantiago.gob.ar\/web\/wp-json\/wp\/v2\/posts"}],"about":[{"href":"https:\/\/cpvsantiago.gob.ar\/web\/wp-json\/wp\/v2\/types\/post"}],"author":[{"embeddable":true,"href":"https:\/\/cpvsantiago.gob.ar\/web\/wp-json\/wp\/v2\/users\/2"}],"replies":[{"embeddable":true,"href":"https:\/\/cpvsantiago.gob.ar\/web\/wp-json\/wp\/v2\/comments?post=4810"}],"version-history":[{"count":1,"href":"https:\/\/cpvsantiago.gob.ar\/web\/wp-json\/wp\/v2\/posts\/4810\/revisions"}],"predecessor-version":[{"id":4816,"href":"https:\/\/cpvsantiago.gob.ar\/web\/wp-json\/wp\/v2\/posts\/4810\/revisions\/4816"}],"wp:featuredmedia":[{"embeddable":true,"href":"https:\/\/cpvsantiago.gob.ar\/web\/wp-json\/wp\/v2\/media\/4815"}],"wp:attachment":[{"href":"https:\/\/cpvsantiago.gob.ar\/web\/wp-json\/wp\/v2\/media?parent=4810"}],"wp:term":[{"taxonomy":"category","embeddable":true,"href":"https:\/\/cpvsantiago.gob.ar\/web\/wp-json\/wp\/v2\/categories?post=4810"},{"taxonomy":"post_tag","embeddable":true,"href":"https:\/\/cpvsantiago.gob.ar\/web\/wp-json\/wp\/v2\/tags?post=4810"}],"curies":[{"name":"wp","href":"https:\/\/api.w.org\/{rel}","templated":true}]}}