{"id":4818,"date":"2024-05-20T11:26:00","date_gmt":"2024-05-20T14:26:00","guid":{"rendered":"https:\/\/cpvsantiago.gob.ar\/web\/?p=4818"},"modified":"2024-05-23T11:42:58","modified_gmt":"2024-05-23T14:42:58","slug":"trabajos-realizados-por-personal-de-zona-vial-1b-la-capilla-2","status":"publish","type":"post","link":"https:\/\/cpvsantiago.gob.ar\/web\/trabajos-realizados-por-personal-de-zona-vial-1b-la-capilla-2\/","title":{"rendered":"Trabajos realizados por personal de Zona Vial 1B La Capilla"},"content":{"rendered":"\n<p>Operarios de la Zona Vial 1 B La Capilla efectuaron tareas de mantenimiento en el tramo Ruta Provincial N\u00b01 Sauce Bajada &#8211; Canal de Fern\u00e1ndez.&nbsp; Se trabaj\u00f3 en una longitud de 400 metros con tareas consistentes en&nbsp; limpieza en zona de camino, conformaci\u00f3n de terrapl\u00e9n, refuerzo de piedra base en toda su extensi\u00f3n.&nbsp; Adem\u00e1s se procedi\u00f3 a hacer un &nbsp;encaballado, uniformado y distribuci\u00f3n de material p\u00e9treo.&nbsp; Tambi\u00e9n tareas de riego en calzada con agua transportada y compactaci\u00f3n simple del camino.<\/p>\n\n\n\n<p>Adem\u00e1s en el tramo Mili-Los Pereyra, se procedi\u00f3 a trabajar 6 kil\u00f3metros en rastrada zona de camino, reconstrucci\u00f3n de Base Estabilizada Granular, riego en Calzada con Agua Transportada.&nbsp; En otro orden de tareas se procedi\u00f3 a trabajar en una longitud de dos kil\u00f3metros y medio en el tramo Camino Los Pereyra-Mili Sur, all\u00ed se hizo rastrado y limpieza en &nbsp;Zona de Camino, reconstrucci\u00f3n de Base Estabilizada Granular y riego en Calzada con Agua Transportada.<\/p>\n\n\n\n<figure class=\"wp-block-gallery has-nested-images columns-default is-cropped wp-block-gallery-1 is-layout-flex wp-block-gallery-is-layout-flex\">\n<figure class=\"wp-block-image size-large\"><a href=\"https:\/\/cpvsantiago.gob.ar\/web\/wp-content\/uploads\/2024\/05\/442414004_910700634400336_2264093270096574617_n.jpg\"><img loading=\"lazy\" decoding=\"async\" width=\"576\" height=\"1024\" data-id=\"4819\" src=\"https:\/\/cpvsantiago.gob.ar\/web\/wp-content\/uploads\/2024\/05\/442414004_910700634400336_2264093270096574617_n-576x1024.jpg\" alt=\"\" class=\"wp-image-4819\" srcset=\"https:\/\/cpvsantiago.gob.ar\/web\/wp-content\/uploads\/2024\/05\/442414004_910700634400336_2264093270096574617_n-576x1024.jpg 576w, https:\/\/cpvsantiago.gob.ar\/web\/wp-content\/uploads\/2024\/05\/442414004_910700634400336_2264093270096574617_n-169x300.jpg 169w, https:\/\/cpvsantiago.gob.ar\/web\/wp-content\/uploads\/2024\/05\/442414004_910700634400336_2264093270096574617_n-150x267.jpg 150w, https:\/\/cpvsantiago.gob.ar\/web\/wp-content\/uploads\/2024\/05\/442414004_910700634400336_2264093270096574617_n-300x533.jpg 300w, https:\/\/cpvsantiago.gob.ar\/web\/wp-content\/uploads\/2024\/05\/442414004_910700634400336_2264093270096574617_n-696x1237.jpg 696w, https:\/\/cpvsantiago.gob.ar\/web\/wp-content\/uploads\/2024\/05\/442414004_910700634400336_2264093270096574617_n.jpg 720w\" sizes=\"auto, (max-width: 576px) 100vw, 576px\" \/><\/a><\/figure>\n\n\n\n<figure class=\"wp-block-image size-large\"><a href=\"https:\/\/cpvsantiago.gob.ar\/web\/wp-content\/uploads\/2024\/05\/442438243_910729197730813_5153023215744078443_n.jpg\"><img loading=\"lazy\" decoding=\"async\" width=\"768\" height=\"1024\" data-id=\"4820\" src=\"https:\/\/cpvsantiago.gob.ar\/web\/wp-content\/uploads\/2024\/05\/442438243_910729197730813_5153023215744078443_n-768x1024.jpg\" alt=\"\" class=\"wp-image-4820\" srcset=\"https:\/\/cpvsantiago.gob.ar\/web\/wp-content\/uploads\/2024\/05\/442438243_910729197730813_5153023215744078443_n-768x1024.jpg 768w, https:\/\/cpvsantiago.gob.ar\/web\/wp-content\/uploads\/2024\/05\/442438243_910729197730813_5153023215744078443_n-225x300.jpg 225w, https:\/\/cpvsantiago.gob.ar\/web\/wp-content\/uploads\/2024\/05\/442438243_910729197730813_5153023215744078443_n-150x200.jpg 150w, https:\/\/cpvsantiago.gob.ar\/web\/wp-content\/uploads\/2024\/05\/442438243_910729197730813_5153023215744078443_n-300x400.jpg 300w, https:\/\/cpvsantiago.gob.ar\/web\/wp-content\/uploads\/2024\/05\/442438243_910729197730813_5153023215744078443_n-696x928.jpg 696w, https:\/\/cpvsantiago.gob.ar\/web\/wp-content\/uploads\/2024\/05\/442438243_910729197730813_5153023215744078443_n.jpg 864w\" sizes=\"auto, (max-width: 768px) 100vw, 768px\" \/><\/a><\/figure>\n\n\n\n<figure class=\"wp-block-image size-large\"><a href=\"https:\/\/cpvsantiago.gob.ar\/web\/wp-content\/uploads\/2024\/05\/442495360_910729187730814_4681194930647963742_n.jpg\"><img loading=\"lazy\" decoding=\"async\" width=\"768\" height=\"1024\" data-id=\"4821\" src=\"https:\/\/cpvsantiago.gob.ar\/web\/wp-content\/uploads\/2024\/05\/442495360_910729187730814_4681194930647963742_n-768x1024.jpg\" alt=\"\" class=\"wp-image-4821\" srcset=\"https:\/\/cpvsantiago.gob.ar\/web\/wp-content\/uploads\/2024\/05\/442495360_910729187730814_4681194930647963742_n-768x1024.jpg 768w, https:\/\/cpvsantiago.gob.ar\/web\/wp-content\/uploads\/2024\/05\/442495360_910729187730814_4681194930647963742_n-225x300.jpg 225w, https:\/\/cpvsantiago.gob.ar\/web\/wp-content\/uploads\/2024\/05\/442495360_910729187730814_4681194930647963742_n-150x200.jpg 150w, https:\/\/cpvsantiago.gob.ar\/web\/wp-content\/uploads\/2024\/05\/442495360_910729187730814_4681194930647963742_n-300x400.jpg 300w, https:\/\/cpvsantiago.gob.ar\/web\/wp-content\/uploads\/2024\/05\/442495360_910729187730814_4681194930647963742_n-696x928.jpg 696w, https:\/\/cpvsantiago.gob.ar\/web\/wp-content\/uploads\/2024\/05\/442495360_910729187730814_4681194930647963742_n.jpg 864w\" sizes=\"auto, (max-width: 768px) 100vw, 768px\" \/><\/a><\/figure>\n<\/figure>\n\n\n\n<figure class=\"wp-block-video\"><video height=\"478\" style=\"aspect-ratio: 848 \/ 478;\" width=\"848\" controls src=\"https:\/\/cpvsantiago.gob.ar\/web\/wp-content\/uploads\/2024\/05\/An_7YvptPRbDB7sY85kLQoFQxk8gcye3WDD3NmEQwJ4-er8EyeLpZWzZBXlpAzyWMmWaeqEkuiYRDdF_CuH-sSqN.mp4\"><\/video><\/figure>\n\n\n\n<figure class=\"wp-block-video\"><video height=\"474\" style=\"aspect-ratio: 848 \/ 474;\" width=\"848\" controls src=\"https:\/\/cpvsantiago.gob.ar\/web\/wp-content\/uploads\/2024\/05\/An9-BpAF9-MoFcmaitXqckkgU-mL0e4Iv98C6-n7A7WX6ji2RCRn7IcbOYYo8U0QIROt0BYBjsdxYWmCUNVFKDQ1-1.mp4\"><\/video><\/figure>\n\n\n\n<figure class=\"wp-block-video\"><video height=\"478\" style=\"aspect-ratio: 848 \/ 478;\" width=\"848\" controls src=\"https:\/\/cpvsantiago.gob.ar\/web\/wp-content\/uploads\/2024\/05\/An9iVGJBnQKnpsQ9ujcPXWU6_B69ipEipSeMqiCVW9GAO0DHjIwlVEEyAx_JFf-rI1WkgiDvPqNgADuCWUtodlo.mp4\"><\/video><\/figure>\n\n\n\n<figure class=\"wp-block-video\"><video height=\"850\" style=\"aspect-ratio: 478 \/ 850;\" width=\"478\" controls src=\"https:\/\/cpvsantiago.gob.ar\/web\/wp-content\/uploads\/2024\/05\/An9kF32MWmhwTGjH2DEcTCXKf2hHffbsLwgKniaLdl3Er5xIrf_jXDh0rxTSWG7hF9TcczLPsm6H3mz1JFSynp6X.mp4\"><\/video><\/figure>\n","protected":false},"excerpt":{"rendered":"<p>Operarios de la Zona Vial 1 B La Capilla efectuaron tareas de mantenimiento en el tramo Ruta Provincial N\u00b01 Sauce Bajada &#8211; Canal de Fern\u00e1ndez.&nbsp; Se trabaj\u00f3 en una longitud de 400 metros con tareas consistentes en&nbsp; limpieza en zona de camino, conformaci\u00f3n de terrapl\u00e9n, refuerzo de piedra base en toda su extensi\u00f3n.&nbsp; Adem\u00e1s se [&hellip;]<\/p>\n","protected":false},"author":2,"featured_media":4826,"comment_status":"open","ping_status":"open","sticky":false,"template":"","format":"standard","meta":{"footnotes":""},"categories":[5,3],"tags":[],"class_list":{"0":"post-4818","1":"post","2":"type-post","3":"status-publish","4":"format-standard","5":"has-post-thumbnail","7":"category-noticias","8":"category-zonas_viales"},"yoast_head":"<!-- This site is optimized with the Yoast SEO Premium plugin v24.8 (Yoast SEO v27.2) - https:\/\/yoast.com\/product\/yoast-seo-premium-wordpress\/ -->\n<title>Trabajos realizados por personal de Zona Vial 1B La Capilla - Consejo Provincial de Vialidad de la Provincia de Santiago del Estero<\/title>\n<meta name=\"robots\" content=\"index, follow, max-snippet:-1, max-image-preview:large, max-video-preview:-1\" \/>\n<link rel=\"canonical\" href=\"https:\/\/cpvsantiago.gob.ar\/web\/trabajos-realizados-por-personal-de-zona-vial-1b-la-capilla-2\/\" \/>\n<meta property=\"og:locale\" content=\"es_ES\" \/>\n<meta property=\"og:type\" content=\"article\" \/>\n<meta property=\"og:title\" content=\"Trabajos realizados por personal de Zona Vial 1B La Capilla\" \/>\n<meta property=\"og:description\" content=\"Operarios de la Zona Vial 1 B La Capilla efectuaron tareas de mantenimiento en el tramo Ruta Provincial N\u00b01 Sauce Bajada &#8211; Canal de Fern\u00e1ndez.&nbsp; Se trabaj\u00f3 en una longitud de 400 metros con tareas consistentes en&nbsp; limpieza en zona de camino, conformaci\u00f3n de terrapl\u00e9n, refuerzo de piedra base en toda su extensi\u00f3n.&nbsp; Adem\u00e1s se [&hellip;]\" \/>\n<meta property=\"og:url\" content=\"https:\/\/cpvsantiago.gob.ar\/web\/trabajos-realizados-por-personal-de-zona-vial-1b-la-capilla-2\/\" \/>\n<meta property=\"og:site_name\" content=\"Consejo Provincial de Vialidad de la Provincia de Santiago del Estero\" \/>\n<meta property=\"article:published_time\" content=\"2024-05-20T14:26:00+00:00\" \/>\n<meta property=\"article:modified_time\" content=\"2024-05-23T14:42:58+00:00\" \/>\n<meta property=\"og:image\" content=\"https:\/\/cpvsantiago.gob.ar\/web\/wp-content\/uploads\/2024\/05\/foto-01-2.jpg\" \/>\n\t<meta property=\"og:image:width\" content=\"720\" \/>\n\t<meta property=\"og:image:height\" content=\"518\" \/>\n\t<meta property=\"og:image:type\" content=\"image\/jpeg\" \/>\n<meta name=\"author\" content=\"cpv\" \/>\n<meta name=\"twitter:card\" content=\"summary_large_image\" \/>\n<meta name=\"twitter:label1\" content=\"Escrito por\" \/>\n\t<meta name=\"twitter:data1\" content=\"cpv\" \/>\n\t<meta name=\"twitter:label2\" content=\"Tiempo de lectura\" \/>\n\t<meta name=\"twitter:data2\" content=\"2 minutos\" \/>\n<script type=\"application\/ld+json\" class=\"yoast-schema-graph\">{\"@context\":\"https:\/\/schema.org\",\"@graph\":[{\"@type\":\"Article\",\"@id\":\"https:\/\/cpvsantiago.gob.ar\/web\/trabajos-realizados-por-personal-de-zona-vial-1b-la-capilla-2\/#article\",\"isPartOf\":{\"@id\":\"https:\/\/cpvsantiago.gob.ar\/web\/trabajos-realizados-por-personal-de-zona-vial-1b-la-capilla-2\/\"},\"author\":{\"name\":\"cpv\",\"@id\":\"https:\/\/cpvsantiago.gob.ar\/web\/#\/schema\/person\/aa59e9835d5eb750d8585c860224dc06\"},\"headline\":\"Trabajos realizados por personal de Zona Vial 1B La Capilla\",\"datePublished\":\"2024-05-20T14:26:00+00:00\",\"dateModified\":\"2024-05-23T14:42:58+00:00\",\"mainEntityOfPage\":{\"@id\":\"https:\/\/cpvsantiago.gob.ar\/web\/trabajos-realizados-por-personal-de-zona-vial-1b-la-capilla-2\/\"},\"wordCount\":182,\"commentCount\":0,\"image\":{\"@id\":\"https:\/\/cpvsantiago.gob.ar\/web\/trabajos-realizados-por-personal-de-zona-vial-1b-la-capilla-2\/#primaryimage\"},\"thumbnailUrl\":\"https:\/\/cpvsantiago.gob.ar\/web\/wp-content\/uploads\/2024\/05\/foto-01-2.jpg\",\"articleSection\":[\"Noticias\",\"Zonas Viales\"],\"inLanguage\":\"es\",\"potentialAction\":[{\"@type\":\"CommentAction\",\"name\":\"Comment\",\"target\":[\"https:\/\/cpvsantiago.gob.ar\/web\/trabajos-realizados-por-personal-de-zona-vial-1b-la-capilla-2\/#respond\"]}]},{\"@type\":\"WebPage\",\"@id\":\"https:\/\/cpvsantiago.gob.ar\/web\/trabajos-realizados-por-personal-de-zona-vial-1b-la-capilla-2\/\",\"url\":\"https:\/\/cpvsantiago.gob.ar\/web\/trabajos-realizados-por-personal-de-zona-vial-1b-la-capilla-2\/\",\"name\":\"Trabajos realizados por personal de Zona Vial 1B La Capilla - Consejo Provincial de Vialidad de la Provincia de Santiago del Estero\",\"isPartOf\":{\"@id\":\"https:\/\/cpvsantiago.gob.ar\/web\/#website\"},\"primaryImageOfPage\":{\"@id\":\"https:\/\/cpvsantiago.gob.ar\/web\/trabajos-realizados-por-personal-de-zona-vial-1b-la-capilla-2\/#primaryimage\"},\"image\":{\"@id\":\"https:\/\/cpvsantiago.gob.ar\/web\/trabajos-realizados-por-personal-de-zona-vial-1b-la-capilla-2\/#primaryimage\"},\"thumbnailUrl\":\"https:\/\/cpvsantiago.gob.ar\/web\/wp-content\/uploads\/2024\/05\/foto-01-2.jpg\",\"datePublished\":\"2024-05-20T14:26:00+00:00\",\"dateModified\":\"2024-05-23T14:42:58+00:00\",\"author\":{\"@id\":\"https:\/\/cpvsantiago.gob.ar\/web\/#\/schema\/person\/aa59e9835d5eb750d8585c860224dc06\"},\"breadcrumb\":{\"@id\":\"https:\/\/cpvsantiago.gob.ar\/web\/trabajos-realizados-por-personal-de-zona-vial-1b-la-capilla-2\/#breadcrumb\"},\"inLanguage\":\"es\",\"potentialAction\":[{\"@type\":\"ReadAction\",\"target\":[\"https:\/\/cpvsantiago.gob.ar\/web\/trabajos-realizados-por-personal-de-zona-vial-1b-la-capilla-2\/\"]}]},{\"@type\":\"ImageObject\",\"inLanguage\":\"es\",\"@id\":\"https:\/\/cpvsantiago.gob.ar\/web\/trabajos-realizados-por-personal-de-zona-vial-1b-la-capilla-2\/#primaryimage\",\"url\":\"https:\/\/cpvsantiago.gob.ar\/web\/wp-content\/uploads\/2024\/05\/foto-01-2.jpg\",\"contentUrl\":\"https:\/\/cpvsantiago.gob.ar\/web\/wp-content\/uploads\/2024\/05\/foto-01-2.jpg\",\"width\":720,\"height\":518},{\"@type\":\"BreadcrumbList\",\"@id\":\"https:\/\/cpvsantiago.gob.ar\/web\/trabajos-realizados-por-personal-de-zona-vial-1b-la-capilla-2\/#breadcrumb\",\"itemListElement\":[{\"@type\":\"ListItem\",\"position\":1,\"name\":\"Portada\",\"item\":\"https:\/\/cpvsantiago.gob.ar\/web\/\"},{\"@type\":\"ListItem\",\"position\":2,\"name\":\"Trabajos realizados por personal de Zona Vial 1B La Capilla\"}]},{\"@type\":\"WebSite\",\"@id\":\"https:\/\/cpvsantiago.gob.ar\/web\/#website\",\"url\":\"https:\/\/cpvsantiago.gob.ar\/web\/\",\"name\":\"Consejo Provincial de Vialidad de la Provincia de Santiago del Estero\",\"description\":\"CPV Santiago del Estero\",\"potentialAction\":[{\"@type\":\"SearchAction\",\"target\":{\"@type\":\"EntryPoint\",\"urlTemplate\":\"https:\/\/cpvsantiago.gob.ar\/web\/?s={search_term_string}\"},\"query-input\":{\"@type\":\"PropertyValueSpecification\",\"valueRequired\":true,\"valueName\":\"search_term_string\"}}],\"inLanguage\":\"es\"},{\"@type\":\"Person\",\"@id\":\"https:\/\/cpvsantiago.gob.ar\/web\/#\/schema\/person\/aa59e9835d5eb750d8585c860224dc06\",\"name\":\"cpv\",\"image\":{\"@type\":\"ImageObject\",\"inLanguage\":\"es\",\"@id\":\"https:\/\/secure.gravatar.com\/avatar\/484802c719c69b738102ad3161a3d525b188c752ad36109725aeae22171ead58?s=96&d=mm&r=g\",\"url\":\"https:\/\/secure.gravatar.com\/avatar\/484802c719c69b738102ad3161a3d525b188c752ad36109725aeae22171ead58?s=96&d=mm&r=g\",\"contentUrl\":\"https:\/\/secure.gravatar.com\/avatar\/484802c719c69b738102ad3161a3d525b188c752ad36109725aeae22171ead58?s=96&d=mm&r=g\",\"caption\":\"cpv\"},\"url\":\"https:\/\/cpvsantiago.gob.ar\/web\/author\/h8000593\/\"}]}<\/script>\n<!-- \/ Yoast SEO Premium plugin. -->","yoast_head_json":{"title":"Trabajos realizados por personal de Zona Vial 1B La Capilla - Consejo Provincial de Vialidad de la Provincia de Santiago del Estero","robots":{"index":"index","follow":"follow","max-snippet":"max-snippet:-1","max-image-preview":"max-image-preview:large","max-video-preview":"max-video-preview:-1"},"canonical":"https:\/\/cpvsantiago.gob.ar\/web\/trabajos-realizados-por-personal-de-zona-vial-1b-la-capilla-2\/","og_locale":"es_ES","og_type":"article","og_title":"Trabajos realizados por personal de Zona Vial 1B La Capilla","og_description":"Operarios de la Zona Vial 1 B La Capilla efectuaron tareas de mantenimiento en el tramo Ruta Provincial N\u00b01 Sauce Bajada &#8211; Canal de Fern\u00e1ndez.&nbsp; Se trabaj\u00f3 en una longitud de 400 metros con tareas consistentes en&nbsp; limpieza en zona de camino, conformaci\u00f3n de terrapl\u00e9n, refuerzo de piedra base en toda su extensi\u00f3n.&nbsp; Adem\u00e1s se [&hellip;]","og_url":"https:\/\/cpvsantiago.gob.ar\/web\/trabajos-realizados-por-personal-de-zona-vial-1b-la-capilla-2\/","og_site_name":"Consejo Provincial de Vialidad de la Provincia de Santiago del Estero","article_published_time":"2024-05-20T14:26:00+00:00","article_modified_time":"2024-05-23T14:42:58+00:00","og_image":[{"width":720,"height":518,"url":"https:\/\/cpvsantiago.gob.ar\/web\/wp-content\/uploads\/2024\/05\/foto-01-2.jpg","type":"image\/jpeg"}],"author":"cpv","twitter_card":"summary_large_image","twitter_misc":{"Escrito por":"cpv","Tiempo de lectura":"2 minutos"},"schema":{"@context":"https:\/\/schema.org","@graph":[{"@type":"Article","@id":"https:\/\/cpvsantiago.gob.ar\/web\/trabajos-realizados-por-personal-de-zona-vial-1b-la-capilla-2\/#article","isPartOf":{"@id":"https:\/\/cpvsantiago.gob.ar\/web\/trabajos-realizados-por-personal-de-zona-vial-1b-la-capilla-2\/"},"author":{"name":"cpv","@id":"https:\/\/cpvsantiago.gob.ar\/web\/#\/schema\/person\/aa59e9835d5eb750d8585c860224dc06"},"headline":"Trabajos realizados por personal de Zona Vial 1B La Capilla","datePublished":"2024-05-20T14:26:00+00:00","dateModified":"2024-05-23T14:42:58+00:00","mainEntityOfPage":{"@id":"https:\/\/cpvsantiago.gob.ar\/web\/trabajos-realizados-por-personal-de-zona-vial-1b-la-capilla-2\/"},"wordCount":182,"commentCount":0,"image":{"@id":"https:\/\/cpvsantiago.gob.ar\/web\/trabajos-realizados-por-personal-de-zona-vial-1b-la-capilla-2\/#primaryimage"},"thumbnailUrl":"https:\/\/cpvsantiago.gob.ar\/web\/wp-content\/uploads\/2024\/05\/foto-01-2.jpg","articleSection":["Noticias","Zonas Viales"],"inLanguage":"es","potentialAction":[{"@type":"CommentAction","name":"Comment","target":["https:\/\/cpvsantiago.gob.ar\/web\/trabajos-realizados-por-personal-de-zona-vial-1b-la-capilla-2\/#respond"]}]},{"@type":"WebPage","@id":"https:\/\/cpvsantiago.gob.ar\/web\/trabajos-realizados-por-personal-de-zona-vial-1b-la-capilla-2\/","url":"https:\/\/cpvsantiago.gob.ar\/web\/trabajos-realizados-por-personal-de-zona-vial-1b-la-capilla-2\/","name":"Trabajos realizados por personal de Zona Vial 1B La Capilla - Consejo Provincial de Vialidad de la Provincia de Santiago del Estero","isPartOf":{"@id":"https:\/\/cpvsantiago.gob.ar\/web\/#website"},"primaryImageOfPage":{"@id":"https:\/\/cpvsantiago.gob.ar\/web\/trabajos-realizados-por-personal-de-zona-vial-1b-la-capilla-2\/#primaryimage"},"image":{"@id":"https:\/\/cpvsantiago.gob.ar\/web\/trabajos-realizados-por-personal-de-zona-vial-1b-la-capilla-2\/#primaryimage"},"thumbnailUrl":"https:\/\/cpvsantiago.gob.ar\/web\/wp-content\/uploads\/2024\/05\/foto-01-2.jpg","datePublished":"2024-05-20T14:26:00+00:00","dateModified":"2024-05-23T14:42:58+00:00","author":{"@id":"https:\/\/cpvsantiago.gob.ar\/web\/#\/schema\/person\/aa59e9835d5eb750d8585c860224dc06"},"breadcrumb":{"@id":"https:\/\/cpvsantiago.gob.ar\/web\/trabajos-realizados-por-personal-de-zona-vial-1b-la-capilla-2\/#breadcrumb"},"inLanguage":"es","potentialAction":[{"@type":"ReadAction","target":["https:\/\/cpvsantiago.gob.ar\/web\/trabajos-realizados-por-personal-de-zona-vial-1b-la-capilla-2\/"]}]},{"@type":"ImageObject","inLanguage":"es","@id":"https:\/\/cpvsantiago.gob.ar\/web\/trabajos-realizados-por-personal-de-zona-vial-1b-la-capilla-2\/#primaryimage","url":"https:\/\/cpvsantiago.gob.ar\/web\/wp-content\/uploads\/2024\/05\/foto-01-2.jpg","contentUrl":"https:\/\/cpvsantiago.gob.ar\/web\/wp-content\/uploads\/2024\/05\/foto-01-2.jpg","width":720,"height":518},{"@type":"BreadcrumbList","@id":"https:\/\/cpvsantiago.gob.ar\/web\/trabajos-realizados-por-personal-de-zona-vial-1b-la-capilla-2\/#breadcrumb","itemListElement":[{"@type":"ListItem","position":1,"name":"Portada","item":"https:\/\/cpvsantiago.gob.ar\/web\/"},{"@type":"ListItem","position":2,"name":"Trabajos realizados por personal de Zona Vial 1B La Capilla"}]},{"@type":"WebSite","@id":"https:\/\/cpvsantiago.gob.ar\/web\/#website","url":"https:\/\/cpvsantiago.gob.ar\/web\/","name":"Consejo Provincial de Vialidad de la Provincia de Santiago del Estero","description":"CPV Santiago del Estero","potentialAction":[{"@type":"SearchAction","target":{"@type":"EntryPoint","urlTemplate":"https:\/\/cpvsantiago.gob.ar\/web\/?s={search_term_string}"},"query-input":{"@type":"PropertyValueSpecification","valueRequired":true,"valueName":"search_term_string"}}],"inLanguage":"es"},{"@type":"Person","@id":"https:\/\/cpvsantiago.gob.ar\/web\/#\/schema\/person\/aa59e9835d5eb750d8585c860224dc06","name":"cpv","image":{"@type":"ImageObject","inLanguage":"es","@id":"https:\/\/secure.gravatar.com\/avatar\/484802c719c69b738102ad3161a3d525b188c752ad36109725aeae22171ead58?s=96&d=mm&r=g","url":"https:\/\/secure.gravatar.com\/avatar\/484802c719c69b738102ad3161a3d525b188c752ad36109725aeae22171ead58?s=96&d=mm&r=g","contentUrl":"https:\/\/secure.gravatar.com\/avatar\/484802c719c69b738102ad3161a3d525b188c752ad36109725aeae22171ead58?s=96&d=mm&r=g","caption":"cpv"},"url":"https:\/\/cpvsantiago.gob.ar\/web\/author\/h8000593\/"}]}},"_links":{"self":[{"href":"https:\/\/cpvsantiago.gob.ar\/web\/wp-json\/wp\/v2\/posts\/4818","targetHints":{"allow":["GET"]}}],"collection":[{"href":"https:\/\/cpvsantiago.gob.ar\/web\/wp-json\/wp\/v2\/posts"}],"about":[{"href":"https:\/\/cpvsantiago.gob.ar\/web\/wp-json\/wp\/v2\/types\/post"}],"author":[{"embeddable":true,"href":"https:\/\/cpvsantiago.gob.ar\/web\/wp-json\/wp\/v2\/users\/2"}],"replies":[{"embeddable":true,"href":"https:\/\/cpvsantiago.gob.ar\/web\/wp-json\/wp\/v2\/comments?post=4818"}],"version-history":[{"count":1,"href":"https:\/\/cpvsantiago.gob.ar\/web\/wp-json\/wp\/v2\/posts\/4818\/revisions"}],"predecessor-version":[{"id":4827,"href":"https:\/\/cpvsantiago.gob.ar\/web\/wp-json\/wp\/v2\/posts\/4818\/revisions\/4827"}],"wp:featuredmedia":[{"embeddable":true,"href":"https:\/\/cpvsantiago.gob.ar\/web\/wp-json\/wp\/v2\/media\/4826"}],"wp:attachment":[{"href":"https:\/\/cpvsantiago.gob.ar\/web\/wp-json\/wp\/v2\/media?parent=4818"}],"wp:term":[{"taxonomy":"category","embeddable":true,"href":"https:\/\/cpvsantiago.gob.ar\/web\/wp-json\/wp\/v2\/categories?post=4818"},{"taxonomy":"post_tag","embeddable":true,"href":"https:\/\/cpvsantiago.gob.ar\/web\/wp-json\/wp\/v2\/tags?post=4818"}],"curies":[{"name":"wp","href":"https:\/\/api.w.org\/{rel}","templated":true}]}}