{"id":4828,"date":"2024-05-20T12:04:00","date_gmt":"2024-05-20T15:04:00","guid":{"rendered":"https:\/\/cpvsantiago.gob.ar\/web\/?p=4828"},"modified":"2024-05-23T12:08:18","modified_gmt":"2024-05-23T15:08:18","slug":"significativos-trabajos-de-mantenimiento-a-cargo-de-la-zona-vial-de-villa-la-punta","status":"publish","type":"post","link":"https:\/\/cpvsantiago.gob.ar\/web\/significativos-trabajos-de-mantenimiento-a-cargo-de-la-zona-vial-de-villa-la-punta\/","title":{"rendered":"Significativos trabajos de mantenimiento a cargo de la Zona Vial de Villa La Punta"},"content":{"rendered":"\n<p>Empleados del CPV de la Zona Vial N\u00b0 3 de Villa La Punta efectuaron tareas de mantenimiento durante la semana del 13 de mayo al 17 de mayo del presente a\u00f1o. &nbsp;Las mismas consistieron en traslado de personal,&nbsp; transporte material base estabilizada en el&nbsp; tramo Cantera &#8211;&nbsp; Santa Catalina.&nbsp; Transporte de material compuesto en el&nbsp; tramo zona vial &#8211; Sinchi Ca\u00f1a y Zona vial -Choya.&nbsp; Adem\u00e1s se efectuaron tareas de reconstrucci\u00f3n de abovedamiento en el tramo Medio Mundo &#8211; San Pedro, Medio Mundo &#8211; Pozo Cabao y La Guardia &#8211; Las Barrancas.<\/p>\n\n\n\n<p>Tambi\u00e9n se realizaron tareas de perfilado en calzada enripiada en el tramo Medio Mundo &#8211; San Pedro y Medio Mundo &#8211;&nbsp; Pozo Cabao.&nbsp; Adem\u00e1s se procedi\u00f3 a tareas de limpieza en la zona de camino,&nbsp; en el tramo Medio Mundo &#8211; San Pedro, San Pedro &#8211; Medio Mundo, Medio Mundo &#8211; Pozo Cabao y Pozo Cabao &#8211; Medio Mundo.<\/p>\n\n\n\n<p>En otro orden de tareas \u00a0se hicieron labores de movimiento de suelo para rellenado de cortes en el tramo La Guardia &#8211; Las Barrancas.\u00a0 Se construyeron zanjas de desag\u00fces en el tramo La Guardia &#8211; Las Barrancas.\u00a0 Se procedi\u00f3 tambi\u00e9n al desmalezamiento de banquina en el tramo El Divisadero &#8211; Choya, Choya &#8211; El Divisadero, Choya &#8211; Alto Quiskayo, Alto Quiskayo \u2013 Choya. \u00a0Se hicieron bacheos, con material compuesto en el tramo Villa La Punta &#8211; Sinchi Ca\u00f1a, Choya &#8211; El Divisadero.\u00a0 Tambi\u00e9n se efectuaron tareas de acopio y cargado material base estabilizada en cantera, Villa La Punta.<\/p>\n\n\n\n<figure class=\"wp-block-gallery has-nested-images columns-default is-cropped wp-block-gallery-1 is-layout-flex wp-block-gallery-is-layout-flex\">\n<figure class=\"wp-block-image size-large\"><a href=\"https:\/\/cpvsantiago.gob.ar\/web\/wp-content\/uploads\/2024\/05\/436119421_911075561029510_5180040377686184088_n.jpg\"><img loading=\"lazy\" decoding=\"async\" width=\"768\" height=\"1024\" data-id=\"4829\" src=\"https:\/\/cpvsantiago.gob.ar\/web\/wp-content\/uploads\/2024\/05\/436119421_911075561029510_5180040377686184088_n-768x1024.jpg\" alt=\"\" class=\"wp-image-4829\" srcset=\"https:\/\/cpvsantiago.gob.ar\/web\/wp-content\/uploads\/2024\/05\/436119421_911075561029510_5180040377686184088_n-768x1024.jpg 768w, https:\/\/cpvsantiago.gob.ar\/web\/wp-content\/uploads\/2024\/05\/436119421_911075561029510_5180040377686184088_n-225x300.jpg 225w, https:\/\/cpvsantiago.gob.ar\/web\/wp-content\/uploads\/2024\/05\/436119421_911075561029510_5180040377686184088_n-150x200.jpg 150w, https:\/\/cpvsantiago.gob.ar\/web\/wp-content\/uploads\/2024\/05\/436119421_911075561029510_5180040377686184088_n-300x400.jpg 300w, https:\/\/cpvsantiago.gob.ar\/web\/wp-content\/uploads\/2024\/05\/436119421_911075561029510_5180040377686184088_n-696x928.jpg 696w, https:\/\/cpvsantiago.gob.ar\/web\/wp-content\/uploads\/2024\/05\/436119421_911075561029510_5180040377686184088_n.jpg 960w\" sizes=\"auto, (max-width: 768px) 100vw, 768px\" \/><\/a><\/figure>\n\n\n\n<figure class=\"wp-block-image size-large\"><a href=\"https:\/\/cpvsantiago.gob.ar\/web\/wp-content\/uploads\/2024\/05\/436410314_911075627696170_4683856576633023440_n.jpg\"><img loading=\"lazy\" decoding=\"async\" width=\"1024\" height=\"808\" data-id=\"4833\" src=\"https:\/\/cpvsantiago.gob.ar\/web\/wp-content\/uploads\/2024\/05\/436410314_911075627696170_4683856576633023440_n-1024x808.jpg\" alt=\"\" class=\"wp-image-4833\" srcset=\"https:\/\/cpvsantiago.gob.ar\/web\/wp-content\/uploads\/2024\/05\/436410314_911075627696170_4683856576633023440_n-1024x808.jpg 1024w, https:\/\/cpvsantiago.gob.ar\/web\/wp-content\/uploads\/2024\/05\/436410314_911075627696170_4683856576633023440_n-300x237.jpg 300w, https:\/\/cpvsantiago.gob.ar\/web\/wp-content\/uploads\/2024\/05\/436410314_911075627696170_4683856576633023440_n-768x606.jpg 768w, https:\/\/cpvsantiago.gob.ar\/web\/wp-content\/uploads\/2024\/05\/436410314_911075627696170_4683856576633023440_n-150x118.jpg 150w, https:\/\/cpvsantiago.gob.ar\/web\/wp-content\/uploads\/2024\/05\/436410314_911075627696170_4683856576633023440_n-696x549.jpg 696w, https:\/\/cpvsantiago.gob.ar\/web\/wp-content\/uploads\/2024\/05\/436410314_911075627696170_4683856576633023440_n-1068x843.jpg 1068w, https:\/\/cpvsantiago.gob.ar\/web\/wp-content\/uploads\/2024\/05\/436410314_911075627696170_4683856576633023440_n.jpg 1496w\" sizes=\"auto, (max-width: 1024px) 100vw, 1024px\" \/><\/a><\/figure>\n\n\n\n<figure class=\"wp-block-image size-large\"><a href=\"https:\/\/cpvsantiago.gob.ar\/web\/wp-content\/uploads\/2024\/05\/436515563_911075661029500_5975756872329522077_n.jpg\"><img loading=\"lazy\" decoding=\"async\" width=\"1024\" height=\"808\" data-id=\"4831\" src=\"https:\/\/cpvsantiago.gob.ar\/web\/wp-content\/uploads\/2024\/05\/436515563_911075661029500_5975756872329522077_n-1024x808.jpg\" alt=\"\" class=\"wp-image-4831\" srcset=\"https:\/\/cpvsantiago.gob.ar\/web\/wp-content\/uploads\/2024\/05\/436515563_911075661029500_5975756872329522077_n-1024x808.jpg 1024w, https:\/\/cpvsantiago.gob.ar\/web\/wp-content\/uploads\/2024\/05\/436515563_911075661029500_5975756872329522077_n-300x237.jpg 300w, https:\/\/cpvsantiago.gob.ar\/web\/wp-content\/uploads\/2024\/05\/436515563_911075661029500_5975756872329522077_n-768x606.jpg 768w, https:\/\/cpvsantiago.gob.ar\/web\/wp-content\/uploads\/2024\/05\/436515563_911075661029500_5975756872329522077_n-150x118.jpg 150w, https:\/\/cpvsantiago.gob.ar\/web\/wp-content\/uploads\/2024\/05\/436515563_911075661029500_5975756872329522077_n-696x549.jpg 696w, https:\/\/cpvsantiago.gob.ar\/web\/wp-content\/uploads\/2024\/05\/436515563_911075661029500_5975756872329522077_n-1068x843.jpg 1068w, https:\/\/cpvsantiago.gob.ar\/web\/wp-content\/uploads\/2024\/05\/436515563_911075661029500_5975756872329522077_n.jpg 1496w\" sizes=\"auto, (max-width: 1024px) 100vw, 1024px\" \/><\/a><\/figure>\n\n\n\n<figure class=\"wp-block-image size-large\"><a href=\"https:\/\/cpvsantiago.gob.ar\/web\/wp-content\/uploads\/2024\/05\/443713484_911075567696176_1436931782308519524_n-1.jpg\"><img loading=\"lazy\" decoding=\"async\" width=\"768\" height=\"1024\" data-id=\"4830\" src=\"https:\/\/cpvsantiago.gob.ar\/web\/wp-content\/uploads\/2024\/05\/443713484_911075567696176_1436931782308519524_n-1-768x1024.jpg\" alt=\"\" class=\"wp-image-4830\" srcset=\"https:\/\/cpvsantiago.gob.ar\/web\/wp-content\/uploads\/2024\/05\/443713484_911075567696176_1436931782308519524_n-1-768x1024.jpg 768w, https:\/\/cpvsantiago.gob.ar\/web\/wp-content\/uploads\/2024\/05\/443713484_911075567696176_1436931782308519524_n-1-225x300.jpg 225w, https:\/\/cpvsantiago.gob.ar\/web\/wp-content\/uploads\/2024\/05\/443713484_911075567696176_1436931782308519524_n-1-150x200.jpg 150w, https:\/\/cpvsantiago.gob.ar\/web\/wp-content\/uploads\/2024\/05\/443713484_911075567696176_1436931782308519524_n-1-300x400.jpg 300w, https:\/\/cpvsantiago.gob.ar\/web\/wp-content\/uploads\/2024\/05\/443713484_911075567696176_1436931782308519524_n-1-696x928.jpg 696w, https:\/\/cpvsantiago.gob.ar\/web\/wp-content\/uploads\/2024\/05\/443713484_911075567696176_1436931782308519524_n-1.jpg 960w\" sizes=\"auto, (max-width: 768px) 100vw, 768px\" \/><\/a><\/figure>\n\n\n\n<figure class=\"wp-block-image size-large\"><a href=\"https:\/\/cpvsantiago.gob.ar\/web\/wp-content\/uploads\/2024\/05\/443732793_911075641029502_6935516418737481773_n.jpg\"><img loading=\"lazy\" decoding=\"async\" width=\"1024\" height=\"808\" data-id=\"4832\" src=\"https:\/\/cpvsantiago.gob.ar\/web\/wp-content\/uploads\/2024\/05\/443732793_911075641029502_6935516418737481773_n-1024x808.jpg\" alt=\"\" class=\"wp-image-4832\" srcset=\"https:\/\/cpvsantiago.gob.ar\/web\/wp-content\/uploads\/2024\/05\/443732793_911075641029502_6935516418737481773_n-1024x808.jpg 1024w, https:\/\/cpvsantiago.gob.ar\/web\/wp-content\/uploads\/2024\/05\/443732793_911075641029502_6935516418737481773_n-300x237.jpg 300w, https:\/\/cpvsantiago.gob.ar\/web\/wp-content\/uploads\/2024\/05\/443732793_911075641029502_6935516418737481773_n-768x606.jpg 768w, https:\/\/cpvsantiago.gob.ar\/web\/wp-content\/uploads\/2024\/05\/443732793_911075641029502_6935516418737481773_n-150x118.jpg 150w, https:\/\/cpvsantiago.gob.ar\/web\/wp-content\/uploads\/2024\/05\/443732793_911075641029502_6935516418737481773_n-696x549.jpg 696w, https:\/\/cpvsantiago.gob.ar\/web\/wp-content\/uploads\/2024\/05\/443732793_911075641029502_6935516418737481773_n-1068x843.jpg 1068w, https:\/\/cpvsantiago.gob.ar\/web\/wp-content\/uploads\/2024\/05\/443732793_911075641029502_6935516418737481773_n.jpg 1496w\" sizes=\"auto, (max-width: 1024px) 100vw, 1024px\" \/><\/a><\/figure>\n<\/figure>\n","protected":false},"excerpt":{"rendered":"<p>Empleados del CPV de la Zona Vial N\u00b0 3 de Villa La Punta efectuaron tareas de mantenimiento durante la semana del 13 de mayo al 17 de mayo del presente a\u00f1o. &nbsp;Las mismas consistieron en traslado de personal,&nbsp; transporte material base estabilizada en el&nbsp; tramo Cantera &#8211;&nbsp; Santa Catalina.&nbsp; Transporte de material compuesto en el&nbsp; [&hellip;]<\/p>\n","protected":false},"author":2,"featured_media":4833,"comment_status":"open","ping_status":"open","sticky":false,"template":"","format":"standard","meta":{"footnotes":""},"categories":[5,3],"tags":[],"class_list":{"0":"post-4828","1":"post","2":"type-post","3":"status-publish","4":"format-standard","5":"has-post-thumbnail","7":"category-noticias","8":"category-zonas_viales"},"yoast_head":"<!-- This site is optimized with the Yoast SEO Premium plugin v24.8 (Yoast SEO v27.2) - https:\/\/yoast.com\/product\/yoast-seo-premium-wordpress\/ -->\n<title>Significativos trabajos de mantenimiento a cargo de la Zona Vial de Villa La Punta - Consejo Provincial de Vialidad de la Provincia de Santiago del Estero<\/title>\n<meta name=\"robots\" content=\"index, follow, max-snippet:-1, max-image-preview:large, max-video-preview:-1\" \/>\n<link rel=\"canonical\" href=\"https:\/\/cpvsantiago.gob.ar\/web\/significativos-trabajos-de-mantenimiento-a-cargo-de-la-zona-vial-de-villa-la-punta\/\" \/>\n<meta property=\"og:locale\" content=\"es_ES\" \/>\n<meta property=\"og:type\" content=\"article\" \/>\n<meta property=\"og:title\" content=\"Significativos trabajos de mantenimiento a cargo de la Zona Vial de Villa La Punta\" \/>\n<meta property=\"og:description\" content=\"Empleados del CPV de la Zona Vial N\u00b0 3 de Villa La Punta efectuaron tareas de mantenimiento durante la semana del 13 de mayo al 17 de mayo del presente a\u00f1o. &nbsp;Las mismas consistieron en traslado de personal,&nbsp; transporte material base estabilizada en el&nbsp; tramo Cantera &#8211;&nbsp; Santa Catalina.&nbsp; Transporte de material compuesto en el&nbsp; [&hellip;]\" \/>\n<meta property=\"og:url\" content=\"https:\/\/cpvsantiago.gob.ar\/web\/significativos-trabajos-de-mantenimiento-a-cargo-de-la-zona-vial-de-villa-la-punta\/\" \/>\n<meta property=\"og:site_name\" content=\"Consejo Provincial de Vialidad de la Provincia de Santiago del Estero\" \/>\n<meta property=\"article:published_time\" content=\"2024-05-20T15:04:00+00:00\" \/>\n<meta property=\"article:modified_time\" content=\"2024-05-23T15:08:18+00:00\" \/>\n<meta property=\"og:image\" content=\"https:\/\/cpvsantiago.gob.ar\/web\/wp-content\/uploads\/2024\/05\/436410314_911075627696170_4683856576633023440_n.jpg\" \/>\n\t<meta property=\"og:image:width\" content=\"1496\" \/>\n\t<meta property=\"og:image:height\" content=\"1181\" \/>\n\t<meta property=\"og:image:type\" content=\"image\/jpeg\" \/>\n<meta name=\"author\" content=\"cpv\" \/>\n<meta name=\"twitter:card\" content=\"summary_large_image\" \/>\n<meta name=\"twitter:label1\" content=\"Escrito por\" \/>\n\t<meta name=\"twitter:data1\" content=\"cpv\" \/>\n\t<meta name=\"twitter:label2\" content=\"Tiempo de lectura\" \/>\n\t<meta name=\"twitter:data2\" content=\"3 minutos\" \/>\n<script type=\"application\/ld+json\" class=\"yoast-schema-graph\">{\"@context\":\"https:\/\/schema.org\",\"@graph\":[{\"@type\":\"Article\",\"@id\":\"https:\/\/cpvsantiago.gob.ar\/web\/significativos-trabajos-de-mantenimiento-a-cargo-de-la-zona-vial-de-villa-la-punta\/#article\",\"isPartOf\":{\"@id\":\"https:\/\/cpvsantiago.gob.ar\/web\/significativos-trabajos-de-mantenimiento-a-cargo-de-la-zona-vial-de-villa-la-punta\/\"},\"author\":{\"name\":\"cpv\",\"@id\":\"https:\/\/cpvsantiago.gob.ar\/web\/#\/schema\/person\/aa59e9835d5eb750d8585c860224dc06\"},\"headline\":\"Significativos trabajos de mantenimiento a cargo de la Zona Vial de Villa La Punta\",\"datePublished\":\"2024-05-20T15:04:00+00:00\",\"dateModified\":\"2024-05-23T15:08:18+00:00\",\"mainEntityOfPage\":{\"@id\":\"https:\/\/cpvsantiago.gob.ar\/web\/significativos-trabajos-de-mantenimiento-a-cargo-de-la-zona-vial-de-villa-la-punta\/\"},\"wordCount\":279,\"commentCount\":0,\"image\":{\"@id\":\"https:\/\/cpvsantiago.gob.ar\/web\/significativos-trabajos-de-mantenimiento-a-cargo-de-la-zona-vial-de-villa-la-punta\/#primaryimage\"},\"thumbnailUrl\":\"https:\/\/cpvsantiago.gob.ar\/web\/wp-content\/uploads\/2024\/05\/436410314_911075627696170_4683856576633023440_n.jpg\",\"articleSection\":[\"Noticias\",\"Zonas Viales\"],\"inLanguage\":\"es\",\"potentialAction\":[{\"@type\":\"CommentAction\",\"name\":\"Comment\",\"target\":[\"https:\/\/cpvsantiago.gob.ar\/web\/significativos-trabajos-de-mantenimiento-a-cargo-de-la-zona-vial-de-villa-la-punta\/#respond\"]}]},{\"@type\":\"WebPage\",\"@id\":\"https:\/\/cpvsantiago.gob.ar\/web\/significativos-trabajos-de-mantenimiento-a-cargo-de-la-zona-vial-de-villa-la-punta\/\",\"url\":\"https:\/\/cpvsantiago.gob.ar\/web\/significativos-trabajos-de-mantenimiento-a-cargo-de-la-zona-vial-de-villa-la-punta\/\",\"name\":\"Significativos trabajos de mantenimiento a cargo de la Zona Vial de Villa La Punta - Consejo Provincial de Vialidad de la Provincia de Santiago del Estero\",\"isPartOf\":{\"@id\":\"https:\/\/cpvsantiago.gob.ar\/web\/#website\"},\"primaryImageOfPage\":{\"@id\":\"https:\/\/cpvsantiago.gob.ar\/web\/significativos-trabajos-de-mantenimiento-a-cargo-de-la-zona-vial-de-villa-la-punta\/#primaryimage\"},\"image\":{\"@id\":\"https:\/\/cpvsantiago.gob.ar\/web\/significativos-trabajos-de-mantenimiento-a-cargo-de-la-zona-vial-de-villa-la-punta\/#primaryimage\"},\"thumbnailUrl\":\"https:\/\/cpvsantiago.gob.ar\/web\/wp-content\/uploads\/2024\/05\/436410314_911075627696170_4683856576633023440_n.jpg\",\"datePublished\":\"2024-05-20T15:04:00+00:00\",\"dateModified\":\"2024-05-23T15:08:18+00:00\",\"author\":{\"@id\":\"https:\/\/cpvsantiago.gob.ar\/web\/#\/schema\/person\/aa59e9835d5eb750d8585c860224dc06\"},\"breadcrumb\":{\"@id\":\"https:\/\/cpvsantiago.gob.ar\/web\/significativos-trabajos-de-mantenimiento-a-cargo-de-la-zona-vial-de-villa-la-punta\/#breadcrumb\"},\"inLanguage\":\"es\",\"potentialAction\":[{\"@type\":\"ReadAction\",\"target\":[\"https:\/\/cpvsantiago.gob.ar\/web\/significativos-trabajos-de-mantenimiento-a-cargo-de-la-zona-vial-de-villa-la-punta\/\"]}]},{\"@type\":\"ImageObject\",\"inLanguage\":\"es\",\"@id\":\"https:\/\/cpvsantiago.gob.ar\/web\/significativos-trabajos-de-mantenimiento-a-cargo-de-la-zona-vial-de-villa-la-punta\/#primaryimage\",\"url\":\"https:\/\/cpvsantiago.gob.ar\/web\/wp-content\/uploads\/2024\/05\/436410314_911075627696170_4683856576633023440_n.jpg\",\"contentUrl\":\"https:\/\/cpvsantiago.gob.ar\/web\/wp-content\/uploads\/2024\/05\/436410314_911075627696170_4683856576633023440_n.jpg\",\"width\":1496,\"height\":1181},{\"@type\":\"BreadcrumbList\",\"@id\":\"https:\/\/cpvsantiago.gob.ar\/web\/significativos-trabajos-de-mantenimiento-a-cargo-de-la-zona-vial-de-villa-la-punta\/#breadcrumb\",\"itemListElement\":[{\"@type\":\"ListItem\",\"position\":1,\"name\":\"Portada\",\"item\":\"https:\/\/cpvsantiago.gob.ar\/web\/\"},{\"@type\":\"ListItem\",\"position\":2,\"name\":\"Significativos trabajos de mantenimiento a cargo de la Zona Vial de Villa La Punta\"}]},{\"@type\":\"WebSite\",\"@id\":\"https:\/\/cpvsantiago.gob.ar\/web\/#website\",\"url\":\"https:\/\/cpvsantiago.gob.ar\/web\/\",\"name\":\"Consejo Provincial de Vialidad de la Provincia de Santiago del Estero\",\"description\":\"CPV Santiago del Estero\",\"potentialAction\":[{\"@type\":\"SearchAction\",\"target\":{\"@type\":\"EntryPoint\",\"urlTemplate\":\"https:\/\/cpvsantiago.gob.ar\/web\/?s={search_term_string}\"},\"query-input\":{\"@type\":\"PropertyValueSpecification\",\"valueRequired\":true,\"valueName\":\"search_term_string\"}}],\"inLanguage\":\"es\"},{\"@type\":\"Person\",\"@id\":\"https:\/\/cpvsantiago.gob.ar\/web\/#\/schema\/person\/aa59e9835d5eb750d8585c860224dc06\",\"name\":\"cpv\",\"image\":{\"@type\":\"ImageObject\",\"inLanguage\":\"es\",\"@id\":\"https:\/\/secure.gravatar.com\/avatar\/484802c719c69b738102ad3161a3d525b188c752ad36109725aeae22171ead58?s=96&d=mm&r=g\",\"url\":\"https:\/\/secure.gravatar.com\/avatar\/484802c719c69b738102ad3161a3d525b188c752ad36109725aeae22171ead58?s=96&d=mm&r=g\",\"contentUrl\":\"https:\/\/secure.gravatar.com\/avatar\/484802c719c69b738102ad3161a3d525b188c752ad36109725aeae22171ead58?s=96&d=mm&r=g\",\"caption\":\"cpv\"},\"url\":\"https:\/\/cpvsantiago.gob.ar\/web\/author\/h8000593\/\"}]}<\/script>\n<!-- \/ Yoast SEO Premium plugin. -->","yoast_head_json":{"title":"Significativos trabajos de mantenimiento a cargo de la Zona Vial de Villa La Punta - Consejo Provincial de Vialidad de la Provincia de Santiago del Estero","robots":{"index":"index","follow":"follow","max-snippet":"max-snippet:-1","max-image-preview":"max-image-preview:large","max-video-preview":"max-video-preview:-1"},"canonical":"https:\/\/cpvsantiago.gob.ar\/web\/significativos-trabajos-de-mantenimiento-a-cargo-de-la-zona-vial-de-villa-la-punta\/","og_locale":"es_ES","og_type":"article","og_title":"Significativos trabajos de mantenimiento a cargo de la Zona Vial de Villa La Punta","og_description":"Empleados del CPV de la Zona Vial N\u00b0 3 de Villa La Punta efectuaron tareas de mantenimiento durante la semana del 13 de mayo al 17 de mayo del presente a\u00f1o. &nbsp;Las mismas consistieron en traslado de personal,&nbsp; transporte material base estabilizada en el&nbsp; tramo Cantera &#8211;&nbsp; Santa Catalina.&nbsp; Transporte de material compuesto en el&nbsp; [&hellip;]","og_url":"https:\/\/cpvsantiago.gob.ar\/web\/significativos-trabajos-de-mantenimiento-a-cargo-de-la-zona-vial-de-villa-la-punta\/","og_site_name":"Consejo Provincial de Vialidad de la Provincia de Santiago del Estero","article_published_time":"2024-05-20T15:04:00+00:00","article_modified_time":"2024-05-23T15:08:18+00:00","og_image":[{"width":1496,"height":1181,"url":"https:\/\/cpvsantiago.gob.ar\/web\/wp-content\/uploads\/2024\/05\/436410314_911075627696170_4683856576633023440_n.jpg","type":"image\/jpeg"}],"author":"cpv","twitter_card":"summary_large_image","twitter_misc":{"Escrito por":"cpv","Tiempo de lectura":"3 minutos"},"schema":{"@context":"https:\/\/schema.org","@graph":[{"@type":"Article","@id":"https:\/\/cpvsantiago.gob.ar\/web\/significativos-trabajos-de-mantenimiento-a-cargo-de-la-zona-vial-de-villa-la-punta\/#article","isPartOf":{"@id":"https:\/\/cpvsantiago.gob.ar\/web\/significativos-trabajos-de-mantenimiento-a-cargo-de-la-zona-vial-de-villa-la-punta\/"},"author":{"name":"cpv","@id":"https:\/\/cpvsantiago.gob.ar\/web\/#\/schema\/person\/aa59e9835d5eb750d8585c860224dc06"},"headline":"Significativos trabajos de mantenimiento a cargo de la Zona Vial de Villa La Punta","datePublished":"2024-05-20T15:04:00+00:00","dateModified":"2024-05-23T15:08:18+00:00","mainEntityOfPage":{"@id":"https:\/\/cpvsantiago.gob.ar\/web\/significativos-trabajos-de-mantenimiento-a-cargo-de-la-zona-vial-de-villa-la-punta\/"},"wordCount":279,"commentCount":0,"image":{"@id":"https:\/\/cpvsantiago.gob.ar\/web\/significativos-trabajos-de-mantenimiento-a-cargo-de-la-zona-vial-de-villa-la-punta\/#primaryimage"},"thumbnailUrl":"https:\/\/cpvsantiago.gob.ar\/web\/wp-content\/uploads\/2024\/05\/436410314_911075627696170_4683856576633023440_n.jpg","articleSection":["Noticias","Zonas Viales"],"inLanguage":"es","potentialAction":[{"@type":"CommentAction","name":"Comment","target":["https:\/\/cpvsantiago.gob.ar\/web\/significativos-trabajos-de-mantenimiento-a-cargo-de-la-zona-vial-de-villa-la-punta\/#respond"]}]},{"@type":"WebPage","@id":"https:\/\/cpvsantiago.gob.ar\/web\/significativos-trabajos-de-mantenimiento-a-cargo-de-la-zona-vial-de-villa-la-punta\/","url":"https:\/\/cpvsantiago.gob.ar\/web\/significativos-trabajos-de-mantenimiento-a-cargo-de-la-zona-vial-de-villa-la-punta\/","name":"Significativos trabajos de mantenimiento a cargo de la Zona Vial de Villa La Punta - Consejo Provincial de Vialidad de la Provincia de Santiago del Estero","isPartOf":{"@id":"https:\/\/cpvsantiago.gob.ar\/web\/#website"},"primaryImageOfPage":{"@id":"https:\/\/cpvsantiago.gob.ar\/web\/significativos-trabajos-de-mantenimiento-a-cargo-de-la-zona-vial-de-villa-la-punta\/#primaryimage"},"image":{"@id":"https:\/\/cpvsantiago.gob.ar\/web\/significativos-trabajos-de-mantenimiento-a-cargo-de-la-zona-vial-de-villa-la-punta\/#primaryimage"},"thumbnailUrl":"https:\/\/cpvsantiago.gob.ar\/web\/wp-content\/uploads\/2024\/05\/436410314_911075627696170_4683856576633023440_n.jpg","datePublished":"2024-05-20T15:04:00+00:00","dateModified":"2024-05-23T15:08:18+00:00","author":{"@id":"https:\/\/cpvsantiago.gob.ar\/web\/#\/schema\/person\/aa59e9835d5eb750d8585c860224dc06"},"breadcrumb":{"@id":"https:\/\/cpvsantiago.gob.ar\/web\/significativos-trabajos-de-mantenimiento-a-cargo-de-la-zona-vial-de-villa-la-punta\/#breadcrumb"},"inLanguage":"es","potentialAction":[{"@type":"ReadAction","target":["https:\/\/cpvsantiago.gob.ar\/web\/significativos-trabajos-de-mantenimiento-a-cargo-de-la-zona-vial-de-villa-la-punta\/"]}]},{"@type":"ImageObject","inLanguage":"es","@id":"https:\/\/cpvsantiago.gob.ar\/web\/significativos-trabajos-de-mantenimiento-a-cargo-de-la-zona-vial-de-villa-la-punta\/#primaryimage","url":"https:\/\/cpvsantiago.gob.ar\/web\/wp-content\/uploads\/2024\/05\/436410314_911075627696170_4683856576633023440_n.jpg","contentUrl":"https:\/\/cpvsantiago.gob.ar\/web\/wp-content\/uploads\/2024\/05\/436410314_911075627696170_4683856576633023440_n.jpg","width":1496,"height":1181},{"@type":"BreadcrumbList","@id":"https:\/\/cpvsantiago.gob.ar\/web\/significativos-trabajos-de-mantenimiento-a-cargo-de-la-zona-vial-de-villa-la-punta\/#breadcrumb","itemListElement":[{"@type":"ListItem","position":1,"name":"Portada","item":"https:\/\/cpvsantiago.gob.ar\/web\/"},{"@type":"ListItem","position":2,"name":"Significativos trabajos de mantenimiento a cargo de la Zona Vial de Villa La Punta"}]},{"@type":"WebSite","@id":"https:\/\/cpvsantiago.gob.ar\/web\/#website","url":"https:\/\/cpvsantiago.gob.ar\/web\/","name":"Consejo Provincial de Vialidad de la Provincia de Santiago del Estero","description":"CPV Santiago del Estero","potentialAction":[{"@type":"SearchAction","target":{"@type":"EntryPoint","urlTemplate":"https:\/\/cpvsantiago.gob.ar\/web\/?s={search_term_string}"},"query-input":{"@type":"PropertyValueSpecification","valueRequired":true,"valueName":"search_term_string"}}],"inLanguage":"es"},{"@type":"Person","@id":"https:\/\/cpvsantiago.gob.ar\/web\/#\/schema\/person\/aa59e9835d5eb750d8585c860224dc06","name":"cpv","image":{"@type":"ImageObject","inLanguage":"es","@id":"https:\/\/secure.gravatar.com\/avatar\/484802c719c69b738102ad3161a3d525b188c752ad36109725aeae22171ead58?s=96&d=mm&r=g","url":"https:\/\/secure.gravatar.com\/avatar\/484802c719c69b738102ad3161a3d525b188c752ad36109725aeae22171ead58?s=96&d=mm&r=g","contentUrl":"https:\/\/secure.gravatar.com\/avatar\/484802c719c69b738102ad3161a3d525b188c752ad36109725aeae22171ead58?s=96&d=mm&r=g","caption":"cpv"},"url":"https:\/\/cpvsantiago.gob.ar\/web\/author\/h8000593\/"}]}},"_links":{"self":[{"href":"https:\/\/cpvsantiago.gob.ar\/web\/wp-json\/wp\/v2\/posts\/4828","targetHints":{"allow":["GET"]}}],"collection":[{"href":"https:\/\/cpvsantiago.gob.ar\/web\/wp-json\/wp\/v2\/posts"}],"about":[{"href":"https:\/\/cpvsantiago.gob.ar\/web\/wp-json\/wp\/v2\/types\/post"}],"author":[{"embeddable":true,"href":"https:\/\/cpvsantiago.gob.ar\/web\/wp-json\/wp\/v2\/users\/2"}],"replies":[{"embeddable":true,"href":"https:\/\/cpvsantiago.gob.ar\/web\/wp-json\/wp\/v2\/comments?post=4828"}],"version-history":[{"count":1,"href":"https:\/\/cpvsantiago.gob.ar\/web\/wp-json\/wp\/v2\/posts\/4828\/revisions"}],"predecessor-version":[{"id":4834,"href":"https:\/\/cpvsantiago.gob.ar\/web\/wp-json\/wp\/v2\/posts\/4828\/revisions\/4834"}],"wp:featuredmedia":[{"embeddable":true,"href":"https:\/\/cpvsantiago.gob.ar\/web\/wp-json\/wp\/v2\/media\/4833"}],"wp:attachment":[{"href":"https:\/\/cpvsantiago.gob.ar\/web\/wp-json\/wp\/v2\/media?parent=4828"}],"wp:term":[{"taxonomy":"category","embeddable":true,"href":"https:\/\/cpvsantiago.gob.ar\/web\/wp-json\/wp\/v2\/categories?post=4828"},{"taxonomy":"post_tag","embeddable":true,"href":"https:\/\/cpvsantiago.gob.ar\/web\/wp-json\/wp\/v2\/tags?post=4828"}],"curies":[{"name":"wp","href":"https:\/\/api.w.org\/{rel}","templated":true}]}}