{"id":4914,"date":"2024-06-28T14:21:00","date_gmt":"2024-06-28T17:21:00","guid":{"rendered":"https:\/\/cpvsantiago.gob.ar\/web\/?p=4914"},"modified":"2024-07-01T08:24:11","modified_gmt":"2024-07-01T11:24:11","slug":"el-cpv-fue-anfitrion-de-la-jornada-caminos-rurales-de-santiago-del-estero","status":"publish","type":"post","link":"https:\/\/cpvsantiago.gob.ar\/web\/el-cpv-fue-anfitrion-de-la-jornada-caminos-rurales-de-santiago-del-estero\/","title":{"rendered":"El CPV fue anfitri\u00f3n de la Jornada Caminos Rurales de Santiago del Estero"},"content":{"rendered":"\n<p>&nbsp;&nbsp; En el Sal\u00f3n de Actos del Edificio del Consejo Provincial de Vialidad se llev\u00f3 a cabo la Jornada Caminos Rurales de Santiago del Estero.&nbsp; En el evento participaron&nbsp; el Presidente Consejo Provincial de Vialidad, Ing. Jos\u00e9 F\u00e9lix Alfano, el Ministro de Obras P\u00fablicas, Arq. Aldo Hid, el Secretario de Obras P\u00fablicas, Jorge Zua\u00edn, el Ministro de la Producci\u00f3n, Dr. Miguel Mandrille.&nbsp; El evento se vi\u00f3 prestigiado por la presencia de la&nbsp;&nbsp;&nbsp; Presidenta de la&nbsp; Asociaci\u00f3n Argentina de Carreteras (AAC) y Vicepresidenta de la Asociaci\u00f3n Mundial de Carreteras, Ing. Emma Albrieu,&nbsp;&nbsp; el Coordinador de la Comisi\u00f3n de Caminos Rurales de la Asociaci\u00f3n Argentina de Carreteras&nbsp; y Representante de Argentina en la Comisi\u00f3n T\u00e9cnica de la Asociaci\u00f3n Mundial de Carreteras el Ing. Bernardino Capra.&nbsp; Tambi\u00e9n estuvieron presentes el Presidente de la Federaci\u00f3n de Transportadores Argentinos (FETRA), Pablo Agolanti, el&nbsp; Director Regional INTA, Centro Regional Tucum\u00e1n &#8211; Santiago del Estero, Ing Luis Erazz\u00fa,&nbsp;&nbsp; el Director Regional INTA, Centro Regional Catamarca \u2013 La Rioja, el Ing. Daniel Moriconi,&nbsp;&nbsp; y el Director de la Estaci\u00f3n Experimental Agropecuaria Santiago del Estero, Ing. Mario Mondino.&nbsp;&nbsp;&nbsp;<\/p>\n\n\n\n<p>\u00a0\u00a0 En el encuentro se firmaron importantes convenios entre INTA, la Asociaci\u00f3n Argentina de Carreteras (AAC) y la Federaci\u00f3n de Transportadores Argentinos (FETRA).\u00a0 A posteriori el Ing. David Alegre del CPV mostr\u00f3 los avances de la digitalizaci\u00f3n de la red terciaria de caminos y por INTA el Sr. Juan Carlos Antu\u00f1a dio una presentaci\u00f3n de cruces entre mapas digitalizados de la red terciaria de caminos con mapas de cultivos y estimaciones de circulaci\u00f3n de camiones.\u00a0 Por \u00faltimo disert\u00f3 el Ing. Bernardino Capra sobre conservaci\u00f3n y mantenimiento de caminos rurales de la Provincia de Buenos Aires.<\/p>\n\n\n\n<figure class=\"wp-block-gallery has-nested-images columns-default is-cropped wp-block-gallery-1 is-layout-flex wp-block-gallery-is-layout-flex\">\n<figure class=\"wp-block-image size-large\"><a href=\"https:\/\/cpvsantiago.gob.ar\/web\/wp-content\/uploads\/2024\/07\/449315635_937155208421545_2394119609142978055_n.jpg\"><img loading=\"lazy\" decoding=\"async\" width=\"720\" height=\"429\" data-id=\"4915\" src=\"https:\/\/cpvsantiago.gob.ar\/web\/wp-content\/uploads\/2024\/07\/449315635_937155208421545_2394119609142978055_n.jpg\" alt=\"\" class=\"wp-image-4915\" srcset=\"https:\/\/cpvsantiago.gob.ar\/web\/wp-content\/uploads\/2024\/07\/449315635_937155208421545_2394119609142978055_n.jpg 720w, https:\/\/cpvsantiago.gob.ar\/web\/wp-content\/uploads\/2024\/07\/449315635_937155208421545_2394119609142978055_n-300x179.jpg 300w, https:\/\/cpvsantiago.gob.ar\/web\/wp-content\/uploads\/2024\/07\/449315635_937155208421545_2394119609142978055_n-150x89.jpg 150w, https:\/\/cpvsantiago.gob.ar\/web\/wp-content\/uploads\/2024\/07\/449315635_937155208421545_2394119609142978055_n-696x415.jpg 696w\" sizes=\"auto, (max-width: 720px) 100vw, 720px\" \/><\/a><\/figure>\n\n\n\n<figure class=\"wp-block-image size-large\"><a href=\"https:\/\/cpvsantiago.gob.ar\/web\/wp-content\/uploads\/2024\/07\/449361399_937155258421540_5057474424214483685_n.jpg\"><img loading=\"lazy\" decoding=\"async\" width=\"430\" height=\"637\" data-id=\"4916\" src=\"https:\/\/cpvsantiago.gob.ar\/web\/wp-content\/uploads\/2024\/07\/449361399_937155258421540_5057474424214483685_n.jpg\" alt=\"\" class=\"wp-image-4916\" srcset=\"https:\/\/cpvsantiago.gob.ar\/web\/wp-content\/uploads\/2024\/07\/449361399_937155258421540_5057474424214483685_n.jpg 430w, https:\/\/cpvsantiago.gob.ar\/web\/wp-content\/uploads\/2024\/07\/449361399_937155258421540_5057474424214483685_n-203x300.jpg 203w, https:\/\/cpvsantiago.gob.ar\/web\/wp-content\/uploads\/2024\/07\/449361399_937155258421540_5057474424214483685_n-150x222.jpg 150w, https:\/\/cpvsantiago.gob.ar\/web\/wp-content\/uploads\/2024\/07\/449361399_937155258421540_5057474424214483685_n-300x444.jpg 300w\" sizes=\"auto, (max-width: 430px) 100vw, 430px\" \/><\/a><\/figure>\n\n\n\n<figure class=\"wp-block-image size-large\"><a href=\"https:\/\/cpvsantiago.gob.ar\/web\/wp-content\/uploads\/2024\/07\/CPV-FOTO-EVENTO.jpeg\"><img loading=\"lazy\" decoding=\"async\" width=\"1024\" height=\"433\" data-id=\"4917\" src=\"https:\/\/cpvsantiago.gob.ar\/web\/wp-content\/uploads\/2024\/07\/CPV-FOTO-EVENTO-1024x433.jpeg\" alt=\"\" class=\"wp-image-4917\" srcset=\"https:\/\/cpvsantiago.gob.ar\/web\/wp-content\/uploads\/2024\/07\/CPV-FOTO-EVENTO-1024x433.jpeg 1024w, https:\/\/cpvsantiago.gob.ar\/web\/wp-content\/uploads\/2024\/07\/CPV-FOTO-EVENTO-300x127.jpeg 300w, https:\/\/cpvsantiago.gob.ar\/web\/wp-content\/uploads\/2024\/07\/CPV-FOTO-EVENTO-768x325.jpeg 768w, https:\/\/cpvsantiago.gob.ar\/web\/wp-content\/uploads\/2024\/07\/CPV-FOTO-EVENTO-150x63.jpeg 150w, https:\/\/cpvsantiago.gob.ar\/web\/wp-content\/uploads\/2024\/07\/CPV-FOTO-EVENTO-696x294.jpeg 696w, https:\/\/cpvsantiago.gob.ar\/web\/wp-content\/uploads\/2024\/07\/CPV-FOTO-EVENTO-1068x452.jpeg 1068w, https:\/\/cpvsantiago.gob.ar\/web\/wp-content\/uploads\/2024\/07\/CPV-FOTO-EVENTO.jpeg 1220w\" sizes=\"auto, (max-width: 1024px) 100vw, 1024px\" \/><\/a><\/figure>\n\n\n\n<figure class=\"wp-block-image size-large\"><a href=\"https:\/\/cpvsantiago.gob.ar\/web\/wp-content\/uploads\/2024\/07\/foto-02.jpeg\"><img loading=\"lazy\" decoding=\"async\" width=\"1024\" height=\"505\" data-id=\"4918\" src=\"https:\/\/cpvsantiago.gob.ar\/web\/wp-content\/uploads\/2024\/07\/foto-02-1024x505.jpeg\" alt=\"\" class=\"wp-image-4918\" srcset=\"https:\/\/cpvsantiago.gob.ar\/web\/wp-content\/uploads\/2024\/07\/foto-02-1024x505.jpeg 1024w, https:\/\/cpvsantiago.gob.ar\/web\/wp-content\/uploads\/2024\/07\/foto-02-300x148.jpeg 300w, https:\/\/cpvsantiago.gob.ar\/web\/wp-content\/uploads\/2024\/07\/foto-02-768x379.jpeg 768w, https:\/\/cpvsantiago.gob.ar\/web\/wp-content\/uploads\/2024\/07\/foto-02-150x74.jpeg 150w, https:\/\/cpvsantiago.gob.ar\/web\/wp-content\/uploads\/2024\/07\/foto-02-696x343.jpeg 696w, https:\/\/cpvsantiago.gob.ar\/web\/wp-content\/uploads\/2024\/07\/foto-02-1068x526.jpeg 1068w, https:\/\/cpvsantiago.gob.ar\/web\/wp-content\/uploads\/2024\/07\/foto-02.jpeg 1477w\" sizes=\"auto, (max-width: 1024px) 100vw, 1024px\" \/><\/a><\/figure>\n\n\n\n<figure class=\"wp-block-image size-large\"><a href=\"https:\/\/cpvsantiago.gob.ar\/web\/wp-content\/uploads\/2024\/07\/foto-03.jpeg\"><img loading=\"lazy\" decoding=\"async\" width=\"1024\" height=\"562\" data-id=\"4919\" src=\"https:\/\/cpvsantiago.gob.ar\/web\/wp-content\/uploads\/2024\/07\/foto-03-1024x562.jpeg\" alt=\"\" class=\"wp-image-4919\" srcset=\"https:\/\/cpvsantiago.gob.ar\/web\/wp-content\/uploads\/2024\/07\/foto-03-1024x562.jpeg 1024w, https:\/\/cpvsantiago.gob.ar\/web\/wp-content\/uploads\/2024\/07\/foto-03-300x165.jpeg 300w, https:\/\/cpvsantiago.gob.ar\/web\/wp-content\/uploads\/2024\/07\/foto-03-768x421.jpeg 768w, https:\/\/cpvsantiago.gob.ar\/web\/wp-content\/uploads\/2024\/07\/foto-03-150x82.jpeg 150w, https:\/\/cpvsantiago.gob.ar\/web\/wp-content\/uploads\/2024\/07\/foto-03-696x382.jpeg 696w, https:\/\/cpvsantiago.gob.ar\/web\/wp-content\/uploads\/2024\/07\/foto-03-1068x586.jpeg 1068w, https:\/\/cpvsantiago.gob.ar\/web\/wp-content\/uploads\/2024\/07\/foto-03.jpeg 1500w\" sizes=\"auto, (max-width: 1024px) 100vw, 1024px\" \/><\/a><\/figure>\n<\/figure>\n","protected":false},"excerpt":{"rendered":"<p>&nbsp;&nbsp; En el Sal\u00f3n de Actos del Edificio del Consejo Provincial de Vialidad se llev\u00f3 a cabo la Jornada Caminos Rurales de Santiago del Estero.&nbsp; En el evento participaron&nbsp; el Presidente Consejo Provincial de Vialidad, Ing. Jos\u00e9 F\u00e9lix Alfano, el Ministro de Obras P\u00fablicas, Arq. Aldo Hid, el Secretario de Obras P\u00fablicas, Jorge Zua\u00edn, el [&hellip;]<\/p>\n","protected":false},"author":2,"featured_media":4917,"comment_status":"open","ping_status":"open","sticky":false,"template":"","format":"standard","meta":{"footnotes":""},"categories":[7,5],"tags":[],"class_list":{"0":"post-4914","1":"post","2":"type-post","3":"status-publish","4":"format-standard","5":"has-post-thumbnail","7":"category-eventos","8":"category-noticias"},"yoast_head":"<!-- This site is optimized with the Yoast SEO Premium plugin v24.8 (Yoast SEO v27.2) - https:\/\/yoast.com\/product\/yoast-seo-premium-wordpress\/ -->\n<title>El CPV fue anfitri\u00f3n de la Jornada Caminos Rurales de Santiago del Estero - Consejo Provincial de Vialidad de la Provincia de Santiago del Estero<\/title>\n<meta name=\"robots\" content=\"index, follow, max-snippet:-1, max-image-preview:large, max-video-preview:-1\" \/>\n<link rel=\"canonical\" href=\"https:\/\/cpvsantiago.gob.ar\/web\/el-cpv-fue-anfitrion-de-la-jornada-caminos-rurales-de-santiago-del-estero\/\" \/>\n<meta property=\"og:locale\" content=\"es_ES\" \/>\n<meta property=\"og:type\" content=\"article\" \/>\n<meta property=\"og:title\" content=\"El CPV fue anfitri\u00f3n de la Jornada Caminos Rurales de Santiago del Estero\" \/>\n<meta property=\"og:description\" content=\"&nbsp;&nbsp; En el Sal\u00f3n de Actos del Edificio del Consejo Provincial de Vialidad se llev\u00f3 a cabo la Jornada Caminos Rurales de Santiago del Estero.&nbsp; En el evento participaron&nbsp; el Presidente Consejo Provincial de Vialidad, Ing. Jos\u00e9 F\u00e9lix Alfano, el Ministro de Obras P\u00fablicas, Arq. Aldo Hid, el Secretario de Obras P\u00fablicas, Jorge Zua\u00edn, el [&hellip;]\" \/>\n<meta property=\"og:url\" content=\"https:\/\/cpvsantiago.gob.ar\/web\/el-cpv-fue-anfitrion-de-la-jornada-caminos-rurales-de-santiago-del-estero\/\" \/>\n<meta property=\"og:site_name\" content=\"Consejo Provincial de Vialidad de la Provincia de Santiago del Estero\" \/>\n<meta property=\"article:published_time\" content=\"2024-06-28T17:21:00+00:00\" \/>\n<meta property=\"article:modified_time\" content=\"2024-07-01T11:24:11+00:00\" \/>\n<meta property=\"og:image\" content=\"https:\/\/cpvsantiago.gob.ar\/web\/wp-content\/uploads\/2024\/07\/CPV-FOTO-EVENTO.jpeg\" \/>\n\t<meta property=\"og:image:width\" content=\"1220\" \/>\n\t<meta property=\"og:image:height\" content=\"516\" \/>\n\t<meta property=\"og:image:type\" content=\"image\/jpeg\" \/>\n<meta name=\"author\" content=\"cpv\" \/>\n<meta name=\"twitter:card\" content=\"summary_large_image\" \/>\n<meta name=\"twitter:label1\" content=\"Escrito por\" \/>\n\t<meta name=\"twitter:data1\" content=\"cpv\" \/>\n\t<meta name=\"twitter:label2\" content=\"Tiempo de lectura\" \/>\n\t<meta name=\"twitter:data2\" content=\"3 minutos\" \/>\n<script type=\"application\/ld+json\" class=\"yoast-schema-graph\">{\"@context\":\"https:\/\/schema.org\",\"@graph\":[{\"@type\":\"Article\",\"@id\":\"https:\/\/cpvsantiago.gob.ar\/web\/el-cpv-fue-anfitrion-de-la-jornada-caminos-rurales-de-santiago-del-estero\/#article\",\"isPartOf\":{\"@id\":\"https:\/\/cpvsantiago.gob.ar\/web\/el-cpv-fue-anfitrion-de-la-jornada-caminos-rurales-de-santiago-del-estero\/\"},\"author\":{\"name\":\"cpv\",\"@id\":\"https:\/\/cpvsantiago.gob.ar\/web\/#\/schema\/person\/aa59e9835d5eb750d8585c860224dc06\"},\"headline\":\"El CPV fue anfitri\u00f3n de la Jornada Caminos Rurales de Santiago del Estero\",\"datePublished\":\"2024-06-28T17:21:00+00:00\",\"dateModified\":\"2024-07-01T11:24:11+00:00\",\"mainEntityOfPage\":{\"@id\":\"https:\/\/cpvsantiago.gob.ar\/web\/el-cpv-fue-anfitrion-de-la-jornada-caminos-rurales-de-santiago-del-estero\/\"},\"wordCount\":330,\"commentCount\":0,\"image\":{\"@id\":\"https:\/\/cpvsantiago.gob.ar\/web\/el-cpv-fue-anfitrion-de-la-jornada-caminos-rurales-de-santiago-del-estero\/#primaryimage\"},\"thumbnailUrl\":\"https:\/\/cpvsantiago.gob.ar\/web\/wp-content\/uploads\/2024\/07\/CPV-FOTO-EVENTO.jpeg\",\"articleSection\":[\"Eventos\",\"Noticias\"],\"inLanguage\":\"es\",\"potentialAction\":[{\"@type\":\"CommentAction\",\"name\":\"Comment\",\"target\":[\"https:\/\/cpvsantiago.gob.ar\/web\/el-cpv-fue-anfitrion-de-la-jornada-caminos-rurales-de-santiago-del-estero\/#respond\"]}]},{\"@type\":\"WebPage\",\"@id\":\"https:\/\/cpvsantiago.gob.ar\/web\/el-cpv-fue-anfitrion-de-la-jornada-caminos-rurales-de-santiago-del-estero\/\",\"url\":\"https:\/\/cpvsantiago.gob.ar\/web\/el-cpv-fue-anfitrion-de-la-jornada-caminos-rurales-de-santiago-del-estero\/\",\"name\":\"El CPV fue anfitri\u00f3n de la Jornada Caminos Rurales de Santiago del Estero - Consejo Provincial de Vialidad de la Provincia de Santiago del Estero\",\"isPartOf\":{\"@id\":\"https:\/\/cpvsantiago.gob.ar\/web\/#website\"},\"primaryImageOfPage\":{\"@id\":\"https:\/\/cpvsantiago.gob.ar\/web\/el-cpv-fue-anfitrion-de-la-jornada-caminos-rurales-de-santiago-del-estero\/#primaryimage\"},\"image\":{\"@id\":\"https:\/\/cpvsantiago.gob.ar\/web\/el-cpv-fue-anfitrion-de-la-jornada-caminos-rurales-de-santiago-del-estero\/#primaryimage\"},\"thumbnailUrl\":\"https:\/\/cpvsantiago.gob.ar\/web\/wp-content\/uploads\/2024\/07\/CPV-FOTO-EVENTO.jpeg\",\"datePublished\":\"2024-06-28T17:21:00+00:00\",\"dateModified\":\"2024-07-01T11:24:11+00:00\",\"author\":{\"@id\":\"https:\/\/cpvsantiago.gob.ar\/web\/#\/schema\/person\/aa59e9835d5eb750d8585c860224dc06\"},\"breadcrumb\":{\"@id\":\"https:\/\/cpvsantiago.gob.ar\/web\/el-cpv-fue-anfitrion-de-la-jornada-caminos-rurales-de-santiago-del-estero\/#breadcrumb\"},\"inLanguage\":\"es\",\"potentialAction\":[{\"@type\":\"ReadAction\",\"target\":[\"https:\/\/cpvsantiago.gob.ar\/web\/el-cpv-fue-anfitrion-de-la-jornada-caminos-rurales-de-santiago-del-estero\/\"]}]},{\"@type\":\"ImageObject\",\"inLanguage\":\"es\",\"@id\":\"https:\/\/cpvsantiago.gob.ar\/web\/el-cpv-fue-anfitrion-de-la-jornada-caminos-rurales-de-santiago-del-estero\/#primaryimage\",\"url\":\"https:\/\/cpvsantiago.gob.ar\/web\/wp-content\/uploads\/2024\/07\/CPV-FOTO-EVENTO.jpeg\",\"contentUrl\":\"https:\/\/cpvsantiago.gob.ar\/web\/wp-content\/uploads\/2024\/07\/CPV-FOTO-EVENTO.jpeg\",\"width\":1220,\"height\":516},{\"@type\":\"BreadcrumbList\",\"@id\":\"https:\/\/cpvsantiago.gob.ar\/web\/el-cpv-fue-anfitrion-de-la-jornada-caminos-rurales-de-santiago-del-estero\/#breadcrumb\",\"itemListElement\":[{\"@type\":\"ListItem\",\"position\":1,\"name\":\"Portada\",\"item\":\"https:\/\/cpvsantiago.gob.ar\/web\/\"},{\"@type\":\"ListItem\",\"position\":2,\"name\":\"El CPV fue anfitri\u00f3n de la Jornada Caminos Rurales de Santiago del Estero\"}]},{\"@type\":\"WebSite\",\"@id\":\"https:\/\/cpvsantiago.gob.ar\/web\/#website\",\"url\":\"https:\/\/cpvsantiago.gob.ar\/web\/\",\"name\":\"Consejo Provincial de Vialidad de la Provincia de Santiago del Estero\",\"description\":\"CPV Santiago del Estero\",\"potentialAction\":[{\"@type\":\"SearchAction\",\"target\":{\"@type\":\"EntryPoint\",\"urlTemplate\":\"https:\/\/cpvsantiago.gob.ar\/web\/?s={search_term_string}\"},\"query-input\":{\"@type\":\"PropertyValueSpecification\",\"valueRequired\":true,\"valueName\":\"search_term_string\"}}],\"inLanguage\":\"es\"},{\"@type\":\"Person\",\"@id\":\"https:\/\/cpvsantiago.gob.ar\/web\/#\/schema\/person\/aa59e9835d5eb750d8585c860224dc06\",\"name\":\"cpv\",\"image\":{\"@type\":\"ImageObject\",\"inLanguage\":\"es\",\"@id\":\"https:\/\/secure.gravatar.com\/avatar\/484802c719c69b738102ad3161a3d525b188c752ad36109725aeae22171ead58?s=96&d=mm&r=g\",\"url\":\"https:\/\/secure.gravatar.com\/avatar\/484802c719c69b738102ad3161a3d525b188c752ad36109725aeae22171ead58?s=96&d=mm&r=g\",\"contentUrl\":\"https:\/\/secure.gravatar.com\/avatar\/484802c719c69b738102ad3161a3d525b188c752ad36109725aeae22171ead58?s=96&d=mm&r=g\",\"caption\":\"cpv\"},\"url\":\"https:\/\/cpvsantiago.gob.ar\/web\/author\/h8000593\/\"}]}<\/script>\n<!-- \/ Yoast SEO Premium plugin. -->","yoast_head_json":{"title":"El CPV fue anfitri\u00f3n de la Jornada Caminos Rurales de Santiago del Estero - Consejo Provincial de Vialidad de la Provincia de Santiago del Estero","robots":{"index":"index","follow":"follow","max-snippet":"max-snippet:-1","max-image-preview":"max-image-preview:large","max-video-preview":"max-video-preview:-1"},"canonical":"https:\/\/cpvsantiago.gob.ar\/web\/el-cpv-fue-anfitrion-de-la-jornada-caminos-rurales-de-santiago-del-estero\/","og_locale":"es_ES","og_type":"article","og_title":"El CPV fue anfitri\u00f3n de la Jornada Caminos Rurales de Santiago del Estero","og_description":"&nbsp;&nbsp; En el Sal\u00f3n de Actos del Edificio del Consejo Provincial de Vialidad se llev\u00f3 a cabo la Jornada Caminos Rurales de Santiago del Estero.&nbsp; En el evento participaron&nbsp; el Presidente Consejo Provincial de Vialidad, Ing. Jos\u00e9 F\u00e9lix Alfano, el Ministro de Obras P\u00fablicas, Arq. Aldo Hid, el Secretario de Obras P\u00fablicas, Jorge Zua\u00edn, el [&hellip;]","og_url":"https:\/\/cpvsantiago.gob.ar\/web\/el-cpv-fue-anfitrion-de-la-jornada-caminos-rurales-de-santiago-del-estero\/","og_site_name":"Consejo Provincial de Vialidad de la Provincia de Santiago del Estero","article_published_time":"2024-06-28T17:21:00+00:00","article_modified_time":"2024-07-01T11:24:11+00:00","og_image":[{"width":1220,"height":516,"url":"https:\/\/cpvsantiago.gob.ar\/web\/wp-content\/uploads\/2024\/07\/CPV-FOTO-EVENTO.jpeg","type":"image\/jpeg"}],"author":"cpv","twitter_card":"summary_large_image","twitter_misc":{"Escrito por":"cpv","Tiempo de lectura":"3 minutos"},"schema":{"@context":"https:\/\/schema.org","@graph":[{"@type":"Article","@id":"https:\/\/cpvsantiago.gob.ar\/web\/el-cpv-fue-anfitrion-de-la-jornada-caminos-rurales-de-santiago-del-estero\/#article","isPartOf":{"@id":"https:\/\/cpvsantiago.gob.ar\/web\/el-cpv-fue-anfitrion-de-la-jornada-caminos-rurales-de-santiago-del-estero\/"},"author":{"name":"cpv","@id":"https:\/\/cpvsantiago.gob.ar\/web\/#\/schema\/person\/aa59e9835d5eb750d8585c860224dc06"},"headline":"El CPV fue anfitri\u00f3n de la Jornada Caminos Rurales de Santiago del Estero","datePublished":"2024-06-28T17:21:00+00:00","dateModified":"2024-07-01T11:24:11+00:00","mainEntityOfPage":{"@id":"https:\/\/cpvsantiago.gob.ar\/web\/el-cpv-fue-anfitrion-de-la-jornada-caminos-rurales-de-santiago-del-estero\/"},"wordCount":330,"commentCount":0,"image":{"@id":"https:\/\/cpvsantiago.gob.ar\/web\/el-cpv-fue-anfitrion-de-la-jornada-caminos-rurales-de-santiago-del-estero\/#primaryimage"},"thumbnailUrl":"https:\/\/cpvsantiago.gob.ar\/web\/wp-content\/uploads\/2024\/07\/CPV-FOTO-EVENTO.jpeg","articleSection":["Eventos","Noticias"],"inLanguage":"es","potentialAction":[{"@type":"CommentAction","name":"Comment","target":["https:\/\/cpvsantiago.gob.ar\/web\/el-cpv-fue-anfitrion-de-la-jornada-caminos-rurales-de-santiago-del-estero\/#respond"]}]},{"@type":"WebPage","@id":"https:\/\/cpvsantiago.gob.ar\/web\/el-cpv-fue-anfitrion-de-la-jornada-caminos-rurales-de-santiago-del-estero\/","url":"https:\/\/cpvsantiago.gob.ar\/web\/el-cpv-fue-anfitrion-de-la-jornada-caminos-rurales-de-santiago-del-estero\/","name":"El CPV fue anfitri\u00f3n de la Jornada Caminos Rurales de Santiago del Estero - Consejo Provincial de Vialidad de la Provincia de Santiago del Estero","isPartOf":{"@id":"https:\/\/cpvsantiago.gob.ar\/web\/#website"},"primaryImageOfPage":{"@id":"https:\/\/cpvsantiago.gob.ar\/web\/el-cpv-fue-anfitrion-de-la-jornada-caminos-rurales-de-santiago-del-estero\/#primaryimage"},"image":{"@id":"https:\/\/cpvsantiago.gob.ar\/web\/el-cpv-fue-anfitrion-de-la-jornada-caminos-rurales-de-santiago-del-estero\/#primaryimage"},"thumbnailUrl":"https:\/\/cpvsantiago.gob.ar\/web\/wp-content\/uploads\/2024\/07\/CPV-FOTO-EVENTO.jpeg","datePublished":"2024-06-28T17:21:00+00:00","dateModified":"2024-07-01T11:24:11+00:00","author":{"@id":"https:\/\/cpvsantiago.gob.ar\/web\/#\/schema\/person\/aa59e9835d5eb750d8585c860224dc06"},"breadcrumb":{"@id":"https:\/\/cpvsantiago.gob.ar\/web\/el-cpv-fue-anfitrion-de-la-jornada-caminos-rurales-de-santiago-del-estero\/#breadcrumb"},"inLanguage":"es","potentialAction":[{"@type":"ReadAction","target":["https:\/\/cpvsantiago.gob.ar\/web\/el-cpv-fue-anfitrion-de-la-jornada-caminos-rurales-de-santiago-del-estero\/"]}]},{"@type":"ImageObject","inLanguage":"es","@id":"https:\/\/cpvsantiago.gob.ar\/web\/el-cpv-fue-anfitrion-de-la-jornada-caminos-rurales-de-santiago-del-estero\/#primaryimage","url":"https:\/\/cpvsantiago.gob.ar\/web\/wp-content\/uploads\/2024\/07\/CPV-FOTO-EVENTO.jpeg","contentUrl":"https:\/\/cpvsantiago.gob.ar\/web\/wp-content\/uploads\/2024\/07\/CPV-FOTO-EVENTO.jpeg","width":1220,"height":516},{"@type":"BreadcrumbList","@id":"https:\/\/cpvsantiago.gob.ar\/web\/el-cpv-fue-anfitrion-de-la-jornada-caminos-rurales-de-santiago-del-estero\/#breadcrumb","itemListElement":[{"@type":"ListItem","position":1,"name":"Portada","item":"https:\/\/cpvsantiago.gob.ar\/web\/"},{"@type":"ListItem","position":2,"name":"El CPV fue anfitri\u00f3n de la Jornada Caminos Rurales de Santiago del Estero"}]},{"@type":"WebSite","@id":"https:\/\/cpvsantiago.gob.ar\/web\/#website","url":"https:\/\/cpvsantiago.gob.ar\/web\/","name":"Consejo Provincial de Vialidad de la Provincia de Santiago del Estero","description":"CPV Santiago del Estero","potentialAction":[{"@type":"SearchAction","target":{"@type":"EntryPoint","urlTemplate":"https:\/\/cpvsantiago.gob.ar\/web\/?s={search_term_string}"},"query-input":{"@type":"PropertyValueSpecification","valueRequired":true,"valueName":"search_term_string"}}],"inLanguage":"es"},{"@type":"Person","@id":"https:\/\/cpvsantiago.gob.ar\/web\/#\/schema\/person\/aa59e9835d5eb750d8585c860224dc06","name":"cpv","image":{"@type":"ImageObject","inLanguage":"es","@id":"https:\/\/secure.gravatar.com\/avatar\/484802c719c69b738102ad3161a3d525b188c752ad36109725aeae22171ead58?s=96&d=mm&r=g","url":"https:\/\/secure.gravatar.com\/avatar\/484802c719c69b738102ad3161a3d525b188c752ad36109725aeae22171ead58?s=96&d=mm&r=g","contentUrl":"https:\/\/secure.gravatar.com\/avatar\/484802c719c69b738102ad3161a3d525b188c752ad36109725aeae22171ead58?s=96&d=mm&r=g","caption":"cpv"},"url":"https:\/\/cpvsantiago.gob.ar\/web\/author\/h8000593\/"}]}},"_links":{"self":[{"href":"https:\/\/cpvsantiago.gob.ar\/web\/wp-json\/wp\/v2\/posts\/4914","targetHints":{"allow":["GET"]}}],"collection":[{"href":"https:\/\/cpvsantiago.gob.ar\/web\/wp-json\/wp\/v2\/posts"}],"about":[{"href":"https:\/\/cpvsantiago.gob.ar\/web\/wp-json\/wp\/v2\/types\/post"}],"author":[{"embeddable":true,"href":"https:\/\/cpvsantiago.gob.ar\/web\/wp-json\/wp\/v2\/users\/2"}],"replies":[{"embeddable":true,"href":"https:\/\/cpvsantiago.gob.ar\/web\/wp-json\/wp\/v2\/comments?post=4914"}],"version-history":[{"count":1,"href":"https:\/\/cpvsantiago.gob.ar\/web\/wp-json\/wp\/v2\/posts\/4914\/revisions"}],"predecessor-version":[{"id":4920,"href":"https:\/\/cpvsantiago.gob.ar\/web\/wp-json\/wp\/v2\/posts\/4914\/revisions\/4920"}],"wp:featuredmedia":[{"embeddable":true,"href":"https:\/\/cpvsantiago.gob.ar\/web\/wp-json\/wp\/v2\/media\/4917"}],"wp:attachment":[{"href":"https:\/\/cpvsantiago.gob.ar\/web\/wp-json\/wp\/v2\/media?parent=4914"}],"wp:term":[{"taxonomy":"category","embeddable":true,"href":"https:\/\/cpvsantiago.gob.ar\/web\/wp-json\/wp\/v2\/categories?post=4914"},{"taxonomy":"post_tag","embeddable":true,"href":"https:\/\/cpvsantiago.gob.ar\/web\/wp-json\/wp\/v2\/tags?post=4914"}],"curies":[{"name":"wp","href":"https:\/\/api.w.org\/{rel}","templated":true}]}}