{"id":4953,"date":"2024-07-01T10:03:27","date_gmt":"2024-07-01T13:03:27","guid":{"rendered":"https:\/\/cpvsantiago.gob.ar\/web\/?p=4953"},"modified":"2024-07-01T10:03:28","modified_gmt":"2024-07-01T13:03:28","slug":"trascendentes-trabajos-lleva-a-cabo-la-zona-vial-n-3-de-villa-la-punta","status":"publish","type":"post","link":"https:\/\/cpvsantiago.gob.ar\/web\/trascendentes-trabajos-lleva-a-cabo-la-zona-vial-n-3-de-villa-la-punta\/","title":{"rendered":"Trascendentes trabajos lleva a cabo la Zona Vial N\u00b0 3 de Villa La Punta"},"content":{"rendered":"\n<p>Operarios de la Zona Vial de Villa La Punta se abocaron a las tareas de traslado de personal,\u00a0 transporte de material base estabilizada en el tramo San Juan &#8211;\u00a0 Choya. \u00a0\u00a0Se realiz\u00f3 tambi\u00e9n el transporte de arena \u00a0para Comisi\u00f3n Municipal de Laprida en el tramo Fr\u00edas &#8211; Laprida.\u00a0 Adem\u00e1s se procedi\u00f3 a efectuar tareas de limpieza zona de camino en los segmentos \u00a0de Las Barrancas y La Guardia.\u00a0\u00a0 Se desmalez\u00f3 banquinas en tramos de Villa La Punta &#8211;\u00a0 Estaci\u00f3n La Punta,\u00a0 Km 60, Km 60, Laprida. \u00a0Se hicieron perfilados de calzada natural en el tramo de Las Barrancas &#8211; Cantera en Las Barrancas.\u00a0 Se perfil\u00f3 calzada enripiada en tramo Choya &#8211; El Tacial.\u00a0 Se distribuy\u00f3 material base estabilizada de El Tacial a Choya. \u00a0\u00a0Se trabaj\u00f3 en la limpieza de guarda ra\u00edl tramos Laprida, Las Flores, El Rodeo, Estaci\u00f3n La Punta. \u00a0Se hizo a la limpieza y destape de cantera en tramo Las Canteras. \u00a0Se reconstruy\u00f3 \u00a0abovedamiento en tramo Las Barrancas- Cantera.\u00a0 Se efectu\u00f3 transporte de agua de Pozo P\u00fablico a Las Barrancas y de La Guardia a Las Barrancas. \u00a0Tambi\u00e9n se reg\u00f3 los caminos de Estaci\u00f3n La Punta, El Divisadero, Casas Blancas.\u00a0 Todas ellas tareas de gran necesidad en las \u00e1reas de adyacencias a la Zona Vial N\u00b0 3 y que hacen al mantenimiento de la red vial provincial.<\/p>\n\n\n\n<figure class=\"wp-block-gallery has-nested-images columns-default is-cropped wp-block-gallery-1 is-layout-flex wp-block-gallery-is-layout-flex\">\n<figure class=\"wp-block-image size-large\"><a href=\"https:\/\/cpvsantiago.gob.ar\/web\/wp-content\/uploads\/2024\/07\/448121846_924504139686652_2093865898051624556_n.jpg\"><img loading=\"lazy\" decoding=\"async\" width=\"719\" height=\"484\" data-id=\"4955\" src=\"https:\/\/cpvsantiago.gob.ar\/web\/wp-content\/uploads\/2024\/07\/448121846_924504139686652_2093865898051624556_n.jpg\" alt=\"\" class=\"wp-image-4955\" srcset=\"https:\/\/cpvsantiago.gob.ar\/web\/wp-content\/uploads\/2024\/07\/448121846_924504139686652_2093865898051624556_n.jpg 719w, https:\/\/cpvsantiago.gob.ar\/web\/wp-content\/uploads\/2024\/07\/448121846_924504139686652_2093865898051624556_n-300x202.jpg 300w, https:\/\/cpvsantiago.gob.ar\/web\/wp-content\/uploads\/2024\/07\/448121846_924504139686652_2093865898051624556_n-150x101.jpg 150w, https:\/\/cpvsantiago.gob.ar\/web\/wp-content\/uploads\/2024\/07\/448121846_924504139686652_2093865898051624556_n-696x469.jpg 696w\" sizes=\"auto, (max-width: 719px) 100vw, 719px\" \/><\/a><\/figure>\n\n\n\n<figure class=\"wp-block-image size-large\"><a href=\"https:\/\/cpvsantiago.gob.ar\/web\/wp-content\/uploads\/2024\/07\/448122308_924504156353317_5127761707314825906_n.jpg\"><img loading=\"lazy\" decoding=\"async\" width=\"719\" height=\"976\" data-id=\"4957\" src=\"https:\/\/cpvsantiago.gob.ar\/web\/wp-content\/uploads\/2024\/07\/448122308_924504156353317_5127761707314825906_n.jpg\" alt=\"\" class=\"wp-image-4957\" srcset=\"https:\/\/cpvsantiago.gob.ar\/web\/wp-content\/uploads\/2024\/07\/448122308_924504156353317_5127761707314825906_n.jpg 719w, https:\/\/cpvsantiago.gob.ar\/web\/wp-content\/uploads\/2024\/07\/448122308_924504156353317_5127761707314825906_n-221x300.jpg 221w, https:\/\/cpvsantiago.gob.ar\/web\/wp-content\/uploads\/2024\/07\/448122308_924504156353317_5127761707314825906_n-150x204.jpg 150w, https:\/\/cpvsantiago.gob.ar\/web\/wp-content\/uploads\/2024\/07\/448122308_924504156353317_5127761707314825906_n-300x407.jpg 300w, https:\/\/cpvsantiago.gob.ar\/web\/wp-content\/uploads\/2024\/07\/448122308_924504156353317_5127761707314825906_n-696x945.jpg 696w\" sizes=\"auto, (max-width: 719px) 100vw, 719px\" \/><\/a><\/figure>\n\n\n\n<figure class=\"wp-block-image size-large\"><a href=\"https:\/\/cpvsantiago.gob.ar\/web\/wp-content\/uploads\/2024\/07\/448140633_924504126353320_2394729130656423263_n.jpg\"><img loading=\"lazy\" decoding=\"async\" width=\"719\" height=\"915\" data-id=\"4958\" src=\"https:\/\/cpvsantiago.gob.ar\/web\/wp-content\/uploads\/2024\/07\/448140633_924504126353320_2394729130656423263_n.jpg\" alt=\"\" class=\"wp-image-4958\" srcset=\"https:\/\/cpvsantiago.gob.ar\/web\/wp-content\/uploads\/2024\/07\/448140633_924504126353320_2394729130656423263_n.jpg 719w, https:\/\/cpvsantiago.gob.ar\/web\/wp-content\/uploads\/2024\/07\/448140633_924504126353320_2394729130656423263_n-236x300.jpg 236w, https:\/\/cpvsantiago.gob.ar\/web\/wp-content\/uploads\/2024\/07\/448140633_924504126353320_2394729130656423263_n-150x191.jpg 150w, https:\/\/cpvsantiago.gob.ar\/web\/wp-content\/uploads\/2024\/07\/448140633_924504126353320_2394729130656423263_n-300x382.jpg 300w, https:\/\/cpvsantiago.gob.ar\/web\/wp-content\/uploads\/2024\/07\/448140633_924504126353320_2394729130656423263_n-696x886.jpg 696w\" sizes=\"auto, (max-width: 719px) 100vw, 719px\" \/><\/a><\/figure>\n\n\n\n<figure class=\"wp-block-image size-large\"><a href=\"https:\/\/cpvsantiago.gob.ar\/web\/wp-content\/uploads\/2024\/07\/448200293_924504043019995_2771534829948175383_n.jpg\"><img loading=\"lazy\" decoding=\"async\" width=\"719\" height=\"879\" data-id=\"4959\" src=\"https:\/\/cpvsantiago.gob.ar\/web\/wp-content\/uploads\/2024\/07\/448200293_924504043019995_2771534829948175383_n.jpg\" alt=\"\" class=\"wp-image-4959\" srcset=\"https:\/\/cpvsantiago.gob.ar\/web\/wp-content\/uploads\/2024\/07\/448200293_924504043019995_2771534829948175383_n.jpg 719w, https:\/\/cpvsantiago.gob.ar\/web\/wp-content\/uploads\/2024\/07\/448200293_924504043019995_2771534829948175383_n-245x300.jpg 245w, https:\/\/cpvsantiago.gob.ar\/web\/wp-content\/uploads\/2024\/07\/448200293_924504043019995_2771534829948175383_n-150x183.jpg 150w, https:\/\/cpvsantiago.gob.ar\/web\/wp-content\/uploads\/2024\/07\/448200293_924504043019995_2771534829948175383_n-300x367.jpg 300w, https:\/\/cpvsantiago.gob.ar\/web\/wp-content\/uploads\/2024\/07\/448200293_924504043019995_2771534829948175383_n-696x851.jpg 696w\" sizes=\"auto, (max-width: 719px) 100vw, 719px\" \/><\/a><\/figure>\n\n\n\n<figure class=\"wp-block-image size-large\"><a href=\"https:\/\/cpvsantiago.gob.ar\/web\/wp-content\/uploads\/2024\/07\/448370137_929427942527605_3310682260098434681_n.jpg\"><img loading=\"lazy\" decoding=\"async\" width=\"1024\" height=\"768\" data-id=\"4969\" src=\"https:\/\/cpvsantiago.gob.ar\/web\/wp-content\/uploads\/2024\/07\/448370137_929427942527605_3310682260098434681_n-1024x768.jpg\" alt=\"\" class=\"wp-image-4969\" srcset=\"https:\/\/cpvsantiago.gob.ar\/web\/wp-content\/uploads\/2024\/07\/448370137_929427942527605_3310682260098434681_n-1024x768.jpg 1024w, https:\/\/cpvsantiago.gob.ar\/web\/wp-content\/uploads\/2024\/07\/448370137_929427942527605_3310682260098434681_n-300x225.jpg 300w, https:\/\/cpvsantiago.gob.ar\/web\/wp-content\/uploads\/2024\/07\/448370137_929427942527605_3310682260098434681_n-768x576.jpg 768w, https:\/\/cpvsantiago.gob.ar\/web\/wp-content\/uploads\/2024\/07\/448370137_929427942527605_3310682260098434681_n-1536x1152.jpg 1536w, https:\/\/cpvsantiago.gob.ar\/web\/wp-content\/uploads\/2024\/07\/448370137_929427942527605_3310682260098434681_n-150x113.jpg 150w, https:\/\/cpvsantiago.gob.ar\/web\/wp-content\/uploads\/2024\/07\/448370137_929427942527605_3310682260098434681_n-696x522.jpg 696w, https:\/\/cpvsantiago.gob.ar\/web\/wp-content\/uploads\/2024\/07\/448370137_929427942527605_3310682260098434681_n-1068x801.jpg 1068w, https:\/\/cpvsantiago.gob.ar\/web\/wp-content\/uploads\/2024\/07\/448370137_929427942527605_3310682260098434681_n.jpg 1600w\" sizes=\"auto, (max-width: 1024px) 100vw, 1024px\" \/><\/a><\/figure>\n\n\n\n<figure class=\"wp-block-image size-large\"><a href=\"https:\/\/cpvsantiago.gob.ar\/web\/wp-content\/uploads\/2024\/07\/448375354_929427775860955_578426987849483974_n.jpg\"><img loading=\"lazy\" decoding=\"async\" width=\"1024\" height=\"768\" data-id=\"4965\" src=\"https:\/\/cpvsantiago.gob.ar\/web\/wp-content\/uploads\/2024\/07\/448375354_929427775860955_578426987849483974_n-1024x768.jpg\" alt=\"\" class=\"wp-image-4965\" srcset=\"https:\/\/cpvsantiago.gob.ar\/web\/wp-content\/uploads\/2024\/07\/448375354_929427775860955_578426987849483974_n-1024x768.jpg 1024w, https:\/\/cpvsantiago.gob.ar\/web\/wp-content\/uploads\/2024\/07\/448375354_929427775860955_578426987849483974_n-300x225.jpg 300w, https:\/\/cpvsantiago.gob.ar\/web\/wp-content\/uploads\/2024\/07\/448375354_929427775860955_578426987849483974_n-768x576.jpg 768w, https:\/\/cpvsantiago.gob.ar\/web\/wp-content\/uploads\/2024\/07\/448375354_929427775860955_578426987849483974_n-1536x1152.jpg 1536w, https:\/\/cpvsantiago.gob.ar\/web\/wp-content\/uploads\/2024\/07\/448375354_929427775860955_578426987849483974_n-150x113.jpg 150w, https:\/\/cpvsantiago.gob.ar\/web\/wp-content\/uploads\/2024\/07\/448375354_929427775860955_578426987849483974_n-696x522.jpg 696w, https:\/\/cpvsantiago.gob.ar\/web\/wp-content\/uploads\/2024\/07\/448375354_929427775860955_578426987849483974_n-1068x801.jpg 1068w, https:\/\/cpvsantiago.gob.ar\/web\/wp-content\/uploads\/2024\/07\/448375354_929427775860955_578426987849483974_n.jpg 1600w\" sizes=\"auto, (max-width: 1024px) 100vw, 1024px\" \/><\/a><\/figure>\n\n\n\n<figure class=\"wp-block-image size-large\"><a href=\"https:\/\/cpvsantiago.gob.ar\/web\/wp-content\/uploads\/2024\/07\/448380865_929426989194367_8202132644287265914_n.jpg\"><img loading=\"lazy\" decoding=\"async\" width=\"1024\" height=\"726\" data-id=\"4960\" src=\"https:\/\/cpvsantiago.gob.ar\/web\/wp-content\/uploads\/2024\/07\/448380865_929426989194367_8202132644287265914_n-1024x726.jpg\" alt=\"\" class=\"wp-image-4960\" srcset=\"https:\/\/cpvsantiago.gob.ar\/web\/wp-content\/uploads\/2024\/07\/448380865_929426989194367_8202132644287265914_n-1024x726.jpg 1024w, https:\/\/cpvsantiago.gob.ar\/web\/wp-content\/uploads\/2024\/07\/448380865_929426989194367_8202132644287265914_n-300x213.jpg 300w, https:\/\/cpvsantiago.gob.ar\/web\/wp-content\/uploads\/2024\/07\/448380865_929426989194367_8202132644287265914_n-768x545.jpg 768w, https:\/\/cpvsantiago.gob.ar\/web\/wp-content\/uploads\/2024\/07\/448380865_929426989194367_8202132644287265914_n-150x106.jpg 150w, https:\/\/cpvsantiago.gob.ar\/web\/wp-content\/uploads\/2024\/07\/448380865_929426989194367_8202132644287265914_n-696x494.jpg 696w, https:\/\/cpvsantiago.gob.ar\/web\/wp-content\/uploads\/2024\/07\/448380865_929426989194367_8202132644287265914_n-1068x757.jpg 1068w, https:\/\/cpvsantiago.gob.ar\/web\/wp-content\/uploads\/2024\/07\/448380865_929426989194367_8202132644287265914_n.jpg 1200w\" sizes=\"auto, (max-width: 1024px) 100vw, 1024px\" \/><\/a><\/figure>\n\n\n\n<figure class=\"wp-block-image size-large\"><a href=\"https:\/\/cpvsantiago.gob.ar\/web\/wp-content\/uploads\/2024\/07\/448441314_929427882527611_2307654859018461978_n.jpg\"><img loading=\"lazy\" decoding=\"async\" width=\"1024\" height=\"768\" data-id=\"4970\" src=\"https:\/\/cpvsantiago.gob.ar\/web\/wp-content\/uploads\/2024\/07\/448441314_929427882527611_2307654859018461978_n-1024x768.jpg\" alt=\"\" class=\"wp-image-4970\" srcset=\"https:\/\/cpvsantiago.gob.ar\/web\/wp-content\/uploads\/2024\/07\/448441314_929427882527611_2307654859018461978_n-1024x768.jpg 1024w, https:\/\/cpvsantiago.gob.ar\/web\/wp-content\/uploads\/2024\/07\/448441314_929427882527611_2307654859018461978_n-300x225.jpg 300w, https:\/\/cpvsantiago.gob.ar\/web\/wp-content\/uploads\/2024\/07\/448441314_929427882527611_2307654859018461978_n-768x576.jpg 768w, https:\/\/cpvsantiago.gob.ar\/web\/wp-content\/uploads\/2024\/07\/448441314_929427882527611_2307654859018461978_n-1536x1152.jpg 1536w, https:\/\/cpvsantiago.gob.ar\/web\/wp-content\/uploads\/2024\/07\/448441314_929427882527611_2307654859018461978_n-150x113.jpg 150w, https:\/\/cpvsantiago.gob.ar\/web\/wp-content\/uploads\/2024\/07\/448441314_929427882527611_2307654859018461978_n-696x522.jpg 696w, https:\/\/cpvsantiago.gob.ar\/web\/wp-content\/uploads\/2024\/07\/448441314_929427882527611_2307654859018461978_n-1068x801.jpg 1068w, https:\/\/cpvsantiago.gob.ar\/web\/wp-content\/uploads\/2024\/07\/448441314_929427882527611_2307654859018461978_n.jpg 1600w\" sizes=\"auto, (max-width: 1024px) 100vw, 1024px\" \/><\/a><\/figure>\n\n\n\n<figure class=\"wp-block-image size-large\"><a href=\"https:\/\/cpvsantiago.gob.ar\/web\/wp-content\/uploads\/2024\/07\/448471775_929427049194361_3079543284313400603_n.jpg\"><img loading=\"lazy\" decoding=\"async\" width=\"1024\" height=\"796\" data-id=\"4963\" src=\"https:\/\/cpvsantiago.gob.ar\/web\/wp-content\/uploads\/2024\/07\/448471775_929427049194361_3079543284313400603_n-1024x796.jpg\" alt=\"\" class=\"wp-image-4963\" srcset=\"https:\/\/cpvsantiago.gob.ar\/web\/wp-content\/uploads\/2024\/07\/448471775_929427049194361_3079543284313400603_n-1024x796.jpg 1024w, https:\/\/cpvsantiago.gob.ar\/web\/wp-content\/uploads\/2024\/07\/448471775_929427049194361_3079543284313400603_n-300x233.jpg 300w, https:\/\/cpvsantiago.gob.ar\/web\/wp-content\/uploads\/2024\/07\/448471775_929427049194361_3079543284313400603_n-768x597.jpg 768w, https:\/\/cpvsantiago.gob.ar\/web\/wp-content\/uploads\/2024\/07\/448471775_929427049194361_3079543284313400603_n-150x117.jpg 150w, https:\/\/cpvsantiago.gob.ar\/web\/wp-content\/uploads\/2024\/07\/448471775_929427049194361_3079543284313400603_n-696x541.jpg 696w, https:\/\/cpvsantiago.gob.ar\/web\/wp-content\/uploads\/2024\/07\/448471775_929427049194361_3079543284313400603_n-1068x830.jpg 1068w, https:\/\/cpvsantiago.gob.ar\/web\/wp-content\/uploads\/2024\/07\/448471775_929427049194361_3079543284313400603_n.jpg 1200w\" sizes=\"auto, (max-width: 1024px) 100vw, 1024px\" \/><\/a><\/figure>\n\n\n\n<figure class=\"wp-block-image size-large\"><a href=\"https:\/\/cpvsantiago.gob.ar\/web\/wp-content\/uploads\/2024\/07\/448483740_929426885861044_7202821334321437555_n.jpg\"><img loading=\"lazy\" decoding=\"async\" width=\"721\" height=\"943\" data-id=\"4956\" src=\"https:\/\/cpvsantiago.gob.ar\/web\/wp-content\/uploads\/2024\/07\/448483740_929426885861044_7202821334321437555_n.jpg\" alt=\"\" class=\"wp-image-4956\" srcset=\"https:\/\/cpvsantiago.gob.ar\/web\/wp-content\/uploads\/2024\/07\/448483740_929426885861044_7202821334321437555_n.jpg 721w, https:\/\/cpvsantiago.gob.ar\/web\/wp-content\/uploads\/2024\/07\/448483740_929426885861044_7202821334321437555_n-229x300.jpg 229w, https:\/\/cpvsantiago.gob.ar\/web\/wp-content\/uploads\/2024\/07\/448483740_929426885861044_7202821334321437555_n-150x196.jpg 150w, https:\/\/cpvsantiago.gob.ar\/web\/wp-content\/uploads\/2024\/07\/448483740_929426885861044_7202821334321437555_n-300x392.jpg 300w, https:\/\/cpvsantiago.gob.ar\/web\/wp-content\/uploads\/2024\/07\/448483740_929426885861044_7202821334321437555_n-696x910.jpg 696w\" sizes=\"auto, (max-width: 721px) 100vw, 721px\" \/><\/a><\/figure>\n\n\n\n<figure class=\"wp-block-image size-large\"><a href=\"https:\/\/cpvsantiago.gob.ar\/web\/wp-content\/uploads\/2024\/07\/448558692_929427979194268_3092857570410308145_n.jpg\"><img loading=\"lazy\" decoding=\"async\" width=\"1024\" height=\"768\" data-id=\"4968\" src=\"https:\/\/cpvsantiago.gob.ar\/web\/wp-content\/uploads\/2024\/07\/448558692_929427979194268_3092857570410308145_n-1024x768.jpg\" alt=\"\" class=\"wp-image-4968\" srcset=\"https:\/\/cpvsantiago.gob.ar\/web\/wp-content\/uploads\/2024\/07\/448558692_929427979194268_3092857570410308145_n-1024x768.jpg 1024w, https:\/\/cpvsantiago.gob.ar\/web\/wp-content\/uploads\/2024\/07\/448558692_929427979194268_3092857570410308145_n-300x225.jpg 300w, https:\/\/cpvsantiago.gob.ar\/web\/wp-content\/uploads\/2024\/07\/448558692_929427979194268_3092857570410308145_n-768x576.jpg 768w, https:\/\/cpvsantiago.gob.ar\/web\/wp-content\/uploads\/2024\/07\/448558692_929427979194268_3092857570410308145_n-1536x1152.jpg 1536w, https:\/\/cpvsantiago.gob.ar\/web\/wp-content\/uploads\/2024\/07\/448558692_929427979194268_3092857570410308145_n-150x113.jpg 150w, https:\/\/cpvsantiago.gob.ar\/web\/wp-content\/uploads\/2024\/07\/448558692_929427979194268_3092857570410308145_n-696x522.jpg 696w, https:\/\/cpvsantiago.gob.ar\/web\/wp-content\/uploads\/2024\/07\/448558692_929427979194268_3092857570410308145_n-1068x801.jpg 1068w, https:\/\/cpvsantiago.gob.ar\/web\/wp-content\/uploads\/2024\/07\/448558692_929427979194268_3092857570410308145_n.jpg 1600w\" sizes=\"auto, (max-width: 1024px) 100vw, 1024px\" \/><\/a><\/figure>\n\n\n\n<figure class=\"wp-block-image size-large\"><a href=\"https:\/\/cpvsantiago.gob.ar\/web\/wp-content\/uploads\/2024\/07\/448730814_929427799194286_3314601776652870646_n.jpg\"><img loading=\"lazy\" decoding=\"async\" width=\"1024\" height=\"685\" data-id=\"4964\" src=\"https:\/\/cpvsantiago.gob.ar\/web\/wp-content\/uploads\/2024\/07\/448730814_929427799194286_3314601776652870646_n-1024x685.jpg\" alt=\"\" class=\"wp-image-4964\" srcset=\"https:\/\/cpvsantiago.gob.ar\/web\/wp-content\/uploads\/2024\/07\/448730814_929427799194286_3314601776652870646_n-1024x685.jpg 1024w, https:\/\/cpvsantiago.gob.ar\/web\/wp-content\/uploads\/2024\/07\/448730814_929427799194286_3314601776652870646_n-300x201.jpg 300w, https:\/\/cpvsantiago.gob.ar\/web\/wp-content\/uploads\/2024\/07\/448730814_929427799194286_3314601776652870646_n-768x514.jpg 768w, https:\/\/cpvsantiago.gob.ar\/web\/wp-content\/uploads\/2024\/07\/448730814_929427799194286_3314601776652870646_n-150x100.jpg 150w, https:\/\/cpvsantiago.gob.ar\/web\/wp-content\/uploads\/2024\/07\/448730814_929427799194286_3314601776652870646_n-696x466.jpg 696w, https:\/\/cpvsantiago.gob.ar\/web\/wp-content\/uploads\/2024\/07\/448730814_929427799194286_3314601776652870646_n-1068x715.jpg 1068w, https:\/\/cpvsantiago.gob.ar\/web\/wp-content\/uploads\/2024\/07\/448730814_929427799194286_3314601776652870646_n.jpg 1446w\" sizes=\"auto, (max-width: 1024px) 100vw, 1024px\" \/><\/a><\/figure>\n\n\n\n<figure class=\"wp-block-image size-large\"><a href=\"https:\/\/cpvsantiago.gob.ar\/web\/wp-content\/uploads\/2024\/07\/449138586_938691208267945_3600815565802411215_n.jpg\"><img loading=\"lazy\" decoding=\"async\" width=\"794\" height=\"895\" data-id=\"4961\" src=\"https:\/\/cpvsantiago.gob.ar\/web\/wp-content\/uploads\/2024\/07\/449138586_938691208267945_3600815565802411215_n.jpg\" alt=\"\" class=\"wp-image-4961\" srcset=\"https:\/\/cpvsantiago.gob.ar\/web\/wp-content\/uploads\/2024\/07\/449138586_938691208267945_3600815565802411215_n.jpg 794w, https:\/\/cpvsantiago.gob.ar\/web\/wp-content\/uploads\/2024\/07\/449138586_938691208267945_3600815565802411215_n-266x300.jpg 266w, https:\/\/cpvsantiago.gob.ar\/web\/wp-content\/uploads\/2024\/07\/449138586_938691208267945_3600815565802411215_n-768x866.jpg 768w, https:\/\/cpvsantiago.gob.ar\/web\/wp-content\/uploads\/2024\/07\/449138586_938691208267945_3600815565802411215_n-150x169.jpg 150w, https:\/\/cpvsantiago.gob.ar\/web\/wp-content\/uploads\/2024\/07\/449138586_938691208267945_3600815565802411215_n-300x338.jpg 300w, https:\/\/cpvsantiago.gob.ar\/web\/wp-content\/uploads\/2024\/07\/449138586_938691208267945_3600815565802411215_n-696x785.jpg 696w\" sizes=\"auto, (max-width: 794px) 100vw, 794px\" \/><\/a><\/figure>\n\n\n\n<figure class=\"wp-block-image size-large\"><a href=\"https:\/\/cpvsantiago.gob.ar\/web\/wp-content\/uploads\/2024\/07\/449478253_938691484934584_7449699272624103544_n.jpg\"><img loading=\"lazy\" decoding=\"async\" width=\"1024\" height=\"768\" data-id=\"4967\" src=\"https:\/\/cpvsantiago.gob.ar\/web\/wp-content\/uploads\/2024\/07\/449478253_938691484934584_7449699272624103544_n-1024x768.jpg\" alt=\"\" class=\"wp-image-4967\" srcset=\"https:\/\/cpvsantiago.gob.ar\/web\/wp-content\/uploads\/2024\/07\/449478253_938691484934584_7449699272624103544_n-1024x768.jpg 1024w, https:\/\/cpvsantiago.gob.ar\/web\/wp-content\/uploads\/2024\/07\/449478253_938691484934584_7449699272624103544_n-300x225.jpg 300w, https:\/\/cpvsantiago.gob.ar\/web\/wp-content\/uploads\/2024\/07\/449478253_938691484934584_7449699272624103544_n-768x576.jpg 768w, https:\/\/cpvsantiago.gob.ar\/web\/wp-content\/uploads\/2024\/07\/449478253_938691484934584_7449699272624103544_n-1536x1152.jpg 1536w, https:\/\/cpvsantiago.gob.ar\/web\/wp-content\/uploads\/2024\/07\/449478253_938691484934584_7449699272624103544_n-150x113.jpg 150w, https:\/\/cpvsantiago.gob.ar\/web\/wp-content\/uploads\/2024\/07\/449478253_938691484934584_7449699272624103544_n-696x522.jpg 696w, https:\/\/cpvsantiago.gob.ar\/web\/wp-content\/uploads\/2024\/07\/449478253_938691484934584_7449699272624103544_n-1068x801.jpg 1068w, https:\/\/cpvsantiago.gob.ar\/web\/wp-content\/uploads\/2024\/07\/449478253_938691484934584_7449699272624103544_n.jpg 1600w\" sizes=\"auto, (max-width: 1024px) 100vw, 1024px\" \/><\/a><\/figure>\n\n\n\n<figure class=\"wp-block-image size-large\"><a href=\"https:\/\/cpvsantiago.gob.ar\/web\/wp-content\/uploads\/2024\/07\/449658396_938691178267948_4133720869152747899_n.jpg\"><img loading=\"lazy\" decoding=\"async\" width=\"1024\" height=\"768\" data-id=\"4966\" src=\"https:\/\/cpvsantiago.gob.ar\/web\/wp-content\/uploads\/2024\/07\/449658396_938691178267948_4133720869152747899_n-1024x768.jpg\" alt=\"\" class=\"wp-image-4966\" srcset=\"https:\/\/cpvsantiago.gob.ar\/web\/wp-content\/uploads\/2024\/07\/449658396_938691178267948_4133720869152747899_n-1024x768.jpg 1024w, https:\/\/cpvsantiago.gob.ar\/web\/wp-content\/uploads\/2024\/07\/449658396_938691178267948_4133720869152747899_n-300x225.jpg 300w, https:\/\/cpvsantiago.gob.ar\/web\/wp-content\/uploads\/2024\/07\/449658396_938691178267948_4133720869152747899_n-768x576.jpg 768w, https:\/\/cpvsantiago.gob.ar\/web\/wp-content\/uploads\/2024\/07\/449658396_938691178267948_4133720869152747899_n-1536x1152.jpg 1536w, https:\/\/cpvsantiago.gob.ar\/web\/wp-content\/uploads\/2024\/07\/449658396_938691178267948_4133720869152747899_n-150x113.jpg 150w, https:\/\/cpvsantiago.gob.ar\/web\/wp-content\/uploads\/2024\/07\/449658396_938691178267948_4133720869152747899_n-696x522.jpg 696w, https:\/\/cpvsantiago.gob.ar\/web\/wp-content\/uploads\/2024\/07\/449658396_938691178267948_4133720869152747899_n-1068x801.jpg 1068w, https:\/\/cpvsantiago.gob.ar\/web\/wp-content\/uploads\/2024\/07\/449658396_938691178267948_4133720869152747899_n.jpg 1600w\" sizes=\"auto, (max-width: 1024px) 100vw, 1024px\" \/><\/a><\/figure>\n\n\n\n<figure class=\"wp-block-image size-large\"><a href=\"https:\/\/cpvsantiago.gob.ar\/web\/wp-content\/uploads\/2024\/07\/449682128_938691588267907_2681399019309048804_n.jpg\"><img loading=\"lazy\" decoding=\"async\" width=\"1024\" height=\"768\" data-id=\"4962\" src=\"https:\/\/cpvsantiago.gob.ar\/web\/wp-content\/uploads\/2024\/07\/449682128_938691588267907_2681399019309048804_n-1024x768.jpg\" alt=\"\" class=\"wp-image-4962\" srcset=\"https:\/\/cpvsantiago.gob.ar\/web\/wp-content\/uploads\/2024\/07\/449682128_938691588267907_2681399019309048804_n-1024x768.jpg 1024w, https:\/\/cpvsantiago.gob.ar\/web\/wp-content\/uploads\/2024\/07\/449682128_938691588267907_2681399019309048804_n-300x225.jpg 300w, https:\/\/cpvsantiago.gob.ar\/web\/wp-content\/uploads\/2024\/07\/449682128_938691588267907_2681399019309048804_n-768x576.jpg 768w, https:\/\/cpvsantiago.gob.ar\/web\/wp-content\/uploads\/2024\/07\/449682128_938691588267907_2681399019309048804_n-1536x1152.jpg 1536w, https:\/\/cpvsantiago.gob.ar\/web\/wp-content\/uploads\/2024\/07\/449682128_938691588267907_2681399019309048804_n-150x113.jpg 150w, https:\/\/cpvsantiago.gob.ar\/web\/wp-content\/uploads\/2024\/07\/449682128_938691588267907_2681399019309048804_n-696x522.jpg 696w, https:\/\/cpvsantiago.gob.ar\/web\/wp-content\/uploads\/2024\/07\/449682128_938691588267907_2681399019309048804_n-1068x801.jpg 1068w, https:\/\/cpvsantiago.gob.ar\/web\/wp-content\/uploads\/2024\/07\/449682128_938691588267907_2681399019309048804_n.jpg 1600w\" sizes=\"auto, (max-width: 1024px) 100vw, 1024px\" \/><\/a><\/figure>\n<\/figure>\n","protected":false},"excerpt":{"rendered":"<p>Operarios de la Zona Vial de Villa La Punta se abocaron a las tareas de traslado de personal,\u00a0 transporte de material base estabilizada en el tramo San Juan &#8211;\u00a0 Choya. \u00a0\u00a0Se realiz\u00f3 tambi\u00e9n el transporte de arena \u00a0para Comisi\u00f3n Municipal de Laprida en el tramo Fr\u00edas &#8211; Laprida.\u00a0 Adem\u00e1s se procedi\u00f3 a efectuar tareas de [&hellip;]<\/p>\n","protected":false},"author":2,"featured_media":4971,"comment_status":"open","ping_status":"open","sticky":false,"template":"","format":"standard","meta":{"footnotes":""},"categories":[5,3],"tags":[],"class_list":{"0":"post-4953","1":"post","2":"type-post","3":"status-publish","4":"format-standard","5":"has-post-thumbnail","7":"category-noticias","8":"category-zonas_viales"},"yoast_head":"<!-- This site is optimized with the Yoast SEO Premium plugin v24.8 (Yoast SEO v27.2) - https:\/\/yoast.com\/product\/yoast-seo-premium-wordpress\/ -->\n<title>Trascendentes trabajos lleva a cabo la Zona Vial N\u00b0 3 de Villa La Punta - Consejo Provincial de Vialidad de la Provincia de Santiago del Estero<\/title>\n<meta name=\"robots\" content=\"index, follow, max-snippet:-1, max-image-preview:large, max-video-preview:-1\" \/>\n<link rel=\"canonical\" href=\"https:\/\/cpvsantiago.gob.ar\/web\/trascendentes-trabajos-lleva-a-cabo-la-zona-vial-n-3-de-villa-la-punta\/\" \/>\n<meta property=\"og:locale\" content=\"es_ES\" \/>\n<meta property=\"og:type\" content=\"article\" \/>\n<meta property=\"og:title\" content=\"Trascendentes trabajos lleva a cabo la Zona Vial N\u00b0 3 de Villa La Punta\" \/>\n<meta property=\"og:description\" content=\"Operarios de la Zona Vial de Villa La Punta se abocaron a las tareas de traslado de personal,\u00a0 transporte de material base estabilizada en el tramo San Juan &#8211;\u00a0 Choya. \u00a0\u00a0Se realiz\u00f3 tambi\u00e9n el transporte de arena \u00a0para Comisi\u00f3n Municipal de Laprida en el tramo Fr\u00edas &#8211; Laprida.\u00a0 Adem\u00e1s se procedi\u00f3 a efectuar tareas de [&hellip;]\" \/>\n<meta property=\"og:url\" content=\"https:\/\/cpvsantiago.gob.ar\/web\/trascendentes-trabajos-lleva-a-cabo-la-zona-vial-n-3-de-villa-la-punta\/\" \/>\n<meta property=\"og:site_name\" content=\"Consejo Provincial de Vialidad de la Provincia de Santiago del Estero\" \/>\n<meta property=\"article:published_time\" content=\"2024-07-01T13:03:27+00:00\" \/>\n<meta property=\"article:modified_time\" content=\"2024-07-01T13:03:28+00:00\" \/>\n<meta property=\"og:image\" content=\"https:\/\/cpvsantiago.gob.ar\/web\/wp-content\/uploads\/2024\/07\/para-portada.jpg\" \/>\n\t<meta property=\"og:image:width\" content=\"1212\" \/>\n\t<meta property=\"og:image:height\" content=\"719\" \/>\n\t<meta property=\"og:image:type\" content=\"image\/jpeg\" \/>\n<meta name=\"author\" content=\"cpv\" \/>\n<meta name=\"twitter:card\" content=\"summary_large_image\" \/>\n<meta name=\"twitter:label1\" content=\"Escrito por\" \/>\n\t<meta name=\"twitter:data1\" content=\"cpv\" \/>\n\t<meta name=\"twitter:label2\" content=\"Tiempo de lectura\" \/>\n\t<meta name=\"twitter:data2\" content=\"5 minutos\" \/>\n<script type=\"application\/ld+json\" class=\"yoast-schema-graph\">{\"@context\":\"https:\/\/schema.org\",\"@graph\":[{\"@type\":\"Article\",\"@id\":\"https:\/\/cpvsantiago.gob.ar\/web\/trascendentes-trabajos-lleva-a-cabo-la-zona-vial-n-3-de-villa-la-punta\/#article\",\"isPartOf\":{\"@id\":\"https:\/\/cpvsantiago.gob.ar\/web\/trascendentes-trabajos-lleva-a-cabo-la-zona-vial-n-3-de-villa-la-punta\/\"},\"author\":{\"name\":\"cpv\",\"@id\":\"https:\/\/cpvsantiago.gob.ar\/web\/#\/schema\/person\/aa59e9835d5eb750d8585c860224dc06\"},\"headline\":\"Trascendentes trabajos lleva a cabo la Zona Vial N\u00b0 3 de Villa La Punta\",\"datePublished\":\"2024-07-01T13:03:27+00:00\",\"dateModified\":\"2024-07-01T13:03:28+00:00\",\"mainEntityOfPage\":{\"@id\":\"https:\/\/cpvsantiago.gob.ar\/web\/trascendentes-trabajos-lleva-a-cabo-la-zona-vial-n-3-de-villa-la-punta\/\"},\"wordCount\":239,\"commentCount\":0,\"image\":{\"@id\":\"https:\/\/cpvsantiago.gob.ar\/web\/trascendentes-trabajos-lleva-a-cabo-la-zona-vial-n-3-de-villa-la-punta\/#primaryimage\"},\"thumbnailUrl\":\"https:\/\/cpvsantiago.gob.ar\/web\/wp-content\/uploads\/2024\/07\/para-portada.jpg\",\"articleSection\":[\"Noticias\",\"Zonas Viales\"],\"inLanguage\":\"es\",\"potentialAction\":[{\"@type\":\"CommentAction\",\"name\":\"Comment\",\"target\":[\"https:\/\/cpvsantiago.gob.ar\/web\/trascendentes-trabajos-lleva-a-cabo-la-zona-vial-n-3-de-villa-la-punta\/#respond\"]}]},{\"@type\":\"WebPage\",\"@id\":\"https:\/\/cpvsantiago.gob.ar\/web\/trascendentes-trabajos-lleva-a-cabo-la-zona-vial-n-3-de-villa-la-punta\/\",\"url\":\"https:\/\/cpvsantiago.gob.ar\/web\/trascendentes-trabajos-lleva-a-cabo-la-zona-vial-n-3-de-villa-la-punta\/\",\"name\":\"Trascendentes trabajos lleva a cabo la Zona Vial N\u00b0 3 de Villa La Punta - Consejo Provincial de Vialidad de la Provincia de Santiago del Estero\",\"isPartOf\":{\"@id\":\"https:\/\/cpvsantiago.gob.ar\/web\/#website\"},\"primaryImageOfPage\":{\"@id\":\"https:\/\/cpvsantiago.gob.ar\/web\/trascendentes-trabajos-lleva-a-cabo-la-zona-vial-n-3-de-villa-la-punta\/#primaryimage\"},\"image\":{\"@id\":\"https:\/\/cpvsantiago.gob.ar\/web\/trascendentes-trabajos-lleva-a-cabo-la-zona-vial-n-3-de-villa-la-punta\/#primaryimage\"},\"thumbnailUrl\":\"https:\/\/cpvsantiago.gob.ar\/web\/wp-content\/uploads\/2024\/07\/para-portada.jpg\",\"datePublished\":\"2024-07-01T13:03:27+00:00\",\"dateModified\":\"2024-07-01T13:03:28+00:00\",\"author\":{\"@id\":\"https:\/\/cpvsantiago.gob.ar\/web\/#\/schema\/person\/aa59e9835d5eb750d8585c860224dc06\"},\"breadcrumb\":{\"@id\":\"https:\/\/cpvsantiago.gob.ar\/web\/trascendentes-trabajos-lleva-a-cabo-la-zona-vial-n-3-de-villa-la-punta\/#breadcrumb\"},\"inLanguage\":\"es\",\"potentialAction\":[{\"@type\":\"ReadAction\",\"target\":[\"https:\/\/cpvsantiago.gob.ar\/web\/trascendentes-trabajos-lleva-a-cabo-la-zona-vial-n-3-de-villa-la-punta\/\"]}]},{\"@type\":\"ImageObject\",\"inLanguage\":\"es\",\"@id\":\"https:\/\/cpvsantiago.gob.ar\/web\/trascendentes-trabajos-lleva-a-cabo-la-zona-vial-n-3-de-villa-la-punta\/#primaryimage\",\"url\":\"https:\/\/cpvsantiago.gob.ar\/web\/wp-content\/uploads\/2024\/07\/para-portada.jpg\",\"contentUrl\":\"https:\/\/cpvsantiago.gob.ar\/web\/wp-content\/uploads\/2024\/07\/para-portada.jpg\",\"width\":1212,\"height\":719},{\"@type\":\"BreadcrumbList\",\"@id\":\"https:\/\/cpvsantiago.gob.ar\/web\/trascendentes-trabajos-lleva-a-cabo-la-zona-vial-n-3-de-villa-la-punta\/#breadcrumb\",\"itemListElement\":[{\"@type\":\"ListItem\",\"position\":1,\"name\":\"Portada\",\"item\":\"https:\/\/cpvsantiago.gob.ar\/web\/\"},{\"@type\":\"ListItem\",\"position\":2,\"name\":\"Trascendentes trabajos lleva a cabo la Zona Vial N\u00b0 3 de Villa La Punta\"}]},{\"@type\":\"WebSite\",\"@id\":\"https:\/\/cpvsantiago.gob.ar\/web\/#website\",\"url\":\"https:\/\/cpvsantiago.gob.ar\/web\/\",\"name\":\"Consejo Provincial de Vialidad de la Provincia de Santiago del Estero\",\"description\":\"CPV Santiago del Estero\",\"potentialAction\":[{\"@type\":\"SearchAction\",\"target\":{\"@type\":\"EntryPoint\",\"urlTemplate\":\"https:\/\/cpvsantiago.gob.ar\/web\/?s={search_term_string}\"},\"query-input\":{\"@type\":\"PropertyValueSpecification\",\"valueRequired\":true,\"valueName\":\"search_term_string\"}}],\"inLanguage\":\"es\"},{\"@type\":\"Person\",\"@id\":\"https:\/\/cpvsantiago.gob.ar\/web\/#\/schema\/person\/aa59e9835d5eb750d8585c860224dc06\",\"name\":\"cpv\",\"image\":{\"@type\":\"ImageObject\",\"inLanguage\":\"es\",\"@id\":\"https:\/\/secure.gravatar.com\/avatar\/484802c719c69b738102ad3161a3d525b188c752ad36109725aeae22171ead58?s=96&d=mm&r=g\",\"url\":\"https:\/\/secure.gravatar.com\/avatar\/484802c719c69b738102ad3161a3d525b188c752ad36109725aeae22171ead58?s=96&d=mm&r=g\",\"contentUrl\":\"https:\/\/secure.gravatar.com\/avatar\/484802c719c69b738102ad3161a3d525b188c752ad36109725aeae22171ead58?s=96&d=mm&r=g\",\"caption\":\"cpv\"},\"url\":\"https:\/\/cpvsantiago.gob.ar\/web\/author\/h8000593\/\"}]}<\/script>\n<!-- \/ Yoast SEO Premium plugin. -->","yoast_head_json":{"title":"Trascendentes trabajos lleva a cabo la Zona Vial N\u00b0 3 de Villa La Punta - Consejo Provincial de Vialidad de la Provincia de Santiago del Estero","robots":{"index":"index","follow":"follow","max-snippet":"max-snippet:-1","max-image-preview":"max-image-preview:large","max-video-preview":"max-video-preview:-1"},"canonical":"https:\/\/cpvsantiago.gob.ar\/web\/trascendentes-trabajos-lleva-a-cabo-la-zona-vial-n-3-de-villa-la-punta\/","og_locale":"es_ES","og_type":"article","og_title":"Trascendentes trabajos lleva a cabo la Zona Vial N\u00b0 3 de Villa La Punta","og_description":"Operarios de la Zona Vial de Villa La Punta se abocaron a las tareas de traslado de personal,\u00a0 transporte de material base estabilizada en el tramo San Juan &#8211;\u00a0 Choya. \u00a0\u00a0Se realiz\u00f3 tambi\u00e9n el transporte de arena \u00a0para Comisi\u00f3n Municipal de Laprida en el tramo Fr\u00edas &#8211; Laprida.\u00a0 Adem\u00e1s se procedi\u00f3 a efectuar tareas de [&hellip;]","og_url":"https:\/\/cpvsantiago.gob.ar\/web\/trascendentes-trabajos-lleva-a-cabo-la-zona-vial-n-3-de-villa-la-punta\/","og_site_name":"Consejo Provincial de Vialidad de la Provincia de Santiago del Estero","article_published_time":"2024-07-01T13:03:27+00:00","article_modified_time":"2024-07-01T13:03:28+00:00","og_image":[{"width":1212,"height":719,"url":"https:\/\/cpvsantiago.gob.ar\/web\/wp-content\/uploads\/2024\/07\/para-portada.jpg","type":"image\/jpeg"}],"author":"cpv","twitter_card":"summary_large_image","twitter_misc":{"Escrito por":"cpv","Tiempo de lectura":"5 minutos"},"schema":{"@context":"https:\/\/schema.org","@graph":[{"@type":"Article","@id":"https:\/\/cpvsantiago.gob.ar\/web\/trascendentes-trabajos-lleva-a-cabo-la-zona-vial-n-3-de-villa-la-punta\/#article","isPartOf":{"@id":"https:\/\/cpvsantiago.gob.ar\/web\/trascendentes-trabajos-lleva-a-cabo-la-zona-vial-n-3-de-villa-la-punta\/"},"author":{"name":"cpv","@id":"https:\/\/cpvsantiago.gob.ar\/web\/#\/schema\/person\/aa59e9835d5eb750d8585c860224dc06"},"headline":"Trascendentes trabajos lleva a cabo la Zona Vial N\u00b0 3 de Villa La Punta","datePublished":"2024-07-01T13:03:27+00:00","dateModified":"2024-07-01T13:03:28+00:00","mainEntityOfPage":{"@id":"https:\/\/cpvsantiago.gob.ar\/web\/trascendentes-trabajos-lleva-a-cabo-la-zona-vial-n-3-de-villa-la-punta\/"},"wordCount":239,"commentCount":0,"image":{"@id":"https:\/\/cpvsantiago.gob.ar\/web\/trascendentes-trabajos-lleva-a-cabo-la-zona-vial-n-3-de-villa-la-punta\/#primaryimage"},"thumbnailUrl":"https:\/\/cpvsantiago.gob.ar\/web\/wp-content\/uploads\/2024\/07\/para-portada.jpg","articleSection":["Noticias","Zonas Viales"],"inLanguage":"es","potentialAction":[{"@type":"CommentAction","name":"Comment","target":["https:\/\/cpvsantiago.gob.ar\/web\/trascendentes-trabajos-lleva-a-cabo-la-zona-vial-n-3-de-villa-la-punta\/#respond"]}]},{"@type":"WebPage","@id":"https:\/\/cpvsantiago.gob.ar\/web\/trascendentes-trabajos-lleva-a-cabo-la-zona-vial-n-3-de-villa-la-punta\/","url":"https:\/\/cpvsantiago.gob.ar\/web\/trascendentes-trabajos-lleva-a-cabo-la-zona-vial-n-3-de-villa-la-punta\/","name":"Trascendentes trabajos lleva a cabo la Zona Vial N\u00b0 3 de Villa La Punta - Consejo Provincial de Vialidad de la Provincia de Santiago del Estero","isPartOf":{"@id":"https:\/\/cpvsantiago.gob.ar\/web\/#website"},"primaryImageOfPage":{"@id":"https:\/\/cpvsantiago.gob.ar\/web\/trascendentes-trabajos-lleva-a-cabo-la-zona-vial-n-3-de-villa-la-punta\/#primaryimage"},"image":{"@id":"https:\/\/cpvsantiago.gob.ar\/web\/trascendentes-trabajos-lleva-a-cabo-la-zona-vial-n-3-de-villa-la-punta\/#primaryimage"},"thumbnailUrl":"https:\/\/cpvsantiago.gob.ar\/web\/wp-content\/uploads\/2024\/07\/para-portada.jpg","datePublished":"2024-07-01T13:03:27+00:00","dateModified":"2024-07-01T13:03:28+00:00","author":{"@id":"https:\/\/cpvsantiago.gob.ar\/web\/#\/schema\/person\/aa59e9835d5eb750d8585c860224dc06"},"breadcrumb":{"@id":"https:\/\/cpvsantiago.gob.ar\/web\/trascendentes-trabajos-lleva-a-cabo-la-zona-vial-n-3-de-villa-la-punta\/#breadcrumb"},"inLanguage":"es","potentialAction":[{"@type":"ReadAction","target":["https:\/\/cpvsantiago.gob.ar\/web\/trascendentes-trabajos-lleva-a-cabo-la-zona-vial-n-3-de-villa-la-punta\/"]}]},{"@type":"ImageObject","inLanguage":"es","@id":"https:\/\/cpvsantiago.gob.ar\/web\/trascendentes-trabajos-lleva-a-cabo-la-zona-vial-n-3-de-villa-la-punta\/#primaryimage","url":"https:\/\/cpvsantiago.gob.ar\/web\/wp-content\/uploads\/2024\/07\/para-portada.jpg","contentUrl":"https:\/\/cpvsantiago.gob.ar\/web\/wp-content\/uploads\/2024\/07\/para-portada.jpg","width":1212,"height":719},{"@type":"BreadcrumbList","@id":"https:\/\/cpvsantiago.gob.ar\/web\/trascendentes-trabajos-lleva-a-cabo-la-zona-vial-n-3-de-villa-la-punta\/#breadcrumb","itemListElement":[{"@type":"ListItem","position":1,"name":"Portada","item":"https:\/\/cpvsantiago.gob.ar\/web\/"},{"@type":"ListItem","position":2,"name":"Trascendentes trabajos lleva a cabo la Zona Vial N\u00b0 3 de Villa La Punta"}]},{"@type":"WebSite","@id":"https:\/\/cpvsantiago.gob.ar\/web\/#website","url":"https:\/\/cpvsantiago.gob.ar\/web\/","name":"Consejo Provincial de Vialidad de la Provincia de Santiago del Estero","description":"CPV Santiago del Estero","potentialAction":[{"@type":"SearchAction","target":{"@type":"EntryPoint","urlTemplate":"https:\/\/cpvsantiago.gob.ar\/web\/?s={search_term_string}"},"query-input":{"@type":"PropertyValueSpecification","valueRequired":true,"valueName":"search_term_string"}}],"inLanguage":"es"},{"@type":"Person","@id":"https:\/\/cpvsantiago.gob.ar\/web\/#\/schema\/person\/aa59e9835d5eb750d8585c860224dc06","name":"cpv","image":{"@type":"ImageObject","inLanguage":"es","@id":"https:\/\/secure.gravatar.com\/avatar\/484802c719c69b738102ad3161a3d525b188c752ad36109725aeae22171ead58?s=96&d=mm&r=g","url":"https:\/\/secure.gravatar.com\/avatar\/484802c719c69b738102ad3161a3d525b188c752ad36109725aeae22171ead58?s=96&d=mm&r=g","contentUrl":"https:\/\/secure.gravatar.com\/avatar\/484802c719c69b738102ad3161a3d525b188c752ad36109725aeae22171ead58?s=96&d=mm&r=g","caption":"cpv"},"url":"https:\/\/cpvsantiago.gob.ar\/web\/author\/h8000593\/"}]}},"_links":{"self":[{"href":"https:\/\/cpvsantiago.gob.ar\/web\/wp-json\/wp\/v2\/posts\/4953","targetHints":{"allow":["GET"]}}],"collection":[{"href":"https:\/\/cpvsantiago.gob.ar\/web\/wp-json\/wp\/v2\/posts"}],"about":[{"href":"https:\/\/cpvsantiago.gob.ar\/web\/wp-json\/wp\/v2\/types\/post"}],"author":[{"embeddable":true,"href":"https:\/\/cpvsantiago.gob.ar\/web\/wp-json\/wp\/v2\/users\/2"}],"replies":[{"embeddable":true,"href":"https:\/\/cpvsantiago.gob.ar\/web\/wp-json\/wp\/v2\/comments?post=4953"}],"version-history":[{"count":1,"href":"https:\/\/cpvsantiago.gob.ar\/web\/wp-json\/wp\/v2\/posts\/4953\/revisions"}],"predecessor-version":[{"id":4972,"href":"https:\/\/cpvsantiago.gob.ar\/web\/wp-json\/wp\/v2\/posts\/4953\/revisions\/4972"}],"wp:featuredmedia":[{"embeddable":true,"href":"https:\/\/cpvsantiago.gob.ar\/web\/wp-json\/wp\/v2\/media\/4971"}],"wp:attachment":[{"href":"https:\/\/cpvsantiago.gob.ar\/web\/wp-json\/wp\/v2\/media?parent=4953"}],"wp:term":[{"taxonomy":"category","embeddable":true,"href":"https:\/\/cpvsantiago.gob.ar\/web\/wp-json\/wp\/v2\/categories?post=4953"},{"taxonomy":"post_tag","embeddable":true,"href":"https:\/\/cpvsantiago.gob.ar\/web\/wp-json\/wp\/v2\/tags?post=4953"}],"curies":[{"name":"wp","href":"https:\/\/api.w.org\/{rel}","templated":true}]}}