{"id":4974,"date":"2024-06-12T10:15:05","date_gmt":"2024-06-12T13:15:05","guid":{"rendered":"https:\/\/cpvsantiago.gob.ar\/web\/?p=4974"},"modified":"2024-07-01T10:21:41","modified_gmt":"2024-07-01T13:21:41","slug":"operarios-de-la-zona-vial-n-8-bandera-ejecutaron-obras-de-mantenimiento-en-la-red-vial-provincial","status":"publish","type":"post","link":"https:\/\/cpvsantiago.gob.ar\/web\/operarios-de-la-zona-vial-n-8-bandera-ejecutaron-obras-de-mantenimiento-en-la-red-vial-provincial\/","title":{"rendered":"Operarios de la Zona Vial N\u00b0 8 Bandera ejecutaron obras de mantenimiento en la red vial provincial"},"content":{"rendered":"\n<p>La zona Vial N\u00b0 8 Bandera realiz\u00f3 trabajos en caminos internos Taca\u00f1itas y en Lote 27 de Los Jur\u00edes.\u00a0 Adem\u00e1s se procedi\u00f3 a tareas de bacheo en Ruta N\u00b0 21.\u00a0 Todas estas \u00a0labores son de suma importancia para las \u00e1reas de incumbencia de la Zona Vial y hacen al mantenimiento de caminos y rutas, tarea esencial que brinda el Consejo Provincial de Vialidad en todo el territorio provincial.<\/p>\n\n\n\n<figure class=\"wp-block-gallery has-nested-images columns-default is-cropped wp-block-gallery-1 is-layout-flex wp-block-gallery-is-layout-flex\">\n<figure class=\"wp-block-image size-large\"><a href=\"https:\/\/cpvsantiago.gob.ar\/web\/wp-content\/uploads\/2024\/07\/448121846_924504139686652_2093865898051624556_n-1.jpg\"><img loading=\"lazy\" decoding=\"async\" width=\"719\" height=\"484\" data-id=\"4975\" src=\"https:\/\/cpvsantiago.gob.ar\/web\/wp-content\/uploads\/2024\/07\/448121846_924504139686652_2093865898051624556_n-1.jpg\" alt=\"\" class=\"wp-image-4975\" srcset=\"https:\/\/cpvsantiago.gob.ar\/web\/wp-content\/uploads\/2024\/07\/448121846_924504139686652_2093865898051624556_n-1.jpg 719w, https:\/\/cpvsantiago.gob.ar\/web\/wp-content\/uploads\/2024\/07\/448121846_924504139686652_2093865898051624556_n-1-300x202.jpg 300w, https:\/\/cpvsantiago.gob.ar\/web\/wp-content\/uploads\/2024\/07\/448121846_924504139686652_2093865898051624556_n-1-150x101.jpg 150w, https:\/\/cpvsantiago.gob.ar\/web\/wp-content\/uploads\/2024\/07\/448121846_924504139686652_2093865898051624556_n-1-696x469.jpg 696w\" sizes=\"auto, (max-width: 719px) 100vw, 719px\" \/><\/a><\/figure>\n\n\n\n<figure class=\"wp-block-image size-large\"><a href=\"https:\/\/cpvsantiago.gob.ar\/web\/wp-content\/uploads\/2024\/07\/448122308_924504156353317_5127761707314825906_n-1.jpg\"><img loading=\"lazy\" decoding=\"async\" width=\"719\" height=\"976\" data-id=\"4977\" src=\"https:\/\/cpvsantiago.gob.ar\/web\/wp-content\/uploads\/2024\/07\/448122308_924504156353317_5127761707314825906_n-1.jpg\" alt=\"\" class=\"wp-image-4977\" srcset=\"https:\/\/cpvsantiago.gob.ar\/web\/wp-content\/uploads\/2024\/07\/448122308_924504156353317_5127761707314825906_n-1.jpg 719w, https:\/\/cpvsantiago.gob.ar\/web\/wp-content\/uploads\/2024\/07\/448122308_924504156353317_5127761707314825906_n-1-221x300.jpg 221w, https:\/\/cpvsantiago.gob.ar\/web\/wp-content\/uploads\/2024\/07\/448122308_924504156353317_5127761707314825906_n-1-150x204.jpg 150w, https:\/\/cpvsantiago.gob.ar\/web\/wp-content\/uploads\/2024\/07\/448122308_924504156353317_5127761707314825906_n-1-300x407.jpg 300w, https:\/\/cpvsantiago.gob.ar\/web\/wp-content\/uploads\/2024\/07\/448122308_924504156353317_5127761707314825906_n-1-696x945.jpg 696w\" sizes=\"auto, (max-width: 719px) 100vw, 719px\" \/><\/a><\/figure>\n\n\n\n<figure class=\"wp-block-image size-large\"><a href=\"https:\/\/cpvsantiago.gob.ar\/web\/wp-content\/uploads\/2024\/07\/448124760_924504069686659_7501503013620923969_n-1.jpg\"><img loading=\"lazy\" decoding=\"async\" width=\"1024\" height=\"460\" data-id=\"4979\" src=\"https:\/\/cpvsantiago.gob.ar\/web\/wp-content\/uploads\/2024\/07\/448124760_924504069686659_7501503013620923969_n-1-1024x460.jpg\" alt=\"\" class=\"wp-image-4979\" srcset=\"https:\/\/cpvsantiago.gob.ar\/web\/wp-content\/uploads\/2024\/07\/448124760_924504069686659_7501503013620923969_n-1-1024x460.jpg 1024w, https:\/\/cpvsantiago.gob.ar\/web\/wp-content\/uploads\/2024\/07\/448124760_924504069686659_7501503013620923969_n-1-300x135.jpg 300w, https:\/\/cpvsantiago.gob.ar\/web\/wp-content\/uploads\/2024\/07\/448124760_924504069686659_7501503013620923969_n-1-768x345.jpg 768w, https:\/\/cpvsantiago.gob.ar\/web\/wp-content\/uploads\/2024\/07\/448124760_924504069686659_7501503013620923969_n-1-1536x690.jpg 1536w, https:\/\/cpvsantiago.gob.ar\/web\/wp-content\/uploads\/2024\/07\/448124760_924504069686659_7501503013620923969_n-1-150x67.jpg 150w, https:\/\/cpvsantiago.gob.ar\/web\/wp-content\/uploads\/2024\/07\/448124760_924504069686659_7501503013620923969_n-1-696x313.jpg 696w, https:\/\/cpvsantiago.gob.ar\/web\/wp-content\/uploads\/2024\/07\/448124760_924504069686659_7501503013620923969_n-1-1068x480.jpg 1068w, https:\/\/cpvsantiago.gob.ar\/web\/wp-content\/uploads\/2024\/07\/448124760_924504069686659_7501503013620923969_n-1.jpg 1600w\" sizes=\"auto, (max-width: 1024px) 100vw, 1024px\" \/><\/a><\/figure>\n\n\n\n<figure class=\"wp-block-image size-large\"><a href=\"https:\/\/cpvsantiago.gob.ar\/web\/wp-content\/uploads\/2024\/07\/448140633_924504126353320_2394729130656423263_n-1.jpg\"><img loading=\"lazy\" decoding=\"async\" width=\"719\" height=\"915\" data-id=\"4980\" src=\"https:\/\/cpvsantiago.gob.ar\/web\/wp-content\/uploads\/2024\/07\/448140633_924504126353320_2394729130656423263_n-1.jpg\" alt=\"\" class=\"wp-image-4980\" srcset=\"https:\/\/cpvsantiago.gob.ar\/web\/wp-content\/uploads\/2024\/07\/448140633_924504126353320_2394729130656423263_n-1.jpg 719w, https:\/\/cpvsantiago.gob.ar\/web\/wp-content\/uploads\/2024\/07\/448140633_924504126353320_2394729130656423263_n-1-236x300.jpg 236w, https:\/\/cpvsantiago.gob.ar\/web\/wp-content\/uploads\/2024\/07\/448140633_924504126353320_2394729130656423263_n-1-150x191.jpg 150w, https:\/\/cpvsantiago.gob.ar\/web\/wp-content\/uploads\/2024\/07\/448140633_924504126353320_2394729130656423263_n-1-300x382.jpg 300w, https:\/\/cpvsantiago.gob.ar\/web\/wp-content\/uploads\/2024\/07\/448140633_924504126353320_2394729130656423263_n-1-696x886.jpg 696w\" sizes=\"auto, (max-width: 719px) 100vw, 719px\" \/><\/a><\/figure>\n\n\n\n<figure class=\"wp-block-image size-large\"><a href=\"https:\/\/cpvsantiago.gob.ar\/web\/wp-content\/uploads\/2024\/07\/448200293_924504043019995_2771534829948175383_n-1.jpg\"><img loading=\"lazy\" decoding=\"async\" width=\"719\" height=\"879\" data-id=\"4978\" src=\"https:\/\/cpvsantiago.gob.ar\/web\/wp-content\/uploads\/2024\/07\/448200293_924504043019995_2771534829948175383_n-1.jpg\" alt=\"\" class=\"wp-image-4978\" srcset=\"https:\/\/cpvsantiago.gob.ar\/web\/wp-content\/uploads\/2024\/07\/448200293_924504043019995_2771534829948175383_n-1.jpg 719w, https:\/\/cpvsantiago.gob.ar\/web\/wp-content\/uploads\/2024\/07\/448200293_924504043019995_2771534829948175383_n-1-245x300.jpg 245w, https:\/\/cpvsantiago.gob.ar\/web\/wp-content\/uploads\/2024\/07\/448200293_924504043019995_2771534829948175383_n-1-150x183.jpg 150w, https:\/\/cpvsantiago.gob.ar\/web\/wp-content\/uploads\/2024\/07\/448200293_924504043019995_2771534829948175383_n-1-300x367.jpg 300w, https:\/\/cpvsantiago.gob.ar\/web\/wp-content\/uploads\/2024\/07\/448200293_924504043019995_2771534829948175383_n-1-696x851.jpg 696w\" sizes=\"auto, (max-width: 719px) 100vw, 719px\" \/><\/a><\/figure>\n\n\n\n<figure class=\"wp-block-image size-large\"><a href=\"https:\/\/cpvsantiago.gob.ar\/web\/wp-content\/uploads\/2024\/07\/448370137_929427942527605_3310682260098434681_n-1.jpg\"><img loading=\"lazy\" decoding=\"async\" width=\"1024\" height=\"768\" data-id=\"4990\" src=\"https:\/\/cpvsantiago.gob.ar\/web\/wp-content\/uploads\/2024\/07\/448370137_929427942527605_3310682260098434681_n-1-1024x768.jpg\" alt=\"\" class=\"wp-image-4990\" srcset=\"https:\/\/cpvsantiago.gob.ar\/web\/wp-content\/uploads\/2024\/07\/448370137_929427942527605_3310682260098434681_n-1-1024x768.jpg 1024w, https:\/\/cpvsantiago.gob.ar\/web\/wp-content\/uploads\/2024\/07\/448370137_929427942527605_3310682260098434681_n-1-300x225.jpg 300w, https:\/\/cpvsantiago.gob.ar\/web\/wp-content\/uploads\/2024\/07\/448370137_929427942527605_3310682260098434681_n-1-768x576.jpg 768w, https:\/\/cpvsantiago.gob.ar\/web\/wp-content\/uploads\/2024\/07\/448370137_929427942527605_3310682260098434681_n-1-1536x1152.jpg 1536w, https:\/\/cpvsantiago.gob.ar\/web\/wp-content\/uploads\/2024\/07\/448370137_929427942527605_3310682260098434681_n-1-150x113.jpg 150w, https:\/\/cpvsantiago.gob.ar\/web\/wp-content\/uploads\/2024\/07\/448370137_929427942527605_3310682260098434681_n-1-696x522.jpg 696w, https:\/\/cpvsantiago.gob.ar\/web\/wp-content\/uploads\/2024\/07\/448370137_929427942527605_3310682260098434681_n-1-1068x801.jpg 1068w, https:\/\/cpvsantiago.gob.ar\/web\/wp-content\/uploads\/2024\/07\/448370137_929427942527605_3310682260098434681_n-1.jpg 1600w\" sizes=\"auto, (max-width: 1024px) 100vw, 1024px\" \/><\/a><\/figure>\n\n\n\n<figure class=\"wp-block-image size-large\"><a href=\"https:\/\/cpvsantiago.gob.ar\/web\/wp-content\/uploads\/2024\/07\/448375354_929427775860955_578426987849483974_n-1.jpg\"><img loading=\"lazy\" decoding=\"async\" width=\"1024\" height=\"768\" data-id=\"4987\" src=\"https:\/\/cpvsantiago.gob.ar\/web\/wp-content\/uploads\/2024\/07\/448375354_929427775860955_578426987849483974_n-1-1024x768.jpg\" alt=\"\" class=\"wp-image-4987\" srcset=\"https:\/\/cpvsantiago.gob.ar\/web\/wp-content\/uploads\/2024\/07\/448375354_929427775860955_578426987849483974_n-1-1024x768.jpg 1024w, https:\/\/cpvsantiago.gob.ar\/web\/wp-content\/uploads\/2024\/07\/448375354_929427775860955_578426987849483974_n-1-300x225.jpg 300w, https:\/\/cpvsantiago.gob.ar\/web\/wp-content\/uploads\/2024\/07\/448375354_929427775860955_578426987849483974_n-1-768x576.jpg 768w, https:\/\/cpvsantiago.gob.ar\/web\/wp-content\/uploads\/2024\/07\/448375354_929427775860955_578426987849483974_n-1-1536x1152.jpg 1536w, https:\/\/cpvsantiago.gob.ar\/web\/wp-content\/uploads\/2024\/07\/448375354_929427775860955_578426987849483974_n-1-150x113.jpg 150w, https:\/\/cpvsantiago.gob.ar\/web\/wp-content\/uploads\/2024\/07\/448375354_929427775860955_578426987849483974_n-1-696x522.jpg 696w, https:\/\/cpvsantiago.gob.ar\/web\/wp-content\/uploads\/2024\/07\/448375354_929427775860955_578426987849483974_n-1-1068x801.jpg 1068w, https:\/\/cpvsantiago.gob.ar\/web\/wp-content\/uploads\/2024\/07\/448375354_929427775860955_578426987849483974_n-1.jpg 1600w\" sizes=\"auto, (max-width: 1024px) 100vw, 1024px\" \/><\/a><\/figure>\n\n\n\n<figure class=\"wp-block-image size-large\"><a href=\"https:\/\/cpvsantiago.gob.ar\/web\/wp-content\/uploads\/2024\/07\/448380865_929426989194367_8202132644287265914_n-1.jpg\"><img loading=\"lazy\" decoding=\"async\" width=\"1024\" height=\"726\" data-id=\"4982\" src=\"https:\/\/cpvsantiago.gob.ar\/web\/wp-content\/uploads\/2024\/07\/448380865_929426989194367_8202132644287265914_n-1-1024x726.jpg\" alt=\"\" class=\"wp-image-4982\" srcset=\"https:\/\/cpvsantiago.gob.ar\/web\/wp-content\/uploads\/2024\/07\/448380865_929426989194367_8202132644287265914_n-1-1024x726.jpg 1024w, https:\/\/cpvsantiago.gob.ar\/web\/wp-content\/uploads\/2024\/07\/448380865_929426989194367_8202132644287265914_n-1-300x213.jpg 300w, https:\/\/cpvsantiago.gob.ar\/web\/wp-content\/uploads\/2024\/07\/448380865_929426989194367_8202132644287265914_n-1-768x545.jpg 768w, https:\/\/cpvsantiago.gob.ar\/web\/wp-content\/uploads\/2024\/07\/448380865_929426989194367_8202132644287265914_n-1-150x106.jpg 150w, https:\/\/cpvsantiago.gob.ar\/web\/wp-content\/uploads\/2024\/07\/448380865_929426989194367_8202132644287265914_n-1-696x494.jpg 696w, https:\/\/cpvsantiago.gob.ar\/web\/wp-content\/uploads\/2024\/07\/448380865_929426989194367_8202132644287265914_n-1-1068x757.jpg 1068w, https:\/\/cpvsantiago.gob.ar\/web\/wp-content\/uploads\/2024\/07\/448380865_929426989194367_8202132644287265914_n-1.jpg 1200w\" sizes=\"auto, (max-width: 1024px) 100vw, 1024px\" \/><\/a><\/figure>\n\n\n\n<figure class=\"wp-block-image size-large\"><a href=\"https:\/\/cpvsantiago.gob.ar\/web\/wp-content\/uploads\/2024\/07\/448441314_929427882527611_2307654859018461978_n-1.jpg\"><img loading=\"lazy\" decoding=\"async\" width=\"1024\" height=\"768\" data-id=\"4991\" src=\"https:\/\/cpvsantiago.gob.ar\/web\/wp-content\/uploads\/2024\/07\/448441314_929427882527611_2307654859018461978_n-1-1024x768.jpg\" alt=\"\" class=\"wp-image-4991\" srcset=\"https:\/\/cpvsantiago.gob.ar\/web\/wp-content\/uploads\/2024\/07\/448441314_929427882527611_2307654859018461978_n-1-1024x768.jpg 1024w, https:\/\/cpvsantiago.gob.ar\/web\/wp-content\/uploads\/2024\/07\/448441314_929427882527611_2307654859018461978_n-1-300x225.jpg 300w, https:\/\/cpvsantiago.gob.ar\/web\/wp-content\/uploads\/2024\/07\/448441314_929427882527611_2307654859018461978_n-1-768x576.jpg 768w, https:\/\/cpvsantiago.gob.ar\/web\/wp-content\/uploads\/2024\/07\/448441314_929427882527611_2307654859018461978_n-1-1536x1152.jpg 1536w, https:\/\/cpvsantiago.gob.ar\/web\/wp-content\/uploads\/2024\/07\/448441314_929427882527611_2307654859018461978_n-1-150x113.jpg 150w, https:\/\/cpvsantiago.gob.ar\/web\/wp-content\/uploads\/2024\/07\/448441314_929427882527611_2307654859018461978_n-1-696x522.jpg 696w, https:\/\/cpvsantiago.gob.ar\/web\/wp-content\/uploads\/2024\/07\/448441314_929427882527611_2307654859018461978_n-1-1068x801.jpg 1068w, https:\/\/cpvsantiago.gob.ar\/web\/wp-content\/uploads\/2024\/07\/448441314_929427882527611_2307654859018461978_n-1.jpg 1600w\" sizes=\"auto, (max-width: 1024px) 100vw, 1024px\" \/><\/a><\/figure>\n\n\n\n<figure class=\"wp-block-image size-large\"><a href=\"https:\/\/cpvsantiago.gob.ar\/web\/wp-content\/uploads\/2024\/07\/448471775_929427049194361_3079543284313400603_n-1.jpg\"><img loading=\"lazy\" decoding=\"async\" width=\"1024\" height=\"796\" data-id=\"4983\" src=\"https:\/\/cpvsantiago.gob.ar\/web\/wp-content\/uploads\/2024\/07\/448471775_929427049194361_3079543284313400603_n-1-1024x796.jpg\" alt=\"\" class=\"wp-image-4983\" srcset=\"https:\/\/cpvsantiago.gob.ar\/web\/wp-content\/uploads\/2024\/07\/448471775_929427049194361_3079543284313400603_n-1-1024x796.jpg 1024w, https:\/\/cpvsantiago.gob.ar\/web\/wp-content\/uploads\/2024\/07\/448471775_929427049194361_3079543284313400603_n-1-300x233.jpg 300w, https:\/\/cpvsantiago.gob.ar\/web\/wp-content\/uploads\/2024\/07\/448471775_929427049194361_3079543284313400603_n-1-768x597.jpg 768w, https:\/\/cpvsantiago.gob.ar\/web\/wp-content\/uploads\/2024\/07\/448471775_929427049194361_3079543284313400603_n-1-150x117.jpg 150w, https:\/\/cpvsantiago.gob.ar\/web\/wp-content\/uploads\/2024\/07\/448471775_929427049194361_3079543284313400603_n-1-696x541.jpg 696w, https:\/\/cpvsantiago.gob.ar\/web\/wp-content\/uploads\/2024\/07\/448471775_929427049194361_3079543284313400603_n-1-1068x830.jpg 1068w, https:\/\/cpvsantiago.gob.ar\/web\/wp-content\/uploads\/2024\/07\/448471775_929427049194361_3079543284313400603_n-1.jpg 1200w\" sizes=\"auto, (max-width: 1024px) 100vw, 1024px\" \/><\/a><\/figure>\n\n\n\n<figure class=\"wp-block-image size-large\"><a href=\"https:\/\/cpvsantiago.gob.ar\/web\/wp-content\/uploads\/2024\/07\/448483740_929426885861044_7202821334321437555_n-1.jpg\"><img loading=\"lazy\" decoding=\"async\" width=\"721\" height=\"943\" data-id=\"4976\" src=\"https:\/\/cpvsantiago.gob.ar\/web\/wp-content\/uploads\/2024\/07\/448483740_929426885861044_7202821334321437555_n-1.jpg\" alt=\"\" class=\"wp-image-4976\" srcset=\"https:\/\/cpvsantiago.gob.ar\/web\/wp-content\/uploads\/2024\/07\/448483740_929426885861044_7202821334321437555_n-1.jpg 721w, https:\/\/cpvsantiago.gob.ar\/web\/wp-content\/uploads\/2024\/07\/448483740_929426885861044_7202821334321437555_n-1-229x300.jpg 229w, https:\/\/cpvsantiago.gob.ar\/web\/wp-content\/uploads\/2024\/07\/448483740_929426885861044_7202821334321437555_n-1-150x196.jpg 150w, https:\/\/cpvsantiago.gob.ar\/web\/wp-content\/uploads\/2024\/07\/448483740_929426885861044_7202821334321437555_n-1-300x392.jpg 300w, https:\/\/cpvsantiago.gob.ar\/web\/wp-content\/uploads\/2024\/07\/448483740_929426885861044_7202821334321437555_n-1-696x910.jpg 696w\" sizes=\"auto, (max-width: 721px) 100vw, 721px\" \/><\/a><\/figure>\n\n\n\n<figure class=\"wp-block-image size-large\"><a href=\"https:\/\/cpvsantiago.gob.ar\/web\/wp-content\/uploads\/2024\/07\/448558692_929427979194268_3092857570410308145_n-1.jpg\"><img loading=\"lazy\" decoding=\"async\" width=\"1024\" height=\"768\" data-id=\"4989\" src=\"https:\/\/cpvsantiago.gob.ar\/web\/wp-content\/uploads\/2024\/07\/448558692_929427979194268_3092857570410308145_n-1-1024x768.jpg\" alt=\"\" class=\"wp-image-4989\" srcset=\"https:\/\/cpvsantiago.gob.ar\/web\/wp-content\/uploads\/2024\/07\/448558692_929427979194268_3092857570410308145_n-1-1024x768.jpg 1024w, https:\/\/cpvsantiago.gob.ar\/web\/wp-content\/uploads\/2024\/07\/448558692_929427979194268_3092857570410308145_n-1-300x225.jpg 300w, https:\/\/cpvsantiago.gob.ar\/web\/wp-content\/uploads\/2024\/07\/448558692_929427979194268_3092857570410308145_n-1-768x576.jpg 768w, https:\/\/cpvsantiago.gob.ar\/web\/wp-content\/uploads\/2024\/07\/448558692_929427979194268_3092857570410308145_n-1-1536x1152.jpg 1536w, https:\/\/cpvsantiago.gob.ar\/web\/wp-content\/uploads\/2024\/07\/448558692_929427979194268_3092857570410308145_n-1-150x113.jpg 150w, https:\/\/cpvsantiago.gob.ar\/web\/wp-content\/uploads\/2024\/07\/448558692_929427979194268_3092857570410308145_n-1-696x522.jpg 696w, https:\/\/cpvsantiago.gob.ar\/web\/wp-content\/uploads\/2024\/07\/448558692_929427979194268_3092857570410308145_n-1-1068x801.jpg 1068w, https:\/\/cpvsantiago.gob.ar\/web\/wp-content\/uploads\/2024\/07\/448558692_929427979194268_3092857570410308145_n-1.jpg 1600w\" sizes=\"auto, (max-width: 1024px) 100vw, 1024px\" \/><\/a><\/figure>\n\n\n\n<figure class=\"wp-block-image size-large\"><a href=\"https:\/\/cpvsantiago.gob.ar\/web\/wp-content\/uploads\/2024\/07\/448730814_929427799194286_3314601776652870646_n-1.jpg\"><img loading=\"lazy\" decoding=\"async\" width=\"1024\" height=\"685\" data-id=\"4985\" src=\"https:\/\/cpvsantiago.gob.ar\/web\/wp-content\/uploads\/2024\/07\/448730814_929427799194286_3314601776652870646_n-1-1024x685.jpg\" alt=\"\" class=\"wp-image-4985\" srcset=\"https:\/\/cpvsantiago.gob.ar\/web\/wp-content\/uploads\/2024\/07\/448730814_929427799194286_3314601776652870646_n-1-1024x685.jpg 1024w, https:\/\/cpvsantiago.gob.ar\/web\/wp-content\/uploads\/2024\/07\/448730814_929427799194286_3314601776652870646_n-1-300x201.jpg 300w, https:\/\/cpvsantiago.gob.ar\/web\/wp-content\/uploads\/2024\/07\/448730814_929427799194286_3314601776652870646_n-1-768x514.jpg 768w, https:\/\/cpvsantiago.gob.ar\/web\/wp-content\/uploads\/2024\/07\/448730814_929427799194286_3314601776652870646_n-1-150x100.jpg 150w, https:\/\/cpvsantiago.gob.ar\/web\/wp-content\/uploads\/2024\/07\/448730814_929427799194286_3314601776652870646_n-1-696x466.jpg 696w, https:\/\/cpvsantiago.gob.ar\/web\/wp-content\/uploads\/2024\/07\/448730814_929427799194286_3314601776652870646_n-1-1068x715.jpg 1068w, https:\/\/cpvsantiago.gob.ar\/web\/wp-content\/uploads\/2024\/07\/448730814_929427799194286_3314601776652870646_n-1.jpg 1446w\" sizes=\"auto, (max-width: 1024px) 100vw, 1024px\" \/><\/a><\/figure>\n\n\n\n<figure class=\"wp-block-image size-large\"><a href=\"https:\/\/cpvsantiago.gob.ar\/web\/wp-content\/uploads\/2024\/07\/449138586_938691208267945_3600815565802411215_n-1.jpg\"><img loading=\"lazy\" decoding=\"async\" width=\"794\" height=\"895\" data-id=\"4981\" src=\"https:\/\/cpvsantiago.gob.ar\/web\/wp-content\/uploads\/2024\/07\/449138586_938691208267945_3600815565802411215_n-1.jpg\" alt=\"\" class=\"wp-image-4981\" srcset=\"https:\/\/cpvsantiago.gob.ar\/web\/wp-content\/uploads\/2024\/07\/449138586_938691208267945_3600815565802411215_n-1.jpg 794w, https:\/\/cpvsantiago.gob.ar\/web\/wp-content\/uploads\/2024\/07\/449138586_938691208267945_3600815565802411215_n-1-266x300.jpg 266w, https:\/\/cpvsantiago.gob.ar\/web\/wp-content\/uploads\/2024\/07\/449138586_938691208267945_3600815565802411215_n-1-768x866.jpg 768w, https:\/\/cpvsantiago.gob.ar\/web\/wp-content\/uploads\/2024\/07\/449138586_938691208267945_3600815565802411215_n-1-150x169.jpg 150w, https:\/\/cpvsantiago.gob.ar\/web\/wp-content\/uploads\/2024\/07\/449138586_938691208267945_3600815565802411215_n-1-300x338.jpg 300w, https:\/\/cpvsantiago.gob.ar\/web\/wp-content\/uploads\/2024\/07\/449138586_938691208267945_3600815565802411215_n-1-696x785.jpg 696w\" sizes=\"auto, (max-width: 794px) 100vw, 794px\" \/><\/a><\/figure>\n\n\n\n<figure class=\"wp-block-image size-large\"><a href=\"https:\/\/cpvsantiago.gob.ar\/web\/wp-content\/uploads\/2024\/07\/449478253_938691484934584_7449699272624103544_n-1.jpg\"><img loading=\"lazy\" decoding=\"async\" width=\"1024\" height=\"768\" data-id=\"4988\" src=\"https:\/\/cpvsantiago.gob.ar\/web\/wp-content\/uploads\/2024\/07\/449478253_938691484934584_7449699272624103544_n-1-1024x768.jpg\" alt=\"\" class=\"wp-image-4988\" srcset=\"https:\/\/cpvsantiago.gob.ar\/web\/wp-content\/uploads\/2024\/07\/449478253_938691484934584_7449699272624103544_n-1-1024x768.jpg 1024w, https:\/\/cpvsantiago.gob.ar\/web\/wp-content\/uploads\/2024\/07\/449478253_938691484934584_7449699272624103544_n-1-300x225.jpg 300w, https:\/\/cpvsantiago.gob.ar\/web\/wp-content\/uploads\/2024\/07\/449478253_938691484934584_7449699272624103544_n-1-768x576.jpg 768w, https:\/\/cpvsantiago.gob.ar\/web\/wp-content\/uploads\/2024\/07\/449478253_938691484934584_7449699272624103544_n-1-1536x1152.jpg 1536w, https:\/\/cpvsantiago.gob.ar\/web\/wp-content\/uploads\/2024\/07\/449478253_938691484934584_7449699272624103544_n-1-150x113.jpg 150w, https:\/\/cpvsantiago.gob.ar\/web\/wp-content\/uploads\/2024\/07\/449478253_938691484934584_7449699272624103544_n-1-696x522.jpg 696w, https:\/\/cpvsantiago.gob.ar\/web\/wp-content\/uploads\/2024\/07\/449478253_938691484934584_7449699272624103544_n-1-1068x801.jpg 1068w, https:\/\/cpvsantiago.gob.ar\/web\/wp-content\/uploads\/2024\/07\/449478253_938691484934584_7449699272624103544_n-1.jpg 1600w\" sizes=\"auto, (max-width: 1024px) 100vw, 1024px\" \/><\/a><\/figure>\n\n\n\n<figure class=\"wp-block-image size-large\"><a href=\"https:\/\/cpvsantiago.gob.ar\/web\/wp-content\/uploads\/2024\/07\/449658396_938691178267948_4133720869152747899_n-1.jpg\"><img loading=\"lazy\" decoding=\"async\" width=\"1024\" height=\"768\" data-id=\"4986\" src=\"https:\/\/cpvsantiago.gob.ar\/web\/wp-content\/uploads\/2024\/07\/449658396_938691178267948_4133720869152747899_n-1-1024x768.jpg\" alt=\"\" class=\"wp-image-4986\" srcset=\"https:\/\/cpvsantiago.gob.ar\/web\/wp-content\/uploads\/2024\/07\/449658396_938691178267948_4133720869152747899_n-1-1024x768.jpg 1024w, https:\/\/cpvsantiago.gob.ar\/web\/wp-content\/uploads\/2024\/07\/449658396_938691178267948_4133720869152747899_n-1-300x225.jpg 300w, https:\/\/cpvsantiago.gob.ar\/web\/wp-content\/uploads\/2024\/07\/449658396_938691178267948_4133720869152747899_n-1-768x576.jpg 768w, https:\/\/cpvsantiago.gob.ar\/web\/wp-content\/uploads\/2024\/07\/449658396_938691178267948_4133720869152747899_n-1-1536x1152.jpg 1536w, https:\/\/cpvsantiago.gob.ar\/web\/wp-content\/uploads\/2024\/07\/449658396_938691178267948_4133720869152747899_n-1-150x113.jpg 150w, https:\/\/cpvsantiago.gob.ar\/web\/wp-content\/uploads\/2024\/07\/449658396_938691178267948_4133720869152747899_n-1-696x522.jpg 696w, https:\/\/cpvsantiago.gob.ar\/web\/wp-content\/uploads\/2024\/07\/449658396_938691178267948_4133720869152747899_n-1-1068x801.jpg 1068w, https:\/\/cpvsantiago.gob.ar\/web\/wp-content\/uploads\/2024\/07\/449658396_938691178267948_4133720869152747899_n-1.jpg 1600w\" sizes=\"auto, (max-width: 1024px) 100vw, 1024px\" \/><\/a><\/figure>\n\n\n\n<figure class=\"wp-block-image size-large\"><a href=\"https:\/\/cpvsantiago.gob.ar\/web\/wp-content\/uploads\/2024\/07\/449682128_938691588267907_2681399019309048804_n-1.jpg\"><img loading=\"lazy\" decoding=\"async\" width=\"1024\" height=\"768\" data-id=\"4984\" src=\"https:\/\/cpvsantiago.gob.ar\/web\/wp-content\/uploads\/2024\/07\/449682128_938691588267907_2681399019309048804_n-1-1024x768.jpg\" alt=\"\" class=\"wp-image-4984\" srcset=\"https:\/\/cpvsantiago.gob.ar\/web\/wp-content\/uploads\/2024\/07\/449682128_938691588267907_2681399019309048804_n-1-1024x768.jpg 1024w, https:\/\/cpvsantiago.gob.ar\/web\/wp-content\/uploads\/2024\/07\/449682128_938691588267907_2681399019309048804_n-1-300x225.jpg 300w, https:\/\/cpvsantiago.gob.ar\/web\/wp-content\/uploads\/2024\/07\/449682128_938691588267907_2681399019309048804_n-1-768x576.jpg 768w, https:\/\/cpvsantiago.gob.ar\/web\/wp-content\/uploads\/2024\/07\/449682128_938691588267907_2681399019309048804_n-1-1536x1152.jpg 1536w, https:\/\/cpvsantiago.gob.ar\/web\/wp-content\/uploads\/2024\/07\/449682128_938691588267907_2681399019309048804_n-1-150x113.jpg 150w, https:\/\/cpvsantiago.gob.ar\/web\/wp-content\/uploads\/2024\/07\/449682128_938691588267907_2681399019309048804_n-1-696x522.jpg 696w, https:\/\/cpvsantiago.gob.ar\/web\/wp-content\/uploads\/2024\/07\/449682128_938691588267907_2681399019309048804_n-1-1068x801.jpg 1068w, https:\/\/cpvsantiago.gob.ar\/web\/wp-content\/uploads\/2024\/07\/449682128_938691588267907_2681399019309048804_n-1.jpg 1600w\" sizes=\"auto, (max-width: 1024px) 100vw, 1024px\" \/><\/a><\/figure>\n<\/figure>\n","protected":false},"excerpt":{"rendered":"<p>La zona Vial N\u00b0 8 Bandera realiz\u00f3 trabajos en caminos internos Taca\u00f1itas y en Lote 27 de Los Jur\u00edes.\u00a0 Adem\u00e1s se procedi\u00f3 a tareas de bacheo en Ruta N\u00b0 21.\u00a0 Todas estas \u00a0labores son de suma importancia para las \u00e1reas de incumbencia de la Zona Vial y hacen al mantenimiento de caminos y rutas, tarea [&hellip;]<\/p>\n","protected":false},"author":2,"featured_media":4993,"comment_status":"open","ping_status":"open","sticky":false,"template":"","format":"standard","meta":{"footnotes":""},"categories":[5,3],"tags":[],"class_list":{"0":"post-4974","1":"post","2":"type-post","3":"status-publish","4":"format-standard","5":"has-post-thumbnail","7":"category-noticias","8":"category-zonas_viales"},"yoast_head":"<!-- This site is optimized with the Yoast SEO Premium plugin v24.8 (Yoast SEO v27.2) - https:\/\/yoast.com\/product\/yoast-seo-premium-wordpress\/ -->\n<title>Operarios de la Zona Vial N\u00b0 8 Bandera ejecutaron obras de mantenimiento en la red vial provincial - Consejo Provincial de Vialidad de la Provincia de Santiago del Estero<\/title>\n<meta name=\"robots\" content=\"index, follow, max-snippet:-1, max-image-preview:large, max-video-preview:-1\" \/>\n<link rel=\"canonical\" href=\"https:\/\/cpvsantiago.gob.ar\/web\/operarios-de-la-zona-vial-n-8-bandera-ejecutaron-obras-de-mantenimiento-en-la-red-vial-provincial\/\" \/>\n<meta property=\"og:locale\" content=\"es_ES\" \/>\n<meta property=\"og:type\" content=\"article\" \/>\n<meta property=\"og:title\" content=\"Operarios de la Zona Vial N\u00b0 8 Bandera ejecutaron obras de mantenimiento en la red vial provincial\" \/>\n<meta property=\"og:description\" content=\"La zona Vial N\u00b0 8 Bandera realiz\u00f3 trabajos en caminos internos Taca\u00f1itas y en Lote 27 de Los Jur\u00edes.\u00a0 Adem\u00e1s se procedi\u00f3 a tareas de bacheo en Ruta N\u00b0 21.\u00a0 Todas estas \u00a0labores son de suma importancia para las \u00e1reas de incumbencia de la Zona Vial y hacen al mantenimiento de caminos y rutas, tarea [&hellip;]\" \/>\n<meta property=\"og:url\" content=\"https:\/\/cpvsantiago.gob.ar\/web\/operarios-de-la-zona-vial-n-8-bandera-ejecutaron-obras-de-mantenimiento-en-la-red-vial-provincial\/\" \/>\n<meta property=\"og:site_name\" content=\"Consejo Provincial de Vialidad de la Provincia de Santiago del Estero\" \/>\n<meta property=\"article:published_time\" content=\"2024-06-12T13:15:05+00:00\" \/>\n<meta property=\"article:modified_time\" content=\"2024-07-01T13:21:41+00:00\" \/>\n<meta property=\"og:image\" content=\"https:\/\/cpvsantiago.gob.ar\/web\/wp-content\/uploads\/2024\/07\/para-portada-2.jpg\" \/>\n\t<meta property=\"og:image:width\" content=\"1555\" \/>\n\t<meta property=\"og:image:height\" content=\"683\" \/>\n\t<meta property=\"og:image:type\" content=\"image\/jpeg\" \/>\n<meta name=\"author\" content=\"cpv\" \/>\n<meta name=\"twitter:card\" content=\"summary_large_image\" \/>\n<meta name=\"twitter:label1\" content=\"Escrito por\" \/>\n\t<meta name=\"twitter:data1\" content=\"cpv\" \/>\n\t<meta name=\"twitter:label2\" content=\"Tiempo de lectura\" \/>\n\t<meta name=\"twitter:data2\" content=\"4 minutos\" \/>\n<script type=\"application\/ld+json\" class=\"yoast-schema-graph\">{\"@context\":\"https:\/\/schema.org\",\"@graph\":[{\"@type\":\"Article\",\"@id\":\"https:\/\/cpvsantiago.gob.ar\/web\/operarios-de-la-zona-vial-n-8-bandera-ejecutaron-obras-de-mantenimiento-en-la-red-vial-provincial\/#article\",\"isPartOf\":{\"@id\":\"https:\/\/cpvsantiago.gob.ar\/web\/operarios-de-la-zona-vial-n-8-bandera-ejecutaron-obras-de-mantenimiento-en-la-red-vial-provincial\/\"},\"author\":{\"name\":\"cpv\",\"@id\":\"https:\/\/cpvsantiago.gob.ar\/web\/#\/schema\/person\/aa59e9835d5eb750d8585c860224dc06\"},\"headline\":\"Operarios de la Zona Vial N\u00b0 8 Bandera ejecutaron obras de mantenimiento en la red vial provincial\",\"datePublished\":\"2024-06-12T13:15:05+00:00\",\"dateModified\":\"2024-07-01T13:21:41+00:00\",\"mainEntityOfPage\":{\"@id\":\"https:\/\/cpvsantiago.gob.ar\/web\/operarios-de-la-zona-vial-n-8-bandera-ejecutaron-obras-de-mantenimiento-en-la-red-vial-provincial\/\"},\"wordCount\":84,\"commentCount\":0,\"image\":{\"@id\":\"https:\/\/cpvsantiago.gob.ar\/web\/operarios-de-la-zona-vial-n-8-bandera-ejecutaron-obras-de-mantenimiento-en-la-red-vial-provincial\/#primaryimage\"},\"thumbnailUrl\":\"https:\/\/cpvsantiago.gob.ar\/web\/wp-content\/uploads\/2024\/07\/para-portada-2.jpg\",\"articleSection\":[\"Noticias\",\"Zonas Viales\"],\"inLanguage\":\"es\",\"potentialAction\":[{\"@type\":\"CommentAction\",\"name\":\"Comment\",\"target\":[\"https:\/\/cpvsantiago.gob.ar\/web\/operarios-de-la-zona-vial-n-8-bandera-ejecutaron-obras-de-mantenimiento-en-la-red-vial-provincial\/#respond\"]}]},{\"@type\":\"WebPage\",\"@id\":\"https:\/\/cpvsantiago.gob.ar\/web\/operarios-de-la-zona-vial-n-8-bandera-ejecutaron-obras-de-mantenimiento-en-la-red-vial-provincial\/\",\"url\":\"https:\/\/cpvsantiago.gob.ar\/web\/operarios-de-la-zona-vial-n-8-bandera-ejecutaron-obras-de-mantenimiento-en-la-red-vial-provincial\/\",\"name\":\"Operarios de la Zona Vial N\u00b0 8 Bandera ejecutaron obras de mantenimiento en la red vial provincial - Consejo Provincial de Vialidad de la Provincia de Santiago del Estero\",\"isPartOf\":{\"@id\":\"https:\/\/cpvsantiago.gob.ar\/web\/#website\"},\"primaryImageOfPage\":{\"@id\":\"https:\/\/cpvsantiago.gob.ar\/web\/operarios-de-la-zona-vial-n-8-bandera-ejecutaron-obras-de-mantenimiento-en-la-red-vial-provincial\/#primaryimage\"},\"image\":{\"@id\":\"https:\/\/cpvsantiago.gob.ar\/web\/operarios-de-la-zona-vial-n-8-bandera-ejecutaron-obras-de-mantenimiento-en-la-red-vial-provincial\/#primaryimage\"},\"thumbnailUrl\":\"https:\/\/cpvsantiago.gob.ar\/web\/wp-content\/uploads\/2024\/07\/para-portada-2.jpg\",\"datePublished\":\"2024-06-12T13:15:05+00:00\",\"dateModified\":\"2024-07-01T13:21:41+00:00\",\"author\":{\"@id\":\"https:\/\/cpvsantiago.gob.ar\/web\/#\/schema\/person\/aa59e9835d5eb750d8585c860224dc06\"},\"breadcrumb\":{\"@id\":\"https:\/\/cpvsantiago.gob.ar\/web\/operarios-de-la-zona-vial-n-8-bandera-ejecutaron-obras-de-mantenimiento-en-la-red-vial-provincial\/#breadcrumb\"},\"inLanguage\":\"es\",\"potentialAction\":[{\"@type\":\"ReadAction\",\"target\":[\"https:\/\/cpvsantiago.gob.ar\/web\/operarios-de-la-zona-vial-n-8-bandera-ejecutaron-obras-de-mantenimiento-en-la-red-vial-provincial\/\"]}]},{\"@type\":\"ImageObject\",\"inLanguage\":\"es\",\"@id\":\"https:\/\/cpvsantiago.gob.ar\/web\/operarios-de-la-zona-vial-n-8-bandera-ejecutaron-obras-de-mantenimiento-en-la-red-vial-provincial\/#primaryimage\",\"url\":\"https:\/\/cpvsantiago.gob.ar\/web\/wp-content\/uploads\/2024\/07\/para-portada-2.jpg\",\"contentUrl\":\"https:\/\/cpvsantiago.gob.ar\/web\/wp-content\/uploads\/2024\/07\/para-portada-2.jpg\",\"width\":1555,\"height\":683},{\"@type\":\"BreadcrumbList\",\"@id\":\"https:\/\/cpvsantiago.gob.ar\/web\/operarios-de-la-zona-vial-n-8-bandera-ejecutaron-obras-de-mantenimiento-en-la-red-vial-provincial\/#breadcrumb\",\"itemListElement\":[{\"@type\":\"ListItem\",\"position\":1,\"name\":\"Portada\",\"item\":\"https:\/\/cpvsantiago.gob.ar\/web\/\"},{\"@type\":\"ListItem\",\"position\":2,\"name\":\"Operarios de la Zona Vial N\u00b0 8 Bandera ejecutaron obras de mantenimiento en la red vial provincial\"}]},{\"@type\":\"WebSite\",\"@id\":\"https:\/\/cpvsantiago.gob.ar\/web\/#website\",\"url\":\"https:\/\/cpvsantiago.gob.ar\/web\/\",\"name\":\"Consejo Provincial de Vialidad de la Provincia de Santiago del Estero\",\"description\":\"CPV Santiago del Estero\",\"potentialAction\":[{\"@type\":\"SearchAction\",\"target\":{\"@type\":\"EntryPoint\",\"urlTemplate\":\"https:\/\/cpvsantiago.gob.ar\/web\/?s={search_term_string}\"},\"query-input\":{\"@type\":\"PropertyValueSpecification\",\"valueRequired\":true,\"valueName\":\"search_term_string\"}}],\"inLanguage\":\"es\"},{\"@type\":\"Person\",\"@id\":\"https:\/\/cpvsantiago.gob.ar\/web\/#\/schema\/person\/aa59e9835d5eb750d8585c860224dc06\",\"name\":\"cpv\",\"image\":{\"@type\":\"ImageObject\",\"inLanguage\":\"es\",\"@id\":\"https:\/\/secure.gravatar.com\/avatar\/484802c719c69b738102ad3161a3d525b188c752ad36109725aeae22171ead58?s=96&d=mm&r=g\",\"url\":\"https:\/\/secure.gravatar.com\/avatar\/484802c719c69b738102ad3161a3d525b188c752ad36109725aeae22171ead58?s=96&d=mm&r=g\",\"contentUrl\":\"https:\/\/secure.gravatar.com\/avatar\/484802c719c69b738102ad3161a3d525b188c752ad36109725aeae22171ead58?s=96&d=mm&r=g\",\"caption\":\"cpv\"},\"url\":\"https:\/\/cpvsantiago.gob.ar\/web\/author\/h8000593\/\"}]}<\/script>\n<!-- \/ Yoast SEO Premium plugin. -->","yoast_head_json":{"title":"Operarios de la Zona Vial N\u00b0 8 Bandera ejecutaron obras de mantenimiento en la red vial provincial - Consejo Provincial de Vialidad de la Provincia de Santiago del Estero","robots":{"index":"index","follow":"follow","max-snippet":"max-snippet:-1","max-image-preview":"max-image-preview:large","max-video-preview":"max-video-preview:-1"},"canonical":"https:\/\/cpvsantiago.gob.ar\/web\/operarios-de-la-zona-vial-n-8-bandera-ejecutaron-obras-de-mantenimiento-en-la-red-vial-provincial\/","og_locale":"es_ES","og_type":"article","og_title":"Operarios de la Zona Vial N\u00b0 8 Bandera ejecutaron obras de mantenimiento en la red vial provincial","og_description":"La zona Vial N\u00b0 8 Bandera realiz\u00f3 trabajos en caminos internos Taca\u00f1itas y en Lote 27 de Los Jur\u00edes.\u00a0 Adem\u00e1s se procedi\u00f3 a tareas de bacheo en Ruta N\u00b0 21.\u00a0 Todas estas \u00a0labores son de suma importancia para las \u00e1reas de incumbencia de la Zona Vial y hacen al mantenimiento de caminos y rutas, tarea [&hellip;]","og_url":"https:\/\/cpvsantiago.gob.ar\/web\/operarios-de-la-zona-vial-n-8-bandera-ejecutaron-obras-de-mantenimiento-en-la-red-vial-provincial\/","og_site_name":"Consejo Provincial de Vialidad de la Provincia de Santiago del Estero","article_published_time":"2024-06-12T13:15:05+00:00","article_modified_time":"2024-07-01T13:21:41+00:00","og_image":[{"width":1555,"height":683,"url":"https:\/\/cpvsantiago.gob.ar\/web\/wp-content\/uploads\/2024\/07\/para-portada-2.jpg","type":"image\/jpeg"}],"author":"cpv","twitter_card":"summary_large_image","twitter_misc":{"Escrito por":"cpv","Tiempo de lectura":"4 minutos"},"schema":{"@context":"https:\/\/schema.org","@graph":[{"@type":"Article","@id":"https:\/\/cpvsantiago.gob.ar\/web\/operarios-de-la-zona-vial-n-8-bandera-ejecutaron-obras-de-mantenimiento-en-la-red-vial-provincial\/#article","isPartOf":{"@id":"https:\/\/cpvsantiago.gob.ar\/web\/operarios-de-la-zona-vial-n-8-bandera-ejecutaron-obras-de-mantenimiento-en-la-red-vial-provincial\/"},"author":{"name":"cpv","@id":"https:\/\/cpvsantiago.gob.ar\/web\/#\/schema\/person\/aa59e9835d5eb750d8585c860224dc06"},"headline":"Operarios de la Zona Vial N\u00b0 8 Bandera ejecutaron obras de mantenimiento en la red vial provincial","datePublished":"2024-06-12T13:15:05+00:00","dateModified":"2024-07-01T13:21:41+00:00","mainEntityOfPage":{"@id":"https:\/\/cpvsantiago.gob.ar\/web\/operarios-de-la-zona-vial-n-8-bandera-ejecutaron-obras-de-mantenimiento-en-la-red-vial-provincial\/"},"wordCount":84,"commentCount":0,"image":{"@id":"https:\/\/cpvsantiago.gob.ar\/web\/operarios-de-la-zona-vial-n-8-bandera-ejecutaron-obras-de-mantenimiento-en-la-red-vial-provincial\/#primaryimage"},"thumbnailUrl":"https:\/\/cpvsantiago.gob.ar\/web\/wp-content\/uploads\/2024\/07\/para-portada-2.jpg","articleSection":["Noticias","Zonas Viales"],"inLanguage":"es","potentialAction":[{"@type":"CommentAction","name":"Comment","target":["https:\/\/cpvsantiago.gob.ar\/web\/operarios-de-la-zona-vial-n-8-bandera-ejecutaron-obras-de-mantenimiento-en-la-red-vial-provincial\/#respond"]}]},{"@type":"WebPage","@id":"https:\/\/cpvsantiago.gob.ar\/web\/operarios-de-la-zona-vial-n-8-bandera-ejecutaron-obras-de-mantenimiento-en-la-red-vial-provincial\/","url":"https:\/\/cpvsantiago.gob.ar\/web\/operarios-de-la-zona-vial-n-8-bandera-ejecutaron-obras-de-mantenimiento-en-la-red-vial-provincial\/","name":"Operarios de la Zona Vial N\u00b0 8 Bandera ejecutaron obras de mantenimiento en la red vial provincial - Consejo Provincial de Vialidad de la Provincia de Santiago del Estero","isPartOf":{"@id":"https:\/\/cpvsantiago.gob.ar\/web\/#website"},"primaryImageOfPage":{"@id":"https:\/\/cpvsantiago.gob.ar\/web\/operarios-de-la-zona-vial-n-8-bandera-ejecutaron-obras-de-mantenimiento-en-la-red-vial-provincial\/#primaryimage"},"image":{"@id":"https:\/\/cpvsantiago.gob.ar\/web\/operarios-de-la-zona-vial-n-8-bandera-ejecutaron-obras-de-mantenimiento-en-la-red-vial-provincial\/#primaryimage"},"thumbnailUrl":"https:\/\/cpvsantiago.gob.ar\/web\/wp-content\/uploads\/2024\/07\/para-portada-2.jpg","datePublished":"2024-06-12T13:15:05+00:00","dateModified":"2024-07-01T13:21:41+00:00","author":{"@id":"https:\/\/cpvsantiago.gob.ar\/web\/#\/schema\/person\/aa59e9835d5eb750d8585c860224dc06"},"breadcrumb":{"@id":"https:\/\/cpvsantiago.gob.ar\/web\/operarios-de-la-zona-vial-n-8-bandera-ejecutaron-obras-de-mantenimiento-en-la-red-vial-provincial\/#breadcrumb"},"inLanguage":"es","potentialAction":[{"@type":"ReadAction","target":["https:\/\/cpvsantiago.gob.ar\/web\/operarios-de-la-zona-vial-n-8-bandera-ejecutaron-obras-de-mantenimiento-en-la-red-vial-provincial\/"]}]},{"@type":"ImageObject","inLanguage":"es","@id":"https:\/\/cpvsantiago.gob.ar\/web\/operarios-de-la-zona-vial-n-8-bandera-ejecutaron-obras-de-mantenimiento-en-la-red-vial-provincial\/#primaryimage","url":"https:\/\/cpvsantiago.gob.ar\/web\/wp-content\/uploads\/2024\/07\/para-portada-2.jpg","contentUrl":"https:\/\/cpvsantiago.gob.ar\/web\/wp-content\/uploads\/2024\/07\/para-portada-2.jpg","width":1555,"height":683},{"@type":"BreadcrumbList","@id":"https:\/\/cpvsantiago.gob.ar\/web\/operarios-de-la-zona-vial-n-8-bandera-ejecutaron-obras-de-mantenimiento-en-la-red-vial-provincial\/#breadcrumb","itemListElement":[{"@type":"ListItem","position":1,"name":"Portada","item":"https:\/\/cpvsantiago.gob.ar\/web\/"},{"@type":"ListItem","position":2,"name":"Operarios de la Zona Vial N\u00b0 8 Bandera ejecutaron obras de mantenimiento en la red vial provincial"}]},{"@type":"WebSite","@id":"https:\/\/cpvsantiago.gob.ar\/web\/#website","url":"https:\/\/cpvsantiago.gob.ar\/web\/","name":"Consejo Provincial de Vialidad de la Provincia de Santiago del Estero","description":"CPV Santiago del Estero","potentialAction":[{"@type":"SearchAction","target":{"@type":"EntryPoint","urlTemplate":"https:\/\/cpvsantiago.gob.ar\/web\/?s={search_term_string}"},"query-input":{"@type":"PropertyValueSpecification","valueRequired":true,"valueName":"search_term_string"}}],"inLanguage":"es"},{"@type":"Person","@id":"https:\/\/cpvsantiago.gob.ar\/web\/#\/schema\/person\/aa59e9835d5eb750d8585c860224dc06","name":"cpv","image":{"@type":"ImageObject","inLanguage":"es","@id":"https:\/\/secure.gravatar.com\/avatar\/484802c719c69b738102ad3161a3d525b188c752ad36109725aeae22171ead58?s=96&d=mm&r=g","url":"https:\/\/secure.gravatar.com\/avatar\/484802c719c69b738102ad3161a3d525b188c752ad36109725aeae22171ead58?s=96&d=mm&r=g","contentUrl":"https:\/\/secure.gravatar.com\/avatar\/484802c719c69b738102ad3161a3d525b188c752ad36109725aeae22171ead58?s=96&d=mm&r=g","caption":"cpv"},"url":"https:\/\/cpvsantiago.gob.ar\/web\/author\/h8000593\/"}]}},"_links":{"self":[{"href":"https:\/\/cpvsantiago.gob.ar\/web\/wp-json\/wp\/v2\/posts\/4974","targetHints":{"allow":["GET"]}}],"collection":[{"href":"https:\/\/cpvsantiago.gob.ar\/web\/wp-json\/wp\/v2\/posts"}],"about":[{"href":"https:\/\/cpvsantiago.gob.ar\/web\/wp-json\/wp\/v2\/types\/post"}],"author":[{"embeddable":true,"href":"https:\/\/cpvsantiago.gob.ar\/web\/wp-json\/wp\/v2\/users\/2"}],"replies":[{"embeddable":true,"href":"https:\/\/cpvsantiago.gob.ar\/web\/wp-json\/wp\/v2\/comments?post=4974"}],"version-history":[{"count":1,"href":"https:\/\/cpvsantiago.gob.ar\/web\/wp-json\/wp\/v2\/posts\/4974\/revisions"}],"predecessor-version":[{"id":4994,"href":"https:\/\/cpvsantiago.gob.ar\/web\/wp-json\/wp\/v2\/posts\/4974\/revisions\/4994"}],"wp:featuredmedia":[{"embeddable":true,"href":"https:\/\/cpvsantiago.gob.ar\/web\/wp-json\/wp\/v2\/media\/4993"}],"wp:attachment":[{"href":"https:\/\/cpvsantiago.gob.ar\/web\/wp-json\/wp\/v2\/media?parent=4974"}],"wp:term":[{"taxonomy":"category","embeddable":true,"href":"https:\/\/cpvsantiago.gob.ar\/web\/wp-json\/wp\/v2\/categories?post=4974"},{"taxonomy":"post_tag","embeddable":true,"href":"https:\/\/cpvsantiago.gob.ar\/web\/wp-json\/wp\/v2\/tags?post=4974"}],"curies":[{"name":"wp","href":"https:\/\/api.w.org\/{rel}","templated":true}]}}