{"id":5015,"date":"2024-07-08T08:49:24","date_gmt":"2024-07-08T11:49:24","guid":{"rendered":"https:\/\/cpvsantiago.gob.ar\/web\/?p=5015"},"modified":"2024-07-22T08:51:41","modified_gmt":"2024-07-22T11:51:41","slug":"personal-de-zona-vial-no-5-colonia-dora-procedio-a-la-realizacion-de-numerosas-tareas-de-mantenimiento","status":"publish","type":"post","link":"https:\/\/cpvsantiago.gob.ar\/web\/personal-de-zona-vial-no-5-colonia-dora-procedio-a-la-realizacion-de-numerosas-tareas-de-mantenimiento\/","title":{"rendered":"Personal de Zona Vial N\u00ba 5 Colonia Dora procedi\u00f3 a la realizaci\u00f3n de numerosas tareas de mantenimiento \u00a0"},"content":{"rendered":"\n<p>El Consejo Provincial de Vialidad realiz\u00f3 mediante trabajadores de la Zona Vial N\u00b0 5 cuantiosas tareas de mantenimiento entre las cuales se destacan el perfilado de calles en Lugones, Dpto. Avellaneda y bacheos en la Ruta N\u00b092, \u00a0en el tramo A\u00f1atuya a Telares. \u00a0Adem\u00e1s se procedi\u00f3 a la construcci\u00f3n de caminos en Real Sayana, \u00a0\u00a0desmalezado de banquinas en la Ruta N\u00b092 e el tramo A\u00f1atuya &#8211;\u00a0 La Paliza y perfilado de ripio en tramo Mail\u00edn a Breayoj.\u00a0 Tambi\u00e9n se hicieron trabajos de perfilado de ripio de Lugones a Santo Domingo,\u00a0 en paraje Rodeo a Conchayoj, de Herrera a paraje San Jos\u00e9, de Herrera a paraje San Antonio de Copo y\u00a0 desde paraje Rodeo a Remanso.\u00a0 Se hicieron tareas de bacheo en la Ruta N\u00b0 92 y en el acceso a Mail\u00edn,\u00a0\u00a0 trabajos de perfilado de ripio desde Mail\u00edn a Herrera y Lugones a Mail\u00edn.\u00a0 Se procedi\u00f3 al transporte de ripio a Ica\u00f1o, Real Sayana, Colonia Dora y Mail\u00edn.\u00a0 Por \u00faltimo, se hicieron perfilados de ripio desde paraje Rodeo a Remanso y perfilado de calles en Lugones, \u00a0Departamento Avellaneda.<\/p>\n\n\n\n<figure class=\"wp-block-gallery has-nested-images columns-default is-cropped wp-block-gallery-1 is-layout-flex wp-block-gallery-is-layout-flex\">\n<figure class=\"wp-block-image size-large\"><a href=\"https:\/\/cpvsantiago.gob.ar\/web\/wp-content\/uploads\/2024\/07\/450170056_943601801110219_889147061683303804_n.jpg\"><img loading=\"lazy\" decoding=\"async\" width=\"780\" height=\"753\" data-id=\"5016\" src=\"https:\/\/cpvsantiago.gob.ar\/web\/wp-content\/uploads\/2024\/07\/450170056_943601801110219_889147061683303804_n.jpg\" alt=\"\" class=\"wp-image-5016\" srcset=\"https:\/\/cpvsantiago.gob.ar\/web\/wp-content\/uploads\/2024\/07\/450170056_943601801110219_889147061683303804_n.jpg 780w, https:\/\/cpvsantiago.gob.ar\/web\/wp-content\/uploads\/2024\/07\/450170056_943601801110219_889147061683303804_n-300x290.jpg 300w, https:\/\/cpvsantiago.gob.ar\/web\/wp-content\/uploads\/2024\/07\/450170056_943601801110219_889147061683303804_n-768x741.jpg 768w, https:\/\/cpvsantiago.gob.ar\/web\/wp-content\/uploads\/2024\/07\/450170056_943601801110219_889147061683303804_n-150x145.jpg 150w, https:\/\/cpvsantiago.gob.ar\/web\/wp-content\/uploads\/2024\/07\/450170056_943601801110219_889147061683303804_n-696x672.jpg 696w\" sizes=\"auto, (max-width: 780px) 100vw, 780px\" \/><\/a><\/figure>\n\n\n\n<figure class=\"wp-block-image size-large\"><a href=\"https:\/\/cpvsantiago.gob.ar\/web\/wp-content\/uploads\/2024\/07\/450172320_943601451110254_5953284457790265009_n-1.jpg\"><img loading=\"lazy\" decoding=\"async\" width=\"1024\" height=\"472\" data-id=\"5027\" src=\"https:\/\/cpvsantiago.gob.ar\/web\/wp-content\/uploads\/2024\/07\/450172320_943601451110254_5953284457790265009_n-1-1024x472.jpg\" alt=\"\" class=\"wp-image-5027\" srcset=\"https:\/\/cpvsantiago.gob.ar\/web\/wp-content\/uploads\/2024\/07\/450172320_943601451110254_5953284457790265009_n-1-1024x472.jpg 1024w, https:\/\/cpvsantiago.gob.ar\/web\/wp-content\/uploads\/2024\/07\/450172320_943601451110254_5953284457790265009_n-1-300x138.jpg 300w, https:\/\/cpvsantiago.gob.ar\/web\/wp-content\/uploads\/2024\/07\/450172320_943601451110254_5953284457790265009_n-1-768x354.jpg 768w, https:\/\/cpvsantiago.gob.ar\/web\/wp-content\/uploads\/2024\/07\/450172320_943601451110254_5953284457790265009_n-1-150x69.jpg 150w, https:\/\/cpvsantiago.gob.ar\/web\/wp-content\/uploads\/2024\/07\/450172320_943601451110254_5953284457790265009_n-1-696x321.jpg 696w, https:\/\/cpvsantiago.gob.ar\/web\/wp-content\/uploads\/2024\/07\/450172320_943601451110254_5953284457790265009_n-1-1068x492.jpg 1068w, https:\/\/cpvsantiago.gob.ar\/web\/wp-content\/uploads\/2024\/07\/450172320_943601451110254_5953284457790265009_n-1.jpg 1280w\" sizes=\"auto, (max-width: 1024px) 100vw, 1024px\" \/><\/a><\/figure>\n\n\n\n<figure class=\"wp-block-image size-large\"><a href=\"https:\/\/cpvsantiago.gob.ar\/web\/wp-content\/uploads\/2024\/07\/450172320_943601497776916_2207734661879550459_n.jpg\"><img loading=\"lazy\" decoding=\"async\" width=\"1024\" height=\"472\" data-id=\"5021\" src=\"https:\/\/cpvsantiago.gob.ar\/web\/wp-content\/uploads\/2024\/07\/450172320_943601497776916_2207734661879550459_n-1024x472.jpg\" alt=\"\" class=\"wp-image-5021\" srcset=\"https:\/\/cpvsantiago.gob.ar\/web\/wp-content\/uploads\/2024\/07\/450172320_943601497776916_2207734661879550459_n-1024x472.jpg 1024w, https:\/\/cpvsantiago.gob.ar\/web\/wp-content\/uploads\/2024\/07\/450172320_943601497776916_2207734661879550459_n-300x138.jpg 300w, https:\/\/cpvsantiago.gob.ar\/web\/wp-content\/uploads\/2024\/07\/450172320_943601497776916_2207734661879550459_n-768x354.jpg 768w, https:\/\/cpvsantiago.gob.ar\/web\/wp-content\/uploads\/2024\/07\/450172320_943601497776916_2207734661879550459_n-150x69.jpg 150w, https:\/\/cpvsantiago.gob.ar\/web\/wp-content\/uploads\/2024\/07\/450172320_943601497776916_2207734661879550459_n-696x321.jpg 696w, https:\/\/cpvsantiago.gob.ar\/web\/wp-content\/uploads\/2024\/07\/450172320_943601497776916_2207734661879550459_n-1068x492.jpg 1068w, https:\/\/cpvsantiago.gob.ar\/web\/wp-content\/uploads\/2024\/07\/450172320_943601497776916_2207734661879550459_n.jpg 1280w\" sizes=\"auto, (max-width: 1024px) 100vw, 1024px\" \/><\/a><\/figure>\n\n\n\n<figure class=\"wp-block-image size-large\"><a href=\"https:\/\/cpvsantiago.gob.ar\/web\/wp-content\/uploads\/2024\/07\/450386208_943601517776914_3267087345054541758_n.jpg\"><img loading=\"lazy\" decoding=\"async\" width=\"780\" height=\"513\" data-id=\"5017\" src=\"https:\/\/cpvsantiago.gob.ar\/web\/wp-content\/uploads\/2024\/07\/450386208_943601517776914_3267087345054541758_n.jpg\" alt=\"\" class=\"wp-image-5017\" srcset=\"https:\/\/cpvsantiago.gob.ar\/web\/wp-content\/uploads\/2024\/07\/450386208_943601517776914_3267087345054541758_n.jpg 780w, https:\/\/cpvsantiago.gob.ar\/web\/wp-content\/uploads\/2024\/07\/450386208_943601517776914_3267087345054541758_n-300x197.jpg 300w, https:\/\/cpvsantiago.gob.ar\/web\/wp-content\/uploads\/2024\/07\/450386208_943601517776914_3267087345054541758_n-768x505.jpg 768w, https:\/\/cpvsantiago.gob.ar\/web\/wp-content\/uploads\/2024\/07\/450386208_943601517776914_3267087345054541758_n-150x99.jpg 150w, https:\/\/cpvsantiago.gob.ar\/web\/wp-content\/uploads\/2024\/07\/450386208_943601517776914_3267087345054541758_n-696x458.jpg 696w\" sizes=\"auto, (max-width: 780px) 100vw, 780px\" \/><\/a><\/figure>\n\n\n\n<figure class=\"wp-block-image size-large\"><a href=\"https:\/\/cpvsantiago.gob.ar\/web\/wp-content\/uploads\/2024\/07\/450390613_943602367776829_4619620220956747147_n.jpg\"><img loading=\"lazy\" decoding=\"async\" width=\"780\" height=\"798\" data-id=\"5019\" src=\"https:\/\/cpvsantiago.gob.ar\/web\/wp-content\/uploads\/2024\/07\/450390613_943602367776829_4619620220956747147_n.jpg\" alt=\"\" class=\"wp-image-5019\" srcset=\"https:\/\/cpvsantiago.gob.ar\/web\/wp-content\/uploads\/2024\/07\/450390613_943602367776829_4619620220956747147_n.jpg 780w, https:\/\/cpvsantiago.gob.ar\/web\/wp-content\/uploads\/2024\/07\/450390613_943602367776829_4619620220956747147_n-293x300.jpg 293w, https:\/\/cpvsantiago.gob.ar\/web\/wp-content\/uploads\/2024\/07\/450390613_943602367776829_4619620220956747147_n-768x786.jpg 768w, https:\/\/cpvsantiago.gob.ar\/web\/wp-content\/uploads\/2024\/07\/450390613_943602367776829_4619620220956747147_n-150x153.jpg 150w, https:\/\/cpvsantiago.gob.ar\/web\/wp-content\/uploads\/2024\/07\/450390613_943602367776829_4619620220956747147_n-300x307.jpg 300w, https:\/\/cpvsantiago.gob.ar\/web\/wp-content\/uploads\/2024\/07\/450390613_943602367776829_4619620220956747147_n-696x712.jpg 696w\" sizes=\"auto, (max-width: 780px) 100vw, 780px\" \/><\/a><\/figure>\n\n\n\n<figure class=\"wp-block-image size-large\"><a href=\"https:\/\/cpvsantiago.gob.ar\/web\/wp-content\/uploads\/2024\/07\/450390617_943601767776889_5672769903961581004_n.jpg\"><img loading=\"lazy\" decoding=\"async\" width=\"780\" height=\"667\" data-id=\"5020\" src=\"https:\/\/cpvsantiago.gob.ar\/web\/wp-content\/uploads\/2024\/07\/450390617_943601767776889_5672769903961581004_n.jpg\" alt=\"\" class=\"wp-image-5020\" srcset=\"https:\/\/cpvsantiago.gob.ar\/web\/wp-content\/uploads\/2024\/07\/450390617_943601767776889_5672769903961581004_n.jpg 780w, https:\/\/cpvsantiago.gob.ar\/web\/wp-content\/uploads\/2024\/07\/450390617_943601767776889_5672769903961581004_n-300x257.jpg 300w, https:\/\/cpvsantiago.gob.ar\/web\/wp-content\/uploads\/2024\/07\/450390617_943601767776889_5672769903961581004_n-768x657.jpg 768w, https:\/\/cpvsantiago.gob.ar\/web\/wp-content\/uploads\/2024\/07\/450390617_943601767776889_5672769903961581004_n-150x128.jpg 150w, https:\/\/cpvsantiago.gob.ar\/web\/wp-content\/uploads\/2024\/07\/450390617_943601767776889_5672769903961581004_n-696x595.jpg 696w\" sizes=\"auto, (max-width: 780px) 100vw, 780px\" \/><\/a><\/figure>\n\n\n\n<figure class=\"wp-block-image size-large\"><a href=\"https:\/\/cpvsantiago.gob.ar\/web\/wp-content\/uploads\/2024\/07\/450395224_943601457776920_4657271038320047774_n.jpg\"><img loading=\"lazy\" decoding=\"async\" width=\"1024\" height=\"472\" data-id=\"5033\" src=\"https:\/\/cpvsantiago.gob.ar\/web\/wp-content\/uploads\/2024\/07\/450395224_943601457776920_4657271038320047774_n-1024x472.jpg\" alt=\"\" class=\"wp-image-5033\" srcset=\"https:\/\/cpvsantiago.gob.ar\/web\/wp-content\/uploads\/2024\/07\/450395224_943601457776920_4657271038320047774_n-1024x472.jpg 1024w, https:\/\/cpvsantiago.gob.ar\/web\/wp-content\/uploads\/2024\/07\/450395224_943601457776920_4657271038320047774_n-300x138.jpg 300w, https:\/\/cpvsantiago.gob.ar\/web\/wp-content\/uploads\/2024\/07\/450395224_943601457776920_4657271038320047774_n-768x354.jpg 768w, https:\/\/cpvsantiago.gob.ar\/web\/wp-content\/uploads\/2024\/07\/450395224_943601457776920_4657271038320047774_n-150x69.jpg 150w, https:\/\/cpvsantiago.gob.ar\/web\/wp-content\/uploads\/2024\/07\/450395224_943601457776920_4657271038320047774_n-696x321.jpg 696w, https:\/\/cpvsantiago.gob.ar\/web\/wp-content\/uploads\/2024\/07\/450395224_943601457776920_4657271038320047774_n-1068x492.jpg 1068w, https:\/\/cpvsantiago.gob.ar\/web\/wp-content\/uploads\/2024\/07\/450395224_943601457776920_4657271038320047774_n.jpg 1280w\" sizes=\"auto, (max-width: 1024px) 100vw, 1024px\" \/><\/a><\/figure>\n\n\n\n<figure class=\"wp-block-image size-large\"><a href=\"https:\/\/cpvsantiago.gob.ar\/web\/wp-content\/uploads\/2024\/07\/450395539_943601714443561_6359070438637939435_n.jpg\"><img loading=\"lazy\" decoding=\"async\" width=\"1024\" height=\"472\" data-id=\"5023\" src=\"https:\/\/cpvsantiago.gob.ar\/web\/wp-content\/uploads\/2024\/07\/450395539_943601714443561_6359070438637939435_n-1024x472.jpg\" alt=\"\" class=\"wp-image-5023\" srcset=\"https:\/\/cpvsantiago.gob.ar\/web\/wp-content\/uploads\/2024\/07\/450395539_943601714443561_6359070438637939435_n-1024x472.jpg 1024w, https:\/\/cpvsantiago.gob.ar\/web\/wp-content\/uploads\/2024\/07\/450395539_943601714443561_6359070438637939435_n-300x138.jpg 300w, https:\/\/cpvsantiago.gob.ar\/web\/wp-content\/uploads\/2024\/07\/450395539_943601714443561_6359070438637939435_n-768x354.jpg 768w, https:\/\/cpvsantiago.gob.ar\/web\/wp-content\/uploads\/2024\/07\/450395539_943601714443561_6359070438637939435_n-150x69.jpg 150w, https:\/\/cpvsantiago.gob.ar\/web\/wp-content\/uploads\/2024\/07\/450395539_943601714443561_6359070438637939435_n-696x321.jpg 696w, https:\/\/cpvsantiago.gob.ar\/web\/wp-content\/uploads\/2024\/07\/450395539_943601714443561_6359070438637939435_n-1068x492.jpg 1068w, https:\/\/cpvsantiago.gob.ar\/web\/wp-content\/uploads\/2024\/07\/450395539_943601714443561_6359070438637939435_n.jpg 1280w\" sizes=\"auto, (max-width: 1024px) 100vw, 1024px\" \/><\/a><\/figure>\n\n\n\n<figure class=\"wp-block-image size-large\"><a href=\"https:\/\/cpvsantiago.gob.ar\/web\/wp-content\/uploads\/2024\/07\/450402102_943601524443580_3201964009562789085_n.jpg\"><img loading=\"lazy\" decoding=\"async\" width=\"1024\" height=\"472\" data-id=\"5029\" src=\"https:\/\/cpvsantiago.gob.ar\/web\/wp-content\/uploads\/2024\/07\/450402102_943601524443580_3201964009562789085_n-1024x472.jpg\" alt=\"\" class=\"wp-image-5029\" srcset=\"https:\/\/cpvsantiago.gob.ar\/web\/wp-content\/uploads\/2024\/07\/450402102_943601524443580_3201964009562789085_n-1024x472.jpg 1024w, https:\/\/cpvsantiago.gob.ar\/web\/wp-content\/uploads\/2024\/07\/450402102_943601524443580_3201964009562789085_n-300x138.jpg 300w, https:\/\/cpvsantiago.gob.ar\/web\/wp-content\/uploads\/2024\/07\/450402102_943601524443580_3201964009562789085_n-768x354.jpg 768w, https:\/\/cpvsantiago.gob.ar\/web\/wp-content\/uploads\/2024\/07\/450402102_943601524443580_3201964009562789085_n-150x69.jpg 150w, https:\/\/cpvsantiago.gob.ar\/web\/wp-content\/uploads\/2024\/07\/450402102_943601524443580_3201964009562789085_n-696x321.jpg 696w, https:\/\/cpvsantiago.gob.ar\/web\/wp-content\/uploads\/2024\/07\/450402102_943601524443580_3201964009562789085_n-1068x492.jpg 1068w, https:\/\/cpvsantiago.gob.ar\/web\/wp-content\/uploads\/2024\/07\/450402102_943601524443580_3201964009562789085_n.jpg 1280w\" sizes=\"auto, (max-width: 1024px) 100vw, 1024px\" \/><\/a><\/figure>\n\n\n\n<figure class=\"wp-block-image size-large\"><a href=\"https:\/\/cpvsantiago.gob.ar\/web\/wp-content\/uploads\/2024\/07\/450402182_943602294443503_7221299017825532693_n.jpg\"><img loading=\"lazy\" decoding=\"async\" width=\"1024\" height=\"472\" data-id=\"5030\" src=\"https:\/\/cpvsantiago.gob.ar\/web\/wp-content\/uploads\/2024\/07\/450402182_943602294443503_7221299017825532693_n-1024x472.jpg\" alt=\"\" class=\"wp-image-5030\" srcset=\"https:\/\/cpvsantiago.gob.ar\/web\/wp-content\/uploads\/2024\/07\/450402182_943602294443503_7221299017825532693_n-1024x472.jpg 1024w, https:\/\/cpvsantiago.gob.ar\/web\/wp-content\/uploads\/2024\/07\/450402182_943602294443503_7221299017825532693_n-300x138.jpg 300w, https:\/\/cpvsantiago.gob.ar\/web\/wp-content\/uploads\/2024\/07\/450402182_943602294443503_7221299017825532693_n-768x354.jpg 768w, https:\/\/cpvsantiago.gob.ar\/web\/wp-content\/uploads\/2024\/07\/450402182_943602294443503_7221299017825532693_n-150x69.jpg 150w, https:\/\/cpvsantiago.gob.ar\/web\/wp-content\/uploads\/2024\/07\/450402182_943602294443503_7221299017825532693_n-696x321.jpg 696w, https:\/\/cpvsantiago.gob.ar\/web\/wp-content\/uploads\/2024\/07\/450402182_943602294443503_7221299017825532693_n-1068x492.jpg 1068w, https:\/\/cpvsantiago.gob.ar\/web\/wp-content\/uploads\/2024\/07\/450402182_943602294443503_7221299017825532693_n.jpg 1280w\" sizes=\"auto, (max-width: 1024px) 100vw, 1024px\" \/><\/a><\/figure>\n\n\n\n<figure class=\"wp-block-image size-large\"><a href=\"https:\/\/cpvsantiago.gob.ar\/web\/wp-content\/uploads\/2024\/07\/450402525_943602017776864_376601400398621190_n.jpg\"><img loading=\"lazy\" decoding=\"async\" width=\"768\" height=\"1024\" data-id=\"5034\" src=\"https:\/\/cpvsantiago.gob.ar\/web\/wp-content\/uploads\/2024\/07\/450402525_943602017776864_376601400398621190_n-768x1024.jpg\" alt=\"\" class=\"wp-image-5034\" srcset=\"https:\/\/cpvsantiago.gob.ar\/web\/wp-content\/uploads\/2024\/07\/450402525_943602017776864_376601400398621190_n-768x1024.jpg 768w, https:\/\/cpvsantiago.gob.ar\/web\/wp-content\/uploads\/2024\/07\/450402525_943602017776864_376601400398621190_n-225x300.jpg 225w, https:\/\/cpvsantiago.gob.ar\/web\/wp-content\/uploads\/2024\/07\/450402525_943602017776864_376601400398621190_n-150x200.jpg 150w, https:\/\/cpvsantiago.gob.ar\/web\/wp-content\/uploads\/2024\/07\/450402525_943602017776864_376601400398621190_n-300x400.jpg 300w, https:\/\/cpvsantiago.gob.ar\/web\/wp-content\/uploads\/2024\/07\/450402525_943602017776864_376601400398621190_n-696x928.jpg 696w, https:\/\/cpvsantiago.gob.ar\/web\/wp-content\/uploads\/2024\/07\/450402525_943602017776864_376601400398621190_n.jpg 960w\" sizes=\"auto, (max-width: 768px) 100vw, 768px\" \/><\/a><\/figure>\n\n\n\n<figure class=\"wp-block-image size-large\"><a href=\"https:\/\/cpvsantiago.gob.ar\/web\/wp-content\/uploads\/2024\/07\/450402791_943601611110238_8592428137484182508_n.jpg\"><img loading=\"lazy\" decoding=\"async\" width=\"980\" height=\"457\" data-id=\"5024\" src=\"https:\/\/cpvsantiago.gob.ar\/web\/wp-content\/uploads\/2024\/07\/450402791_943601611110238_8592428137484182508_n.jpg\" alt=\"\" class=\"wp-image-5024\" srcset=\"https:\/\/cpvsantiago.gob.ar\/web\/wp-content\/uploads\/2024\/07\/450402791_943601611110238_8592428137484182508_n.jpg 980w, https:\/\/cpvsantiago.gob.ar\/web\/wp-content\/uploads\/2024\/07\/450402791_943601611110238_8592428137484182508_n-300x140.jpg 300w, https:\/\/cpvsantiago.gob.ar\/web\/wp-content\/uploads\/2024\/07\/450402791_943601611110238_8592428137484182508_n-768x358.jpg 768w, https:\/\/cpvsantiago.gob.ar\/web\/wp-content\/uploads\/2024\/07\/450402791_943601611110238_8592428137484182508_n-150x70.jpg 150w, https:\/\/cpvsantiago.gob.ar\/web\/wp-content\/uploads\/2024\/07\/450402791_943601611110238_8592428137484182508_n-696x325.jpg 696w\" sizes=\"auto, (max-width: 980px) 100vw, 980px\" \/><\/a><\/figure>\n\n\n\n<figure class=\"wp-block-image size-large\"><a href=\"https:\/\/cpvsantiago.gob.ar\/web\/wp-content\/uploads\/2024\/07\/450402837_943601587776907_5155431821280457818_n.jpg\"><img loading=\"lazy\" decoding=\"async\" width=\"1024\" height=\"472\" data-id=\"5031\" src=\"https:\/\/cpvsantiago.gob.ar\/web\/wp-content\/uploads\/2024\/07\/450402837_943601587776907_5155431821280457818_n-1024x472.jpg\" alt=\"\" class=\"wp-image-5031\" srcset=\"https:\/\/cpvsantiago.gob.ar\/web\/wp-content\/uploads\/2024\/07\/450402837_943601587776907_5155431821280457818_n-1024x472.jpg 1024w, https:\/\/cpvsantiago.gob.ar\/web\/wp-content\/uploads\/2024\/07\/450402837_943601587776907_5155431821280457818_n-300x138.jpg 300w, https:\/\/cpvsantiago.gob.ar\/web\/wp-content\/uploads\/2024\/07\/450402837_943601587776907_5155431821280457818_n-768x354.jpg 768w, https:\/\/cpvsantiago.gob.ar\/web\/wp-content\/uploads\/2024\/07\/450402837_943601587776907_5155431821280457818_n-150x69.jpg 150w, https:\/\/cpvsantiago.gob.ar\/web\/wp-content\/uploads\/2024\/07\/450402837_943601587776907_5155431821280457818_n-696x321.jpg 696w, https:\/\/cpvsantiago.gob.ar\/web\/wp-content\/uploads\/2024\/07\/450402837_943601587776907_5155431821280457818_n-1068x492.jpg 1068w, https:\/\/cpvsantiago.gob.ar\/web\/wp-content\/uploads\/2024\/07\/450402837_943601587776907_5155431821280457818_n.jpg 1280w\" sizes=\"auto, (max-width: 1024px) 100vw, 1024px\" \/><\/a><\/figure>\n\n\n\n<figure class=\"wp-block-image size-large\"><a href=\"https:\/\/cpvsantiago.gob.ar\/web\/wp-content\/uploads\/2024\/07\/450406083_943602424443490_8148276525198582982_n.jpg\"><img loading=\"lazy\" decoding=\"async\" width=\"768\" height=\"1024\" data-id=\"5025\" src=\"https:\/\/cpvsantiago.gob.ar\/web\/wp-content\/uploads\/2024\/07\/450406083_943602424443490_8148276525198582982_n-768x1024.jpg\" alt=\"\" class=\"wp-image-5025\" srcset=\"https:\/\/cpvsantiago.gob.ar\/web\/wp-content\/uploads\/2024\/07\/450406083_943602424443490_8148276525198582982_n-768x1024.jpg 768w, https:\/\/cpvsantiago.gob.ar\/web\/wp-content\/uploads\/2024\/07\/450406083_943602424443490_8148276525198582982_n-225x300.jpg 225w, https:\/\/cpvsantiago.gob.ar\/web\/wp-content\/uploads\/2024\/07\/450406083_943602424443490_8148276525198582982_n-150x200.jpg 150w, https:\/\/cpvsantiago.gob.ar\/web\/wp-content\/uploads\/2024\/07\/450406083_943602424443490_8148276525198582982_n-300x400.jpg 300w, https:\/\/cpvsantiago.gob.ar\/web\/wp-content\/uploads\/2024\/07\/450406083_943602424443490_8148276525198582982_n-696x928.jpg 696w, https:\/\/cpvsantiago.gob.ar\/web\/wp-content\/uploads\/2024\/07\/450406083_943602424443490_8148276525198582982_n.jpg 780w\" sizes=\"auto, (max-width: 768px) 100vw, 768px\" \/><\/a><\/figure>\n\n\n\n<figure class=\"wp-block-image size-large\"><a href=\"https:\/\/cpvsantiago.gob.ar\/web\/wp-content\/uploads\/2024\/07\/450543113_943601884443544_9048618861414104484_n.jpg\"><img loading=\"lazy\" decoding=\"async\" width=\"1024\" height=\"472\" data-id=\"5032\" src=\"https:\/\/cpvsantiago.gob.ar\/web\/wp-content\/uploads\/2024\/07\/450543113_943601884443544_9048618861414104484_n-1024x472.jpg\" alt=\"\" class=\"wp-image-5032\" srcset=\"https:\/\/cpvsantiago.gob.ar\/web\/wp-content\/uploads\/2024\/07\/450543113_943601884443544_9048618861414104484_n-1024x472.jpg 1024w, https:\/\/cpvsantiago.gob.ar\/web\/wp-content\/uploads\/2024\/07\/450543113_943601884443544_9048618861414104484_n-300x138.jpg 300w, https:\/\/cpvsantiago.gob.ar\/web\/wp-content\/uploads\/2024\/07\/450543113_943601884443544_9048618861414104484_n-768x354.jpg 768w, https:\/\/cpvsantiago.gob.ar\/web\/wp-content\/uploads\/2024\/07\/450543113_943601884443544_9048618861414104484_n-150x69.jpg 150w, https:\/\/cpvsantiago.gob.ar\/web\/wp-content\/uploads\/2024\/07\/450543113_943601884443544_9048618861414104484_n-696x321.jpg 696w, https:\/\/cpvsantiago.gob.ar\/web\/wp-content\/uploads\/2024\/07\/450543113_943601884443544_9048618861414104484_n-1068x492.jpg 1068w, https:\/\/cpvsantiago.gob.ar\/web\/wp-content\/uploads\/2024\/07\/450543113_943601884443544_9048618861414104484_n.jpg 1280w\" sizes=\"auto, (max-width: 1024px) 100vw, 1024px\" \/><\/a><\/figure>\n\n\n\n<figure class=\"wp-block-image size-large\"><a href=\"https:\/\/cpvsantiago.gob.ar\/web\/wp-content\/uploads\/2024\/07\/450543262_943601601110239_7152436268373060863_n.jpg\"><img loading=\"lazy\" decoding=\"async\" width=\"1024\" height=\"472\" data-id=\"5022\" src=\"https:\/\/cpvsantiago.gob.ar\/web\/wp-content\/uploads\/2024\/07\/450543262_943601601110239_7152436268373060863_n-1024x472.jpg\" alt=\"\" class=\"wp-image-5022\" srcset=\"https:\/\/cpvsantiago.gob.ar\/web\/wp-content\/uploads\/2024\/07\/450543262_943601601110239_7152436268373060863_n-1024x472.jpg 1024w, https:\/\/cpvsantiago.gob.ar\/web\/wp-content\/uploads\/2024\/07\/450543262_943601601110239_7152436268373060863_n-300x138.jpg 300w, https:\/\/cpvsantiago.gob.ar\/web\/wp-content\/uploads\/2024\/07\/450543262_943601601110239_7152436268373060863_n-768x354.jpg 768w, https:\/\/cpvsantiago.gob.ar\/web\/wp-content\/uploads\/2024\/07\/450543262_943601601110239_7152436268373060863_n-150x69.jpg 150w, https:\/\/cpvsantiago.gob.ar\/web\/wp-content\/uploads\/2024\/07\/450543262_943601601110239_7152436268373060863_n-696x321.jpg 696w, https:\/\/cpvsantiago.gob.ar\/web\/wp-content\/uploads\/2024\/07\/450543262_943601601110239_7152436268373060863_n-1068x492.jpg 1068w, https:\/\/cpvsantiago.gob.ar\/web\/wp-content\/uploads\/2024\/07\/450543262_943601601110239_7152436268373060863_n.jpg 1280w\" sizes=\"auto, (max-width: 1024px) 100vw, 1024px\" \/><\/a><\/figure>\n\n\n\n<figure class=\"wp-block-image size-large\"><a href=\"https:\/\/cpvsantiago.gob.ar\/web\/wp-content\/uploads\/2024\/07\/450543824_943601431110256_185383138394737781_n.jpg\"><img loading=\"lazy\" decoding=\"async\" width=\"1024\" height=\"472\" data-id=\"5026\" src=\"https:\/\/cpvsantiago.gob.ar\/web\/wp-content\/uploads\/2024\/07\/450543824_943601431110256_185383138394737781_n-1024x472.jpg\" alt=\"\" class=\"wp-image-5026\" srcset=\"https:\/\/cpvsantiago.gob.ar\/web\/wp-content\/uploads\/2024\/07\/450543824_943601431110256_185383138394737781_n-1024x472.jpg 1024w, https:\/\/cpvsantiago.gob.ar\/web\/wp-content\/uploads\/2024\/07\/450543824_943601431110256_185383138394737781_n-300x138.jpg 300w, https:\/\/cpvsantiago.gob.ar\/web\/wp-content\/uploads\/2024\/07\/450543824_943601431110256_185383138394737781_n-768x354.jpg 768w, https:\/\/cpvsantiago.gob.ar\/web\/wp-content\/uploads\/2024\/07\/450543824_943601431110256_185383138394737781_n-150x69.jpg 150w, https:\/\/cpvsantiago.gob.ar\/web\/wp-content\/uploads\/2024\/07\/450543824_943601431110256_185383138394737781_n-696x321.jpg 696w, https:\/\/cpvsantiago.gob.ar\/web\/wp-content\/uploads\/2024\/07\/450543824_943601431110256_185383138394737781_n-1068x492.jpg 1068w, https:\/\/cpvsantiago.gob.ar\/web\/wp-content\/uploads\/2024\/07\/450543824_943601431110256_185383138394737781_n.jpg 1280w\" sizes=\"auto, (max-width: 1024px) 100vw, 1024px\" \/><\/a><\/figure>\n\n\n\n<figure class=\"wp-block-image size-large\"><a href=\"https:\/\/cpvsantiago.gob.ar\/web\/wp-content\/uploads\/2024\/07\/450548395_943602054443527_6013444237995899694_n.jpg\"><img loading=\"lazy\" decoding=\"async\" width=\"1024\" height=\"395\" data-id=\"5028\" src=\"https:\/\/cpvsantiago.gob.ar\/web\/wp-content\/uploads\/2024\/07\/450548395_943602054443527_6013444237995899694_n-1024x395.jpg\" alt=\"\" class=\"wp-image-5028\" srcset=\"https:\/\/cpvsantiago.gob.ar\/web\/wp-content\/uploads\/2024\/07\/450548395_943602054443527_6013444237995899694_n-1024x395.jpg 1024w, https:\/\/cpvsantiago.gob.ar\/web\/wp-content\/uploads\/2024\/07\/450548395_943602054443527_6013444237995899694_n-300x116.jpg 300w, https:\/\/cpvsantiago.gob.ar\/web\/wp-content\/uploads\/2024\/07\/450548395_943602054443527_6013444237995899694_n-768x296.jpg 768w, https:\/\/cpvsantiago.gob.ar\/web\/wp-content\/uploads\/2024\/07\/450548395_943602054443527_6013444237995899694_n-150x58.jpg 150w, https:\/\/cpvsantiago.gob.ar\/web\/wp-content\/uploads\/2024\/07\/450548395_943602054443527_6013444237995899694_n-696x269.jpg 696w, https:\/\/cpvsantiago.gob.ar\/web\/wp-content\/uploads\/2024\/07\/450548395_943602054443527_6013444237995899694_n-1068x412.jpg 1068w, https:\/\/cpvsantiago.gob.ar\/web\/wp-content\/uploads\/2024\/07\/450548395_943602054443527_6013444237995899694_n.jpg 1280w\" sizes=\"auto, (max-width: 1024px) 100vw, 1024px\" \/><\/a><\/figure>\n<\/figure>\n","protected":false},"excerpt":{"rendered":"<p>El Consejo Provincial de Vialidad realiz\u00f3 mediante trabajadores de la Zona Vial N\u00b0 5 cuantiosas tareas de mantenimiento entre las cuales se destacan el perfilado de calles en Lugones, Dpto. Avellaneda y bacheos en la Ruta N\u00b092, \u00a0en el tramo A\u00f1atuya a Telares. \u00a0Adem\u00e1s se procedi\u00f3 a la construcci\u00f3n de caminos en Real Sayana, \u00a0\u00a0desmalezado [&hellip;]<\/p>\n","protected":false},"author":2,"featured_media":5035,"comment_status":"open","ping_status":"open","sticky":false,"template":"","format":"standard","meta":{"footnotes":""},"categories":[5,3],"tags":[],"class_list":{"0":"post-5015","1":"post","2":"type-post","3":"status-publish","4":"format-standard","5":"has-post-thumbnail","7":"category-noticias","8":"category-zonas_viales"},"yoast_head":"<!-- This site is optimized with the Yoast SEO Premium plugin v24.8 (Yoast SEO v27.2) - https:\/\/yoast.com\/product\/yoast-seo-premium-wordpress\/ -->\n<title>Personal de Zona Vial N\u00ba 5 Colonia Dora procedi\u00f3 a la realizaci\u00f3n de numerosas tareas de mantenimiento \u00a0 - Consejo Provincial de Vialidad de la Provincia de Santiago del Estero<\/title>\n<meta name=\"robots\" content=\"index, follow, max-snippet:-1, max-image-preview:large, max-video-preview:-1\" \/>\n<link rel=\"canonical\" href=\"https:\/\/cpvsantiago.gob.ar\/web\/personal-de-zona-vial-no-5-colonia-dora-procedio-a-la-realizacion-de-numerosas-tareas-de-mantenimiento\/\" \/>\n<meta property=\"og:locale\" content=\"es_ES\" \/>\n<meta property=\"og:type\" content=\"article\" \/>\n<meta property=\"og:title\" content=\"Personal de Zona Vial N\u00ba 5 Colonia Dora procedi\u00f3 a la realizaci\u00f3n de numerosas tareas de mantenimiento \u00a0\" \/>\n<meta property=\"og:description\" content=\"El Consejo Provincial de Vialidad realiz\u00f3 mediante trabajadores de la Zona Vial N\u00b0 5 cuantiosas tareas de mantenimiento entre las cuales se destacan el perfilado de calles en Lugones, Dpto. Avellaneda y bacheos en la Ruta N\u00b092, \u00a0en el tramo A\u00f1atuya a Telares. \u00a0Adem\u00e1s se procedi\u00f3 a la construcci\u00f3n de caminos en Real Sayana, \u00a0\u00a0desmalezado [&hellip;]\" \/>\n<meta property=\"og:url\" content=\"https:\/\/cpvsantiago.gob.ar\/web\/personal-de-zona-vial-no-5-colonia-dora-procedio-a-la-realizacion-de-numerosas-tareas-de-mantenimiento\/\" \/>\n<meta property=\"og:site_name\" content=\"Consejo Provincial de Vialidad de la Provincia de Santiago del Estero\" \/>\n<meta property=\"article:published_time\" content=\"2024-07-08T11:49:24+00:00\" \/>\n<meta property=\"article:modified_time\" content=\"2024-07-22T11:51:41+00:00\" \/>\n<meta property=\"og:image\" content=\"https:\/\/cpvsantiago.gob.ar\/web\/wp-content\/uploads\/2024\/07\/portada-1.jpg\" \/>\n\t<meta property=\"og:image:width\" content=\"1040\" \/>\n\t<meta property=\"og:image:height\" content=\"448\" \/>\n\t<meta property=\"og:image:type\" content=\"image\/jpeg\" \/>\n<meta name=\"author\" content=\"cpv\" \/>\n<meta name=\"twitter:card\" content=\"summary_large_image\" \/>\n<meta name=\"twitter:label1\" content=\"Escrito por\" \/>\n\t<meta name=\"twitter:data1\" content=\"cpv\" \/>\n\t<meta name=\"twitter:label2\" content=\"Tiempo de lectura\" \/>\n\t<meta name=\"twitter:data2\" content=\"5 minutos\" \/>\n<script type=\"application\/ld+json\" class=\"yoast-schema-graph\">{\"@context\":\"https:\/\/schema.org\",\"@graph\":[{\"@type\":\"Article\",\"@id\":\"https:\/\/cpvsantiago.gob.ar\/web\/personal-de-zona-vial-no-5-colonia-dora-procedio-a-la-realizacion-de-numerosas-tareas-de-mantenimiento\/#article\",\"isPartOf\":{\"@id\":\"https:\/\/cpvsantiago.gob.ar\/web\/personal-de-zona-vial-no-5-colonia-dora-procedio-a-la-realizacion-de-numerosas-tareas-de-mantenimiento\/\"},\"author\":{\"name\":\"cpv\",\"@id\":\"https:\/\/cpvsantiago.gob.ar\/web\/#\/schema\/person\/aa59e9835d5eb750d8585c860224dc06\"},\"headline\":\"Personal de Zona Vial N\u00ba 5 Colonia Dora procedi\u00f3 a la realizaci\u00f3n de numerosas tareas de mantenimiento \u00a0\",\"datePublished\":\"2024-07-08T11:49:24+00:00\",\"dateModified\":\"2024-07-22T11:51:41+00:00\",\"mainEntityOfPage\":{\"@id\":\"https:\/\/cpvsantiago.gob.ar\/web\/personal-de-zona-vial-no-5-colonia-dora-procedio-a-la-realizacion-de-numerosas-tareas-de-mantenimiento\/\"},\"wordCount\":204,\"commentCount\":0,\"image\":{\"@id\":\"https:\/\/cpvsantiago.gob.ar\/web\/personal-de-zona-vial-no-5-colonia-dora-procedio-a-la-realizacion-de-numerosas-tareas-de-mantenimiento\/#primaryimage\"},\"thumbnailUrl\":\"https:\/\/cpvsantiago.gob.ar\/web\/wp-content\/uploads\/2024\/07\/portada-1.jpg\",\"articleSection\":[\"Noticias\",\"Zonas Viales\"],\"inLanguage\":\"es\",\"potentialAction\":[{\"@type\":\"CommentAction\",\"name\":\"Comment\",\"target\":[\"https:\/\/cpvsantiago.gob.ar\/web\/personal-de-zona-vial-no-5-colonia-dora-procedio-a-la-realizacion-de-numerosas-tareas-de-mantenimiento\/#respond\"]}]},{\"@type\":\"WebPage\",\"@id\":\"https:\/\/cpvsantiago.gob.ar\/web\/personal-de-zona-vial-no-5-colonia-dora-procedio-a-la-realizacion-de-numerosas-tareas-de-mantenimiento\/\",\"url\":\"https:\/\/cpvsantiago.gob.ar\/web\/personal-de-zona-vial-no-5-colonia-dora-procedio-a-la-realizacion-de-numerosas-tareas-de-mantenimiento\/\",\"name\":\"Personal de Zona Vial N\u00ba 5 Colonia Dora procedi\u00f3 a la realizaci\u00f3n de numerosas tareas de mantenimiento \u00a0 - Consejo Provincial de Vialidad de la Provincia de Santiago del Estero\",\"isPartOf\":{\"@id\":\"https:\/\/cpvsantiago.gob.ar\/web\/#website\"},\"primaryImageOfPage\":{\"@id\":\"https:\/\/cpvsantiago.gob.ar\/web\/personal-de-zona-vial-no-5-colonia-dora-procedio-a-la-realizacion-de-numerosas-tareas-de-mantenimiento\/#primaryimage\"},\"image\":{\"@id\":\"https:\/\/cpvsantiago.gob.ar\/web\/personal-de-zona-vial-no-5-colonia-dora-procedio-a-la-realizacion-de-numerosas-tareas-de-mantenimiento\/#primaryimage\"},\"thumbnailUrl\":\"https:\/\/cpvsantiago.gob.ar\/web\/wp-content\/uploads\/2024\/07\/portada-1.jpg\",\"datePublished\":\"2024-07-08T11:49:24+00:00\",\"dateModified\":\"2024-07-22T11:51:41+00:00\",\"author\":{\"@id\":\"https:\/\/cpvsantiago.gob.ar\/web\/#\/schema\/person\/aa59e9835d5eb750d8585c860224dc06\"},\"breadcrumb\":{\"@id\":\"https:\/\/cpvsantiago.gob.ar\/web\/personal-de-zona-vial-no-5-colonia-dora-procedio-a-la-realizacion-de-numerosas-tareas-de-mantenimiento\/#breadcrumb\"},\"inLanguage\":\"es\",\"potentialAction\":[{\"@type\":\"ReadAction\",\"target\":[\"https:\/\/cpvsantiago.gob.ar\/web\/personal-de-zona-vial-no-5-colonia-dora-procedio-a-la-realizacion-de-numerosas-tareas-de-mantenimiento\/\"]}]},{\"@type\":\"ImageObject\",\"inLanguage\":\"es\",\"@id\":\"https:\/\/cpvsantiago.gob.ar\/web\/personal-de-zona-vial-no-5-colonia-dora-procedio-a-la-realizacion-de-numerosas-tareas-de-mantenimiento\/#primaryimage\",\"url\":\"https:\/\/cpvsantiago.gob.ar\/web\/wp-content\/uploads\/2024\/07\/portada-1.jpg\",\"contentUrl\":\"https:\/\/cpvsantiago.gob.ar\/web\/wp-content\/uploads\/2024\/07\/portada-1.jpg\",\"width\":1040,\"height\":448},{\"@type\":\"BreadcrumbList\",\"@id\":\"https:\/\/cpvsantiago.gob.ar\/web\/personal-de-zona-vial-no-5-colonia-dora-procedio-a-la-realizacion-de-numerosas-tareas-de-mantenimiento\/#breadcrumb\",\"itemListElement\":[{\"@type\":\"ListItem\",\"position\":1,\"name\":\"Portada\",\"item\":\"https:\/\/cpvsantiago.gob.ar\/web\/\"},{\"@type\":\"ListItem\",\"position\":2,\"name\":\"Personal de Zona Vial N\u00ba 5 Colonia Dora procedi\u00f3 a la realizaci\u00f3n de numerosas tareas de mantenimiento \u00a0\"}]},{\"@type\":\"WebSite\",\"@id\":\"https:\/\/cpvsantiago.gob.ar\/web\/#website\",\"url\":\"https:\/\/cpvsantiago.gob.ar\/web\/\",\"name\":\"Consejo Provincial de Vialidad de la Provincia de Santiago del Estero\",\"description\":\"CPV Santiago del Estero\",\"potentialAction\":[{\"@type\":\"SearchAction\",\"target\":{\"@type\":\"EntryPoint\",\"urlTemplate\":\"https:\/\/cpvsantiago.gob.ar\/web\/?s={search_term_string}\"},\"query-input\":{\"@type\":\"PropertyValueSpecification\",\"valueRequired\":true,\"valueName\":\"search_term_string\"}}],\"inLanguage\":\"es\"},{\"@type\":\"Person\",\"@id\":\"https:\/\/cpvsantiago.gob.ar\/web\/#\/schema\/person\/aa59e9835d5eb750d8585c860224dc06\",\"name\":\"cpv\",\"image\":{\"@type\":\"ImageObject\",\"inLanguage\":\"es\",\"@id\":\"https:\/\/secure.gravatar.com\/avatar\/484802c719c69b738102ad3161a3d525b188c752ad36109725aeae22171ead58?s=96&d=mm&r=g\",\"url\":\"https:\/\/secure.gravatar.com\/avatar\/484802c719c69b738102ad3161a3d525b188c752ad36109725aeae22171ead58?s=96&d=mm&r=g\",\"contentUrl\":\"https:\/\/secure.gravatar.com\/avatar\/484802c719c69b738102ad3161a3d525b188c752ad36109725aeae22171ead58?s=96&d=mm&r=g\",\"caption\":\"cpv\"},\"url\":\"https:\/\/cpvsantiago.gob.ar\/web\/author\/h8000593\/\"}]}<\/script>\n<!-- \/ Yoast SEO Premium plugin. -->","yoast_head_json":{"title":"Personal de Zona Vial N\u00ba 5 Colonia Dora procedi\u00f3 a la realizaci\u00f3n de numerosas tareas de mantenimiento \u00a0 - Consejo Provincial de Vialidad de la Provincia de Santiago del Estero","robots":{"index":"index","follow":"follow","max-snippet":"max-snippet:-1","max-image-preview":"max-image-preview:large","max-video-preview":"max-video-preview:-1"},"canonical":"https:\/\/cpvsantiago.gob.ar\/web\/personal-de-zona-vial-no-5-colonia-dora-procedio-a-la-realizacion-de-numerosas-tareas-de-mantenimiento\/","og_locale":"es_ES","og_type":"article","og_title":"Personal de Zona Vial N\u00ba 5 Colonia Dora procedi\u00f3 a la realizaci\u00f3n de numerosas tareas de mantenimiento \u00a0","og_description":"El Consejo Provincial de Vialidad realiz\u00f3 mediante trabajadores de la Zona Vial N\u00b0 5 cuantiosas tareas de mantenimiento entre las cuales se destacan el perfilado de calles en Lugones, Dpto. Avellaneda y bacheos en la Ruta N\u00b092, \u00a0en el tramo A\u00f1atuya a Telares. \u00a0Adem\u00e1s se procedi\u00f3 a la construcci\u00f3n de caminos en Real Sayana, \u00a0\u00a0desmalezado [&hellip;]","og_url":"https:\/\/cpvsantiago.gob.ar\/web\/personal-de-zona-vial-no-5-colonia-dora-procedio-a-la-realizacion-de-numerosas-tareas-de-mantenimiento\/","og_site_name":"Consejo Provincial de Vialidad de la Provincia de Santiago del Estero","article_published_time":"2024-07-08T11:49:24+00:00","article_modified_time":"2024-07-22T11:51:41+00:00","og_image":[{"width":1040,"height":448,"url":"https:\/\/cpvsantiago.gob.ar\/web\/wp-content\/uploads\/2024\/07\/portada-1.jpg","type":"image\/jpeg"}],"author":"cpv","twitter_card":"summary_large_image","twitter_misc":{"Escrito por":"cpv","Tiempo de lectura":"5 minutos"},"schema":{"@context":"https:\/\/schema.org","@graph":[{"@type":"Article","@id":"https:\/\/cpvsantiago.gob.ar\/web\/personal-de-zona-vial-no-5-colonia-dora-procedio-a-la-realizacion-de-numerosas-tareas-de-mantenimiento\/#article","isPartOf":{"@id":"https:\/\/cpvsantiago.gob.ar\/web\/personal-de-zona-vial-no-5-colonia-dora-procedio-a-la-realizacion-de-numerosas-tareas-de-mantenimiento\/"},"author":{"name":"cpv","@id":"https:\/\/cpvsantiago.gob.ar\/web\/#\/schema\/person\/aa59e9835d5eb750d8585c860224dc06"},"headline":"Personal de Zona Vial N\u00ba 5 Colonia Dora procedi\u00f3 a la realizaci\u00f3n de numerosas tareas de mantenimiento \u00a0","datePublished":"2024-07-08T11:49:24+00:00","dateModified":"2024-07-22T11:51:41+00:00","mainEntityOfPage":{"@id":"https:\/\/cpvsantiago.gob.ar\/web\/personal-de-zona-vial-no-5-colonia-dora-procedio-a-la-realizacion-de-numerosas-tareas-de-mantenimiento\/"},"wordCount":204,"commentCount":0,"image":{"@id":"https:\/\/cpvsantiago.gob.ar\/web\/personal-de-zona-vial-no-5-colonia-dora-procedio-a-la-realizacion-de-numerosas-tareas-de-mantenimiento\/#primaryimage"},"thumbnailUrl":"https:\/\/cpvsantiago.gob.ar\/web\/wp-content\/uploads\/2024\/07\/portada-1.jpg","articleSection":["Noticias","Zonas Viales"],"inLanguage":"es","potentialAction":[{"@type":"CommentAction","name":"Comment","target":["https:\/\/cpvsantiago.gob.ar\/web\/personal-de-zona-vial-no-5-colonia-dora-procedio-a-la-realizacion-de-numerosas-tareas-de-mantenimiento\/#respond"]}]},{"@type":"WebPage","@id":"https:\/\/cpvsantiago.gob.ar\/web\/personal-de-zona-vial-no-5-colonia-dora-procedio-a-la-realizacion-de-numerosas-tareas-de-mantenimiento\/","url":"https:\/\/cpvsantiago.gob.ar\/web\/personal-de-zona-vial-no-5-colonia-dora-procedio-a-la-realizacion-de-numerosas-tareas-de-mantenimiento\/","name":"Personal de Zona Vial N\u00ba 5 Colonia Dora procedi\u00f3 a la realizaci\u00f3n de numerosas tareas de mantenimiento \u00a0 - Consejo Provincial de Vialidad de la Provincia de Santiago del Estero","isPartOf":{"@id":"https:\/\/cpvsantiago.gob.ar\/web\/#website"},"primaryImageOfPage":{"@id":"https:\/\/cpvsantiago.gob.ar\/web\/personal-de-zona-vial-no-5-colonia-dora-procedio-a-la-realizacion-de-numerosas-tareas-de-mantenimiento\/#primaryimage"},"image":{"@id":"https:\/\/cpvsantiago.gob.ar\/web\/personal-de-zona-vial-no-5-colonia-dora-procedio-a-la-realizacion-de-numerosas-tareas-de-mantenimiento\/#primaryimage"},"thumbnailUrl":"https:\/\/cpvsantiago.gob.ar\/web\/wp-content\/uploads\/2024\/07\/portada-1.jpg","datePublished":"2024-07-08T11:49:24+00:00","dateModified":"2024-07-22T11:51:41+00:00","author":{"@id":"https:\/\/cpvsantiago.gob.ar\/web\/#\/schema\/person\/aa59e9835d5eb750d8585c860224dc06"},"breadcrumb":{"@id":"https:\/\/cpvsantiago.gob.ar\/web\/personal-de-zona-vial-no-5-colonia-dora-procedio-a-la-realizacion-de-numerosas-tareas-de-mantenimiento\/#breadcrumb"},"inLanguage":"es","potentialAction":[{"@type":"ReadAction","target":["https:\/\/cpvsantiago.gob.ar\/web\/personal-de-zona-vial-no-5-colonia-dora-procedio-a-la-realizacion-de-numerosas-tareas-de-mantenimiento\/"]}]},{"@type":"ImageObject","inLanguage":"es","@id":"https:\/\/cpvsantiago.gob.ar\/web\/personal-de-zona-vial-no-5-colonia-dora-procedio-a-la-realizacion-de-numerosas-tareas-de-mantenimiento\/#primaryimage","url":"https:\/\/cpvsantiago.gob.ar\/web\/wp-content\/uploads\/2024\/07\/portada-1.jpg","contentUrl":"https:\/\/cpvsantiago.gob.ar\/web\/wp-content\/uploads\/2024\/07\/portada-1.jpg","width":1040,"height":448},{"@type":"BreadcrumbList","@id":"https:\/\/cpvsantiago.gob.ar\/web\/personal-de-zona-vial-no-5-colonia-dora-procedio-a-la-realizacion-de-numerosas-tareas-de-mantenimiento\/#breadcrumb","itemListElement":[{"@type":"ListItem","position":1,"name":"Portada","item":"https:\/\/cpvsantiago.gob.ar\/web\/"},{"@type":"ListItem","position":2,"name":"Personal de Zona Vial N\u00ba 5 Colonia Dora procedi\u00f3 a la realizaci\u00f3n de numerosas tareas de mantenimiento \u00a0"}]},{"@type":"WebSite","@id":"https:\/\/cpvsantiago.gob.ar\/web\/#website","url":"https:\/\/cpvsantiago.gob.ar\/web\/","name":"Consejo Provincial de Vialidad de la Provincia de Santiago del Estero","description":"CPV Santiago del Estero","potentialAction":[{"@type":"SearchAction","target":{"@type":"EntryPoint","urlTemplate":"https:\/\/cpvsantiago.gob.ar\/web\/?s={search_term_string}"},"query-input":{"@type":"PropertyValueSpecification","valueRequired":true,"valueName":"search_term_string"}}],"inLanguage":"es"},{"@type":"Person","@id":"https:\/\/cpvsantiago.gob.ar\/web\/#\/schema\/person\/aa59e9835d5eb750d8585c860224dc06","name":"cpv","image":{"@type":"ImageObject","inLanguage":"es","@id":"https:\/\/secure.gravatar.com\/avatar\/484802c719c69b738102ad3161a3d525b188c752ad36109725aeae22171ead58?s=96&d=mm&r=g","url":"https:\/\/secure.gravatar.com\/avatar\/484802c719c69b738102ad3161a3d525b188c752ad36109725aeae22171ead58?s=96&d=mm&r=g","contentUrl":"https:\/\/secure.gravatar.com\/avatar\/484802c719c69b738102ad3161a3d525b188c752ad36109725aeae22171ead58?s=96&d=mm&r=g","caption":"cpv"},"url":"https:\/\/cpvsantiago.gob.ar\/web\/author\/h8000593\/"}]}},"_links":{"self":[{"href":"https:\/\/cpvsantiago.gob.ar\/web\/wp-json\/wp\/v2\/posts\/5015","targetHints":{"allow":["GET"]}}],"collection":[{"href":"https:\/\/cpvsantiago.gob.ar\/web\/wp-json\/wp\/v2\/posts"}],"about":[{"href":"https:\/\/cpvsantiago.gob.ar\/web\/wp-json\/wp\/v2\/types\/post"}],"author":[{"embeddable":true,"href":"https:\/\/cpvsantiago.gob.ar\/web\/wp-json\/wp\/v2\/users\/2"}],"replies":[{"embeddable":true,"href":"https:\/\/cpvsantiago.gob.ar\/web\/wp-json\/wp\/v2\/comments?post=5015"}],"version-history":[{"count":1,"href":"https:\/\/cpvsantiago.gob.ar\/web\/wp-json\/wp\/v2\/posts\/5015\/revisions"}],"predecessor-version":[{"id":5036,"href":"https:\/\/cpvsantiago.gob.ar\/web\/wp-json\/wp\/v2\/posts\/5015\/revisions\/5036"}],"wp:featuredmedia":[{"embeddable":true,"href":"https:\/\/cpvsantiago.gob.ar\/web\/wp-json\/wp\/v2\/media\/5035"}],"wp:attachment":[{"href":"https:\/\/cpvsantiago.gob.ar\/web\/wp-json\/wp\/v2\/media?parent=5015"}],"wp:term":[{"taxonomy":"category","embeddable":true,"href":"https:\/\/cpvsantiago.gob.ar\/web\/wp-json\/wp\/v2\/categories?post=5015"},{"taxonomy":"post_tag","embeddable":true,"href":"https:\/\/cpvsantiago.gob.ar\/web\/wp-json\/wp\/v2\/tags?post=5015"}],"curies":[{"name":"wp","href":"https:\/\/api.w.org\/{rel}","templated":true}]}}