{"id":5047,"date":"2024-09-03T12:57:00","date_gmt":"2024-09-03T15:57:00","guid":{"rendered":"https:\/\/cpvsantiago.gob.ar\/web\/?p=5047"},"modified":"2024-09-09T09:32:43","modified_gmt":"2024-09-09T12:32:43","slug":"dictado-de-capacitacion-en-el-consejo-provincial-de-vialidad-sobre-redes-sociales-y-comunicacion-de-gestion-publica","status":"publish","type":"post","link":"https:\/\/cpvsantiago.gob.ar\/web\/dictado-de-capacitacion-en-el-consejo-provincial-de-vialidad-sobre-redes-sociales-y-comunicacion-de-gestion-publica\/","title":{"rendered":"Dictado de Capacitaci\u00f3n en el Consejo Provincial de Vialidad sobre Redes Sociales y Comunicaci\u00f3n de Gesti\u00f3n P\u00fablica"},"content":{"rendered":"\n<p>El d\u00eda martes &nbsp;3 de setiembre de 2024,&nbsp; a las 9:30 horas se procedi\u00f3 a efectuarse en el Sal\u00f3n de Actos del Consejo Provincial de Vialidad la capacitaci\u00f3n: \u201cComunicar Gesti\u00f3n \u2013 La Importancia de las Redes Sociales en Tiempos de Pandemia\u201d. La misma fue dictada por el Dr. Emanuel Morello, Director de Comunicaciones del Gobierno de la Provincia de Santiago del Estero y Catedr\u00e1tico de la UCSE. &nbsp;&nbsp;Formaron parte del Acto de Presentaci\u00f3n el Dr. Sergio Conde, Jefe del Dpto. Asuntos Jur\u00eddicos y Asesor Legal del CPV y el Lic. Pablo Arga\u00f1ar\u00e1s, Asesor de Comunicaciones del CPV.&nbsp; La capacitaci\u00f3n fue de gran \u00e9xito, &nbsp;contando con un gran marco de asistencia de empleados viales y p\u00fablico en general.<\/p>\n\n\n\n<p>Esta Jornada de Formaci\u00f3n fue Organizada en conjunto por el Consejo Provincial de Vialidad y SIVIPSE (Sindicato de Empleados Viales de Santiago del Estero).&nbsp;&nbsp; La misma se encuadra dentro del Proyecto Innovaci\u00f3n 2024, que tiene como finalidad el fomento a la capacitaci\u00f3n integral de los empleados del CPV en diferentes \u00e1reas que hacen al quehacer cotidiano de la instituci\u00f3n.<\/p>\n\n\n\n<figure class=\"wp-block-video\"><video height=\"720\" style=\"aspect-ratio: 1280 \/ 720;\" width=\"1280\" controls src=\"https:\/\/cpvsantiago.gob.ar\/web\/wp-content\/uploads\/2024\/09\/CPV-CAPACITACION-MORELLO-WAPP.mp4\"><\/video><\/figure>\n\n\n\n<figure class=\"wp-block-gallery has-nested-images columns-default is-cropped wp-block-gallery-1 is-layout-flex wp-block-gallery-is-layout-flex\">\n<figure class=\"wp-block-image size-large\"><a href=\"https:\/\/cpvsantiago.gob.ar\/web\/wp-content\/uploads\/2024\/09\/IMG-20240903-WA0002.jpg\"><img loading=\"lazy\" decoding=\"async\" width=\"1024\" height=\"461\" data-id=\"5053\" src=\"https:\/\/cpvsantiago.gob.ar\/web\/wp-content\/uploads\/2024\/09\/IMG-20240903-WA0002-1024x461.jpg\" alt=\"\" class=\"wp-image-5053\" srcset=\"https:\/\/cpvsantiago.gob.ar\/web\/wp-content\/uploads\/2024\/09\/IMG-20240903-WA0002-1024x461.jpg 1024w, https:\/\/cpvsantiago.gob.ar\/web\/wp-content\/uploads\/2024\/09\/IMG-20240903-WA0002-300x135.jpg 300w, https:\/\/cpvsantiago.gob.ar\/web\/wp-content\/uploads\/2024\/09\/IMG-20240903-WA0002-768x346.jpg 768w, https:\/\/cpvsantiago.gob.ar\/web\/wp-content\/uploads\/2024\/09\/IMG-20240903-WA0002-1536x691.jpg 1536w, https:\/\/cpvsantiago.gob.ar\/web\/wp-content\/uploads\/2024\/09\/IMG-20240903-WA0002-150x68.jpg 150w, https:\/\/cpvsantiago.gob.ar\/web\/wp-content\/uploads\/2024\/09\/IMG-20240903-WA0002-696x313.jpg 696w, https:\/\/cpvsantiago.gob.ar\/web\/wp-content\/uploads\/2024\/09\/IMG-20240903-WA0002-1068x481.jpg 1068w, https:\/\/cpvsantiago.gob.ar\/web\/wp-content\/uploads\/2024\/09\/IMG-20240903-WA0002.jpg 1600w\" sizes=\"auto, (max-width: 1024px) 100vw, 1024px\" \/><\/a><\/figure>\n\n\n\n<figure class=\"wp-block-image size-large\"><a href=\"https:\/\/cpvsantiago.gob.ar\/web\/wp-content\/uploads\/2024\/09\/IMG-20240903-WA0008.jpg\"><img loading=\"lazy\" decoding=\"async\" width=\"1024\" height=\"461\" data-id=\"5055\" src=\"https:\/\/cpvsantiago.gob.ar\/web\/wp-content\/uploads\/2024\/09\/IMG-20240903-WA0008-1024x461.jpg\" alt=\"\" class=\"wp-image-5055\" srcset=\"https:\/\/cpvsantiago.gob.ar\/web\/wp-content\/uploads\/2024\/09\/IMG-20240903-WA0008-1024x461.jpg 1024w, https:\/\/cpvsantiago.gob.ar\/web\/wp-content\/uploads\/2024\/09\/IMG-20240903-WA0008-300x135.jpg 300w, https:\/\/cpvsantiago.gob.ar\/web\/wp-content\/uploads\/2024\/09\/IMG-20240903-WA0008-768x346.jpg 768w, https:\/\/cpvsantiago.gob.ar\/web\/wp-content\/uploads\/2024\/09\/IMG-20240903-WA0008-1536x691.jpg 1536w, https:\/\/cpvsantiago.gob.ar\/web\/wp-content\/uploads\/2024\/09\/IMG-20240903-WA0008-150x68.jpg 150w, https:\/\/cpvsantiago.gob.ar\/web\/wp-content\/uploads\/2024\/09\/IMG-20240903-WA0008-696x313.jpg 696w, https:\/\/cpvsantiago.gob.ar\/web\/wp-content\/uploads\/2024\/09\/IMG-20240903-WA0008-1068x481.jpg 1068w, https:\/\/cpvsantiago.gob.ar\/web\/wp-content\/uploads\/2024\/09\/IMG-20240903-WA0008.jpg 1600w\" sizes=\"auto, (max-width: 1024px) 100vw, 1024px\" \/><\/a><\/figure>\n\n\n\n<figure class=\"wp-block-image size-large\"><a href=\"https:\/\/cpvsantiago.gob.ar\/web\/wp-content\/uploads\/2024\/09\/IMG-20240903-WA0011-1.jpg\"><img loading=\"lazy\" decoding=\"async\" width=\"1024\" height=\"461\" data-id=\"5056\" src=\"https:\/\/cpvsantiago.gob.ar\/web\/wp-content\/uploads\/2024\/09\/IMG-20240903-WA0011-1-1024x461.jpg\" alt=\"\" class=\"wp-image-5056\" srcset=\"https:\/\/cpvsantiago.gob.ar\/web\/wp-content\/uploads\/2024\/09\/IMG-20240903-WA0011-1-1024x461.jpg 1024w, https:\/\/cpvsantiago.gob.ar\/web\/wp-content\/uploads\/2024\/09\/IMG-20240903-WA0011-1-300x135.jpg 300w, https:\/\/cpvsantiago.gob.ar\/web\/wp-content\/uploads\/2024\/09\/IMG-20240903-WA0011-1-768x346.jpg 768w, https:\/\/cpvsantiago.gob.ar\/web\/wp-content\/uploads\/2024\/09\/IMG-20240903-WA0011-1-1536x691.jpg 1536w, https:\/\/cpvsantiago.gob.ar\/web\/wp-content\/uploads\/2024\/09\/IMG-20240903-WA0011-1-150x68.jpg 150w, https:\/\/cpvsantiago.gob.ar\/web\/wp-content\/uploads\/2024\/09\/IMG-20240903-WA0011-1-696x313.jpg 696w, https:\/\/cpvsantiago.gob.ar\/web\/wp-content\/uploads\/2024\/09\/IMG-20240903-WA0011-1-1068x481.jpg 1068w, https:\/\/cpvsantiago.gob.ar\/web\/wp-content\/uploads\/2024\/09\/IMG-20240903-WA0011-1.jpg 1600w\" sizes=\"auto, (max-width: 1024px) 100vw, 1024px\" \/><\/a><\/figure>\n\n\n\n<figure class=\"wp-block-image size-large\"><a href=\"https:\/\/cpvsantiago.gob.ar\/web\/wp-content\/uploads\/2024\/09\/IMG-20240903-WA0025.jpg\"><img loading=\"lazy\" decoding=\"async\" width=\"1024\" height=\"461\" data-id=\"5054\" src=\"https:\/\/cpvsantiago.gob.ar\/web\/wp-content\/uploads\/2024\/09\/IMG-20240903-WA0025-1024x461.jpg\" alt=\"\" class=\"wp-image-5054\" srcset=\"https:\/\/cpvsantiago.gob.ar\/web\/wp-content\/uploads\/2024\/09\/IMG-20240903-WA0025-1024x461.jpg 1024w, https:\/\/cpvsantiago.gob.ar\/web\/wp-content\/uploads\/2024\/09\/IMG-20240903-WA0025-300x135.jpg 300w, https:\/\/cpvsantiago.gob.ar\/web\/wp-content\/uploads\/2024\/09\/IMG-20240903-WA0025-768x346.jpg 768w, https:\/\/cpvsantiago.gob.ar\/web\/wp-content\/uploads\/2024\/09\/IMG-20240903-WA0025-1536x691.jpg 1536w, https:\/\/cpvsantiago.gob.ar\/web\/wp-content\/uploads\/2024\/09\/IMG-20240903-WA0025-150x68.jpg 150w, https:\/\/cpvsantiago.gob.ar\/web\/wp-content\/uploads\/2024\/09\/IMG-20240903-WA0025-696x313.jpg 696w, https:\/\/cpvsantiago.gob.ar\/web\/wp-content\/uploads\/2024\/09\/IMG-20240903-WA0025-1068x481.jpg 1068w, https:\/\/cpvsantiago.gob.ar\/web\/wp-content\/uploads\/2024\/09\/IMG-20240903-WA0025.jpg 1600w\" sizes=\"auto, (max-width: 1024px) 100vw, 1024px\" \/><\/a><\/figure>\n<\/figure>\n","protected":false},"excerpt":{"rendered":"<p>El d\u00eda martes &nbsp;3 de setiembre de 2024,&nbsp; a las 9:30 horas se procedi\u00f3 a efectuarse en el Sal\u00f3n de Actos del Consejo Provincial de Vialidad la capacitaci\u00f3n: \u201cComunicar Gesti\u00f3n \u2013 La Importancia de las Redes Sociales en Tiempos de Pandemia\u201d. La misma fue dictada por el Dr. Emanuel Morello, Director de Comunicaciones del Gobierno [&hellip;]<\/p>\n","protected":false},"author":2,"featured_media":5054,"comment_status":"open","ping_status":"open","sticky":false,"template":"","format":"standard","meta":{"footnotes":""},"categories":[7,5],"tags":[],"class_list":{"0":"post-5047","1":"post","2":"type-post","3":"status-publish","4":"format-standard","5":"has-post-thumbnail","7":"category-eventos","8":"category-noticias"},"yoast_head":"<!-- This site is optimized with the Yoast SEO Premium plugin v24.8 (Yoast SEO v27.2) - https:\/\/yoast.com\/product\/yoast-seo-premium-wordpress\/ -->\n<title>Dictado de Capacitaci\u00f3n en el Consejo Provincial de Vialidad sobre Redes Sociales y Comunicaci\u00f3n de Gesti\u00f3n P\u00fablica - Consejo Provincial de Vialidad de la Provincia de Santiago del Estero<\/title>\n<meta name=\"robots\" content=\"index, follow, max-snippet:-1, max-image-preview:large, max-video-preview:-1\" \/>\n<link rel=\"canonical\" href=\"https:\/\/cpvsantiago.gob.ar\/web\/dictado-de-capacitacion-en-el-consejo-provincial-de-vialidad-sobre-redes-sociales-y-comunicacion-de-gestion-publica\/\" \/>\n<meta property=\"og:locale\" content=\"es_ES\" \/>\n<meta property=\"og:type\" content=\"article\" \/>\n<meta property=\"og:title\" content=\"Dictado de Capacitaci\u00f3n en el Consejo Provincial de Vialidad sobre Redes Sociales y Comunicaci\u00f3n de Gesti\u00f3n P\u00fablica\" \/>\n<meta property=\"og:description\" content=\"El d\u00eda martes &nbsp;3 de setiembre de 2024,&nbsp; a las 9:30 horas se procedi\u00f3 a efectuarse en el Sal\u00f3n de Actos del Consejo Provincial de Vialidad la capacitaci\u00f3n: \u201cComunicar Gesti\u00f3n \u2013 La Importancia de las Redes Sociales en Tiempos de Pandemia\u201d. La misma fue dictada por el Dr. Emanuel Morello, Director de Comunicaciones del Gobierno [&hellip;]\" \/>\n<meta property=\"og:url\" content=\"https:\/\/cpvsantiago.gob.ar\/web\/dictado-de-capacitacion-en-el-consejo-provincial-de-vialidad-sobre-redes-sociales-y-comunicacion-de-gestion-publica\/\" \/>\n<meta property=\"og:site_name\" content=\"Consejo Provincial de Vialidad de la Provincia de Santiago del Estero\" \/>\n<meta property=\"article:published_time\" content=\"2024-09-03T15:57:00+00:00\" \/>\n<meta property=\"article:modified_time\" content=\"2024-09-09T12:32:43+00:00\" \/>\n<meta property=\"og:image\" content=\"https:\/\/cpvsantiago.gob.ar\/web\/wp-content\/uploads\/2024\/09\/IMG-20240903-WA0025.jpg\" \/>\n\t<meta property=\"og:image:width\" content=\"1600\" \/>\n\t<meta property=\"og:image:height\" content=\"720\" \/>\n\t<meta property=\"og:image:type\" content=\"image\/jpeg\" \/>\n<meta name=\"author\" content=\"cpv\" \/>\n<meta name=\"twitter:card\" content=\"summary_large_image\" \/>\n<meta name=\"twitter:label1\" content=\"Escrito por\" \/>\n\t<meta name=\"twitter:data1\" content=\"cpv\" \/>\n\t<meta name=\"twitter:label2\" content=\"Tiempo de lectura\" \/>\n\t<meta name=\"twitter:data2\" content=\"2 minutos\" \/>\n<script type=\"application\/ld+json\" class=\"yoast-schema-graph\">{\"@context\":\"https:\/\/schema.org\",\"@graph\":[{\"@type\":\"Article\",\"@id\":\"https:\/\/cpvsantiago.gob.ar\/web\/dictado-de-capacitacion-en-el-consejo-provincial-de-vialidad-sobre-redes-sociales-y-comunicacion-de-gestion-publica\/#article\",\"isPartOf\":{\"@id\":\"https:\/\/cpvsantiago.gob.ar\/web\/dictado-de-capacitacion-en-el-consejo-provincial-de-vialidad-sobre-redes-sociales-y-comunicacion-de-gestion-publica\/\"},\"author\":{\"name\":\"cpv\",\"@id\":\"https:\/\/cpvsantiago.gob.ar\/web\/#\/schema\/person\/aa59e9835d5eb750d8585c860224dc06\"},\"headline\":\"Dictado de Capacitaci\u00f3n en el Consejo Provincial de Vialidad sobre Redes Sociales y Comunicaci\u00f3n de Gesti\u00f3n P\u00fablica\",\"datePublished\":\"2024-09-03T15:57:00+00:00\",\"dateModified\":\"2024-09-09T12:32:43+00:00\",\"mainEntityOfPage\":{\"@id\":\"https:\/\/cpvsantiago.gob.ar\/web\/dictado-de-capacitacion-en-el-consejo-provincial-de-vialidad-sobre-redes-sociales-y-comunicacion-de-gestion-publica\/\"},\"wordCount\":215,\"commentCount\":0,\"image\":{\"@id\":\"https:\/\/cpvsantiago.gob.ar\/web\/dictado-de-capacitacion-en-el-consejo-provincial-de-vialidad-sobre-redes-sociales-y-comunicacion-de-gestion-publica\/#primaryimage\"},\"thumbnailUrl\":\"https:\/\/cpvsantiago.gob.ar\/web\/wp-content\/uploads\/2024\/09\/IMG-20240903-WA0025.jpg\",\"articleSection\":[\"Eventos\",\"Noticias\"],\"inLanguage\":\"es\",\"potentialAction\":[{\"@type\":\"CommentAction\",\"name\":\"Comment\",\"target\":[\"https:\/\/cpvsantiago.gob.ar\/web\/dictado-de-capacitacion-en-el-consejo-provincial-de-vialidad-sobre-redes-sociales-y-comunicacion-de-gestion-publica\/#respond\"]}]},{\"@type\":\"WebPage\",\"@id\":\"https:\/\/cpvsantiago.gob.ar\/web\/dictado-de-capacitacion-en-el-consejo-provincial-de-vialidad-sobre-redes-sociales-y-comunicacion-de-gestion-publica\/\",\"url\":\"https:\/\/cpvsantiago.gob.ar\/web\/dictado-de-capacitacion-en-el-consejo-provincial-de-vialidad-sobre-redes-sociales-y-comunicacion-de-gestion-publica\/\",\"name\":\"Dictado de Capacitaci\u00f3n en el Consejo Provincial de Vialidad sobre Redes Sociales y Comunicaci\u00f3n de Gesti\u00f3n P\u00fablica - Consejo Provincial de Vialidad de la Provincia de Santiago del Estero\",\"isPartOf\":{\"@id\":\"https:\/\/cpvsantiago.gob.ar\/web\/#website\"},\"primaryImageOfPage\":{\"@id\":\"https:\/\/cpvsantiago.gob.ar\/web\/dictado-de-capacitacion-en-el-consejo-provincial-de-vialidad-sobre-redes-sociales-y-comunicacion-de-gestion-publica\/#primaryimage\"},\"image\":{\"@id\":\"https:\/\/cpvsantiago.gob.ar\/web\/dictado-de-capacitacion-en-el-consejo-provincial-de-vialidad-sobre-redes-sociales-y-comunicacion-de-gestion-publica\/#primaryimage\"},\"thumbnailUrl\":\"https:\/\/cpvsantiago.gob.ar\/web\/wp-content\/uploads\/2024\/09\/IMG-20240903-WA0025.jpg\",\"datePublished\":\"2024-09-03T15:57:00+00:00\",\"dateModified\":\"2024-09-09T12:32:43+00:00\",\"author\":{\"@id\":\"https:\/\/cpvsantiago.gob.ar\/web\/#\/schema\/person\/aa59e9835d5eb750d8585c860224dc06\"},\"breadcrumb\":{\"@id\":\"https:\/\/cpvsantiago.gob.ar\/web\/dictado-de-capacitacion-en-el-consejo-provincial-de-vialidad-sobre-redes-sociales-y-comunicacion-de-gestion-publica\/#breadcrumb\"},\"inLanguage\":\"es\",\"potentialAction\":[{\"@type\":\"ReadAction\",\"target\":[\"https:\/\/cpvsantiago.gob.ar\/web\/dictado-de-capacitacion-en-el-consejo-provincial-de-vialidad-sobre-redes-sociales-y-comunicacion-de-gestion-publica\/\"]}]},{\"@type\":\"ImageObject\",\"inLanguage\":\"es\",\"@id\":\"https:\/\/cpvsantiago.gob.ar\/web\/dictado-de-capacitacion-en-el-consejo-provincial-de-vialidad-sobre-redes-sociales-y-comunicacion-de-gestion-publica\/#primaryimage\",\"url\":\"https:\/\/cpvsantiago.gob.ar\/web\/wp-content\/uploads\/2024\/09\/IMG-20240903-WA0025.jpg\",\"contentUrl\":\"https:\/\/cpvsantiago.gob.ar\/web\/wp-content\/uploads\/2024\/09\/IMG-20240903-WA0025.jpg\",\"width\":1600,\"height\":720},{\"@type\":\"BreadcrumbList\",\"@id\":\"https:\/\/cpvsantiago.gob.ar\/web\/dictado-de-capacitacion-en-el-consejo-provincial-de-vialidad-sobre-redes-sociales-y-comunicacion-de-gestion-publica\/#breadcrumb\",\"itemListElement\":[{\"@type\":\"ListItem\",\"position\":1,\"name\":\"Portada\",\"item\":\"https:\/\/cpvsantiago.gob.ar\/web\/\"},{\"@type\":\"ListItem\",\"position\":2,\"name\":\"Dictado de Capacitaci\u00f3n en el Consejo Provincial de Vialidad sobre Redes Sociales y Comunicaci\u00f3n de Gesti\u00f3n P\u00fablica\"}]},{\"@type\":\"WebSite\",\"@id\":\"https:\/\/cpvsantiago.gob.ar\/web\/#website\",\"url\":\"https:\/\/cpvsantiago.gob.ar\/web\/\",\"name\":\"Consejo Provincial de Vialidad de la Provincia de Santiago del Estero\",\"description\":\"CPV Santiago del Estero\",\"potentialAction\":[{\"@type\":\"SearchAction\",\"target\":{\"@type\":\"EntryPoint\",\"urlTemplate\":\"https:\/\/cpvsantiago.gob.ar\/web\/?s={search_term_string}\"},\"query-input\":{\"@type\":\"PropertyValueSpecification\",\"valueRequired\":true,\"valueName\":\"search_term_string\"}}],\"inLanguage\":\"es\"},{\"@type\":\"Person\",\"@id\":\"https:\/\/cpvsantiago.gob.ar\/web\/#\/schema\/person\/aa59e9835d5eb750d8585c860224dc06\",\"name\":\"cpv\",\"image\":{\"@type\":\"ImageObject\",\"inLanguage\":\"es\",\"@id\":\"https:\/\/secure.gravatar.com\/avatar\/484802c719c69b738102ad3161a3d525b188c752ad36109725aeae22171ead58?s=96&d=mm&r=g\",\"url\":\"https:\/\/secure.gravatar.com\/avatar\/484802c719c69b738102ad3161a3d525b188c752ad36109725aeae22171ead58?s=96&d=mm&r=g\",\"contentUrl\":\"https:\/\/secure.gravatar.com\/avatar\/484802c719c69b738102ad3161a3d525b188c752ad36109725aeae22171ead58?s=96&d=mm&r=g\",\"caption\":\"cpv\"},\"url\":\"https:\/\/cpvsantiago.gob.ar\/web\/author\/h8000593\/\"}]}<\/script>\n<!-- \/ Yoast SEO Premium plugin. -->","yoast_head_json":{"title":"Dictado de Capacitaci\u00f3n en el Consejo Provincial de Vialidad sobre Redes Sociales y Comunicaci\u00f3n de Gesti\u00f3n P\u00fablica - Consejo Provincial de Vialidad de la Provincia de Santiago del Estero","robots":{"index":"index","follow":"follow","max-snippet":"max-snippet:-1","max-image-preview":"max-image-preview:large","max-video-preview":"max-video-preview:-1"},"canonical":"https:\/\/cpvsantiago.gob.ar\/web\/dictado-de-capacitacion-en-el-consejo-provincial-de-vialidad-sobre-redes-sociales-y-comunicacion-de-gestion-publica\/","og_locale":"es_ES","og_type":"article","og_title":"Dictado de Capacitaci\u00f3n en el Consejo Provincial de Vialidad sobre Redes Sociales y Comunicaci\u00f3n de Gesti\u00f3n P\u00fablica","og_description":"El d\u00eda martes &nbsp;3 de setiembre de 2024,&nbsp; a las 9:30 horas se procedi\u00f3 a efectuarse en el Sal\u00f3n de Actos del Consejo Provincial de Vialidad la capacitaci\u00f3n: \u201cComunicar Gesti\u00f3n \u2013 La Importancia de las Redes Sociales en Tiempos de Pandemia\u201d. La misma fue dictada por el Dr. Emanuel Morello, Director de Comunicaciones del Gobierno [&hellip;]","og_url":"https:\/\/cpvsantiago.gob.ar\/web\/dictado-de-capacitacion-en-el-consejo-provincial-de-vialidad-sobre-redes-sociales-y-comunicacion-de-gestion-publica\/","og_site_name":"Consejo Provincial de Vialidad de la Provincia de Santiago del Estero","article_published_time":"2024-09-03T15:57:00+00:00","article_modified_time":"2024-09-09T12:32:43+00:00","og_image":[{"width":1600,"height":720,"url":"https:\/\/cpvsantiago.gob.ar\/web\/wp-content\/uploads\/2024\/09\/IMG-20240903-WA0025.jpg","type":"image\/jpeg"}],"author":"cpv","twitter_card":"summary_large_image","twitter_misc":{"Escrito por":"cpv","Tiempo de lectura":"2 minutos"},"schema":{"@context":"https:\/\/schema.org","@graph":[{"@type":"Article","@id":"https:\/\/cpvsantiago.gob.ar\/web\/dictado-de-capacitacion-en-el-consejo-provincial-de-vialidad-sobre-redes-sociales-y-comunicacion-de-gestion-publica\/#article","isPartOf":{"@id":"https:\/\/cpvsantiago.gob.ar\/web\/dictado-de-capacitacion-en-el-consejo-provincial-de-vialidad-sobre-redes-sociales-y-comunicacion-de-gestion-publica\/"},"author":{"name":"cpv","@id":"https:\/\/cpvsantiago.gob.ar\/web\/#\/schema\/person\/aa59e9835d5eb750d8585c860224dc06"},"headline":"Dictado de Capacitaci\u00f3n en el Consejo Provincial de Vialidad sobre Redes Sociales y Comunicaci\u00f3n de Gesti\u00f3n P\u00fablica","datePublished":"2024-09-03T15:57:00+00:00","dateModified":"2024-09-09T12:32:43+00:00","mainEntityOfPage":{"@id":"https:\/\/cpvsantiago.gob.ar\/web\/dictado-de-capacitacion-en-el-consejo-provincial-de-vialidad-sobre-redes-sociales-y-comunicacion-de-gestion-publica\/"},"wordCount":215,"commentCount":0,"image":{"@id":"https:\/\/cpvsantiago.gob.ar\/web\/dictado-de-capacitacion-en-el-consejo-provincial-de-vialidad-sobre-redes-sociales-y-comunicacion-de-gestion-publica\/#primaryimage"},"thumbnailUrl":"https:\/\/cpvsantiago.gob.ar\/web\/wp-content\/uploads\/2024\/09\/IMG-20240903-WA0025.jpg","articleSection":["Eventos","Noticias"],"inLanguage":"es","potentialAction":[{"@type":"CommentAction","name":"Comment","target":["https:\/\/cpvsantiago.gob.ar\/web\/dictado-de-capacitacion-en-el-consejo-provincial-de-vialidad-sobre-redes-sociales-y-comunicacion-de-gestion-publica\/#respond"]}]},{"@type":"WebPage","@id":"https:\/\/cpvsantiago.gob.ar\/web\/dictado-de-capacitacion-en-el-consejo-provincial-de-vialidad-sobre-redes-sociales-y-comunicacion-de-gestion-publica\/","url":"https:\/\/cpvsantiago.gob.ar\/web\/dictado-de-capacitacion-en-el-consejo-provincial-de-vialidad-sobre-redes-sociales-y-comunicacion-de-gestion-publica\/","name":"Dictado de Capacitaci\u00f3n en el Consejo Provincial de Vialidad sobre Redes Sociales y Comunicaci\u00f3n de Gesti\u00f3n P\u00fablica - Consejo Provincial de Vialidad de la Provincia de Santiago del Estero","isPartOf":{"@id":"https:\/\/cpvsantiago.gob.ar\/web\/#website"},"primaryImageOfPage":{"@id":"https:\/\/cpvsantiago.gob.ar\/web\/dictado-de-capacitacion-en-el-consejo-provincial-de-vialidad-sobre-redes-sociales-y-comunicacion-de-gestion-publica\/#primaryimage"},"image":{"@id":"https:\/\/cpvsantiago.gob.ar\/web\/dictado-de-capacitacion-en-el-consejo-provincial-de-vialidad-sobre-redes-sociales-y-comunicacion-de-gestion-publica\/#primaryimage"},"thumbnailUrl":"https:\/\/cpvsantiago.gob.ar\/web\/wp-content\/uploads\/2024\/09\/IMG-20240903-WA0025.jpg","datePublished":"2024-09-03T15:57:00+00:00","dateModified":"2024-09-09T12:32:43+00:00","author":{"@id":"https:\/\/cpvsantiago.gob.ar\/web\/#\/schema\/person\/aa59e9835d5eb750d8585c860224dc06"},"breadcrumb":{"@id":"https:\/\/cpvsantiago.gob.ar\/web\/dictado-de-capacitacion-en-el-consejo-provincial-de-vialidad-sobre-redes-sociales-y-comunicacion-de-gestion-publica\/#breadcrumb"},"inLanguage":"es","potentialAction":[{"@type":"ReadAction","target":["https:\/\/cpvsantiago.gob.ar\/web\/dictado-de-capacitacion-en-el-consejo-provincial-de-vialidad-sobre-redes-sociales-y-comunicacion-de-gestion-publica\/"]}]},{"@type":"ImageObject","inLanguage":"es","@id":"https:\/\/cpvsantiago.gob.ar\/web\/dictado-de-capacitacion-en-el-consejo-provincial-de-vialidad-sobre-redes-sociales-y-comunicacion-de-gestion-publica\/#primaryimage","url":"https:\/\/cpvsantiago.gob.ar\/web\/wp-content\/uploads\/2024\/09\/IMG-20240903-WA0025.jpg","contentUrl":"https:\/\/cpvsantiago.gob.ar\/web\/wp-content\/uploads\/2024\/09\/IMG-20240903-WA0025.jpg","width":1600,"height":720},{"@type":"BreadcrumbList","@id":"https:\/\/cpvsantiago.gob.ar\/web\/dictado-de-capacitacion-en-el-consejo-provincial-de-vialidad-sobre-redes-sociales-y-comunicacion-de-gestion-publica\/#breadcrumb","itemListElement":[{"@type":"ListItem","position":1,"name":"Portada","item":"https:\/\/cpvsantiago.gob.ar\/web\/"},{"@type":"ListItem","position":2,"name":"Dictado de Capacitaci\u00f3n en el Consejo Provincial de Vialidad sobre Redes Sociales y Comunicaci\u00f3n de Gesti\u00f3n P\u00fablica"}]},{"@type":"WebSite","@id":"https:\/\/cpvsantiago.gob.ar\/web\/#website","url":"https:\/\/cpvsantiago.gob.ar\/web\/","name":"Consejo Provincial de Vialidad de la Provincia de Santiago del Estero","description":"CPV Santiago del Estero","potentialAction":[{"@type":"SearchAction","target":{"@type":"EntryPoint","urlTemplate":"https:\/\/cpvsantiago.gob.ar\/web\/?s={search_term_string}"},"query-input":{"@type":"PropertyValueSpecification","valueRequired":true,"valueName":"search_term_string"}}],"inLanguage":"es"},{"@type":"Person","@id":"https:\/\/cpvsantiago.gob.ar\/web\/#\/schema\/person\/aa59e9835d5eb750d8585c860224dc06","name":"cpv","image":{"@type":"ImageObject","inLanguage":"es","@id":"https:\/\/secure.gravatar.com\/avatar\/484802c719c69b738102ad3161a3d525b188c752ad36109725aeae22171ead58?s=96&d=mm&r=g","url":"https:\/\/secure.gravatar.com\/avatar\/484802c719c69b738102ad3161a3d525b188c752ad36109725aeae22171ead58?s=96&d=mm&r=g","contentUrl":"https:\/\/secure.gravatar.com\/avatar\/484802c719c69b738102ad3161a3d525b188c752ad36109725aeae22171ead58?s=96&d=mm&r=g","caption":"cpv"},"url":"https:\/\/cpvsantiago.gob.ar\/web\/author\/h8000593\/"}]}},"_links":{"self":[{"href":"https:\/\/cpvsantiago.gob.ar\/web\/wp-json\/wp\/v2\/posts\/5047","targetHints":{"allow":["GET"]}}],"collection":[{"href":"https:\/\/cpvsantiago.gob.ar\/web\/wp-json\/wp\/v2\/posts"}],"about":[{"href":"https:\/\/cpvsantiago.gob.ar\/web\/wp-json\/wp\/v2\/types\/post"}],"author":[{"embeddable":true,"href":"https:\/\/cpvsantiago.gob.ar\/web\/wp-json\/wp\/v2\/users\/2"}],"replies":[{"embeddable":true,"href":"https:\/\/cpvsantiago.gob.ar\/web\/wp-json\/wp\/v2\/comments?post=5047"}],"version-history":[{"count":4,"href":"https:\/\/cpvsantiago.gob.ar\/web\/wp-json\/wp\/v2\/posts\/5047\/revisions"}],"predecessor-version":[{"id":5074,"href":"https:\/\/cpvsantiago.gob.ar\/web\/wp-json\/wp\/v2\/posts\/5047\/revisions\/5074"}],"wp:featuredmedia":[{"embeddable":true,"href":"https:\/\/cpvsantiago.gob.ar\/web\/wp-json\/wp\/v2\/media\/5054"}],"wp:attachment":[{"href":"https:\/\/cpvsantiago.gob.ar\/web\/wp-json\/wp\/v2\/media?parent=5047"}],"wp:term":[{"taxonomy":"category","embeddable":true,"href":"https:\/\/cpvsantiago.gob.ar\/web\/wp-json\/wp\/v2\/categories?post=5047"},{"taxonomy":"post_tag","embeddable":true,"href":"https:\/\/cpvsantiago.gob.ar\/web\/wp-json\/wp\/v2\/tags?post=5047"}],"curies":[{"name":"wp","href":"https:\/\/api.w.org\/{rel}","templated":true}]}}