{"id":5128,"date":"2024-09-25T10:27:52","date_gmt":"2024-09-25T13:27:52","guid":{"rendered":"https:\/\/cpvsantiago.gob.ar\/web\/?p=5128"},"modified":"2024-10-24T10:35:21","modified_gmt":"2024-10-24T13:35:21","slug":"capacitacion-sobre-avance-y-desarrollo-de-la-tecnologia-en-la-provincia-de-santiago-del-estero-e-inteligencia-artificial-en-la-administracion-publica","status":"publish","type":"post","link":"https:\/\/cpvsantiago.gob.ar\/web\/capacitacion-sobre-avance-y-desarrollo-de-la-tecnologia-en-la-provincia-de-santiago-del-estero-e-inteligencia-artificial-en-la-administracion-publica\/","title":{"rendered":"Capacitaci\u00f3n sobre Avance y Desarrollo de   la Tecnolog\u00eda en la Provincia de Santiago del Estero e\u00a0 Inteligencia Artificial en la Administraci\u00f3n P\u00fablica"},"content":{"rendered":"\n<p>El d\u00eda mi\u00e9rcoles &nbsp;25 &nbsp;de setiembre de 2024,&nbsp; a las 9:00 horas se efectu\u00f3 en el Sal\u00f3n de Actos del Consejo Provincial de Vialidad la capacitaci\u00f3n sobre el Avance y Desarrollo de la Tecnolog\u00eda en la Provincia de Santiago del Estero a cargo de la Ministra de Justicia, Dra. Matilde O\u00b4Mill.&nbsp; A continuaci\u00f3n, la Ing. Jaqueline Digi\u00f3n disert\u00f3 sobre&nbsp; Inteligencia Artificial aplicada en la Administraci\u00f3n P\u00fablica.&nbsp;&nbsp;<\/p>\n\n\n\n<p>La capacitaci\u00f3n fue de gran \u00e9xito, &nbsp;contando con un gran marco de asistencia de empleados viales y p\u00fablico en general.&nbsp; Esta Jornada de Formaci\u00f3n fue Organizada por el Consejo Provincial de Vialidad.&nbsp;&nbsp; La misma se encuadra dentro del Proyecto Innovaci\u00f3n 2024, que tiene como finalidad el fomento a la capacitaci\u00f3n integral de los empleados del CPV en diferentes \u00e1reas que hacen al quehacer cotidiano de la instituci\u00f3n.<\/p>\n\n\n\n<figure class=\"wp-block-gallery has-nested-images columns-default is-cropped wp-block-gallery-1 is-layout-flex wp-block-gallery-is-layout-flex\">\n<figure class=\"wp-block-image size-large\"><a href=\"https:\/\/cpvsantiago.gob.ar\/web\/wp-content\/uploads\/2024\/10\/FOTO-GACETILLA-OMILL-Y-DIGION-01-1-scaled.jpg\"><img loading=\"lazy\" decoding=\"async\" width=\"1024\" height=\"576\" data-id=\"5134\" src=\"https:\/\/cpvsantiago.gob.ar\/web\/wp-content\/uploads\/2024\/10\/FOTO-GACETILLA-OMILL-Y-DIGION-01-1-1024x576.jpg\" alt=\"\" class=\"wp-image-5134\" srcset=\"https:\/\/cpvsantiago.gob.ar\/web\/wp-content\/uploads\/2024\/10\/FOTO-GACETILLA-OMILL-Y-DIGION-01-1-1024x576.jpg 1024w, https:\/\/cpvsantiago.gob.ar\/web\/wp-content\/uploads\/2024\/10\/FOTO-GACETILLA-OMILL-Y-DIGION-01-1-300x169.jpg 300w, https:\/\/cpvsantiago.gob.ar\/web\/wp-content\/uploads\/2024\/10\/FOTO-GACETILLA-OMILL-Y-DIGION-01-1-768x432.jpg 768w, https:\/\/cpvsantiago.gob.ar\/web\/wp-content\/uploads\/2024\/10\/FOTO-GACETILLA-OMILL-Y-DIGION-01-1-1536x864.jpg 1536w, https:\/\/cpvsantiago.gob.ar\/web\/wp-content\/uploads\/2024\/10\/FOTO-GACETILLA-OMILL-Y-DIGION-01-1-2048x1153.jpg 2048w, https:\/\/cpvsantiago.gob.ar\/web\/wp-content\/uploads\/2024\/10\/FOTO-GACETILLA-OMILL-Y-DIGION-01-1-150x84.jpg 150w, https:\/\/cpvsantiago.gob.ar\/web\/wp-content\/uploads\/2024\/10\/FOTO-GACETILLA-OMILL-Y-DIGION-01-1-696x392.jpg 696w, https:\/\/cpvsantiago.gob.ar\/web\/wp-content\/uploads\/2024\/10\/FOTO-GACETILLA-OMILL-Y-DIGION-01-1-1068x601.jpg 1068w, https:\/\/cpvsantiago.gob.ar\/web\/wp-content\/uploads\/2024\/10\/FOTO-GACETILLA-OMILL-Y-DIGION-01-1-1920x1080.jpg 1920w\" sizes=\"auto, (max-width: 1024px) 100vw, 1024px\" \/><\/a><\/figure>\n\n\n\n<figure class=\"wp-block-image size-large\"><a href=\"https:\/\/cpvsantiago.gob.ar\/web\/wp-content\/uploads\/2024\/10\/FOTO-GACETILLA-OMILL-Y-DIGION-02-1-scaled.jpg\"><img loading=\"lazy\" decoding=\"async\" width=\"1024\" height=\"576\" data-id=\"5133\" src=\"https:\/\/cpvsantiago.gob.ar\/web\/wp-content\/uploads\/2024\/10\/FOTO-GACETILLA-OMILL-Y-DIGION-02-1-1024x576.jpg\" alt=\"\" class=\"wp-image-5133\" srcset=\"https:\/\/cpvsantiago.gob.ar\/web\/wp-content\/uploads\/2024\/10\/FOTO-GACETILLA-OMILL-Y-DIGION-02-1-1024x576.jpg 1024w, https:\/\/cpvsantiago.gob.ar\/web\/wp-content\/uploads\/2024\/10\/FOTO-GACETILLA-OMILL-Y-DIGION-02-1-300x169.jpg 300w, https:\/\/cpvsantiago.gob.ar\/web\/wp-content\/uploads\/2024\/10\/FOTO-GACETILLA-OMILL-Y-DIGION-02-1-768x432.jpg 768w, https:\/\/cpvsantiago.gob.ar\/web\/wp-content\/uploads\/2024\/10\/FOTO-GACETILLA-OMILL-Y-DIGION-02-1-1536x864.jpg 1536w, https:\/\/cpvsantiago.gob.ar\/web\/wp-content\/uploads\/2024\/10\/FOTO-GACETILLA-OMILL-Y-DIGION-02-1-2048x1153.jpg 2048w, https:\/\/cpvsantiago.gob.ar\/web\/wp-content\/uploads\/2024\/10\/FOTO-GACETILLA-OMILL-Y-DIGION-02-1-150x84.jpg 150w, https:\/\/cpvsantiago.gob.ar\/web\/wp-content\/uploads\/2024\/10\/FOTO-GACETILLA-OMILL-Y-DIGION-02-1-696x392.jpg 696w, https:\/\/cpvsantiago.gob.ar\/web\/wp-content\/uploads\/2024\/10\/FOTO-GACETILLA-OMILL-Y-DIGION-02-1-1068x601.jpg 1068w, https:\/\/cpvsantiago.gob.ar\/web\/wp-content\/uploads\/2024\/10\/FOTO-GACETILLA-OMILL-Y-DIGION-02-1-1920x1080.jpg 1920w\" sizes=\"auto, (max-width: 1024px) 100vw, 1024px\" \/><\/a><\/figure>\n\n\n\n<figure class=\"wp-block-image size-large\"><a href=\"https:\/\/cpvsantiago.gob.ar\/web\/wp-content\/uploads\/2024\/10\/FOTO-GACETILLA-OMILL-Y-DIGION-03-1-scaled.jpg\"><img loading=\"lazy\" decoding=\"async\" width=\"1024\" height=\"576\" data-id=\"5132\" src=\"https:\/\/cpvsantiago.gob.ar\/web\/wp-content\/uploads\/2024\/10\/FOTO-GACETILLA-OMILL-Y-DIGION-03-1-1024x576.jpg\" alt=\"\" class=\"wp-image-5132\" srcset=\"https:\/\/cpvsantiago.gob.ar\/web\/wp-content\/uploads\/2024\/10\/FOTO-GACETILLA-OMILL-Y-DIGION-03-1-1024x576.jpg 1024w, https:\/\/cpvsantiago.gob.ar\/web\/wp-content\/uploads\/2024\/10\/FOTO-GACETILLA-OMILL-Y-DIGION-03-1-300x169.jpg 300w, https:\/\/cpvsantiago.gob.ar\/web\/wp-content\/uploads\/2024\/10\/FOTO-GACETILLA-OMILL-Y-DIGION-03-1-768x432.jpg 768w, https:\/\/cpvsantiago.gob.ar\/web\/wp-content\/uploads\/2024\/10\/FOTO-GACETILLA-OMILL-Y-DIGION-03-1-1536x864.jpg 1536w, https:\/\/cpvsantiago.gob.ar\/web\/wp-content\/uploads\/2024\/10\/FOTO-GACETILLA-OMILL-Y-DIGION-03-1-2048x1153.jpg 2048w, https:\/\/cpvsantiago.gob.ar\/web\/wp-content\/uploads\/2024\/10\/FOTO-GACETILLA-OMILL-Y-DIGION-03-1-150x84.jpg 150w, https:\/\/cpvsantiago.gob.ar\/web\/wp-content\/uploads\/2024\/10\/FOTO-GACETILLA-OMILL-Y-DIGION-03-1-696x392.jpg 696w, https:\/\/cpvsantiago.gob.ar\/web\/wp-content\/uploads\/2024\/10\/FOTO-GACETILLA-OMILL-Y-DIGION-03-1-1068x601.jpg 1068w, https:\/\/cpvsantiago.gob.ar\/web\/wp-content\/uploads\/2024\/10\/FOTO-GACETILLA-OMILL-Y-DIGION-03-1-1920x1080.jpg 1920w\" sizes=\"auto, (max-width: 1024px) 100vw, 1024px\" \/><\/a><\/figure>\n<\/figure>\n\n\n\n<figure class=\"wp-block-video\"><video height=\"720\" style=\"aspect-ratio: 1280 \/ 720;\" width=\"1280\" controls src=\"https:\/\/cpvsantiago.gob.ar\/web\/wp-content\/uploads\/2024\/10\/VIDEO-CAPACITACION-OMILL-DIGION.mp4\"><\/video><\/figure>\n","protected":false},"excerpt":{"rendered":"<p>El d\u00eda mi\u00e9rcoles &nbsp;25 &nbsp;de setiembre de 2024,&nbsp; a las 9:00 horas se efectu\u00f3 en el Sal\u00f3n de Actos del Consejo Provincial de Vialidad la capacitaci\u00f3n sobre el Avance y Desarrollo de la Tecnolog\u00eda en la Provincia de Santiago del Estero a cargo de la Ministra de Justicia, Dra. Matilde O\u00b4Mill.&nbsp; A continuaci\u00f3n, la Ing. [&hellip;]<\/p>\n","protected":false},"author":2,"featured_media":5137,"comment_status":"open","ping_status":"open","sticky":false,"template":"","format":"standard","meta":{"footnotes":""},"categories":[7,5],"tags":[],"class_list":{"0":"post-5128","1":"post","2":"type-post","3":"status-publish","4":"format-standard","5":"has-post-thumbnail","7":"category-eventos","8":"category-noticias"},"yoast_head":"<!-- This site is optimized with the Yoast SEO Premium plugin v24.8 (Yoast SEO v27.2) - https:\/\/yoast.com\/product\/yoast-seo-premium-wordpress\/ -->\n<title>Capacitaci\u00f3n sobre Avance y Desarrollo de  la Tecnolog\u00eda en la Provincia de Santiago del Estero e\u00a0 Inteligencia Artificial en la Administraci\u00f3n P\u00fablica - Consejo Provincial de Vialidad de la Provincia de Santiago del Estero<\/title>\n<meta name=\"robots\" content=\"index, follow, max-snippet:-1, max-image-preview:large, max-video-preview:-1\" \/>\n<link rel=\"canonical\" href=\"https:\/\/cpvsantiago.gob.ar\/web\/capacitacion-sobre-avance-y-desarrollo-de-la-tecnologia-en-la-provincia-de-santiago-del-estero-e-inteligencia-artificial-en-la-administracion-publica\/\" \/>\n<meta property=\"og:locale\" content=\"es_ES\" \/>\n<meta property=\"og:type\" content=\"article\" \/>\n<meta property=\"og:title\" content=\"Capacitaci\u00f3n sobre Avance y Desarrollo de  la Tecnolog\u00eda en la Provincia de Santiago del Estero e\u00a0 Inteligencia Artificial en la Administraci\u00f3n P\u00fablica\" \/>\n<meta property=\"og:description\" content=\"El d\u00eda mi\u00e9rcoles &nbsp;25 &nbsp;de setiembre de 2024,&nbsp; a las 9:00 horas se efectu\u00f3 en el Sal\u00f3n de Actos del Consejo Provincial de Vialidad la capacitaci\u00f3n sobre el Avance y Desarrollo de la Tecnolog\u00eda en la Provincia de Santiago del Estero a cargo de la Ministra de Justicia, Dra. Matilde O\u00b4Mill.&nbsp; A continuaci\u00f3n, la Ing. [&hellip;]\" \/>\n<meta property=\"og:url\" content=\"https:\/\/cpvsantiago.gob.ar\/web\/capacitacion-sobre-avance-y-desarrollo-de-la-tecnologia-en-la-provincia-de-santiago-del-estero-e-inteligencia-artificial-en-la-administracion-publica\/\" \/>\n<meta property=\"og:site_name\" content=\"Consejo Provincial de Vialidad de la Provincia de Santiago del Estero\" \/>\n<meta property=\"article:published_time\" content=\"2024-09-25T13:27:52+00:00\" \/>\n<meta property=\"article:modified_time\" content=\"2024-10-24T13:35:21+00:00\" \/>\n<meta property=\"og:image\" content=\"https:\/\/cpvsantiago.gob.ar\/web\/wp-content\/uploads\/2024\/10\/FOTO-GACETILLA-OMILL-Y-DIGION-portada-scaled.jpg\" \/>\n\t<meta property=\"og:image:width\" content=\"2560\" \/>\n\t<meta property=\"og:image:height\" content=\"1454\" \/>\n\t<meta property=\"og:image:type\" content=\"image\/jpeg\" \/>\n<meta name=\"author\" content=\"cpv\" \/>\n<meta name=\"twitter:card\" content=\"summary_large_image\" \/>\n<meta name=\"twitter:label1\" content=\"Escrito por\" \/>\n\t<meta name=\"twitter:data1\" content=\"cpv\" \/>\n\t<meta name=\"twitter:label2\" content=\"Tiempo de lectura\" \/>\n\t<meta name=\"twitter:data2\" content=\"2 minutos\" \/>\n<script type=\"application\/ld+json\" class=\"yoast-schema-graph\">{\"@context\":\"https:\/\/schema.org\",\"@graph\":[{\"@type\":\"Article\",\"@id\":\"https:\/\/cpvsantiago.gob.ar\/web\/capacitacion-sobre-avance-y-desarrollo-de-la-tecnologia-en-la-provincia-de-santiago-del-estero-e-inteligencia-artificial-en-la-administracion-publica\/#article\",\"isPartOf\":{\"@id\":\"https:\/\/cpvsantiago.gob.ar\/web\/capacitacion-sobre-avance-y-desarrollo-de-la-tecnologia-en-la-provincia-de-santiago-del-estero-e-inteligencia-artificial-en-la-administracion-publica\/\"},\"author\":{\"name\":\"cpv\",\"@id\":\"https:\/\/cpvsantiago.gob.ar\/web\/#\/schema\/person\/aa59e9835d5eb750d8585c860224dc06\"},\"headline\":\"Capacitaci\u00f3n sobre Avance y Desarrollo de la Tecnolog\u00eda en la Provincia de Santiago del Estero e\u00a0 Inteligencia Artificial en la Administraci\u00f3n P\u00fablica\",\"datePublished\":\"2024-09-25T13:27:52+00:00\",\"dateModified\":\"2024-10-24T13:35:21+00:00\",\"mainEntityOfPage\":{\"@id\":\"https:\/\/cpvsantiago.gob.ar\/web\/capacitacion-sobre-avance-y-desarrollo-de-la-tecnologia-en-la-provincia-de-santiago-del-estero-e-inteligencia-artificial-en-la-administracion-publica\/\"},\"wordCount\":182,\"commentCount\":0,\"image\":{\"@id\":\"https:\/\/cpvsantiago.gob.ar\/web\/capacitacion-sobre-avance-y-desarrollo-de-la-tecnologia-en-la-provincia-de-santiago-del-estero-e-inteligencia-artificial-en-la-administracion-publica\/#primaryimage\"},\"thumbnailUrl\":\"https:\/\/cpvsantiago.gob.ar\/web\/wp-content\/uploads\/2024\/10\/FOTO-GACETILLA-OMILL-Y-DIGION-portada-scaled.jpg\",\"articleSection\":[\"Eventos\",\"Noticias\"],\"inLanguage\":\"es\",\"potentialAction\":[{\"@type\":\"CommentAction\",\"name\":\"Comment\",\"target\":[\"https:\/\/cpvsantiago.gob.ar\/web\/capacitacion-sobre-avance-y-desarrollo-de-la-tecnologia-en-la-provincia-de-santiago-del-estero-e-inteligencia-artificial-en-la-administracion-publica\/#respond\"]}]},{\"@type\":\"WebPage\",\"@id\":\"https:\/\/cpvsantiago.gob.ar\/web\/capacitacion-sobre-avance-y-desarrollo-de-la-tecnologia-en-la-provincia-de-santiago-del-estero-e-inteligencia-artificial-en-la-administracion-publica\/\",\"url\":\"https:\/\/cpvsantiago.gob.ar\/web\/capacitacion-sobre-avance-y-desarrollo-de-la-tecnologia-en-la-provincia-de-santiago-del-estero-e-inteligencia-artificial-en-la-administracion-publica\/\",\"name\":\"Capacitaci\u00f3n sobre Avance y Desarrollo de la Tecnolog\u00eda en la Provincia de Santiago del Estero e\u00a0 Inteligencia Artificial en la Administraci\u00f3n P\u00fablica - Consejo Provincial de Vialidad de la Provincia de Santiago del Estero\",\"isPartOf\":{\"@id\":\"https:\/\/cpvsantiago.gob.ar\/web\/#website\"},\"primaryImageOfPage\":{\"@id\":\"https:\/\/cpvsantiago.gob.ar\/web\/capacitacion-sobre-avance-y-desarrollo-de-la-tecnologia-en-la-provincia-de-santiago-del-estero-e-inteligencia-artificial-en-la-administracion-publica\/#primaryimage\"},\"image\":{\"@id\":\"https:\/\/cpvsantiago.gob.ar\/web\/capacitacion-sobre-avance-y-desarrollo-de-la-tecnologia-en-la-provincia-de-santiago-del-estero-e-inteligencia-artificial-en-la-administracion-publica\/#primaryimage\"},\"thumbnailUrl\":\"https:\/\/cpvsantiago.gob.ar\/web\/wp-content\/uploads\/2024\/10\/FOTO-GACETILLA-OMILL-Y-DIGION-portada-scaled.jpg\",\"datePublished\":\"2024-09-25T13:27:52+00:00\",\"dateModified\":\"2024-10-24T13:35:21+00:00\",\"author\":{\"@id\":\"https:\/\/cpvsantiago.gob.ar\/web\/#\/schema\/person\/aa59e9835d5eb750d8585c860224dc06\"},\"breadcrumb\":{\"@id\":\"https:\/\/cpvsantiago.gob.ar\/web\/capacitacion-sobre-avance-y-desarrollo-de-la-tecnologia-en-la-provincia-de-santiago-del-estero-e-inteligencia-artificial-en-la-administracion-publica\/#breadcrumb\"},\"inLanguage\":\"es\",\"potentialAction\":[{\"@type\":\"ReadAction\",\"target\":[\"https:\/\/cpvsantiago.gob.ar\/web\/capacitacion-sobre-avance-y-desarrollo-de-la-tecnologia-en-la-provincia-de-santiago-del-estero-e-inteligencia-artificial-en-la-administracion-publica\/\"]}]},{\"@type\":\"ImageObject\",\"inLanguage\":\"es\",\"@id\":\"https:\/\/cpvsantiago.gob.ar\/web\/capacitacion-sobre-avance-y-desarrollo-de-la-tecnologia-en-la-provincia-de-santiago-del-estero-e-inteligencia-artificial-en-la-administracion-publica\/#primaryimage\",\"url\":\"https:\/\/cpvsantiago.gob.ar\/web\/wp-content\/uploads\/2024\/10\/FOTO-GACETILLA-OMILL-Y-DIGION-portada-scaled.jpg\",\"contentUrl\":\"https:\/\/cpvsantiago.gob.ar\/web\/wp-content\/uploads\/2024\/10\/FOTO-GACETILLA-OMILL-Y-DIGION-portada-scaled.jpg\",\"width\":2560,\"height\":1454},{\"@type\":\"BreadcrumbList\",\"@id\":\"https:\/\/cpvsantiago.gob.ar\/web\/capacitacion-sobre-avance-y-desarrollo-de-la-tecnologia-en-la-provincia-de-santiago-del-estero-e-inteligencia-artificial-en-la-administracion-publica\/#breadcrumb\",\"itemListElement\":[{\"@type\":\"ListItem\",\"position\":1,\"name\":\"Portada\",\"item\":\"https:\/\/cpvsantiago.gob.ar\/web\/\"},{\"@type\":\"ListItem\",\"position\":2,\"name\":\"Capacitaci\u00f3n sobre Avance y Desarrollo de la Tecnolog\u00eda en la Provincia de Santiago del Estero e\u00a0 Inteligencia Artificial en la Administraci\u00f3n P\u00fablica\"}]},{\"@type\":\"WebSite\",\"@id\":\"https:\/\/cpvsantiago.gob.ar\/web\/#website\",\"url\":\"https:\/\/cpvsantiago.gob.ar\/web\/\",\"name\":\"Consejo Provincial de Vialidad de la Provincia de Santiago del Estero\",\"description\":\"CPV Santiago del Estero\",\"potentialAction\":[{\"@type\":\"SearchAction\",\"target\":{\"@type\":\"EntryPoint\",\"urlTemplate\":\"https:\/\/cpvsantiago.gob.ar\/web\/?s={search_term_string}\"},\"query-input\":{\"@type\":\"PropertyValueSpecification\",\"valueRequired\":true,\"valueName\":\"search_term_string\"}}],\"inLanguage\":\"es\"},{\"@type\":\"Person\",\"@id\":\"https:\/\/cpvsantiago.gob.ar\/web\/#\/schema\/person\/aa59e9835d5eb750d8585c860224dc06\",\"name\":\"cpv\",\"image\":{\"@type\":\"ImageObject\",\"inLanguage\":\"es\",\"@id\":\"https:\/\/secure.gravatar.com\/avatar\/484802c719c69b738102ad3161a3d525b188c752ad36109725aeae22171ead58?s=96&d=mm&r=g\",\"url\":\"https:\/\/secure.gravatar.com\/avatar\/484802c719c69b738102ad3161a3d525b188c752ad36109725aeae22171ead58?s=96&d=mm&r=g\",\"contentUrl\":\"https:\/\/secure.gravatar.com\/avatar\/484802c719c69b738102ad3161a3d525b188c752ad36109725aeae22171ead58?s=96&d=mm&r=g\",\"caption\":\"cpv\"},\"url\":\"https:\/\/cpvsantiago.gob.ar\/web\/author\/h8000593\/\"}]}<\/script>\n<!-- \/ Yoast SEO Premium plugin. -->","yoast_head_json":{"title":"Capacitaci\u00f3n sobre Avance y Desarrollo de  la Tecnolog\u00eda en la Provincia de Santiago del Estero e\u00a0 Inteligencia Artificial en la Administraci\u00f3n P\u00fablica - Consejo Provincial de Vialidad de la Provincia de Santiago del Estero","robots":{"index":"index","follow":"follow","max-snippet":"max-snippet:-1","max-image-preview":"max-image-preview:large","max-video-preview":"max-video-preview:-1"},"canonical":"https:\/\/cpvsantiago.gob.ar\/web\/capacitacion-sobre-avance-y-desarrollo-de-la-tecnologia-en-la-provincia-de-santiago-del-estero-e-inteligencia-artificial-en-la-administracion-publica\/","og_locale":"es_ES","og_type":"article","og_title":"Capacitaci\u00f3n sobre Avance y Desarrollo de  la Tecnolog\u00eda en la Provincia de Santiago del Estero e\u00a0 Inteligencia Artificial en la Administraci\u00f3n P\u00fablica","og_description":"El d\u00eda mi\u00e9rcoles &nbsp;25 &nbsp;de setiembre de 2024,&nbsp; a las 9:00 horas se efectu\u00f3 en el Sal\u00f3n de Actos del Consejo Provincial de Vialidad la capacitaci\u00f3n sobre el Avance y Desarrollo de la Tecnolog\u00eda en la Provincia de Santiago del Estero a cargo de la Ministra de Justicia, Dra. Matilde O\u00b4Mill.&nbsp; A continuaci\u00f3n, la Ing. [&hellip;]","og_url":"https:\/\/cpvsantiago.gob.ar\/web\/capacitacion-sobre-avance-y-desarrollo-de-la-tecnologia-en-la-provincia-de-santiago-del-estero-e-inteligencia-artificial-en-la-administracion-publica\/","og_site_name":"Consejo Provincial de Vialidad de la Provincia de Santiago del Estero","article_published_time":"2024-09-25T13:27:52+00:00","article_modified_time":"2024-10-24T13:35:21+00:00","og_image":[{"width":2560,"height":1454,"url":"https:\/\/cpvsantiago.gob.ar\/web\/wp-content\/uploads\/2024\/10\/FOTO-GACETILLA-OMILL-Y-DIGION-portada-scaled.jpg","type":"image\/jpeg"}],"author":"cpv","twitter_card":"summary_large_image","twitter_misc":{"Escrito por":"cpv","Tiempo de lectura":"2 minutos"},"schema":{"@context":"https:\/\/schema.org","@graph":[{"@type":"Article","@id":"https:\/\/cpvsantiago.gob.ar\/web\/capacitacion-sobre-avance-y-desarrollo-de-la-tecnologia-en-la-provincia-de-santiago-del-estero-e-inteligencia-artificial-en-la-administracion-publica\/#article","isPartOf":{"@id":"https:\/\/cpvsantiago.gob.ar\/web\/capacitacion-sobre-avance-y-desarrollo-de-la-tecnologia-en-la-provincia-de-santiago-del-estero-e-inteligencia-artificial-en-la-administracion-publica\/"},"author":{"name":"cpv","@id":"https:\/\/cpvsantiago.gob.ar\/web\/#\/schema\/person\/aa59e9835d5eb750d8585c860224dc06"},"headline":"Capacitaci\u00f3n sobre Avance y Desarrollo de la Tecnolog\u00eda en la Provincia de Santiago del Estero e\u00a0 Inteligencia Artificial en la Administraci\u00f3n P\u00fablica","datePublished":"2024-09-25T13:27:52+00:00","dateModified":"2024-10-24T13:35:21+00:00","mainEntityOfPage":{"@id":"https:\/\/cpvsantiago.gob.ar\/web\/capacitacion-sobre-avance-y-desarrollo-de-la-tecnologia-en-la-provincia-de-santiago-del-estero-e-inteligencia-artificial-en-la-administracion-publica\/"},"wordCount":182,"commentCount":0,"image":{"@id":"https:\/\/cpvsantiago.gob.ar\/web\/capacitacion-sobre-avance-y-desarrollo-de-la-tecnologia-en-la-provincia-de-santiago-del-estero-e-inteligencia-artificial-en-la-administracion-publica\/#primaryimage"},"thumbnailUrl":"https:\/\/cpvsantiago.gob.ar\/web\/wp-content\/uploads\/2024\/10\/FOTO-GACETILLA-OMILL-Y-DIGION-portada-scaled.jpg","articleSection":["Eventos","Noticias"],"inLanguage":"es","potentialAction":[{"@type":"CommentAction","name":"Comment","target":["https:\/\/cpvsantiago.gob.ar\/web\/capacitacion-sobre-avance-y-desarrollo-de-la-tecnologia-en-la-provincia-de-santiago-del-estero-e-inteligencia-artificial-en-la-administracion-publica\/#respond"]}]},{"@type":"WebPage","@id":"https:\/\/cpvsantiago.gob.ar\/web\/capacitacion-sobre-avance-y-desarrollo-de-la-tecnologia-en-la-provincia-de-santiago-del-estero-e-inteligencia-artificial-en-la-administracion-publica\/","url":"https:\/\/cpvsantiago.gob.ar\/web\/capacitacion-sobre-avance-y-desarrollo-de-la-tecnologia-en-la-provincia-de-santiago-del-estero-e-inteligencia-artificial-en-la-administracion-publica\/","name":"Capacitaci\u00f3n sobre Avance y Desarrollo de la Tecnolog\u00eda en la Provincia de Santiago del Estero e\u00a0 Inteligencia Artificial en la Administraci\u00f3n P\u00fablica - Consejo Provincial de Vialidad de la Provincia de Santiago del Estero","isPartOf":{"@id":"https:\/\/cpvsantiago.gob.ar\/web\/#website"},"primaryImageOfPage":{"@id":"https:\/\/cpvsantiago.gob.ar\/web\/capacitacion-sobre-avance-y-desarrollo-de-la-tecnologia-en-la-provincia-de-santiago-del-estero-e-inteligencia-artificial-en-la-administracion-publica\/#primaryimage"},"image":{"@id":"https:\/\/cpvsantiago.gob.ar\/web\/capacitacion-sobre-avance-y-desarrollo-de-la-tecnologia-en-la-provincia-de-santiago-del-estero-e-inteligencia-artificial-en-la-administracion-publica\/#primaryimage"},"thumbnailUrl":"https:\/\/cpvsantiago.gob.ar\/web\/wp-content\/uploads\/2024\/10\/FOTO-GACETILLA-OMILL-Y-DIGION-portada-scaled.jpg","datePublished":"2024-09-25T13:27:52+00:00","dateModified":"2024-10-24T13:35:21+00:00","author":{"@id":"https:\/\/cpvsantiago.gob.ar\/web\/#\/schema\/person\/aa59e9835d5eb750d8585c860224dc06"},"breadcrumb":{"@id":"https:\/\/cpvsantiago.gob.ar\/web\/capacitacion-sobre-avance-y-desarrollo-de-la-tecnologia-en-la-provincia-de-santiago-del-estero-e-inteligencia-artificial-en-la-administracion-publica\/#breadcrumb"},"inLanguage":"es","potentialAction":[{"@type":"ReadAction","target":["https:\/\/cpvsantiago.gob.ar\/web\/capacitacion-sobre-avance-y-desarrollo-de-la-tecnologia-en-la-provincia-de-santiago-del-estero-e-inteligencia-artificial-en-la-administracion-publica\/"]}]},{"@type":"ImageObject","inLanguage":"es","@id":"https:\/\/cpvsantiago.gob.ar\/web\/capacitacion-sobre-avance-y-desarrollo-de-la-tecnologia-en-la-provincia-de-santiago-del-estero-e-inteligencia-artificial-en-la-administracion-publica\/#primaryimage","url":"https:\/\/cpvsantiago.gob.ar\/web\/wp-content\/uploads\/2024\/10\/FOTO-GACETILLA-OMILL-Y-DIGION-portada-scaled.jpg","contentUrl":"https:\/\/cpvsantiago.gob.ar\/web\/wp-content\/uploads\/2024\/10\/FOTO-GACETILLA-OMILL-Y-DIGION-portada-scaled.jpg","width":2560,"height":1454},{"@type":"BreadcrumbList","@id":"https:\/\/cpvsantiago.gob.ar\/web\/capacitacion-sobre-avance-y-desarrollo-de-la-tecnologia-en-la-provincia-de-santiago-del-estero-e-inteligencia-artificial-en-la-administracion-publica\/#breadcrumb","itemListElement":[{"@type":"ListItem","position":1,"name":"Portada","item":"https:\/\/cpvsantiago.gob.ar\/web\/"},{"@type":"ListItem","position":2,"name":"Capacitaci\u00f3n sobre Avance y Desarrollo de la Tecnolog\u00eda en la Provincia de Santiago del Estero e\u00a0 Inteligencia Artificial en la Administraci\u00f3n P\u00fablica"}]},{"@type":"WebSite","@id":"https:\/\/cpvsantiago.gob.ar\/web\/#website","url":"https:\/\/cpvsantiago.gob.ar\/web\/","name":"Consejo Provincial de Vialidad de la Provincia de Santiago del Estero","description":"CPV Santiago del Estero","potentialAction":[{"@type":"SearchAction","target":{"@type":"EntryPoint","urlTemplate":"https:\/\/cpvsantiago.gob.ar\/web\/?s={search_term_string}"},"query-input":{"@type":"PropertyValueSpecification","valueRequired":true,"valueName":"search_term_string"}}],"inLanguage":"es"},{"@type":"Person","@id":"https:\/\/cpvsantiago.gob.ar\/web\/#\/schema\/person\/aa59e9835d5eb750d8585c860224dc06","name":"cpv","image":{"@type":"ImageObject","inLanguage":"es","@id":"https:\/\/secure.gravatar.com\/avatar\/484802c719c69b738102ad3161a3d525b188c752ad36109725aeae22171ead58?s=96&d=mm&r=g","url":"https:\/\/secure.gravatar.com\/avatar\/484802c719c69b738102ad3161a3d525b188c752ad36109725aeae22171ead58?s=96&d=mm&r=g","contentUrl":"https:\/\/secure.gravatar.com\/avatar\/484802c719c69b738102ad3161a3d525b188c752ad36109725aeae22171ead58?s=96&d=mm&r=g","caption":"cpv"},"url":"https:\/\/cpvsantiago.gob.ar\/web\/author\/h8000593\/"}]}},"_links":{"self":[{"href":"https:\/\/cpvsantiago.gob.ar\/web\/wp-json\/wp\/v2\/posts\/5128","targetHints":{"allow":["GET"]}}],"collection":[{"href":"https:\/\/cpvsantiago.gob.ar\/web\/wp-json\/wp\/v2\/posts"}],"about":[{"href":"https:\/\/cpvsantiago.gob.ar\/web\/wp-json\/wp\/v2\/types\/post"}],"author":[{"embeddable":true,"href":"https:\/\/cpvsantiago.gob.ar\/web\/wp-json\/wp\/v2\/users\/2"}],"replies":[{"embeddable":true,"href":"https:\/\/cpvsantiago.gob.ar\/web\/wp-json\/wp\/v2\/comments?post=5128"}],"version-history":[{"count":1,"href":"https:\/\/cpvsantiago.gob.ar\/web\/wp-json\/wp\/v2\/posts\/5128\/revisions"}],"predecessor-version":[{"id":5138,"href":"https:\/\/cpvsantiago.gob.ar\/web\/wp-json\/wp\/v2\/posts\/5128\/revisions\/5138"}],"wp:featuredmedia":[{"embeddable":true,"href":"https:\/\/cpvsantiago.gob.ar\/web\/wp-json\/wp\/v2\/media\/5137"}],"wp:attachment":[{"href":"https:\/\/cpvsantiago.gob.ar\/web\/wp-json\/wp\/v2\/media?parent=5128"}],"wp:term":[{"taxonomy":"category","embeddable":true,"href":"https:\/\/cpvsantiago.gob.ar\/web\/wp-json\/wp\/v2\/categories?post=5128"},{"taxonomy":"post_tag","embeddable":true,"href":"https:\/\/cpvsantiago.gob.ar\/web\/wp-json\/wp\/v2\/tags?post=5128"}],"curies":[{"name":"wp","href":"https:\/\/api.w.org\/{rel}","templated":true}]}}