{"id":5140,"date":"2024-10-10T10:35:42","date_gmt":"2024-10-10T13:35:42","guid":{"rendered":"https:\/\/cpvsantiago.gob.ar\/web\/?p=5140"},"modified":"2024-10-24T10:45:29","modified_gmt":"2024-10-24T13:45:29","slug":"capacitacion-sobre-excel-a-cargo-del-cpn-francisco-zamora","status":"publish","type":"post","link":"https:\/\/cpvsantiago.gob.ar\/web\/capacitacion-sobre-excel-a-cargo-del-cpn-francisco-zamora\/","title":{"rendered":"Capacitaci\u00f3n sobre Excel a cargo del CPN Francisco Zamora"},"content":{"rendered":"\n<p>&nbsp;&nbsp; El d\u00eda jueves 10 de setiembre de 2024,&nbsp; a las 08:45 horas, en el Sal\u00f3n de Actos del Consejo Provincial de Vialidad se dict\u00f3 una&nbsp; capacitaci\u00f3n para empleados del<a><\/a> Organismo&nbsp; que tuvo&nbsp; como t\u00edtulo \u201cExcel desde Cero\u201d.&nbsp;&nbsp; La misma tuvo como disertante&nbsp; al CPN Francisco Zamora,&nbsp; quien expuso sobre las especificidades del software en relaci\u00f3n al trabajo cotidiano para optimizaci\u00f3n de tareas en el Organismo.&nbsp;<\/p>\n\n\n\n<p>\u00a0\u00a0 El SUM del Consejo Provincial de Vialidad se vio colmado debido a la gran asistencia de empleados que asistieron a esta jornada de capacitaci\u00f3n profesional.\u00a0\u00a0 La misma\u00a0 estuvo organizada por el Consejo Provincial de Vialidad en conjunto con la Universidad Cat\u00f3lica de Santiago del Estero.<\/p>\n\n\n\n<figure class=\"wp-block-gallery has-nested-images columns-default is-cropped wp-block-gallery-1 is-layout-flex wp-block-gallery-is-layout-flex\">\n<figure class=\"wp-block-image size-large\"><a href=\"https:\/\/cpvsantiago.gob.ar\/web\/wp-content\/uploads\/2024\/10\/F-Zamora-en-CPV-01-scaled.jpg\"><img loading=\"lazy\" decoding=\"async\" width=\"1024\" height=\"576\" data-id=\"5142\" src=\"https:\/\/cpvsantiago.gob.ar\/web\/wp-content\/uploads\/2024\/10\/F-Zamora-en-CPV-01-1024x576.jpg\" alt=\"\" class=\"wp-image-5142\" srcset=\"https:\/\/cpvsantiago.gob.ar\/web\/wp-content\/uploads\/2024\/10\/F-Zamora-en-CPV-01-1024x576.jpg 1024w, https:\/\/cpvsantiago.gob.ar\/web\/wp-content\/uploads\/2024\/10\/F-Zamora-en-CPV-01-300x169.jpg 300w, https:\/\/cpvsantiago.gob.ar\/web\/wp-content\/uploads\/2024\/10\/F-Zamora-en-CPV-01-768x432.jpg 768w, https:\/\/cpvsantiago.gob.ar\/web\/wp-content\/uploads\/2024\/10\/F-Zamora-en-CPV-01-1536x864.jpg 1536w, https:\/\/cpvsantiago.gob.ar\/web\/wp-content\/uploads\/2024\/10\/F-Zamora-en-CPV-01-2048x1152.jpg 2048w, https:\/\/cpvsantiago.gob.ar\/web\/wp-content\/uploads\/2024\/10\/F-Zamora-en-CPV-01-150x84.jpg 150w, https:\/\/cpvsantiago.gob.ar\/web\/wp-content\/uploads\/2024\/10\/F-Zamora-en-CPV-01-696x392.jpg 696w, https:\/\/cpvsantiago.gob.ar\/web\/wp-content\/uploads\/2024\/10\/F-Zamora-en-CPV-01-1068x601.jpg 1068w, https:\/\/cpvsantiago.gob.ar\/web\/wp-content\/uploads\/2024\/10\/F-Zamora-en-CPV-01-1920x1080.jpg 1920w\" sizes=\"auto, (max-width: 1024px) 100vw, 1024px\" \/><\/a><\/figure>\n\n\n\n<figure class=\"wp-block-image size-large\"><a href=\"https:\/\/cpvsantiago.gob.ar\/web\/wp-content\/uploads\/2024\/10\/IMG_20241010_090151311-scaled.jpg\"><img loading=\"lazy\" decoding=\"async\" width=\"1024\" height=\"576\" data-id=\"5144\" src=\"https:\/\/cpvsantiago.gob.ar\/web\/wp-content\/uploads\/2024\/10\/IMG_20241010_090151311-1024x576.jpg\" alt=\"\" class=\"wp-image-5144\" srcset=\"https:\/\/cpvsantiago.gob.ar\/web\/wp-content\/uploads\/2024\/10\/IMG_20241010_090151311-1024x576.jpg 1024w, https:\/\/cpvsantiago.gob.ar\/web\/wp-content\/uploads\/2024\/10\/IMG_20241010_090151311-300x169.jpg 300w, https:\/\/cpvsantiago.gob.ar\/web\/wp-content\/uploads\/2024\/10\/IMG_20241010_090151311-768x432.jpg 768w, https:\/\/cpvsantiago.gob.ar\/web\/wp-content\/uploads\/2024\/10\/IMG_20241010_090151311-1536x864.jpg 1536w, https:\/\/cpvsantiago.gob.ar\/web\/wp-content\/uploads\/2024\/10\/IMG_20241010_090151311-2048x1153.jpg 2048w, https:\/\/cpvsantiago.gob.ar\/web\/wp-content\/uploads\/2024\/10\/IMG_20241010_090151311-150x84.jpg 150w, https:\/\/cpvsantiago.gob.ar\/web\/wp-content\/uploads\/2024\/10\/IMG_20241010_090151311-696x392.jpg 696w, https:\/\/cpvsantiago.gob.ar\/web\/wp-content\/uploads\/2024\/10\/IMG_20241010_090151311-1068x601.jpg 1068w, https:\/\/cpvsantiago.gob.ar\/web\/wp-content\/uploads\/2024\/10\/IMG_20241010_090151311-1920x1080.jpg 1920w\" sizes=\"auto, (max-width: 1024px) 100vw, 1024px\" \/><\/a><\/figure>\n\n\n\n<figure class=\"wp-block-image size-large\"><a href=\"https:\/\/cpvsantiago.gob.ar\/web\/wp-content\/uploads\/2024\/10\/IMG_20241010_090303137-scaled.jpg\"><img loading=\"lazy\" decoding=\"async\" width=\"1024\" height=\"576\" data-id=\"5141\" src=\"https:\/\/cpvsantiago.gob.ar\/web\/wp-content\/uploads\/2024\/10\/IMG_20241010_090303137-1024x576.jpg\" alt=\"\" class=\"wp-image-5141\" srcset=\"https:\/\/cpvsantiago.gob.ar\/web\/wp-content\/uploads\/2024\/10\/IMG_20241010_090303137-1024x576.jpg 1024w, https:\/\/cpvsantiago.gob.ar\/web\/wp-content\/uploads\/2024\/10\/IMG_20241010_090303137-300x169.jpg 300w, https:\/\/cpvsantiago.gob.ar\/web\/wp-content\/uploads\/2024\/10\/IMG_20241010_090303137-768x432.jpg 768w, https:\/\/cpvsantiago.gob.ar\/web\/wp-content\/uploads\/2024\/10\/IMG_20241010_090303137-1536x864.jpg 1536w, https:\/\/cpvsantiago.gob.ar\/web\/wp-content\/uploads\/2024\/10\/IMG_20241010_090303137-2048x1152.jpg 2048w, https:\/\/cpvsantiago.gob.ar\/web\/wp-content\/uploads\/2024\/10\/IMG_20241010_090303137-150x84.jpg 150w, https:\/\/cpvsantiago.gob.ar\/web\/wp-content\/uploads\/2024\/10\/IMG_20241010_090303137-696x392.jpg 696w, https:\/\/cpvsantiago.gob.ar\/web\/wp-content\/uploads\/2024\/10\/IMG_20241010_090303137-1068x601.jpg 1068w, https:\/\/cpvsantiago.gob.ar\/web\/wp-content\/uploads\/2024\/10\/IMG_20241010_090303137-1920x1080.jpg 1920w\" sizes=\"auto, (max-width: 1024px) 100vw, 1024px\" \/><\/a><\/figure>\n\n\n\n<figure class=\"wp-block-image size-large\"><a href=\"https:\/\/cpvsantiago.gob.ar\/web\/wp-content\/uploads\/2024\/10\/IMG_20241010_090710730-scaled.jpg\"><img loading=\"lazy\" decoding=\"async\" width=\"1024\" height=\"576\" data-id=\"5143\" src=\"https:\/\/cpvsantiago.gob.ar\/web\/wp-content\/uploads\/2024\/10\/IMG_20241010_090710730-1024x576.jpg\" alt=\"\" class=\"wp-image-5143\" srcset=\"https:\/\/cpvsantiago.gob.ar\/web\/wp-content\/uploads\/2024\/10\/IMG_20241010_090710730-1024x576.jpg 1024w, https:\/\/cpvsantiago.gob.ar\/web\/wp-content\/uploads\/2024\/10\/IMG_20241010_090710730-300x169.jpg 300w, https:\/\/cpvsantiago.gob.ar\/web\/wp-content\/uploads\/2024\/10\/IMG_20241010_090710730-768x432.jpg 768w, https:\/\/cpvsantiago.gob.ar\/web\/wp-content\/uploads\/2024\/10\/IMG_20241010_090710730-1536x864.jpg 1536w, https:\/\/cpvsantiago.gob.ar\/web\/wp-content\/uploads\/2024\/10\/IMG_20241010_090710730-2048x1152.jpg 2048w, https:\/\/cpvsantiago.gob.ar\/web\/wp-content\/uploads\/2024\/10\/IMG_20241010_090710730-150x84.jpg 150w, https:\/\/cpvsantiago.gob.ar\/web\/wp-content\/uploads\/2024\/10\/IMG_20241010_090710730-696x392.jpg 696w, https:\/\/cpvsantiago.gob.ar\/web\/wp-content\/uploads\/2024\/10\/IMG_20241010_090710730-1068x601.jpg 1068w, https:\/\/cpvsantiago.gob.ar\/web\/wp-content\/uploads\/2024\/10\/IMG_20241010_090710730-1920x1080.jpg 1920w\" sizes=\"auto, (max-width: 1024px) 100vw, 1024px\" \/><\/a><\/figure>\n<\/figure>\n\n\n\n<figure class=\"wp-block-video\"><video height=\"720\" style=\"aspect-ratio: 1280 \/ 720;\" width=\"1280\" controls src=\"https:\/\/cpvsantiago.gob.ar\/web\/wp-content\/uploads\/2024\/10\/CAPACITACION-F-ZAMORA.mp4\"><\/video><\/figure>\n","protected":false},"excerpt":{"rendered":"<p>&nbsp;&nbsp; El d\u00eda jueves 10 de setiembre de 2024,&nbsp; a las 08:45 horas, en el Sal\u00f3n de Actos del Consejo Provincial de Vialidad se dict\u00f3 una&nbsp; capacitaci\u00f3n para empleados del Organismo&nbsp; que tuvo&nbsp; como t\u00edtulo \u201cExcel desde Cero\u201d.&nbsp;&nbsp; La misma tuvo como disertante&nbsp; al CPN Francisco Zamora,&nbsp; quien expuso sobre las especificidades del software en [&hellip;]<\/p>\n","protected":false},"author":2,"featured_media":5145,"comment_status":"open","ping_status":"open","sticky":false,"template":"","format":"standard","meta":{"footnotes":""},"categories":[7,5],"tags":[],"class_list":{"0":"post-5140","1":"post","2":"type-post","3":"status-publish","4":"format-standard","5":"has-post-thumbnail","7":"category-eventos","8":"category-noticias"},"yoast_head":"<!-- This site is optimized with the Yoast SEO Premium plugin v24.8 (Yoast SEO v27.2) - https:\/\/yoast.com\/product\/yoast-seo-premium-wordpress\/ -->\n<title>Capacitaci\u00f3n sobre Excel a cargo del CPN Francisco Zamora - Consejo Provincial de Vialidad de la Provincia de Santiago del Estero<\/title>\n<meta name=\"robots\" content=\"index, follow, max-snippet:-1, max-image-preview:large, max-video-preview:-1\" \/>\n<link rel=\"canonical\" href=\"https:\/\/cpvsantiago.gob.ar\/web\/capacitacion-sobre-excel-a-cargo-del-cpn-francisco-zamora\/\" \/>\n<meta property=\"og:locale\" content=\"es_ES\" \/>\n<meta property=\"og:type\" content=\"article\" \/>\n<meta property=\"og:title\" content=\"Capacitaci\u00f3n sobre Excel a cargo del CPN Francisco Zamora\" \/>\n<meta property=\"og:description\" content=\"&nbsp;&nbsp; El d\u00eda jueves 10 de setiembre de 2024,&nbsp; a las 08:45 horas, en el Sal\u00f3n de Actos del Consejo Provincial de Vialidad se dict\u00f3 una&nbsp; capacitaci\u00f3n para empleados del Organismo&nbsp; que tuvo&nbsp; como t\u00edtulo \u201cExcel desde Cero\u201d.&nbsp;&nbsp; La misma tuvo como disertante&nbsp; al CPN Francisco Zamora,&nbsp; quien expuso sobre las especificidades del software en [&hellip;]\" \/>\n<meta property=\"og:url\" content=\"https:\/\/cpvsantiago.gob.ar\/web\/capacitacion-sobre-excel-a-cargo-del-cpn-francisco-zamora\/\" \/>\n<meta property=\"og:site_name\" content=\"Consejo Provincial de Vialidad de la Provincia de Santiago del Estero\" \/>\n<meta property=\"article:published_time\" content=\"2024-10-10T13:35:42+00:00\" \/>\n<meta property=\"article:modified_time\" content=\"2024-10-24T13:45:29+00:00\" \/>\n<meta property=\"og:image\" content=\"https:\/\/cpvsantiago.gob.ar\/web\/wp-content\/uploads\/2024\/10\/PORTADA-2.jpg\" \/>\n\t<meta property=\"og:image:width\" content=\"2233\" \/>\n\t<meta property=\"og:image:height\" content=\"1275\" \/>\n\t<meta property=\"og:image:type\" content=\"image\/jpeg\" \/>\n<meta name=\"author\" content=\"cpv\" \/>\n<meta name=\"twitter:card\" content=\"summary_large_image\" \/>\n<meta name=\"twitter:label1\" content=\"Escrito por\" \/>\n\t<meta name=\"twitter:data1\" content=\"cpv\" \/>\n\t<meta name=\"twitter:label2\" content=\"Tiempo de lectura\" \/>\n\t<meta name=\"twitter:data2\" content=\"2 minutos\" \/>\n<script type=\"application\/ld+json\" class=\"yoast-schema-graph\">{\"@context\":\"https:\/\/schema.org\",\"@graph\":[{\"@type\":\"Article\",\"@id\":\"https:\/\/cpvsantiago.gob.ar\/web\/capacitacion-sobre-excel-a-cargo-del-cpn-francisco-zamora\/#article\",\"isPartOf\":{\"@id\":\"https:\/\/cpvsantiago.gob.ar\/web\/capacitacion-sobre-excel-a-cargo-del-cpn-francisco-zamora\/\"},\"author\":{\"name\":\"cpv\",\"@id\":\"https:\/\/cpvsantiago.gob.ar\/web\/#\/schema\/person\/aa59e9835d5eb750d8585c860224dc06\"},\"headline\":\"Capacitaci\u00f3n sobre Excel a cargo del CPN Francisco Zamora\",\"datePublished\":\"2024-10-10T13:35:42+00:00\",\"dateModified\":\"2024-10-24T13:45:29+00:00\",\"mainEntityOfPage\":{\"@id\":\"https:\/\/cpvsantiago.gob.ar\/web\/capacitacion-sobre-excel-a-cargo-del-cpn-francisco-zamora\/\"},\"wordCount\":136,\"commentCount\":0,\"image\":{\"@id\":\"https:\/\/cpvsantiago.gob.ar\/web\/capacitacion-sobre-excel-a-cargo-del-cpn-francisco-zamora\/#primaryimage\"},\"thumbnailUrl\":\"https:\/\/cpvsantiago.gob.ar\/web\/wp-content\/uploads\/2024\/10\/PORTADA-2.jpg\",\"articleSection\":[\"Eventos\",\"Noticias\"],\"inLanguage\":\"es\",\"potentialAction\":[{\"@type\":\"CommentAction\",\"name\":\"Comment\",\"target\":[\"https:\/\/cpvsantiago.gob.ar\/web\/capacitacion-sobre-excel-a-cargo-del-cpn-francisco-zamora\/#respond\"]}]},{\"@type\":\"WebPage\",\"@id\":\"https:\/\/cpvsantiago.gob.ar\/web\/capacitacion-sobre-excel-a-cargo-del-cpn-francisco-zamora\/\",\"url\":\"https:\/\/cpvsantiago.gob.ar\/web\/capacitacion-sobre-excel-a-cargo-del-cpn-francisco-zamora\/\",\"name\":\"Capacitaci\u00f3n sobre Excel a cargo del CPN Francisco Zamora - Consejo Provincial de Vialidad de la Provincia de Santiago del Estero\",\"isPartOf\":{\"@id\":\"https:\/\/cpvsantiago.gob.ar\/web\/#website\"},\"primaryImageOfPage\":{\"@id\":\"https:\/\/cpvsantiago.gob.ar\/web\/capacitacion-sobre-excel-a-cargo-del-cpn-francisco-zamora\/#primaryimage\"},\"image\":{\"@id\":\"https:\/\/cpvsantiago.gob.ar\/web\/capacitacion-sobre-excel-a-cargo-del-cpn-francisco-zamora\/#primaryimage\"},\"thumbnailUrl\":\"https:\/\/cpvsantiago.gob.ar\/web\/wp-content\/uploads\/2024\/10\/PORTADA-2.jpg\",\"datePublished\":\"2024-10-10T13:35:42+00:00\",\"dateModified\":\"2024-10-24T13:45:29+00:00\",\"author\":{\"@id\":\"https:\/\/cpvsantiago.gob.ar\/web\/#\/schema\/person\/aa59e9835d5eb750d8585c860224dc06\"},\"breadcrumb\":{\"@id\":\"https:\/\/cpvsantiago.gob.ar\/web\/capacitacion-sobre-excel-a-cargo-del-cpn-francisco-zamora\/#breadcrumb\"},\"inLanguage\":\"es\",\"potentialAction\":[{\"@type\":\"ReadAction\",\"target\":[\"https:\/\/cpvsantiago.gob.ar\/web\/capacitacion-sobre-excel-a-cargo-del-cpn-francisco-zamora\/\"]}]},{\"@type\":\"ImageObject\",\"inLanguage\":\"es\",\"@id\":\"https:\/\/cpvsantiago.gob.ar\/web\/capacitacion-sobre-excel-a-cargo-del-cpn-francisco-zamora\/#primaryimage\",\"url\":\"https:\/\/cpvsantiago.gob.ar\/web\/wp-content\/uploads\/2024\/10\/PORTADA-2.jpg\",\"contentUrl\":\"https:\/\/cpvsantiago.gob.ar\/web\/wp-content\/uploads\/2024\/10\/PORTADA-2.jpg\",\"width\":2233,\"height\":1275},{\"@type\":\"BreadcrumbList\",\"@id\":\"https:\/\/cpvsantiago.gob.ar\/web\/capacitacion-sobre-excel-a-cargo-del-cpn-francisco-zamora\/#breadcrumb\",\"itemListElement\":[{\"@type\":\"ListItem\",\"position\":1,\"name\":\"Portada\",\"item\":\"https:\/\/cpvsantiago.gob.ar\/web\/\"},{\"@type\":\"ListItem\",\"position\":2,\"name\":\"Capacitaci\u00f3n sobre Excel a cargo del CPN Francisco Zamora\"}]},{\"@type\":\"WebSite\",\"@id\":\"https:\/\/cpvsantiago.gob.ar\/web\/#website\",\"url\":\"https:\/\/cpvsantiago.gob.ar\/web\/\",\"name\":\"Consejo Provincial de Vialidad de la Provincia de Santiago del Estero\",\"description\":\"CPV Santiago del Estero\",\"potentialAction\":[{\"@type\":\"SearchAction\",\"target\":{\"@type\":\"EntryPoint\",\"urlTemplate\":\"https:\/\/cpvsantiago.gob.ar\/web\/?s={search_term_string}\"},\"query-input\":{\"@type\":\"PropertyValueSpecification\",\"valueRequired\":true,\"valueName\":\"search_term_string\"}}],\"inLanguage\":\"es\"},{\"@type\":\"Person\",\"@id\":\"https:\/\/cpvsantiago.gob.ar\/web\/#\/schema\/person\/aa59e9835d5eb750d8585c860224dc06\",\"name\":\"cpv\",\"image\":{\"@type\":\"ImageObject\",\"inLanguage\":\"es\",\"@id\":\"https:\/\/secure.gravatar.com\/avatar\/484802c719c69b738102ad3161a3d525b188c752ad36109725aeae22171ead58?s=96&d=mm&r=g\",\"url\":\"https:\/\/secure.gravatar.com\/avatar\/484802c719c69b738102ad3161a3d525b188c752ad36109725aeae22171ead58?s=96&d=mm&r=g\",\"contentUrl\":\"https:\/\/secure.gravatar.com\/avatar\/484802c719c69b738102ad3161a3d525b188c752ad36109725aeae22171ead58?s=96&d=mm&r=g\",\"caption\":\"cpv\"},\"url\":\"https:\/\/cpvsantiago.gob.ar\/web\/author\/h8000593\/\"}]}<\/script>\n<!-- \/ Yoast SEO Premium plugin. -->","yoast_head_json":{"title":"Capacitaci\u00f3n sobre Excel a cargo del CPN Francisco Zamora - Consejo Provincial de Vialidad de la Provincia de Santiago del Estero","robots":{"index":"index","follow":"follow","max-snippet":"max-snippet:-1","max-image-preview":"max-image-preview:large","max-video-preview":"max-video-preview:-1"},"canonical":"https:\/\/cpvsantiago.gob.ar\/web\/capacitacion-sobre-excel-a-cargo-del-cpn-francisco-zamora\/","og_locale":"es_ES","og_type":"article","og_title":"Capacitaci\u00f3n sobre Excel a cargo del CPN Francisco Zamora","og_description":"&nbsp;&nbsp; El d\u00eda jueves 10 de setiembre de 2024,&nbsp; a las 08:45 horas, en el Sal\u00f3n de Actos del Consejo Provincial de Vialidad se dict\u00f3 una&nbsp; capacitaci\u00f3n para empleados del Organismo&nbsp; que tuvo&nbsp; como t\u00edtulo \u201cExcel desde Cero\u201d.&nbsp;&nbsp; La misma tuvo como disertante&nbsp; al CPN Francisco Zamora,&nbsp; quien expuso sobre las especificidades del software en [&hellip;]","og_url":"https:\/\/cpvsantiago.gob.ar\/web\/capacitacion-sobre-excel-a-cargo-del-cpn-francisco-zamora\/","og_site_name":"Consejo Provincial de Vialidad de la Provincia de Santiago del Estero","article_published_time":"2024-10-10T13:35:42+00:00","article_modified_time":"2024-10-24T13:45:29+00:00","og_image":[{"width":2233,"height":1275,"url":"https:\/\/cpvsantiago.gob.ar\/web\/wp-content\/uploads\/2024\/10\/PORTADA-2.jpg","type":"image\/jpeg"}],"author":"cpv","twitter_card":"summary_large_image","twitter_misc":{"Escrito por":"cpv","Tiempo de lectura":"2 minutos"},"schema":{"@context":"https:\/\/schema.org","@graph":[{"@type":"Article","@id":"https:\/\/cpvsantiago.gob.ar\/web\/capacitacion-sobre-excel-a-cargo-del-cpn-francisco-zamora\/#article","isPartOf":{"@id":"https:\/\/cpvsantiago.gob.ar\/web\/capacitacion-sobre-excel-a-cargo-del-cpn-francisco-zamora\/"},"author":{"name":"cpv","@id":"https:\/\/cpvsantiago.gob.ar\/web\/#\/schema\/person\/aa59e9835d5eb750d8585c860224dc06"},"headline":"Capacitaci\u00f3n sobre Excel a cargo del CPN Francisco Zamora","datePublished":"2024-10-10T13:35:42+00:00","dateModified":"2024-10-24T13:45:29+00:00","mainEntityOfPage":{"@id":"https:\/\/cpvsantiago.gob.ar\/web\/capacitacion-sobre-excel-a-cargo-del-cpn-francisco-zamora\/"},"wordCount":136,"commentCount":0,"image":{"@id":"https:\/\/cpvsantiago.gob.ar\/web\/capacitacion-sobre-excel-a-cargo-del-cpn-francisco-zamora\/#primaryimage"},"thumbnailUrl":"https:\/\/cpvsantiago.gob.ar\/web\/wp-content\/uploads\/2024\/10\/PORTADA-2.jpg","articleSection":["Eventos","Noticias"],"inLanguage":"es","potentialAction":[{"@type":"CommentAction","name":"Comment","target":["https:\/\/cpvsantiago.gob.ar\/web\/capacitacion-sobre-excel-a-cargo-del-cpn-francisco-zamora\/#respond"]}]},{"@type":"WebPage","@id":"https:\/\/cpvsantiago.gob.ar\/web\/capacitacion-sobre-excel-a-cargo-del-cpn-francisco-zamora\/","url":"https:\/\/cpvsantiago.gob.ar\/web\/capacitacion-sobre-excel-a-cargo-del-cpn-francisco-zamora\/","name":"Capacitaci\u00f3n sobre Excel a cargo del CPN Francisco Zamora - Consejo Provincial de Vialidad de la Provincia de Santiago del Estero","isPartOf":{"@id":"https:\/\/cpvsantiago.gob.ar\/web\/#website"},"primaryImageOfPage":{"@id":"https:\/\/cpvsantiago.gob.ar\/web\/capacitacion-sobre-excel-a-cargo-del-cpn-francisco-zamora\/#primaryimage"},"image":{"@id":"https:\/\/cpvsantiago.gob.ar\/web\/capacitacion-sobre-excel-a-cargo-del-cpn-francisco-zamora\/#primaryimage"},"thumbnailUrl":"https:\/\/cpvsantiago.gob.ar\/web\/wp-content\/uploads\/2024\/10\/PORTADA-2.jpg","datePublished":"2024-10-10T13:35:42+00:00","dateModified":"2024-10-24T13:45:29+00:00","author":{"@id":"https:\/\/cpvsantiago.gob.ar\/web\/#\/schema\/person\/aa59e9835d5eb750d8585c860224dc06"},"breadcrumb":{"@id":"https:\/\/cpvsantiago.gob.ar\/web\/capacitacion-sobre-excel-a-cargo-del-cpn-francisco-zamora\/#breadcrumb"},"inLanguage":"es","potentialAction":[{"@type":"ReadAction","target":["https:\/\/cpvsantiago.gob.ar\/web\/capacitacion-sobre-excel-a-cargo-del-cpn-francisco-zamora\/"]}]},{"@type":"ImageObject","inLanguage":"es","@id":"https:\/\/cpvsantiago.gob.ar\/web\/capacitacion-sobre-excel-a-cargo-del-cpn-francisco-zamora\/#primaryimage","url":"https:\/\/cpvsantiago.gob.ar\/web\/wp-content\/uploads\/2024\/10\/PORTADA-2.jpg","contentUrl":"https:\/\/cpvsantiago.gob.ar\/web\/wp-content\/uploads\/2024\/10\/PORTADA-2.jpg","width":2233,"height":1275},{"@type":"BreadcrumbList","@id":"https:\/\/cpvsantiago.gob.ar\/web\/capacitacion-sobre-excel-a-cargo-del-cpn-francisco-zamora\/#breadcrumb","itemListElement":[{"@type":"ListItem","position":1,"name":"Portada","item":"https:\/\/cpvsantiago.gob.ar\/web\/"},{"@type":"ListItem","position":2,"name":"Capacitaci\u00f3n sobre Excel a cargo del CPN Francisco Zamora"}]},{"@type":"WebSite","@id":"https:\/\/cpvsantiago.gob.ar\/web\/#website","url":"https:\/\/cpvsantiago.gob.ar\/web\/","name":"Consejo Provincial de Vialidad de la Provincia de Santiago del Estero","description":"CPV Santiago del Estero","potentialAction":[{"@type":"SearchAction","target":{"@type":"EntryPoint","urlTemplate":"https:\/\/cpvsantiago.gob.ar\/web\/?s={search_term_string}"},"query-input":{"@type":"PropertyValueSpecification","valueRequired":true,"valueName":"search_term_string"}}],"inLanguage":"es"},{"@type":"Person","@id":"https:\/\/cpvsantiago.gob.ar\/web\/#\/schema\/person\/aa59e9835d5eb750d8585c860224dc06","name":"cpv","image":{"@type":"ImageObject","inLanguage":"es","@id":"https:\/\/secure.gravatar.com\/avatar\/484802c719c69b738102ad3161a3d525b188c752ad36109725aeae22171ead58?s=96&d=mm&r=g","url":"https:\/\/secure.gravatar.com\/avatar\/484802c719c69b738102ad3161a3d525b188c752ad36109725aeae22171ead58?s=96&d=mm&r=g","contentUrl":"https:\/\/secure.gravatar.com\/avatar\/484802c719c69b738102ad3161a3d525b188c752ad36109725aeae22171ead58?s=96&d=mm&r=g","caption":"cpv"},"url":"https:\/\/cpvsantiago.gob.ar\/web\/author\/h8000593\/"}]}},"_links":{"self":[{"href":"https:\/\/cpvsantiago.gob.ar\/web\/wp-json\/wp\/v2\/posts\/5140","targetHints":{"allow":["GET"]}}],"collection":[{"href":"https:\/\/cpvsantiago.gob.ar\/web\/wp-json\/wp\/v2\/posts"}],"about":[{"href":"https:\/\/cpvsantiago.gob.ar\/web\/wp-json\/wp\/v2\/types\/post"}],"author":[{"embeddable":true,"href":"https:\/\/cpvsantiago.gob.ar\/web\/wp-json\/wp\/v2\/users\/2"}],"replies":[{"embeddable":true,"href":"https:\/\/cpvsantiago.gob.ar\/web\/wp-json\/wp\/v2\/comments?post=5140"}],"version-history":[{"count":1,"href":"https:\/\/cpvsantiago.gob.ar\/web\/wp-json\/wp\/v2\/posts\/5140\/revisions"}],"predecessor-version":[{"id":5147,"href":"https:\/\/cpvsantiago.gob.ar\/web\/wp-json\/wp\/v2\/posts\/5140\/revisions\/5147"}],"wp:featuredmedia":[{"embeddable":true,"href":"https:\/\/cpvsantiago.gob.ar\/web\/wp-json\/wp\/v2\/media\/5145"}],"wp:attachment":[{"href":"https:\/\/cpvsantiago.gob.ar\/web\/wp-json\/wp\/v2\/media?parent=5140"}],"wp:term":[{"taxonomy":"category","embeddable":true,"href":"https:\/\/cpvsantiago.gob.ar\/web\/wp-json\/wp\/v2\/categories?post=5140"},{"taxonomy":"post_tag","embeddable":true,"href":"https:\/\/cpvsantiago.gob.ar\/web\/wp-json\/wp\/v2\/tags?post=5140"}],"curies":[{"name":"wp","href":"https:\/\/api.w.org\/{rel}","templated":true}]}}