{"id":5182,"date":"2024-11-29T11:51:05","date_gmt":"2024-11-29T14:51:05","guid":{"rendered":"https:\/\/cpvsantiago.gob.ar\/web\/?p=5182"},"modified":"2024-12-20T09:25:11","modified_gmt":"2024-12-20T12:25:11","slug":"inauguracion-del-puente-de-tasigasta-y-las-rutas-de-acceso-para-los-departamentos-atamisqui-y-avellaneda","status":"publish","type":"post","link":"https:\/\/cpvsantiago.gob.ar\/web\/inauguracion-del-puente-de-tasigasta-y-las-rutas-de-acceso-para-los-departamentos-atamisqui-y-avellaneda\/","title":{"rendered":"Inauguraci\u00f3n del Puente de Tasigasta y las rutas de acceso para los departamentos Atamisqui y Avellaneda"},"content":{"rendered":"\n<p>El gobernador Gerardo Zamora inaugur\u00f3 hoy en la localidad de Tasigasta, departamento Atamisqui, un nuevo puente sobre el r\u00edo Dulce con luminaria solar y la pavimentaci\u00f3n de 15 km. de los accesos que unen la ciudad de Villa Atamisqui con la localidad de Caloj, en el departamento Avellaneda.<\/p>\n\n\n\n<p>Estas obras representan un avance para toda la regi\u00f3n, que cuenta a partir de ahora con una v\u00eda de comunicaci\u00f3n terrestre que enlaza las rutas nacionales 9 y 34 a trav\u00e9s de las rutas provinciales 159 y 160.<\/p>\n\n\n\n<p>Se trata de un proyecto completamente financiado por la provincia, a trav\u00e9s del Consejo de Vialidad, que tendr\u00e1 un enorme impacto en la zona, ya que vincula a poblaciones como Villa Atamisqui, Brea Pozo, Punta Pozo, Punto Corral y Mail\u00edn, y conecta corredores viales estrat\u00e9gicos que contribuir\u00e1n con el desarrollo productivo hacia ambos m\u00e1rgenes del r\u00edo.<\/p>\n\n\n\n<figure class=\"wp-block-embed is-type-video is-provider-youtube wp-block-embed-youtube wp-embed-aspect-16-9 wp-has-aspect-ratio\"><div class=\"wp-block-embed__wrapper\">\n<iframe loading=\"lazy\" title=\"CPV PUENTE TASIGASTA\" width=\"696\" height=\"392\" src=\"https:\/\/www.youtube.com\/embed\/rZ27WkNhWGQ?feature=oembed\" frameborder=\"0\" allow=\"accelerometer; autoplay; clipboard-write; encrypted-media; gyroscope; picture-in-picture; web-share\" referrerpolicy=\"strict-origin-when-cross-origin\" allowfullscreen><\/iframe>\n<\/div><\/figure>\n\n\n\n<p>Tambi\u00e9n fueron pavimentadas 10 cuadras en el casco urbano de Villa Atamisqui, se realiz\u00f3 el mejoramiento del camino entre Villa Atamisqui y el paraje Puerta Grande, en un total de 9 km y mejoras en el camino que vincula la ruta 9 con El Hoy\u00f3n.<\/p>\n\n\n\n<p>Estuvieron presentes el vicegobernador Carlos Silva Neder; los ministros de Obras P\u00fablicas, Aldo Hid; de Desarrollo Social, \u00c1ngel Niccolai y de Producci\u00f3n, Miguel Mandrille. Adem\u00e1s del secretario de Obras P\u00fablicas, Jorge Zua\u00edn; el presidente del Consejo Provincial de Vialidad, Ing. Jos\u00e9 Alfano; el intendente de Villa Atamisqui, Roberto Brand\u00e1n, entre otras autoridades de las comunas de la zona y pobladores de ambos departamentos.<\/p>\n\n\n\n<figure class=\"wp-block-gallery has-nested-images columns-default is-cropped wp-block-gallery-1 is-layout-flex wp-block-gallery-is-layout-flex\">\n<figure class=\"wp-block-image size-large\"><a href=\"https:\/\/cpvsantiago.gob.ar\/web\/wp-content\/uploads\/2024\/12\/001-1.jpg\"><img loading=\"lazy\" decoding=\"async\" width=\"1024\" height=\"682\" data-id=\"5183\" src=\"https:\/\/cpvsantiago.gob.ar\/web\/wp-content\/uploads\/2024\/12\/001-1-1024x682.jpg\" alt=\"\" class=\"wp-image-5183\" srcset=\"https:\/\/cpvsantiago.gob.ar\/web\/wp-content\/uploads\/2024\/12\/001-1-1024x682.jpg 1024w, https:\/\/cpvsantiago.gob.ar\/web\/wp-content\/uploads\/2024\/12\/001-1-300x200.jpg 300w, https:\/\/cpvsantiago.gob.ar\/web\/wp-content\/uploads\/2024\/12\/001-1-768x512.jpg 768w, https:\/\/cpvsantiago.gob.ar\/web\/wp-content\/uploads\/2024\/12\/001-1-1536x1023.jpg 1536w, https:\/\/cpvsantiago.gob.ar\/web\/wp-content\/uploads\/2024\/12\/001-1-150x100.jpg 150w, https:\/\/cpvsantiago.gob.ar\/web\/wp-content\/uploads\/2024\/12\/001-1-696x464.jpg 696w, https:\/\/cpvsantiago.gob.ar\/web\/wp-content\/uploads\/2024\/12\/001-1-1068x711.jpg 1068w, https:\/\/cpvsantiago.gob.ar\/web\/wp-content\/uploads\/2024\/12\/001-1-1920x1279.jpg 1920w, https:\/\/cpvsantiago.gob.ar\/web\/wp-content\/uploads\/2024\/12\/001-1.jpg 2048w\" sizes=\"auto, (max-width: 1024px) 100vw, 1024px\" \/><\/a><\/figure>\n\n\n\n<figure class=\"wp-block-image size-large\"><a href=\"https:\/\/cpvsantiago.gob.ar\/web\/wp-content\/uploads\/2024\/12\/001-6.jpg\"><img loading=\"lazy\" decoding=\"async\" width=\"1024\" height=\"682\" data-id=\"5193\" src=\"https:\/\/cpvsantiago.gob.ar\/web\/wp-content\/uploads\/2024\/12\/001-6-1024x682.jpg\" alt=\"\" class=\"wp-image-5193\" srcset=\"https:\/\/cpvsantiago.gob.ar\/web\/wp-content\/uploads\/2024\/12\/001-6-1024x682.jpg 1024w, https:\/\/cpvsantiago.gob.ar\/web\/wp-content\/uploads\/2024\/12\/001-6-300x200.jpg 300w, https:\/\/cpvsantiago.gob.ar\/web\/wp-content\/uploads\/2024\/12\/001-6-768x511.jpg 768w, https:\/\/cpvsantiago.gob.ar\/web\/wp-content\/uploads\/2024\/12\/001-6-150x100.jpg 150w, https:\/\/cpvsantiago.gob.ar\/web\/wp-content\/uploads\/2024\/12\/001-6-696x463.jpg 696w, https:\/\/cpvsantiago.gob.ar\/web\/wp-content\/uploads\/2024\/12\/001-6-1068x711.jpg 1068w, https:\/\/cpvsantiago.gob.ar\/web\/wp-content\/uploads\/2024\/12\/001-6.jpg 1200w\" sizes=\"auto, (max-width: 1024px) 100vw, 1024px\" \/><\/a><\/figure>\n\n\n\n<figure class=\"wp-block-image size-large\"><a href=\"https:\/\/cpvsantiago.gob.ar\/web\/wp-content\/uploads\/2024\/12\/001-8.jpg\"><img loading=\"lazy\" decoding=\"async\" width=\"1024\" height=\"682\" data-id=\"5185\" src=\"https:\/\/cpvsantiago.gob.ar\/web\/wp-content\/uploads\/2024\/12\/001-8-1024x682.jpg\" alt=\"\" class=\"wp-image-5185\" srcset=\"https:\/\/cpvsantiago.gob.ar\/web\/wp-content\/uploads\/2024\/12\/001-8-1024x682.jpg 1024w, https:\/\/cpvsantiago.gob.ar\/web\/wp-content\/uploads\/2024\/12\/001-8-300x200.jpg 300w, https:\/\/cpvsantiago.gob.ar\/web\/wp-content\/uploads\/2024\/12\/001-8-768x511.jpg 768w, https:\/\/cpvsantiago.gob.ar\/web\/wp-content\/uploads\/2024\/12\/001-8-150x100.jpg 150w, https:\/\/cpvsantiago.gob.ar\/web\/wp-content\/uploads\/2024\/12\/001-8-696x463.jpg 696w, https:\/\/cpvsantiago.gob.ar\/web\/wp-content\/uploads\/2024\/12\/001-8-1068x711.jpg 1068w, https:\/\/cpvsantiago.gob.ar\/web\/wp-content\/uploads\/2024\/12\/001-8.jpg 1200w\" sizes=\"auto, (max-width: 1024px) 100vw, 1024px\" \/><\/a><\/figure>\n\n\n\n<figure class=\"wp-block-image size-large\"><a href=\"https:\/\/cpvsantiago.gob.ar\/web\/wp-content\/uploads\/2024\/12\/001-12.jpg\"><img loading=\"lazy\" decoding=\"async\" width=\"1024\" height=\"612\" data-id=\"5192\" src=\"https:\/\/cpvsantiago.gob.ar\/web\/wp-content\/uploads\/2024\/12\/001-12-1024x612.jpg\" alt=\"\" class=\"wp-image-5192\" srcset=\"https:\/\/cpvsantiago.gob.ar\/web\/wp-content\/uploads\/2024\/12\/001-12-1024x612.jpg 1024w, https:\/\/cpvsantiago.gob.ar\/web\/wp-content\/uploads\/2024\/12\/001-12-300x179.jpg 300w, https:\/\/cpvsantiago.gob.ar\/web\/wp-content\/uploads\/2024\/12\/001-12-768x459.jpg 768w, https:\/\/cpvsantiago.gob.ar\/web\/wp-content\/uploads\/2024\/12\/001-12-150x90.jpg 150w, https:\/\/cpvsantiago.gob.ar\/web\/wp-content\/uploads\/2024\/12\/001-12-696x416.jpg 696w, https:\/\/cpvsantiago.gob.ar\/web\/wp-content\/uploads\/2024\/12\/001-12-1068x638.jpg 1068w, https:\/\/cpvsantiago.gob.ar\/web\/wp-content\/uploads\/2024\/12\/001-12.jpg 1200w\" sizes=\"auto, (max-width: 1024px) 100vw, 1024px\" \/><\/a><\/figure>\n\n\n\n<figure class=\"wp-block-image size-large\"><a href=\"https:\/\/cpvsantiago.gob.ar\/web\/wp-content\/uploads\/2024\/12\/001-14.jpg\"><img loading=\"lazy\" decoding=\"async\" width=\"1024\" height=\"682\" data-id=\"5184\" src=\"https:\/\/cpvsantiago.gob.ar\/web\/wp-content\/uploads\/2024\/12\/001-14-1024x682.jpg\" alt=\"\" class=\"wp-image-5184\" srcset=\"https:\/\/cpvsantiago.gob.ar\/web\/wp-content\/uploads\/2024\/12\/001-14-1024x682.jpg 1024w, https:\/\/cpvsantiago.gob.ar\/web\/wp-content\/uploads\/2024\/12\/001-14-300x200.jpg 300w, https:\/\/cpvsantiago.gob.ar\/web\/wp-content\/uploads\/2024\/12\/001-14-768x511.jpg 768w, https:\/\/cpvsantiago.gob.ar\/web\/wp-content\/uploads\/2024\/12\/001-14-150x100.jpg 150w, https:\/\/cpvsantiago.gob.ar\/web\/wp-content\/uploads\/2024\/12\/001-14-696x463.jpg 696w, https:\/\/cpvsantiago.gob.ar\/web\/wp-content\/uploads\/2024\/12\/001-14-1068x711.jpg 1068w, https:\/\/cpvsantiago.gob.ar\/web\/wp-content\/uploads\/2024\/12\/001-14.jpg 1200w\" sizes=\"auto, (max-width: 1024px) 100vw, 1024px\" \/><\/a><\/figure>\n\n\n\n<figure class=\"wp-block-image size-large\"><a href=\"https:\/\/cpvsantiago.gob.ar\/web\/wp-content\/uploads\/2024\/12\/001-16.jpg\"><img loading=\"lazy\" decoding=\"async\" width=\"1024\" height=\"576\" data-id=\"5194\" src=\"https:\/\/cpvsantiago.gob.ar\/web\/wp-content\/uploads\/2024\/12\/001-16-1024x576.jpg\" alt=\"\" class=\"wp-image-5194\" srcset=\"https:\/\/cpvsantiago.gob.ar\/web\/wp-content\/uploads\/2024\/12\/001-16-1024x576.jpg 1024w, https:\/\/cpvsantiago.gob.ar\/web\/wp-content\/uploads\/2024\/12\/001-16-300x169.jpg 300w, https:\/\/cpvsantiago.gob.ar\/web\/wp-content\/uploads\/2024\/12\/001-16-768x432.jpg 768w, https:\/\/cpvsantiago.gob.ar\/web\/wp-content\/uploads\/2024\/12\/001-16-150x84.jpg 150w, https:\/\/cpvsantiago.gob.ar\/web\/wp-content\/uploads\/2024\/12\/001-16-696x392.jpg 696w, https:\/\/cpvsantiago.gob.ar\/web\/wp-content\/uploads\/2024\/12\/001-16-1068x601.jpg 1068w, https:\/\/cpvsantiago.gob.ar\/web\/wp-content\/uploads\/2024\/12\/001-16.jpg 1200w\" sizes=\"auto, (max-width: 1024px) 100vw, 1024px\" \/><\/a><\/figure>\n\n\n\n<figure class=\"wp-block-image size-large\"><a href=\"https:\/\/cpvsantiago.gob.ar\/web\/wp-content\/uploads\/2024\/12\/001-20.jpg\"><img loading=\"lazy\" decoding=\"async\" width=\"1024\" height=\"682\" data-id=\"5188\" src=\"https:\/\/cpvsantiago.gob.ar\/web\/wp-content\/uploads\/2024\/12\/001-20-1024x682.jpg\" alt=\"\" class=\"wp-image-5188\" srcset=\"https:\/\/cpvsantiago.gob.ar\/web\/wp-content\/uploads\/2024\/12\/001-20-1024x682.jpg 1024w, https:\/\/cpvsantiago.gob.ar\/web\/wp-content\/uploads\/2024\/12\/001-20-300x200.jpg 300w, https:\/\/cpvsantiago.gob.ar\/web\/wp-content\/uploads\/2024\/12\/001-20-768x511.jpg 768w, https:\/\/cpvsantiago.gob.ar\/web\/wp-content\/uploads\/2024\/12\/001-20-150x100.jpg 150w, https:\/\/cpvsantiago.gob.ar\/web\/wp-content\/uploads\/2024\/12\/001-20-696x463.jpg 696w, https:\/\/cpvsantiago.gob.ar\/web\/wp-content\/uploads\/2024\/12\/001-20-1068x711.jpg 1068w, https:\/\/cpvsantiago.gob.ar\/web\/wp-content\/uploads\/2024\/12\/001-20.jpg 1200w\" sizes=\"auto, (max-width: 1024px) 100vw, 1024px\" \/><\/a><\/figure>\n\n\n\n<figure class=\"wp-block-image size-large\"><a href=\"https:\/\/cpvsantiago.gob.ar\/web\/wp-content\/uploads\/2024\/12\/001-22.jpg\"><img loading=\"lazy\" decoding=\"async\" width=\"1024\" height=\"576\" data-id=\"5186\" src=\"https:\/\/cpvsantiago.gob.ar\/web\/wp-content\/uploads\/2024\/12\/001-22-1024x576.jpg\" alt=\"\" class=\"wp-image-5186\" srcset=\"https:\/\/cpvsantiago.gob.ar\/web\/wp-content\/uploads\/2024\/12\/001-22-1024x576.jpg 1024w, https:\/\/cpvsantiago.gob.ar\/web\/wp-content\/uploads\/2024\/12\/001-22-300x169.jpg 300w, https:\/\/cpvsantiago.gob.ar\/web\/wp-content\/uploads\/2024\/12\/001-22-768x432.jpg 768w, https:\/\/cpvsantiago.gob.ar\/web\/wp-content\/uploads\/2024\/12\/001-22-150x84.jpg 150w, https:\/\/cpvsantiago.gob.ar\/web\/wp-content\/uploads\/2024\/12\/001-22-696x392.jpg 696w, https:\/\/cpvsantiago.gob.ar\/web\/wp-content\/uploads\/2024\/12\/001-22-1068x601.jpg 1068w, https:\/\/cpvsantiago.gob.ar\/web\/wp-content\/uploads\/2024\/12\/001-22.jpg 1200w\" sizes=\"auto, (max-width: 1024px) 100vw, 1024px\" \/><\/a><\/figure>\n\n\n\n<figure class=\"wp-block-image size-large\"><a href=\"https:\/\/cpvsantiago.gob.ar\/web\/wp-content\/uploads\/2024\/12\/001-25.jpg\"><img loading=\"lazy\" decoding=\"async\" width=\"1024\" height=\"576\" data-id=\"5190\" src=\"https:\/\/cpvsantiago.gob.ar\/web\/wp-content\/uploads\/2024\/12\/001-25-1024x576.jpg\" alt=\"\" class=\"wp-image-5190\" srcset=\"https:\/\/cpvsantiago.gob.ar\/web\/wp-content\/uploads\/2024\/12\/001-25-1024x576.jpg 1024w, https:\/\/cpvsantiago.gob.ar\/web\/wp-content\/uploads\/2024\/12\/001-25-300x169.jpg 300w, https:\/\/cpvsantiago.gob.ar\/web\/wp-content\/uploads\/2024\/12\/001-25-768x432.jpg 768w, https:\/\/cpvsantiago.gob.ar\/web\/wp-content\/uploads\/2024\/12\/001-25-150x84.jpg 150w, https:\/\/cpvsantiago.gob.ar\/web\/wp-content\/uploads\/2024\/12\/001-25-696x392.jpg 696w, https:\/\/cpvsantiago.gob.ar\/web\/wp-content\/uploads\/2024\/12\/001-25-1068x601.jpg 1068w, https:\/\/cpvsantiago.gob.ar\/web\/wp-content\/uploads\/2024\/12\/001-25.jpg 1200w\" sizes=\"auto, (max-width: 1024px) 100vw, 1024px\" \/><\/a><\/figure>\n\n\n\n<figure class=\"wp-block-image size-large\"><a href=\"https:\/\/cpvsantiago.gob.ar\/web\/wp-content\/uploads\/2024\/12\/001-26.jpg\"><img loading=\"lazy\" decoding=\"async\" width=\"1024\" height=\"683\" data-id=\"5187\" src=\"https:\/\/cpvsantiago.gob.ar\/web\/wp-content\/uploads\/2024\/12\/001-26-1024x683.jpg\" alt=\"\" class=\"wp-image-5187\" srcset=\"https:\/\/cpvsantiago.gob.ar\/web\/wp-content\/uploads\/2024\/12\/001-26-1024x683.jpg 1024w, https:\/\/cpvsantiago.gob.ar\/web\/wp-content\/uploads\/2024\/12\/001-26-300x200.jpg 300w, https:\/\/cpvsantiago.gob.ar\/web\/wp-content\/uploads\/2024\/12\/001-26-768x512.jpg 768w, https:\/\/cpvsantiago.gob.ar\/web\/wp-content\/uploads\/2024\/12\/001-26-150x100.jpg 150w, https:\/\/cpvsantiago.gob.ar\/web\/wp-content\/uploads\/2024\/12\/001-26-696x464.jpg 696w, https:\/\/cpvsantiago.gob.ar\/web\/wp-content\/uploads\/2024\/12\/001-26-1068x712.jpg 1068w, https:\/\/cpvsantiago.gob.ar\/web\/wp-content\/uploads\/2024\/12\/001-26.jpg 1200w\" sizes=\"auto, (max-width: 1024px) 100vw, 1024px\" \/><\/a><\/figure>\n\n\n\n<figure class=\"wp-block-image size-large\"><a href=\"https:\/\/cpvsantiago.gob.ar\/web\/wp-content\/uploads\/2024\/12\/001-28.jpg\"><img loading=\"lazy\" decoding=\"async\" width=\"1024\" height=\"683\" data-id=\"5189\" src=\"https:\/\/cpvsantiago.gob.ar\/web\/wp-content\/uploads\/2024\/12\/001-28-1024x683.jpg\" alt=\"\" class=\"wp-image-5189\" srcset=\"https:\/\/cpvsantiago.gob.ar\/web\/wp-content\/uploads\/2024\/12\/001-28-1024x683.jpg 1024w, https:\/\/cpvsantiago.gob.ar\/web\/wp-content\/uploads\/2024\/12\/001-28-300x200.jpg 300w, https:\/\/cpvsantiago.gob.ar\/web\/wp-content\/uploads\/2024\/12\/001-28-768x512.jpg 768w, https:\/\/cpvsantiago.gob.ar\/web\/wp-content\/uploads\/2024\/12\/001-28-150x100.jpg 150w, https:\/\/cpvsantiago.gob.ar\/web\/wp-content\/uploads\/2024\/12\/001-28-696x464.jpg 696w, https:\/\/cpvsantiago.gob.ar\/web\/wp-content\/uploads\/2024\/12\/001-28-1068x712.jpg 1068w, https:\/\/cpvsantiago.gob.ar\/web\/wp-content\/uploads\/2024\/12\/001-28.jpg 1200w\" sizes=\"auto, (max-width: 1024px) 100vw, 1024px\" \/><\/a><\/figure>\n\n\n\n<figure class=\"wp-block-image size-large\"><a href=\"https:\/\/cpvsantiago.gob.ar\/web\/wp-content\/uploads\/2024\/12\/001-33.jpg\"><img loading=\"lazy\" decoding=\"async\" width=\"1024\" height=\"651\" data-id=\"5195\" src=\"https:\/\/cpvsantiago.gob.ar\/web\/wp-content\/uploads\/2024\/12\/001-33-1024x651.jpg\" alt=\"\" class=\"wp-image-5195\" srcset=\"https:\/\/cpvsantiago.gob.ar\/web\/wp-content\/uploads\/2024\/12\/001-33-1024x651.jpg 1024w, https:\/\/cpvsantiago.gob.ar\/web\/wp-content\/uploads\/2024\/12\/001-33-300x191.jpg 300w, https:\/\/cpvsantiago.gob.ar\/web\/wp-content\/uploads\/2024\/12\/001-33-768x488.jpg 768w, https:\/\/cpvsantiago.gob.ar\/web\/wp-content\/uploads\/2024\/12\/001-33-150x95.jpg 150w, https:\/\/cpvsantiago.gob.ar\/web\/wp-content\/uploads\/2024\/12\/001-33-696x443.jpg 696w, https:\/\/cpvsantiago.gob.ar\/web\/wp-content\/uploads\/2024\/12\/001-33-1068x679.jpg 1068w, https:\/\/cpvsantiago.gob.ar\/web\/wp-content\/uploads\/2024\/12\/001-33.jpg 1200w\" sizes=\"auto, (max-width: 1024px) 100vw, 1024px\" \/><\/a><\/figure>\n\n\n\n<figure class=\"wp-block-image size-large\"><a href=\"https:\/\/cpvsantiago.gob.ar\/web\/wp-content\/uploads\/2024\/12\/001-35.jpg\"><img loading=\"lazy\" decoding=\"async\" width=\"1024\" height=\"576\" data-id=\"5191\" src=\"https:\/\/cpvsantiago.gob.ar\/web\/wp-content\/uploads\/2024\/12\/001-35-1024x576.jpg\" alt=\"\" class=\"wp-image-5191\" srcset=\"https:\/\/cpvsantiago.gob.ar\/web\/wp-content\/uploads\/2024\/12\/001-35-1024x576.jpg 1024w, https:\/\/cpvsantiago.gob.ar\/web\/wp-content\/uploads\/2024\/12\/001-35-300x169.jpg 300w, https:\/\/cpvsantiago.gob.ar\/web\/wp-content\/uploads\/2024\/12\/001-35-768x432.jpg 768w, https:\/\/cpvsantiago.gob.ar\/web\/wp-content\/uploads\/2024\/12\/001-35-150x84.jpg 150w, https:\/\/cpvsantiago.gob.ar\/web\/wp-content\/uploads\/2024\/12\/001-35-696x392.jpg 696w, https:\/\/cpvsantiago.gob.ar\/web\/wp-content\/uploads\/2024\/12\/001-35-1068x601.jpg 1068w, https:\/\/cpvsantiago.gob.ar\/web\/wp-content\/uploads\/2024\/12\/001-35.jpg 1200w\" sizes=\"auto, (max-width: 1024px) 100vw, 1024px\" \/><\/a><\/figure>\n<\/figure>\n","protected":false},"excerpt":{"rendered":"<p>El gobernador Gerardo Zamora inaugur\u00f3 hoy en la localidad de Tasigasta, departamento Atamisqui, un nuevo puente sobre el r\u00edo Dulce con luminaria solar y la pavimentaci\u00f3n de 15 km. de los accesos que unen la ciudad de Villa Atamisqui con la localidad de Caloj, en el departamento Avellaneda. Estas obras representan un avance para toda [&hellip;]<\/p>\n","protected":false},"author":2,"featured_media":5196,"comment_status":"open","ping_status":"open","sticky":false,"template":"","format":"standard","meta":{"footnotes":""},"categories":[5,6],"tags":[],"class_list":{"0":"post-5182","1":"post","2":"type-post","3":"status-publish","4":"format-standard","5":"has-post-thumbnail","7":"category-noticias","8":"category-obras"},"yoast_head":"<!-- This site is optimized with the Yoast SEO Premium plugin v24.8 (Yoast SEO v27.2) - https:\/\/yoast.com\/product\/yoast-seo-premium-wordpress\/ -->\n<title>Inauguraci\u00f3n del Puente de Tasigasta y las rutas de acceso para los departamentos Atamisqui y Avellaneda - Consejo Provincial de Vialidad de la Provincia de Santiago del Estero<\/title>\n<meta name=\"robots\" content=\"index, follow, max-snippet:-1, max-image-preview:large, max-video-preview:-1\" \/>\n<link rel=\"canonical\" href=\"https:\/\/cpvsantiago.gob.ar\/web\/inauguracion-del-puente-de-tasigasta-y-las-rutas-de-acceso-para-los-departamentos-atamisqui-y-avellaneda\/\" \/>\n<meta property=\"og:locale\" content=\"es_ES\" \/>\n<meta property=\"og:type\" content=\"article\" \/>\n<meta property=\"og:title\" content=\"Inauguraci\u00f3n del Puente de Tasigasta y las rutas de acceso para los departamentos Atamisqui y Avellaneda\" \/>\n<meta property=\"og:description\" content=\"El gobernador Gerardo Zamora inaugur\u00f3 hoy en la localidad de Tasigasta, departamento Atamisqui, un nuevo puente sobre el r\u00edo Dulce con luminaria solar y la pavimentaci\u00f3n de 15 km. de los accesos que unen la ciudad de Villa Atamisqui con la localidad de Caloj, en el departamento Avellaneda. Estas obras representan un avance para toda [&hellip;]\" \/>\n<meta property=\"og:url\" content=\"https:\/\/cpvsantiago.gob.ar\/web\/inauguracion-del-puente-de-tasigasta-y-las-rutas-de-acceso-para-los-departamentos-atamisqui-y-avellaneda\/\" \/>\n<meta property=\"og:site_name\" content=\"Consejo Provincial de Vialidad de la Provincia de Santiago del Estero\" \/>\n<meta property=\"article:published_time\" content=\"2024-11-29T14:51:05+00:00\" \/>\n<meta property=\"article:modified_time\" content=\"2024-12-20T12:25:11+00:00\" \/>\n<meta property=\"og:image\" content=\"https:\/\/cpvsantiago.gob.ar\/web\/wp-content\/uploads\/2024\/12\/001-16-1.jpg\" \/>\n\t<meta property=\"og:image:width\" content=\"1200\" \/>\n\t<meta property=\"og:image:height\" content=\"675\" \/>\n\t<meta property=\"og:image:type\" content=\"image\/jpeg\" \/>\n<meta name=\"author\" content=\"cpv\" \/>\n<meta name=\"twitter:card\" content=\"summary_large_image\" \/>\n<meta name=\"twitter:label1\" content=\"Escrito por\" \/>\n\t<meta name=\"twitter:data1\" content=\"cpv\" \/>\n\t<meta name=\"twitter:label2\" content=\"Tiempo de lectura\" \/>\n\t<meta name=\"twitter:data2\" content=\"4 minutos\" \/>\n<script type=\"application\/ld+json\" class=\"yoast-schema-graph\">{\"@context\":\"https:\/\/schema.org\",\"@graph\":[{\"@type\":\"Article\",\"@id\":\"https:\/\/cpvsantiago.gob.ar\/web\/inauguracion-del-puente-de-tasigasta-y-las-rutas-de-acceso-para-los-departamentos-atamisqui-y-avellaneda\/#article\",\"isPartOf\":{\"@id\":\"https:\/\/cpvsantiago.gob.ar\/web\/inauguracion-del-puente-de-tasigasta-y-las-rutas-de-acceso-para-los-departamentos-atamisqui-y-avellaneda\/\"},\"author\":{\"name\":\"cpv\",\"@id\":\"https:\/\/cpvsantiago.gob.ar\/web\/#\/schema\/person\/aa59e9835d5eb750d8585c860224dc06\"},\"headline\":\"Inauguraci\u00f3n del Puente de Tasigasta y las rutas de acceso para los departamentos Atamisqui y Avellaneda\",\"datePublished\":\"2024-11-29T14:51:05+00:00\",\"dateModified\":\"2024-12-20T12:25:11+00:00\",\"mainEntityOfPage\":{\"@id\":\"https:\/\/cpvsantiago.gob.ar\/web\/inauguracion-del-puente-de-tasigasta-y-las-rutas-de-acceso-para-los-departamentos-atamisqui-y-avellaneda\/\"},\"wordCount\":288,\"commentCount\":0,\"image\":{\"@id\":\"https:\/\/cpvsantiago.gob.ar\/web\/inauguracion-del-puente-de-tasigasta-y-las-rutas-de-acceso-para-los-departamentos-atamisqui-y-avellaneda\/#primaryimage\"},\"thumbnailUrl\":\"https:\/\/cpvsantiago.gob.ar\/web\/wp-content\/uploads\/2024\/12\/001-16-1.jpg\",\"articleSection\":[\"Noticias\",\"Obras\"],\"inLanguage\":\"es\",\"potentialAction\":[{\"@type\":\"CommentAction\",\"name\":\"Comment\",\"target\":[\"https:\/\/cpvsantiago.gob.ar\/web\/inauguracion-del-puente-de-tasigasta-y-las-rutas-de-acceso-para-los-departamentos-atamisqui-y-avellaneda\/#respond\"]}]},{\"@type\":\"WebPage\",\"@id\":\"https:\/\/cpvsantiago.gob.ar\/web\/inauguracion-del-puente-de-tasigasta-y-las-rutas-de-acceso-para-los-departamentos-atamisqui-y-avellaneda\/\",\"url\":\"https:\/\/cpvsantiago.gob.ar\/web\/inauguracion-del-puente-de-tasigasta-y-las-rutas-de-acceso-para-los-departamentos-atamisqui-y-avellaneda\/\",\"name\":\"Inauguraci\u00f3n del Puente de Tasigasta y las rutas de acceso para los departamentos Atamisqui y Avellaneda - Consejo Provincial de Vialidad de la Provincia de Santiago del Estero\",\"isPartOf\":{\"@id\":\"https:\/\/cpvsantiago.gob.ar\/web\/#website\"},\"primaryImageOfPage\":{\"@id\":\"https:\/\/cpvsantiago.gob.ar\/web\/inauguracion-del-puente-de-tasigasta-y-las-rutas-de-acceso-para-los-departamentos-atamisqui-y-avellaneda\/#primaryimage\"},\"image\":{\"@id\":\"https:\/\/cpvsantiago.gob.ar\/web\/inauguracion-del-puente-de-tasigasta-y-las-rutas-de-acceso-para-los-departamentos-atamisqui-y-avellaneda\/#primaryimage\"},\"thumbnailUrl\":\"https:\/\/cpvsantiago.gob.ar\/web\/wp-content\/uploads\/2024\/12\/001-16-1.jpg\",\"datePublished\":\"2024-11-29T14:51:05+00:00\",\"dateModified\":\"2024-12-20T12:25:11+00:00\",\"author\":{\"@id\":\"https:\/\/cpvsantiago.gob.ar\/web\/#\/schema\/person\/aa59e9835d5eb750d8585c860224dc06\"},\"breadcrumb\":{\"@id\":\"https:\/\/cpvsantiago.gob.ar\/web\/inauguracion-del-puente-de-tasigasta-y-las-rutas-de-acceso-para-los-departamentos-atamisqui-y-avellaneda\/#breadcrumb\"},\"inLanguage\":\"es\",\"potentialAction\":[{\"@type\":\"ReadAction\",\"target\":[\"https:\/\/cpvsantiago.gob.ar\/web\/inauguracion-del-puente-de-tasigasta-y-las-rutas-de-acceso-para-los-departamentos-atamisqui-y-avellaneda\/\"]}]},{\"@type\":\"ImageObject\",\"inLanguage\":\"es\",\"@id\":\"https:\/\/cpvsantiago.gob.ar\/web\/inauguracion-del-puente-de-tasigasta-y-las-rutas-de-acceso-para-los-departamentos-atamisqui-y-avellaneda\/#primaryimage\",\"url\":\"https:\/\/cpvsantiago.gob.ar\/web\/wp-content\/uploads\/2024\/12\/001-16-1.jpg\",\"contentUrl\":\"https:\/\/cpvsantiago.gob.ar\/web\/wp-content\/uploads\/2024\/12\/001-16-1.jpg\",\"width\":1200,\"height\":675},{\"@type\":\"BreadcrumbList\",\"@id\":\"https:\/\/cpvsantiago.gob.ar\/web\/inauguracion-del-puente-de-tasigasta-y-las-rutas-de-acceso-para-los-departamentos-atamisqui-y-avellaneda\/#breadcrumb\",\"itemListElement\":[{\"@type\":\"ListItem\",\"position\":1,\"name\":\"Portada\",\"item\":\"https:\/\/cpvsantiago.gob.ar\/web\/\"},{\"@type\":\"ListItem\",\"position\":2,\"name\":\"Inauguraci\u00f3n del Puente de Tasigasta y las rutas de acceso para los departamentos Atamisqui y Avellaneda\"}]},{\"@type\":\"WebSite\",\"@id\":\"https:\/\/cpvsantiago.gob.ar\/web\/#website\",\"url\":\"https:\/\/cpvsantiago.gob.ar\/web\/\",\"name\":\"Consejo Provincial de Vialidad de la Provincia de Santiago del Estero\",\"description\":\"CPV Santiago del Estero\",\"potentialAction\":[{\"@type\":\"SearchAction\",\"target\":{\"@type\":\"EntryPoint\",\"urlTemplate\":\"https:\/\/cpvsantiago.gob.ar\/web\/?s={search_term_string}\"},\"query-input\":{\"@type\":\"PropertyValueSpecification\",\"valueRequired\":true,\"valueName\":\"search_term_string\"}}],\"inLanguage\":\"es\"},{\"@type\":\"Person\",\"@id\":\"https:\/\/cpvsantiago.gob.ar\/web\/#\/schema\/person\/aa59e9835d5eb750d8585c860224dc06\",\"name\":\"cpv\",\"image\":{\"@type\":\"ImageObject\",\"inLanguage\":\"es\",\"@id\":\"https:\/\/secure.gravatar.com\/avatar\/484802c719c69b738102ad3161a3d525b188c752ad36109725aeae22171ead58?s=96&d=mm&r=g\",\"url\":\"https:\/\/secure.gravatar.com\/avatar\/484802c719c69b738102ad3161a3d525b188c752ad36109725aeae22171ead58?s=96&d=mm&r=g\",\"contentUrl\":\"https:\/\/secure.gravatar.com\/avatar\/484802c719c69b738102ad3161a3d525b188c752ad36109725aeae22171ead58?s=96&d=mm&r=g\",\"caption\":\"cpv\"},\"url\":\"https:\/\/cpvsantiago.gob.ar\/web\/author\/h8000593\/\"}]}<\/script>\n<!-- \/ Yoast SEO Premium plugin. -->","yoast_head_json":{"title":"Inauguraci\u00f3n del Puente de Tasigasta y las rutas de acceso para los departamentos Atamisqui y Avellaneda - Consejo Provincial de Vialidad de la Provincia de Santiago del Estero","robots":{"index":"index","follow":"follow","max-snippet":"max-snippet:-1","max-image-preview":"max-image-preview:large","max-video-preview":"max-video-preview:-1"},"canonical":"https:\/\/cpvsantiago.gob.ar\/web\/inauguracion-del-puente-de-tasigasta-y-las-rutas-de-acceso-para-los-departamentos-atamisqui-y-avellaneda\/","og_locale":"es_ES","og_type":"article","og_title":"Inauguraci\u00f3n del Puente de Tasigasta y las rutas de acceso para los departamentos Atamisqui y Avellaneda","og_description":"El gobernador Gerardo Zamora inaugur\u00f3 hoy en la localidad de Tasigasta, departamento Atamisqui, un nuevo puente sobre el r\u00edo Dulce con luminaria solar y la pavimentaci\u00f3n de 15 km. de los accesos que unen la ciudad de Villa Atamisqui con la localidad de Caloj, en el departamento Avellaneda. Estas obras representan un avance para toda [&hellip;]","og_url":"https:\/\/cpvsantiago.gob.ar\/web\/inauguracion-del-puente-de-tasigasta-y-las-rutas-de-acceso-para-los-departamentos-atamisqui-y-avellaneda\/","og_site_name":"Consejo Provincial de Vialidad de la Provincia de Santiago del Estero","article_published_time":"2024-11-29T14:51:05+00:00","article_modified_time":"2024-12-20T12:25:11+00:00","og_image":[{"width":1200,"height":675,"url":"https:\/\/cpvsantiago.gob.ar\/web\/wp-content\/uploads\/2024\/12\/001-16-1.jpg","type":"image\/jpeg"}],"author":"cpv","twitter_card":"summary_large_image","twitter_misc":{"Escrito por":"cpv","Tiempo de lectura":"4 minutos"},"schema":{"@context":"https:\/\/schema.org","@graph":[{"@type":"Article","@id":"https:\/\/cpvsantiago.gob.ar\/web\/inauguracion-del-puente-de-tasigasta-y-las-rutas-de-acceso-para-los-departamentos-atamisqui-y-avellaneda\/#article","isPartOf":{"@id":"https:\/\/cpvsantiago.gob.ar\/web\/inauguracion-del-puente-de-tasigasta-y-las-rutas-de-acceso-para-los-departamentos-atamisqui-y-avellaneda\/"},"author":{"name":"cpv","@id":"https:\/\/cpvsantiago.gob.ar\/web\/#\/schema\/person\/aa59e9835d5eb750d8585c860224dc06"},"headline":"Inauguraci\u00f3n del Puente de Tasigasta y las rutas de acceso para los departamentos Atamisqui y Avellaneda","datePublished":"2024-11-29T14:51:05+00:00","dateModified":"2024-12-20T12:25:11+00:00","mainEntityOfPage":{"@id":"https:\/\/cpvsantiago.gob.ar\/web\/inauguracion-del-puente-de-tasigasta-y-las-rutas-de-acceso-para-los-departamentos-atamisqui-y-avellaneda\/"},"wordCount":288,"commentCount":0,"image":{"@id":"https:\/\/cpvsantiago.gob.ar\/web\/inauguracion-del-puente-de-tasigasta-y-las-rutas-de-acceso-para-los-departamentos-atamisqui-y-avellaneda\/#primaryimage"},"thumbnailUrl":"https:\/\/cpvsantiago.gob.ar\/web\/wp-content\/uploads\/2024\/12\/001-16-1.jpg","articleSection":["Noticias","Obras"],"inLanguage":"es","potentialAction":[{"@type":"CommentAction","name":"Comment","target":["https:\/\/cpvsantiago.gob.ar\/web\/inauguracion-del-puente-de-tasigasta-y-las-rutas-de-acceso-para-los-departamentos-atamisqui-y-avellaneda\/#respond"]}]},{"@type":"WebPage","@id":"https:\/\/cpvsantiago.gob.ar\/web\/inauguracion-del-puente-de-tasigasta-y-las-rutas-de-acceso-para-los-departamentos-atamisqui-y-avellaneda\/","url":"https:\/\/cpvsantiago.gob.ar\/web\/inauguracion-del-puente-de-tasigasta-y-las-rutas-de-acceso-para-los-departamentos-atamisqui-y-avellaneda\/","name":"Inauguraci\u00f3n del Puente de Tasigasta y las rutas de acceso para los departamentos Atamisqui y Avellaneda - Consejo Provincial de Vialidad de la Provincia de Santiago del Estero","isPartOf":{"@id":"https:\/\/cpvsantiago.gob.ar\/web\/#website"},"primaryImageOfPage":{"@id":"https:\/\/cpvsantiago.gob.ar\/web\/inauguracion-del-puente-de-tasigasta-y-las-rutas-de-acceso-para-los-departamentos-atamisqui-y-avellaneda\/#primaryimage"},"image":{"@id":"https:\/\/cpvsantiago.gob.ar\/web\/inauguracion-del-puente-de-tasigasta-y-las-rutas-de-acceso-para-los-departamentos-atamisqui-y-avellaneda\/#primaryimage"},"thumbnailUrl":"https:\/\/cpvsantiago.gob.ar\/web\/wp-content\/uploads\/2024\/12\/001-16-1.jpg","datePublished":"2024-11-29T14:51:05+00:00","dateModified":"2024-12-20T12:25:11+00:00","author":{"@id":"https:\/\/cpvsantiago.gob.ar\/web\/#\/schema\/person\/aa59e9835d5eb750d8585c860224dc06"},"breadcrumb":{"@id":"https:\/\/cpvsantiago.gob.ar\/web\/inauguracion-del-puente-de-tasigasta-y-las-rutas-de-acceso-para-los-departamentos-atamisqui-y-avellaneda\/#breadcrumb"},"inLanguage":"es","potentialAction":[{"@type":"ReadAction","target":["https:\/\/cpvsantiago.gob.ar\/web\/inauguracion-del-puente-de-tasigasta-y-las-rutas-de-acceso-para-los-departamentos-atamisqui-y-avellaneda\/"]}]},{"@type":"ImageObject","inLanguage":"es","@id":"https:\/\/cpvsantiago.gob.ar\/web\/inauguracion-del-puente-de-tasigasta-y-las-rutas-de-acceso-para-los-departamentos-atamisqui-y-avellaneda\/#primaryimage","url":"https:\/\/cpvsantiago.gob.ar\/web\/wp-content\/uploads\/2024\/12\/001-16-1.jpg","contentUrl":"https:\/\/cpvsantiago.gob.ar\/web\/wp-content\/uploads\/2024\/12\/001-16-1.jpg","width":1200,"height":675},{"@type":"BreadcrumbList","@id":"https:\/\/cpvsantiago.gob.ar\/web\/inauguracion-del-puente-de-tasigasta-y-las-rutas-de-acceso-para-los-departamentos-atamisqui-y-avellaneda\/#breadcrumb","itemListElement":[{"@type":"ListItem","position":1,"name":"Portada","item":"https:\/\/cpvsantiago.gob.ar\/web\/"},{"@type":"ListItem","position":2,"name":"Inauguraci\u00f3n del Puente de Tasigasta y las rutas de acceso para los departamentos Atamisqui y Avellaneda"}]},{"@type":"WebSite","@id":"https:\/\/cpvsantiago.gob.ar\/web\/#website","url":"https:\/\/cpvsantiago.gob.ar\/web\/","name":"Consejo Provincial de Vialidad de la Provincia de Santiago del Estero","description":"CPV Santiago del Estero","potentialAction":[{"@type":"SearchAction","target":{"@type":"EntryPoint","urlTemplate":"https:\/\/cpvsantiago.gob.ar\/web\/?s={search_term_string}"},"query-input":{"@type":"PropertyValueSpecification","valueRequired":true,"valueName":"search_term_string"}}],"inLanguage":"es"},{"@type":"Person","@id":"https:\/\/cpvsantiago.gob.ar\/web\/#\/schema\/person\/aa59e9835d5eb750d8585c860224dc06","name":"cpv","image":{"@type":"ImageObject","inLanguage":"es","@id":"https:\/\/secure.gravatar.com\/avatar\/484802c719c69b738102ad3161a3d525b188c752ad36109725aeae22171ead58?s=96&d=mm&r=g","url":"https:\/\/secure.gravatar.com\/avatar\/484802c719c69b738102ad3161a3d525b188c752ad36109725aeae22171ead58?s=96&d=mm&r=g","contentUrl":"https:\/\/secure.gravatar.com\/avatar\/484802c719c69b738102ad3161a3d525b188c752ad36109725aeae22171ead58?s=96&d=mm&r=g","caption":"cpv"},"url":"https:\/\/cpvsantiago.gob.ar\/web\/author\/h8000593\/"}]}},"_links":{"self":[{"href":"https:\/\/cpvsantiago.gob.ar\/web\/wp-json\/wp\/v2\/posts\/5182","targetHints":{"allow":["GET"]}}],"collection":[{"href":"https:\/\/cpvsantiago.gob.ar\/web\/wp-json\/wp\/v2\/posts"}],"about":[{"href":"https:\/\/cpvsantiago.gob.ar\/web\/wp-json\/wp\/v2\/types\/post"}],"author":[{"embeddable":true,"href":"https:\/\/cpvsantiago.gob.ar\/web\/wp-json\/wp\/v2\/users\/2"}],"replies":[{"embeddable":true,"href":"https:\/\/cpvsantiago.gob.ar\/web\/wp-json\/wp\/v2\/comments?post=5182"}],"version-history":[{"count":2,"href":"https:\/\/cpvsantiago.gob.ar\/web\/wp-json\/wp\/v2\/posts\/5182\/revisions"}],"predecessor-version":[{"id":5222,"href":"https:\/\/cpvsantiago.gob.ar\/web\/wp-json\/wp\/v2\/posts\/5182\/revisions\/5222"}],"wp:featuredmedia":[{"embeddable":true,"href":"https:\/\/cpvsantiago.gob.ar\/web\/wp-json\/wp\/v2\/media\/5196"}],"wp:attachment":[{"href":"https:\/\/cpvsantiago.gob.ar\/web\/wp-json\/wp\/v2\/media?parent=5182"}],"wp:term":[{"taxonomy":"category","embeddable":true,"href":"https:\/\/cpvsantiago.gob.ar\/web\/wp-json\/wp\/v2\/categories?post=5182"},{"taxonomy":"post_tag","embeddable":true,"href":"https:\/\/cpvsantiago.gob.ar\/web\/wp-json\/wp\/v2\/tags?post=5182"}],"curies":[{"name":"wp","href":"https:\/\/api.w.org\/{rel}","templated":true}]}}