{"id":5207,"date":"2024-12-16T12:12:00","date_gmt":"2024-12-16T15:12:00","guid":{"rendered":"https:\/\/cpvsantiago.gob.ar\/web\/?p=5207"},"modified":"2024-12-18T17:19:37","modified_gmt":"2024-12-18T20:19:37","slug":"inauguracion-de-puente-metalico-vehicular-en-departamento-avellaneda","status":"publish","type":"post","link":"https:\/\/cpvsantiago.gob.ar\/web\/inauguracion-de-puente-metalico-vehicular-en-departamento-avellaneda\/","title":{"rendered":"Inauguraci\u00f3n de Puente Met\u00e1lico Vehicular en Departamento Avellaneda"},"content":{"rendered":"\n<p>El lunes 16 de diciembre el gobernador Gerardo Zamora inaugur\u00f3 un puente met\u00e1lico vehicular de 120 metros de largo y 4 metros de ancho sobre el r\u00edo Saladillo del Rosario, a la altura de los parajes Chinuna, en el departamento Salavina, y Taco Totorayoj, en el Dpto. Avellaneda.<\/p>\n\n\n\n<p>Tambi\u00e9n estuvieron presentes el vicegobernador, Carlos Silva Neder; los Ministros de Obras, Servicios P\u00fablicos y Agua Arq. Aldo Hid; de Desarrollo, Angel Niccolai; el Secretario de Obras, Servicios P\u00fablicos y Agua Sr. Jorge Zuain; &nbsp;el Ing. Jos\u00e9 F\u00e9lix Alfano, Presidente del CPV, entre otras autoridades.<\/p>\n\n\n\n<p>Se trata del s\u00e9ptimo puente para tr\u00e1nsito vehicular habilitado en el principal cauce de Santiago del Estero desde el a\u00f1o 2010. Hasta entonces, en casi 200 a\u00f1os de historia, hab\u00edan sido inaugurados solamente cinco: uno en Las Termas; dos entre Capital y La Banda; otro en San Jos\u00e9 de La Dormida y otro en Los Telares.<\/p>\n\n\n\n<p>Tambi\u00e9n entreg\u00f3 18 Viviendas Sociales a familias de la zona construidas con la colaboraci\u00f3n de las comisiones de Villa Salavina, Sabagasta y Vaca Human; ademas habilit\u00f3 formalmente 20 cuadras de pavimento en el casco urbano de Villa Salavina.<\/p>\n\n\n\n<p>En este marco, fueron habilitadas las obras de mejoramiento de los caminos de Bordo Pampa a Taco Isla; de Villa Salavina a Los Cerrillos y de Taco Totorayoj a Los Cerrillos pasando por Chinuna, y&nbsp; 10 km del corredor que va de Villa Salavina a San Nicol\u00e1s y de Villa Salavina a Barrancas. Adem\u00e1s de la reconstrucci\u00f3n de 17 km del camino de acceso a Villa Salavina desde ruta provincial 92.<\/p>\n\n\n\n<figure class=\"wp-block-gallery has-nested-images columns-default is-cropped wp-block-gallery-1 is-layout-flex wp-block-gallery-is-layout-flex\">\n<figure class=\"wp-block-image size-large\"><a href=\"https:\/\/cpvsantiago.gob.ar\/web\/wp-content\/uploads\/2024\/12\/470203610_991783566313379_3785957225356152486_n.jpg\"><img loading=\"lazy\" decoding=\"async\" width=\"668\" height=\"960\" data-id=\"5208\" src=\"https:\/\/cpvsantiago.gob.ar\/web\/wp-content\/uploads\/2024\/12\/470203610_991783566313379_3785957225356152486_n.jpg\" alt=\"\" class=\"wp-image-5208\" srcset=\"https:\/\/cpvsantiago.gob.ar\/web\/wp-content\/uploads\/2024\/12\/470203610_991783566313379_3785957225356152486_n.jpg 668w, https:\/\/cpvsantiago.gob.ar\/web\/wp-content\/uploads\/2024\/12\/470203610_991783566313379_3785957225356152486_n-209x300.jpg 209w, https:\/\/cpvsantiago.gob.ar\/web\/wp-content\/uploads\/2024\/12\/470203610_991783566313379_3785957225356152486_n-150x216.jpg 150w, https:\/\/cpvsantiago.gob.ar\/web\/wp-content\/uploads\/2024\/12\/470203610_991783566313379_3785957225356152486_n-300x431.jpg 300w\" sizes=\"auto, (max-width: 668px) 100vw, 668px\" \/><\/a><\/figure>\n\n\n\n<figure class=\"wp-block-image size-large\"><a href=\"https:\/\/cpvsantiago.gob.ar\/web\/wp-content\/uploads\/2024\/12\/470216147_991783399646729_4944741193276209072_n.jpg\"><img loading=\"lazy\" decoding=\"async\" width=\"640\" height=\"960\" data-id=\"5209\" src=\"https:\/\/cpvsantiago.gob.ar\/web\/wp-content\/uploads\/2024\/12\/470216147_991783399646729_4944741193276209072_n.jpg\" alt=\"\" class=\"wp-image-5209\" srcset=\"https:\/\/cpvsantiago.gob.ar\/web\/wp-content\/uploads\/2024\/12\/470216147_991783399646729_4944741193276209072_n.jpg 640w, https:\/\/cpvsantiago.gob.ar\/web\/wp-content\/uploads\/2024\/12\/470216147_991783399646729_4944741193276209072_n-200x300.jpg 200w, https:\/\/cpvsantiago.gob.ar\/web\/wp-content\/uploads\/2024\/12\/470216147_991783399646729_4944741193276209072_n-150x225.jpg 150w, https:\/\/cpvsantiago.gob.ar\/web\/wp-content\/uploads\/2024\/12\/470216147_991783399646729_4944741193276209072_n-300x450.jpg 300w\" sizes=\"auto, (max-width: 640px) 100vw, 640px\" \/><\/a><\/figure>\n\n\n\n<figure class=\"wp-block-image size-large\"><a href=\"https:\/\/cpvsantiago.gob.ar\/web\/wp-content\/uploads\/2024\/12\/470221332_991783362980066_1035989345271210935_n.jpg\"><img loading=\"lazy\" decoding=\"async\" width=\"720\" height=\"527\" data-id=\"5212\" src=\"https:\/\/cpvsantiago.gob.ar\/web\/wp-content\/uploads\/2024\/12\/470221332_991783362980066_1035989345271210935_n.jpg\" alt=\"\" class=\"wp-image-5212\" srcset=\"https:\/\/cpvsantiago.gob.ar\/web\/wp-content\/uploads\/2024\/12\/470221332_991783362980066_1035989345271210935_n.jpg 720w, https:\/\/cpvsantiago.gob.ar\/web\/wp-content\/uploads\/2024\/12\/470221332_991783362980066_1035989345271210935_n-300x220.jpg 300w, https:\/\/cpvsantiago.gob.ar\/web\/wp-content\/uploads\/2024\/12\/470221332_991783362980066_1035989345271210935_n-150x110.jpg 150w, https:\/\/cpvsantiago.gob.ar\/web\/wp-content\/uploads\/2024\/12\/470221332_991783362980066_1035989345271210935_n-696x509.jpg 696w\" sizes=\"auto, (max-width: 720px) 100vw, 720px\" \/><\/a><\/figure>\n\n\n\n<figure class=\"wp-block-image size-large\"><a href=\"https:\/\/cpvsantiago.gob.ar\/web\/wp-content\/uploads\/2024\/12\/470222003_991783686313367_3505493689990339266_n.jpg\"><img loading=\"lazy\" decoding=\"async\" width=\"720\" height=\"481\" data-id=\"5213\" src=\"https:\/\/cpvsantiago.gob.ar\/web\/wp-content\/uploads\/2024\/12\/470222003_991783686313367_3505493689990339266_n.jpg\" alt=\"\" class=\"wp-image-5213\" srcset=\"https:\/\/cpvsantiago.gob.ar\/web\/wp-content\/uploads\/2024\/12\/470222003_991783686313367_3505493689990339266_n.jpg 720w, https:\/\/cpvsantiago.gob.ar\/web\/wp-content\/uploads\/2024\/12\/470222003_991783686313367_3505493689990339266_n-300x200.jpg 300w, https:\/\/cpvsantiago.gob.ar\/web\/wp-content\/uploads\/2024\/12\/470222003_991783686313367_3505493689990339266_n-150x100.jpg 150w, https:\/\/cpvsantiago.gob.ar\/web\/wp-content\/uploads\/2024\/12\/470222003_991783686313367_3505493689990339266_n-696x465.jpg 696w\" sizes=\"auto, (max-width: 720px) 100vw, 720px\" \/><\/a><\/figure>\n\n\n\n<figure class=\"wp-block-image size-large\"><a href=\"https:\/\/cpvsantiago.gob.ar\/web\/wp-content\/uploads\/2024\/12\/470575840_991783319646737_8413146357504303560_n.jpg\"><img loading=\"lazy\" decoding=\"async\" width=\"720\" height=\"559\" data-id=\"5210\" src=\"https:\/\/cpvsantiago.gob.ar\/web\/wp-content\/uploads\/2024\/12\/470575840_991783319646737_8413146357504303560_n.jpg\" alt=\"\" class=\"wp-image-5210\" srcset=\"https:\/\/cpvsantiago.gob.ar\/web\/wp-content\/uploads\/2024\/12\/470575840_991783319646737_8413146357504303560_n.jpg 720w, https:\/\/cpvsantiago.gob.ar\/web\/wp-content\/uploads\/2024\/12\/470575840_991783319646737_8413146357504303560_n-300x233.jpg 300w, https:\/\/cpvsantiago.gob.ar\/web\/wp-content\/uploads\/2024\/12\/470575840_991783319646737_8413146357504303560_n-150x116.jpg 150w, https:\/\/cpvsantiago.gob.ar\/web\/wp-content\/uploads\/2024\/12\/470575840_991783319646737_8413146357504303560_n-696x540.jpg 696w\" sizes=\"auto, (max-width: 720px) 100vw, 720px\" \/><\/a><\/figure>\n\n\n\n<figure class=\"wp-block-image size-large\"><a href=\"https:\/\/cpvsantiago.gob.ar\/web\/wp-content\/uploads\/2024\/12\/470599322_991783759646693_1278262257740329070_n.jpg\"><img loading=\"lazy\" decoding=\"async\" width=\"720\" height=\"862\" data-id=\"5211\" src=\"https:\/\/cpvsantiago.gob.ar\/web\/wp-content\/uploads\/2024\/12\/470599322_991783759646693_1278262257740329070_n.jpg\" alt=\"\" class=\"wp-image-5211\" srcset=\"https:\/\/cpvsantiago.gob.ar\/web\/wp-content\/uploads\/2024\/12\/470599322_991783759646693_1278262257740329070_n.jpg 720w, https:\/\/cpvsantiago.gob.ar\/web\/wp-content\/uploads\/2024\/12\/470599322_991783759646693_1278262257740329070_n-251x300.jpg 251w, https:\/\/cpvsantiago.gob.ar\/web\/wp-content\/uploads\/2024\/12\/470599322_991783759646693_1278262257740329070_n-150x180.jpg 150w, https:\/\/cpvsantiago.gob.ar\/web\/wp-content\/uploads\/2024\/12\/470599322_991783759646693_1278262257740329070_n-300x359.jpg 300w, https:\/\/cpvsantiago.gob.ar\/web\/wp-content\/uploads\/2024\/12\/470599322_991783759646693_1278262257740329070_n-696x833.jpg 696w\" sizes=\"auto, (max-width: 720px) 100vw, 720px\" \/><\/a><\/figure>\n<\/figure>\n","protected":false},"excerpt":{"rendered":"<p>El lunes 16 de diciembre el gobernador Gerardo Zamora inaugur\u00f3 un puente met\u00e1lico vehicular de 120 metros de largo y 4 metros de ancho sobre el r\u00edo Saladillo del Rosario, a la altura de los parajes Chinuna, en el departamento Salavina, y Taco Totorayoj, en el Dpto. Avellaneda. Tambi\u00e9n estuvieron presentes el vicegobernador, Carlos Silva [&hellip;]<\/p>\n","protected":false},"author":2,"featured_media":5214,"comment_status":"open","ping_status":"open","sticky":false,"template":"","format":"standard","meta":{"footnotes":""},"categories":[5,6],"tags":[],"class_list":{"0":"post-5207","1":"post","2":"type-post","3":"status-publish","4":"format-standard","5":"has-post-thumbnail","7":"category-noticias","8":"category-obras"},"yoast_head":"<!-- This site is optimized with the Yoast SEO Premium plugin v24.8 (Yoast SEO v27.2) - https:\/\/yoast.com\/product\/yoast-seo-premium-wordpress\/ -->\n<title>Inauguraci\u00f3n de Puente Met\u00e1lico Vehicular en Departamento Avellaneda - Consejo Provincial de Vialidad de la Provincia de Santiago del Estero<\/title>\n<meta name=\"robots\" content=\"index, follow, max-snippet:-1, max-image-preview:large, max-video-preview:-1\" \/>\n<link rel=\"canonical\" href=\"https:\/\/cpvsantiago.gob.ar\/web\/inauguracion-de-puente-metalico-vehicular-en-departamento-avellaneda\/\" \/>\n<meta property=\"og:locale\" content=\"es_ES\" \/>\n<meta property=\"og:type\" content=\"article\" \/>\n<meta property=\"og:title\" content=\"Inauguraci\u00f3n de Puente Met\u00e1lico Vehicular en Departamento Avellaneda\" \/>\n<meta property=\"og:description\" content=\"El lunes 16 de diciembre el gobernador Gerardo Zamora inaugur\u00f3 un puente met\u00e1lico vehicular de 120 metros de largo y 4 metros de ancho sobre el r\u00edo Saladillo del Rosario, a la altura de los parajes Chinuna, en el departamento Salavina, y Taco Totorayoj, en el Dpto. Avellaneda. Tambi\u00e9n estuvieron presentes el vicegobernador, Carlos Silva [&hellip;]\" \/>\n<meta property=\"og:url\" content=\"https:\/\/cpvsantiago.gob.ar\/web\/inauguracion-de-puente-metalico-vehicular-en-departamento-avellaneda\/\" \/>\n<meta property=\"og:site_name\" content=\"Consejo Provincial de Vialidad de la Provincia de Santiago del Estero\" \/>\n<meta property=\"article:published_time\" content=\"2024-12-16T15:12:00+00:00\" \/>\n<meta property=\"article:modified_time\" content=\"2024-12-18T20:19:37+00:00\" \/>\n<meta property=\"og:image\" content=\"https:\/\/cpvsantiago.gob.ar\/web\/wp-content\/uploads\/2024\/12\/portada.jpg\" \/>\n\t<meta property=\"og:image:width\" content=\"720\" \/>\n\t<meta property=\"og:image:height\" content=\"559\" \/>\n\t<meta property=\"og:image:type\" content=\"image\/jpeg\" \/>\n<meta name=\"author\" content=\"cpv\" \/>\n<meta name=\"twitter:card\" content=\"summary_large_image\" \/>\n<meta name=\"twitter:label1\" content=\"Escrito por\" \/>\n\t<meta name=\"twitter:data1\" content=\"cpv\" \/>\n\t<meta name=\"twitter:label2\" content=\"Tiempo de lectura\" \/>\n\t<meta name=\"twitter:data2\" content=\"3 minutos\" \/>\n<script type=\"application\/ld+json\" class=\"yoast-schema-graph\">{\"@context\":\"https:\/\/schema.org\",\"@graph\":[{\"@type\":\"Article\",\"@id\":\"https:\/\/cpvsantiago.gob.ar\/web\/inauguracion-de-puente-metalico-vehicular-en-departamento-avellaneda\/#article\",\"isPartOf\":{\"@id\":\"https:\/\/cpvsantiago.gob.ar\/web\/inauguracion-de-puente-metalico-vehicular-en-departamento-avellaneda\/\"},\"author\":{\"name\":\"cpv\",\"@id\":\"https:\/\/cpvsantiago.gob.ar\/web\/#\/schema\/person\/aa59e9835d5eb750d8585c860224dc06\"},\"headline\":\"Inauguraci\u00f3n de Puente Met\u00e1lico Vehicular en Departamento Avellaneda\",\"datePublished\":\"2024-12-16T15:12:00+00:00\",\"dateModified\":\"2024-12-18T20:19:37+00:00\",\"mainEntityOfPage\":{\"@id\":\"https:\/\/cpvsantiago.gob.ar\/web\/inauguracion-de-puente-metalico-vehicular-en-departamento-avellaneda\/\"},\"wordCount\":276,\"commentCount\":0,\"image\":{\"@id\":\"https:\/\/cpvsantiago.gob.ar\/web\/inauguracion-de-puente-metalico-vehicular-en-departamento-avellaneda\/#primaryimage\"},\"thumbnailUrl\":\"https:\/\/cpvsantiago.gob.ar\/web\/wp-content\/uploads\/2024\/12\/portada.jpg\",\"articleSection\":[\"Noticias\",\"Obras\"],\"inLanguage\":\"es\",\"potentialAction\":[{\"@type\":\"CommentAction\",\"name\":\"Comment\",\"target\":[\"https:\/\/cpvsantiago.gob.ar\/web\/inauguracion-de-puente-metalico-vehicular-en-departamento-avellaneda\/#respond\"]}]},{\"@type\":\"WebPage\",\"@id\":\"https:\/\/cpvsantiago.gob.ar\/web\/inauguracion-de-puente-metalico-vehicular-en-departamento-avellaneda\/\",\"url\":\"https:\/\/cpvsantiago.gob.ar\/web\/inauguracion-de-puente-metalico-vehicular-en-departamento-avellaneda\/\",\"name\":\"Inauguraci\u00f3n de Puente Met\u00e1lico Vehicular en Departamento Avellaneda - Consejo Provincial de Vialidad de la Provincia de Santiago del Estero\",\"isPartOf\":{\"@id\":\"https:\/\/cpvsantiago.gob.ar\/web\/#website\"},\"primaryImageOfPage\":{\"@id\":\"https:\/\/cpvsantiago.gob.ar\/web\/inauguracion-de-puente-metalico-vehicular-en-departamento-avellaneda\/#primaryimage\"},\"image\":{\"@id\":\"https:\/\/cpvsantiago.gob.ar\/web\/inauguracion-de-puente-metalico-vehicular-en-departamento-avellaneda\/#primaryimage\"},\"thumbnailUrl\":\"https:\/\/cpvsantiago.gob.ar\/web\/wp-content\/uploads\/2024\/12\/portada.jpg\",\"datePublished\":\"2024-12-16T15:12:00+00:00\",\"dateModified\":\"2024-12-18T20:19:37+00:00\",\"author\":{\"@id\":\"https:\/\/cpvsantiago.gob.ar\/web\/#\/schema\/person\/aa59e9835d5eb750d8585c860224dc06\"},\"breadcrumb\":{\"@id\":\"https:\/\/cpvsantiago.gob.ar\/web\/inauguracion-de-puente-metalico-vehicular-en-departamento-avellaneda\/#breadcrumb\"},\"inLanguage\":\"es\",\"potentialAction\":[{\"@type\":\"ReadAction\",\"target\":[\"https:\/\/cpvsantiago.gob.ar\/web\/inauguracion-de-puente-metalico-vehicular-en-departamento-avellaneda\/\"]}]},{\"@type\":\"ImageObject\",\"inLanguage\":\"es\",\"@id\":\"https:\/\/cpvsantiago.gob.ar\/web\/inauguracion-de-puente-metalico-vehicular-en-departamento-avellaneda\/#primaryimage\",\"url\":\"https:\/\/cpvsantiago.gob.ar\/web\/wp-content\/uploads\/2024\/12\/portada.jpg\",\"contentUrl\":\"https:\/\/cpvsantiago.gob.ar\/web\/wp-content\/uploads\/2024\/12\/portada.jpg\",\"width\":720,\"height\":559},{\"@type\":\"BreadcrumbList\",\"@id\":\"https:\/\/cpvsantiago.gob.ar\/web\/inauguracion-de-puente-metalico-vehicular-en-departamento-avellaneda\/#breadcrumb\",\"itemListElement\":[{\"@type\":\"ListItem\",\"position\":1,\"name\":\"Portada\",\"item\":\"https:\/\/cpvsantiago.gob.ar\/web\/\"},{\"@type\":\"ListItem\",\"position\":2,\"name\":\"Inauguraci\u00f3n de Puente Met\u00e1lico Vehicular en Departamento Avellaneda\"}]},{\"@type\":\"WebSite\",\"@id\":\"https:\/\/cpvsantiago.gob.ar\/web\/#website\",\"url\":\"https:\/\/cpvsantiago.gob.ar\/web\/\",\"name\":\"Consejo Provincial de Vialidad de la Provincia de Santiago del Estero\",\"description\":\"CPV Santiago del Estero\",\"potentialAction\":[{\"@type\":\"SearchAction\",\"target\":{\"@type\":\"EntryPoint\",\"urlTemplate\":\"https:\/\/cpvsantiago.gob.ar\/web\/?s={search_term_string}\"},\"query-input\":{\"@type\":\"PropertyValueSpecification\",\"valueRequired\":true,\"valueName\":\"search_term_string\"}}],\"inLanguage\":\"es\"},{\"@type\":\"Person\",\"@id\":\"https:\/\/cpvsantiago.gob.ar\/web\/#\/schema\/person\/aa59e9835d5eb750d8585c860224dc06\",\"name\":\"cpv\",\"image\":{\"@type\":\"ImageObject\",\"inLanguage\":\"es\",\"@id\":\"https:\/\/secure.gravatar.com\/avatar\/484802c719c69b738102ad3161a3d525b188c752ad36109725aeae22171ead58?s=96&d=mm&r=g\",\"url\":\"https:\/\/secure.gravatar.com\/avatar\/484802c719c69b738102ad3161a3d525b188c752ad36109725aeae22171ead58?s=96&d=mm&r=g\",\"contentUrl\":\"https:\/\/secure.gravatar.com\/avatar\/484802c719c69b738102ad3161a3d525b188c752ad36109725aeae22171ead58?s=96&d=mm&r=g\",\"caption\":\"cpv\"},\"url\":\"https:\/\/cpvsantiago.gob.ar\/web\/author\/h8000593\/\"}]}<\/script>\n<!-- \/ Yoast SEO Premium plugin. -->","yoast_head_json":{"title":"Inauguraci\u00f3n de Puente Met\u00e1lico Vehicular en Departamento Avellaneda - Consejo Provincial de Vialidad de la Provincia de Santiago del Estero","robots":{"index":"index","follow":"follow","max-snippet":"max-snippet:-1","max-image-preview":"max-image-preview:large","max-video-preview":"max-video-preview:-1"},"canonical":"https:\/\/cpvsantiago.gob.ar\/web\/inauguracion-de-puente-metalico-vehicular-en-departamento-avellaneda\/","og_locale":"es_ES","og_type":"article","og_title":"Inauguraci\u00f3n de Puente Met\u00e1lico Vehicular en Departamento Avellaneda","og_description":"El lunes 16 de diciembre el gobernador Gerardo Zamora inaugur\u00f3 un puente met\u00e1lico vehicular de 120 metros de largo y 4 metros de ancho sobre el r\u00edo Saladillo del Rosario, a la altura de los parajes Chinuna, en el departamento Salavina, y Taco Totorayoj, en el Dpto. Avellaneda. Tambi\u00e9n estuvieron presentes el vicegobernador, Carlos Silva [&hellip;]","og_url":"https:\/\/cpvsantiago.gob.ar\/web\/inauguracion-de-puente-metalico-vehicular-en-departamento-avellaneda\/","og_site_name":"Consejo Provincial de Vialidad de la Provincia de Santiago del Estero","article_published_time":"2024-12-16T15:12:00+00:00","article_modified_time":"2024-12-18T20:19:37+00:00","og_image":[{"width":720,"height":559,"url":"https:\/\/cpvsantiago.gob.ar\/web\/wp-content\/uploads\/2024\/12\/portada.jpg","type":"image\/jpeg"}],"author":"cpv","twitter_card":"summary_large_image","twitter_misc":{"Escrito por":"cpv","Tiempo de lectura":"3 minutos"},"schema":{"@context":"https:\/\/schema.org","@graph":[{"@type":"Article","@id":"https:\/\/cpvsantiago.gob.ar\/web\/inauguracion-de-puente-metalico-vehicular-en-departamento-avellaneda\/#article","isPartOf":{"@id":"https:\/\/cpvsantiago.gob.ar\/web\/inauguracion-de-puente-metalico-vehicular-en-departamento-avellaneda\/"},"author":{"name":"cpv","@id":"https:\/\/cpvsantiago.gob.ar\/web\/#\/schema\/person\/aa59e9835d5eb750d8585c860224dc06"},"headline":"Inauguraci\u00f3n de Puente Met\u00e1lico Vehicular en Departamento Avellaneda","datePublished":"2024-12-16T15:12:00+00:00","dateModified":"2024-12-18T20:19:37+00:00","mainEntityOfPage":{"@id":"https:\/\/cpvsantiago.gob.ar\/web\/inauguracion-de-puente-metalico-vehicular-en-departamento-avellaneda\/"},"wordCount":276,"commentCount":0,"image":{"@id":"https:\/\/cpvsantiago.gob.ar\/web\/inauguracion-de-puente-metalico-vehicular-en-departamento-avellaneda\/#primaryimage"},"thumbnailUrl":"https:\/\/cpvsantiago.gob.ar\/web\/wp-content\/uploads\/2024\/12\/portada.jpg","articleSection":["Noticias","Obras"],"inLanguage":"es","potentialAction":[{"@type":"CommentAction","name":"Comment","target":["https:\/\/cpvsantiago.gob.ar\/web\/inauguracion-de-puente-metalico-vehicular-en-departamento-avellaneda\/#respond"]}]},{"@type":"WebPage","@id":"https:\/\/cpvsantiago.gob.ar\/web\/inauguracion-de-puente-metalico-vehicular-en-departamento-avellaneda\/","url":"https:\/\/cpvsantiago.gob.ar\/web\/inauguracion-de-puente-metalico-vehicular-en-departamento-avellaneda\/","name":"Inauguraci\u00f3n de Puente Met\u00e1lico Vehicular en Departamento Avellaneda - Consejo Provincial de Vialidad de la Provincia de Santiago del Estero","isPartOf":{"@id":"https:\/\/cpvsantiago.gob.ar\/web\/#website"},"primaryImageOfPage":{"@id":"https:\/\/cpvsantiago.gob.ar\/web\/inauguracion-de-puente-metalico-vehicular-en-departamento-avellaneda\/#primaryimage"},"image":{"@id":"https:\/\/cpvsantiago.gob.ar\/web\/inauguracion-de-puente-metalico-vehicular-en-departamento-avellaneda\/#primaryimage"},"thumbnailUrl":"https:\/\/cpvsantiago.gob.ar\/web\/wp-content\/uploads\/2024\/12\/portada.jpg","datePublished":"2024-12-16T15:12:00+00:00","dateModified":"2024-12-18T20:19:37+00:00","author":{"@id":"https:\/\/cpvsantiago.gob.ar\/web\/#\/schema\/person\/aa59e9835d5eb750d8585c860224dc06"},"breadcrumb":{"@id":"https:\/\/cpvsantiago.gob.ar\/web\/inauguracion-de-puente-metalico-vehicular-en-departamento-avellaneda\/#breadcrumb"},"inLanguage":"es","potentialAction":[{"@type":"ReadAction","target":["https:\/\/cpvsantiago.gob.ar\/web\/inauguracion-de-puente-metalico-vehicular-en-departamento-avellaneda\/"]}]},{"@type":"ImageObject","inLanguage":"es","@id":"https:\/\/cpvsantiago.gob.ar\/web\/inauguracion-de-puente-metalico-vehicular-en-departamento-avellaneda\/#primaryimage","url":"https:\/\/cpvsantiago.gob.ar\/web\/wp-content\/uploads\/2024\/12\/portada.jpg","contentUrl":"https:\/\/cpvsantiago.gob.ar\/web\/wp-content\/uploads\/2024\/12\/portada.jpg","width":720,"height":559},{"@type":"BreadcrumbList","@id":"https:\/\/cpvsantiago.gob.ar\/web\/inauguracion-de-puente-metalico-vehicular-en-departamento-avellaneda\/#breadcrumb","itemListElement":[{"@type":"ListItem","position":1,"name":"Portada","item":"https:\/\/cpvsantiago.gob.ar\/web\/"},{"@type":"ListItem","position":2,"name":"Inauguraci\u00f3n de Puente Met\u00e1lico Vehicular en Departamento Avellaneda"}]},{"@type":"WebSite","@id":"https:\/\/cpvsantiago.gob.ar\/web\/#website","url":"https:\/\/cpvsantiago.gob.ar\/web\/","name":"Consejo Provincial de Vialidad de la Provincia de Santiago del Estero","description":"CPV Santiago del Estero","potentialAction":[{"@type":"SearchAction","target":{"@type":"EntryPoint","urlTemplate":"https:\/\/cpvsantiago.gob.ar\/web\/?s={search_term_string}"},"query-input":{"@type":"PropertyValueSpecification","valueRequired":true,"valueName":"search_term_string"}}],"inLanguage":"es"},{"@type":"Person","@id":"https:\/\/cpvsantiago.gob.ar\/web\/#\/schema\/person\/aa59e9835d5eb750d8585c860224dc06","name":"cpv","image":{"@type":"ImageObject","inLanguage":"es","@id":"https:\/\/secure.gravatar.com\/avatar\/484802c719c69b738102ad3161a3d525b188c752ad36109725aeae22171ead58?s=96&d=mm&r=g","url":"https:\/\/secure.gravatar.com\/avatar\/484802c719c69b738102ad3161a3d525b188c752ad36109725aeae22171ead58?s=96&d=mm&r=g","contentUrl":"https:\/\/secure.gravatar.com\/avatar\/484802c719c69b738102ad3161a3d525b188c752ad36109725aeae22171ead58?s=96&d=mm&r=g","caption":"cpv"},"url":"https:\/\/cpvsantiago.gob.ar\/web\/author\/h8000593\/"}]}},"_links":{"self":[{"href":"https:\/\/cpvsantiago.gob.ar\/web\/wp-json\/wp\/v2\/posts\/5207","targetHints":{"allow":["GET"]}}],"collection":[{"href":"https:\/\/cpvsantiago.gob.ar\/web\/wp-json\/wp\/v2\/posts"}],"about":[{"href":"https:\/\/cpvsantiago.gob.ar\/web\/wp-json\/wp\/v2\/types\/post"}],"author":[{"embeddable":true,"href":"https:\/\/cpvsantiago.gob.ar\/web\/wp-json\/wp\/v2\/users\/2"}],"replies":[{"embeddable":true,"href":"https:\/\/cpvsantiago.gob.ar\/web\/wp-json\/wp\/v2\/comments?post=5207"}],"version-history":[{"count":1,"href":"https:\/\/cpvsantiago.gob.ar\/web\/wp-json\/wp\/v2\/posts\/5207\/revisions"}],"predecessor-version":[{"id":5215,"href":"https:\/\/cpvsantiago.gob.ar\/web\/wp-json\/wp\/v2\/posts\/5207\/revisions\/5215"}],"wp:featuredmedia":[{"embeddable":true,"href":"https:\/\/cpvsantiago.gob.ar\/web\/wp-json\/wp\/v2\/media\/5214"}],"wp:attachment":[{"href":"https:\/\/cpvsantiago.gob.ar\/web\/wp-json\/wp\/v2\/media?parent=5207"}],"wp:term":[{"taxonomy":"category","embeddable":true,"href":"https:\/\/cpvsantiago.gob.ar\/web\/wp-json\/wp\/v2\/categories?post=5207"},{"taxonomy":"post_tag","embeddable":true,"href":"https:\/\/cpvsantiago.gob.ar\/web\/wp-json\/wp\/v2\/tags?post=5207"}],"curies":[{"name":"wp","href":"https:\/\/api.w.org\/{rel}","templated":true}]}}