{"id":5281,"date":"2025-06-09T08:08:59","date_gmt":"2025-06-09T11:08:59","guid":{"rendered":"https:\/\/cpvsantiago.gob.ar\/web\/?p=5281"},"modified":"2025-06-09T08:09:03","modified_gmt":"2025-06-09T11:09:03","slug":"el-c-p-v-efectuo-importantes-trabajos-a-cargo-de-la-zona-vial-1-b-la-capilla","status":"publish","type":"post","link":"https:\/\/cpvsantiago.gob.ar\/web\/el-c-p-v-efectuo-importantes-trabajos-a-cargo-de-la-zona-vial-1-b-la-capilla\/","title":{"rendered":"El C.P.V. efectu\u00f3 importantes trabajos a cargo de la Zona Vial 1 B \u201cLa Capilla\u201d"},"content":{"rendered":"\n<p>Personal de la Zona Vial 1B \u201cLa Capilla\u201d, en colaboraci\u00f3n con la Municipalidad de Beltr\u00e1n, efectuaron &nbsp;importantes trabajos en el tramo \u00bb Beltr\u00e1n-San Juan\u00bb, Dpto. Robles, en una longitud de 7 kil\u00f3metros que consistieron en rastrado y limpieza en zona de camino, reconstrucci\u00f3n de B.E.G y banquinas, riego en calzada con agua transportada.<\/p>\n\n\n\n<p>Tambi\u00e9n se hicieron trabajos en 7 kil\u00f3metros en el tramo San Juan &#8211; R.P.N\u00b089 (Ca\u00f1ada Escobar) y en el tramo San Juan-Villa Hip\u00f3lita \u2013 Dpto. Robles se trabaj\u00f3 en 4&nbsp; kil\u00f3metros.&nbsp; En ambos sectores se efectuaron rastrados y limpieza en zona de camino, reconstrucci\u00f3n de B.E.G y banquinas, adem\u00e1s de riego en calzada con agua transportada.<\/p>\n\n\n\n<p>Todas estas obras se condicen con el mantenimiento continuo que desde el C.P.V. y el Gobierno de la Provincia de Santiago del Estero se realiza en la red vial en todo el territorio provincial.<\/p>\n\n\n\n<figure class=\"wp-block-gallery has-nested-images columns-default is-cropped wp-block-gallery-1 is-layout-flex wp-block-gallery-is-layout-flex\">\n<figure class=\"wp-block-image size-large\"><a href=\"https:\/\/cpvsantiago.gob.ar\/web\/wp-content\/uploads\/2025\/06\/IMG-20250607-WA0008.jpg\"><img loading=\"lazy\" decoding=\"async\" width=\"944\" height=\"571\" data-id=\"5282\" src=\"https:\/\/cpvsantiago.gob.ar\/web\/wp-content\/uploads\/2025\/06\/IMG-20250607-WA0008.jpg\" alt=\"\" class=\"wp-image-5282\" srcset=\"https:\/\/cpvsantiago.gob.ar\/web\/wp-content\/uploads\/2025\/06\/IMG-20250607-WA0008.jpg 944w, https:\/\/cpvsantiago.gob.ar\/web\/wp-content\/uploads\/2025\/06\/IMG-20250607-WA0008-300x181.jpg 300w, https:\/\/cpvsantiago.gob.ar\/web\/wp-content\/uploads\/2025\/06\/IMG-20250607-WA0008-768x465.jpg 768w, https:\/\/cpvsantiago.gob.ar\/web\/wp-content\/uploads\/2025\/06\/IMG-20250607-WA0008-150x91.jpg 150w, https:\/\/cpvsantiago.gob.ar\/web\/wp-content\/uploads\/2025\/06\/IMG-20250607-WA0008-696x421.jpg 696w\" sizes=\"auto, (max-width: 944px) 100vw, 944px\" \/><\/a><\/figure>\n\n\n\n<figure class=\"wp-block-image size-large\"><a href=\"https:\/\/cpvsantiago.gob.ar\/web\/wp-content\/uploads\/2025\/06\/IMG-20250607-WA0010.jpg\"><img loading=\"lazy\" decoding=\"async\" width=\"768\" height=\"1024\" data-id=\"5284\" src=\"https:\/\/cpvsantiago.gob.ar\/web\/wp-content\/uploads\/2025\/06\/IMG-20250607-WA0010-768x1024.jpg\" alt=\"\" class=\"wp-image-5284\" srcset=\"https:\/\/cpvsantiago.gob.ar\/web\/wp-content\/uploads\/2025\/06\/IMG-20250607-WA0010-768x1024.jpg 768w, https:\/\/cpvsantiago.gob.ar\/web\/wp-content\/uploads\/2025\/06\/IMG-20250607-WA0010-225x300.jpg 225w, https:\/\/cpvsantiago.gob.ar\/web\/wp-content\/uploads\/2025\/06\/IMG-20250607-WA0010-1152x1536.jpg 1152w, https:\/\/cpvsantiago.gob.ar\/web\/wp-content\/uploads\/2025\/06\/IMG-20250607-WA0010-150x200.jpg 150w, https:\/\/cpvsantiago.gob.ar\/web\/wp-content\/uploads\/2025\/06\/IMG-20250607-WA0010-300x400.jpg 300w, https:\/\/cpvsantiago.gob.ar\/web\/wp-content\/uploads\/2025\/06\/IMG-20250607-WA0010-696x928.jpg 696w, https:\/\/cpvsantiago.gob.ar\/web\/wp-content\/uploads\/2025\/06\/IMG-20250607-WA0010-1068x1424.jpg 1068w, https:\/\/cpvsantiago.gob.ar\/web\/wp-content\/uploads\/2025\/06\/IMG-20250607-WA0010.jpg 1200w\" sizes=\"auto, (max-width: 768px) 100vw, 768px\" \/><\/a><\/figure>\n\n\n\n<figure class=\"wp-block-image size-large\"><a href=\"https:\/\/cpvsantiago.gob.ar\/web\/wp-content\/uploads\/2025\/06\/IMG-20250607-WA0015.jpg\"><img loading=\"lazy\" decoding=\"async\" width=\"811\" height=\"1024\" data-id=\"5286\" src=\"https:\/\/cpvsantiago.gob.ar\/web\/wp-content\/uploads\/2025\/06\/IMG-20250607-WA0015-811x1024.jpg\" alt=\"\" class=\"wp-image-5286\" srcset=\"https:\/\/cpvsantiago.gob.ar\/web\/wp-content\/uploads\/2025\/06\/IMG-20250607-WA0015-811x1024.jpg 811w, https:\/\/cpvsantiago.gob.ar\/web\/wp-content\/uploads\/2025\/06\/IMG-20250607-WA0015-238x300.jpg 238w, https:\/\/cpvsantiago.gob.ar\/web\/wp-content\/uploads\/2025\/06\/IMG-20250607-WA0015-768x969.jpg 768w, https:\/\/cpvsantiago.gob.ar\/web\/wp-content\/uploads\/2025\/06\/IMG-20250607-WA0015-150x189.jpg 150w, https:\/\/cpvsantiago.gob.ar\/web\/wp-content\/uploads\/2025\/06\/IMG-20250607-WA0015-300x379.jpg 300w, https:\/\/cpvsantiago.gob.ar\/web\/wp-content\/uploads\/2025\/06\/IMG-20250607-WA0015-696x879.jpg 696w, https:\/\/cpvsantiago.gob.ar\/web\/wp-content\/uploads\/2025\/06\/IMG-20250607-WA0015.jpg 915w\" sizes=\"auto, (max-width: 811px) 100vw, 811px\" \/><\/a><\/figure>\n\n\n\n<figure class=\"wp-block-image size-large\"><a href=\"https:\/\/cpvsantiago.gob.ar\/web\/wp-content\/uploads\/2025\/06\/IMG-20250607-WA0017.jpg\"><img loading=\"lazy\" decoding=\"async\" width=\"962\" height=\"665\" data-id=\"5285\" src=\"https:\/\/cpvsantiago.gob.ar\/web\/wp-content\/uploads\/2025\/06\/IMG-20250607-WA0017.jpg\" alt=\"\" class=\"wp-image-5285\" srcset=\"https:\/\/cpvsantiago.gob.ar\/web\/wp-content\/uploads\/2025\/06\/IMG-20250607-WA0017.jpg 962w, https:\/\/cpvsantiago.gob.ar\/web\/wp-content\/uploads\/2025\/06\/IMG-20250607-WA0017-300x207.jpg 300w, https:\/\/cpvsantiago.gob.ar\/web\/wp-content\/uploads\/2025\/06\/IMG-20250607-WA0017-768x531.jpg 768w, https:\/\/cpvsantiago.gob.ar\/web\/wp-content\/uploads\/2025\/06\/IMG-20250607-WA0017-150x104.jpg 150w, https:\/\/cpvsantiago.gob.ar\/web\/wp-content\/uploads\/2025\/06\/IMG-20250607-WA0017-218x150.jpg 218w, https:\/\/cpvsantiago.gob.ar\/web\/wp-content\/uploads\/2025\/06\/IMG-20250607-WA0017-696x481.jpg 696w\" sizes=\"auto, (max-width: 962px) 100vw, 962px\" \/><\/a><\/figure>\n\n\n\n<figure class=\"wp-block-image size-large\"><a href=\"https:\/\/cpvsantiago.gob.ar\/web\/wp-content\/uploads\/2025\/06\/IMG-20250607-WA0018.jpg\"><img loading=\"lazy\" decoding=\"async\" width=\"833\" height=\"1024\" data-id=\"5283\" src=\"https:\/\/cpvsantiago.gob.ar\/web\/wp-content\/uploads\/2025\/06\/IMG-20250607-WA0018-833x1024.jpg\" alt=\"\" class=\"wp-image-5283\" srcset=\"https:\/\/cpvsantiago.gob.ar\/web\/wp-content\/uploads\/2025\/06\/IMG-20250607-WA0018-833x1024.jpg 833w, https:\/\/cpvsantiago.gob.ar\/web\/wp-content\/uploads\/2025\/06\/IMG-20250607-WA0018-244x300.jpg 244w, https:\/\/cpvsantiago.gob.ar\/web\/wp-content\/uploads\/2025\/06\/IMG-20250607-WA0018-768x945.jpg 768w, https:\/\/cpvsantiago.gob.ar\/web\/wp-content\/uploads\/2025\/06\/IMG-20250607-WA0018-150x184.jpg 150w, https:\/\/cpvsantiago.gob.ar\/web\/wp-content\/uploads\/2025\/06\/IMG-20250607-WA0018-300x369.jpg 300w, https:\/\/cpvsantiago.gob.ar\/web\/wp-content\/uploads\/2025\/06\/IMG-20250607-WA0018-696x856.jpg 696w, https:\/\/cpvsantiago.gob.ar\/web\/wp-content\/uploads\/2025\/06\/IMG-20250607-WA0018.jpg 931w\" sizes=\"auto, (max-width: 833px) 100vw, 833px\" \/><\/a><\/figure>\n<\/figure>\n","protected":false},"excerpt":{"rendered":"<p>Personal de la Zona Vial 1B \u201cLa Capilla\u201d, en colaboraci\u00f3n con la Municipalidad de Beltr\u00e1n, efectuaron &nbsp;importantes trabajos en el tramo \u00bb Beltr\u00e1n-San Juan\u00bb, Dpto. Robles, en una longitud de 7 kil\u00f3metros que consistieron en rastrado y limpieza en zona de camino, reconstrucci\u00f3n de B.E.G y banquinas, riego en calzada con agua transportada. Tambi\u00e9n se [&hellip;]<\/p>\n","protected":false},"author":2,"featured_media":5287,"comment_status":"open","ping_status":"open","sticky":false,"template":"","format":"standard","meta":{"footnotes":""},"categories":[12,5,3],"tags":[],"class_list":{"0":"post-5281","1":"post","2":"type-post","3":"status-publish","4":"format-standard","5":"has-post-thumbnail","7":"category-inicio","8":"category-noticias","9":"category-zonas_viales"},"yoast_head":"<!-- This site is optimized with the Yoast SEO Premium plugin v24.8 (Yoast SEO v27.2) - https:\/\/yoast.com\/product\/yoast-seo-premium-wordpress\/ -->\n<title>El C.P.V. efectu\u00f3 importantes trabajos a cargo de la Zona Vial 1 B \u201cLa Capilla\u201d - Consejo Provincial de Vialidad de la Provincia de Santiago del Estero<\/title>\n<meta name=\"robots\" content=\"index, follow, max-snippet:-1, max-image-preview:large, max-video-preview:-1\" \/>\n<link rel=\"canonical\" href=\"https:\/\/cpvsantiago.gob.ar\/web\/el-c-p-v-efectuo-importantes-trabajos-a-cargo-de-la-zona-vial-1-b-la-capilla\/\" \/>\n<meta property=\"og:locale\" content=\"es_ES\" \/>\n<meta property=\"og:type\" content=\"article\" \/>\n<meta property=\"og:title\" content=\"El C.P.V. efectu\u00f3 importantes trabajos a cargo de la Zona Vial 1 B \u201cLa Capilla\u201d\" \/>\n<meta property=\"og:description\" content=\"Personal de la Zona Vial 1B \u201cLa Capilla\u201d, en colaboraci\u00f3n con la Municipalidad de Beltr\u00e1n, efectuaron &nbsp;importantes trabajos en el tramo \u00bb Beltr\u00e1n-San Juan\u00bb, Dpto. Robles, en una longitud de 7 kil\u00f3metros que consistieron en rastrado y limpieza en zona de camino, reconstrucci\u00f3n de B.E.G y banquinas, riego en calzada con agua transportada. Tambi\u00e9n se [&hellip;]\" \/>\n<meta property=\"og:url\" content=\"https:\/\/cpvsantiago.gob.ar\/web\/el-c-p-v-efectuo-importantes-trabajos-a-cargo-de-la-zona-vial-1-b-la-capilla\/\" \/>\n<meta property=\"og:site_name\" content=\"Consejo Provincial de Vialidad de la Provincia de Santiago del Estero\" \/>\n<meta property=\"article:published_time\" content=\"2025-06-09T11:08:59+00:00\" \/>\n<meta property=\"article:modified_time\" content=\"2025-06-09T11:09:03+00:00\" \/>\n<meta property=\"og:image\" content=\"https:\/\/cpvsantiago.gob.ar\/web\/wp-content\/uploads\/2025\/06\/portada.jpg\" \/>\n\t<meta property=\"og:image:width\" content=\"944\" \/>\n\t<meta property=\"og:image:height\" content=\"571\" \/>\n\t<meta property=\"og:image:type\" content=\"image\/jpeg\" \/>\n<meta name=\"author\" content=\"cpv\" \/>\n<meta name=\"twitter:card\" content=\"summary_large_image\" \/>\n<meta name=\"twitter:label1\" content=\"Escrito por\" \/>\n\t<meta name=\"twitter:data1\" content=\"cpv\" \/>\n\t<meta name=\"twitter:label2\" content=\"Tiempo de lectura\" \/>\n\t<meta name=\"twitter:data2\" content=\"2 minutos\" \/>\n<script type=\"application\/ld+json\" class=\"yoast-schema-graph\">{\"@context\":\"https:\/\/schema.org\",\"@graph\":[{\"@type\":\"Article\",\"@id\":\"https:\/\/cpvsantiago.gob.ar\/web\/el-c-p-v-efectuo-importantes-trabajos-a-cargo-de-la-zona-vial-1-b-la-capilla\/#article\",\"isPartOf\":{\"@id\":\"https:\/\/cpvsantiago.gob.ar\/web\/el-c-p-v-efectuo-importantes-trabajos-a-cargo-de-la-zona-vial-1-b-la-capilla\/\"},\"author\":{\"name\":\"cpv\",\"@id\":\"https:\/\/cpvsantiago.gob.ar\/web\/#\/schema\/person\/aa59e9835d5eb750d8585c860224dc06\"},\"headline\":\"El C.P.V. efectu\u00f3 importantes trabajos a cargo de la Zona Vial 1 B \u201cLa Capilla\u201d\",\"datePublished\":\"2025-06-09T11:08:59+00:00\",\"dateModified\":\"2025-06-09T11:09:03+00:00\",\"mainEntityOfPage\":{\"@id\":\"https:\/\/cpvsantiago.gob.ar\/web\/el-c-p-v-efectuo-importantes-trabajos-a-cargo-de-la-zona-vial-1-b-la-capilla\/\"},\"wordCount\":177,\"commentCount\":0,\"image\":{\"@id\":\"https:\/\/cpvsantiago.gob.ar\/web\/el-c-p-v-efectuo-importantes-trabajos-a-cargo-de-la-zona-vial-1-b-la-capilla\/#primaryimage\"},\"thumbnailUrl\":\"https:\/\/cpvsantiago.gob.ar\/web\/wp-content\/uploads\/2025\/06\/portada.jpg\",\"articleSection\":[\"Inicio\",\"Noticias\",\"Zonas Viales\"],\"inLanguage\":\"es\",\"potentialAction\":[{\"@type\":\"CommentAction\",\"name\":\"Comment\",\"target\":[\"https:\/\/cpvsantiago.gob.ar\/web\/el-c-p-v-efectuo-importantes-trabajos-a-cargo-de-la-zona-vial-1-b-la-capilla\/#respond\"]}]},{\"@type\":\"WebPage\",\"@id\":\"https:\/\/cpvsantiago.gob.ar\/web\/el-c-p-v-efectuo-importantes-trabajos-a-cargo-de-la-zona-vial-1-b-la-capilla\/\",\"url\":\"https:\/\/cpvsantiago.gob.ar\/web\/el-c-p-v-efectuo-importantes-trabajos-a-cargo-de-la-zona-vial-1-b-la-capilla\/\",\"name\":\"El C.P.V. efectu\u00f3 importantes trabajos a cargo de la Zona Vial 1 B \u201cLa Capilla\u201d - Consejo Provincial de Vialidad de la Provincia de Santiago del Estero\",\"isPartOf\":{\"@id\":\"https:\/\/cpvsantiago.gob.ar\/web\/#website\"},\"primaryImageOfPage\":{\"@id\":\"https:\/\/cpvsantiago.gob.ar\/web\/el-c-p-v-efectuo-importantes-trabajos-a-cargo-de-la-zona-vial-1-b-la-capilla\/#primaryimage\"},\"image\":{\"@id\":\"https:\/\/cpvsantiago.gob.ar\/web\/el-c-p-v-efectuo-importantes-trabajos-a-cargo-de-la-zona-vial-1-b-la-capilla\/#primaryimage\"},\"thumbnailUrl\":\"https:\/\/cpvsantiago.gob.ar\/web\/wp-content\/uploads\/2025\/06\/portada.jpg\",\"datePublished\":\"2025-06-09T11:08:59+00:00\",\"dateModified\":\"2025-06-09T11:09:03+00:00\",\"author\":{\"@id\":\"https:\/\/cpvsantiago.gob.ar\/web\/#\/schema\/person\/aa59e9835d5eb750d8585c860224dc06\"},\"breadcrumb\":{\"@id\":\"https:\/\/cpvsantiago.gob.ar\/web\/el-c-p-v-efectuo-importantes-trabajos-a-cargo-de-la-zona-vial-1-b-la-capilla\/#breadcrumb\"},\"inLanguage\":\"es\",\"potentialAction\":[{\"@type\":\"ReadAction\",\"target\":[\"https:\/\/cpvsantiago.gob.ar\/web\/el-c-p-v-efectuo-importantes-trabajos-a-cargo-de-la-zona-vial-1-b-la-capilla\/\"]}]},{\"@type\":\"ImageObject\",\"inLanguage\":\"es\",\"@id\":\"https:\/\/cpvsantiago.gob.ar\/web\/el-c-p-v-efectuo-importantes-trabajos-a-cargo-de-la-zona-vial-1-b-la-capilla\/#primaryimage\",\"url\":\"https:\/\/cpvsantiago.gob.ar\/web\/wp-content\/uploads\/2025\/06\/portada.jpg\",\"contentUrl\":\"https:\/\/cpvsantiago.gob.ar\/web\/wp-content\/uploads\/2025\/06\/portada.jpg\",\"width\":944,\"height\":571},{\"@type\":\"BreadcrumbList\",\"@id\":\"https:\/\/cpvsantiago.gob.ar\/web\/el-c-p-v-efectuo-importantes-trabajos-a-cargo-de-la-zona-vial-1-b-la-capilla\/#breadcrumb\",\"itemListElement\":[{\"@type\":\"ListItem\",\"position\":1,\"name\":\"Portada\",\"item\":\"https:\/\/cpvsantiago.gob.ar\/web\/\"},{\"@type\":\"ListItem\",\"position\":2,\"name\":\"El C.P.V. efectu\u00f3 importantes trabajos a cargo de la Zona Vial 1 B \u201cLa Capilla\u201d\"}]},{\"@type\":\"WebSite\",\"@id\":\"https:\/\/cpvsantiago.gob.ar\/web\/#website\",\"url\":\"https:\/\/cpvsantiago.gob.ar\/web\/\",\"name\":\"Consejo Provincial de Vialidad de la Provincia de Santiago del Estero\",\"description\":\"CPV Santiago del Estero\",\"potentialAction\":[{\"@type\":\"SearchAction\",\"target\":{\"@type\":\"EntryPoint\",\"urlTemplate\":\"https:\/\/cpvsantiago.gob.ar\/web\/?s={search_term_string}\"},\"query-input\":{\"@type\":\"PropertyValueSpecification\",\"valueRequired\":true,\"valueName\":\"search_term_string\"}}],\"inLanguage\":\"es\"},{\"@type\":\"Person\",\"@id\":\"https:\/\/cpvsantiago.gob.ar\/web\/#\/schema\/person\/aa59e9835d5eb750d8585c860224dc06\",\"name\":\"cpv\",\"image\":{\"@type\":\"ImageObject\",\"inLanguage\":\"es\",\"@id\":\"https:\/\/secure.gravatar.com\/avatar\/484802c719c69b738102ad3161a3d525b188c752ad36109725aeae22171ead58?s=96&d=mm&r=g\",\"url\":\"https:\/\/secure.gravatar.com\/avatar\/484802c719c69b738102ad3161a3d525b188c752ad36109725aeae22171ead58?s=96&d=mm&r=g\",\"contentUrl\":\"https:\/\/secure.gravatar.com\/avatar\/484802c719c69b738102ad3161a3d525b188c752ad36109725aeae22171ead58?s=96&d=mm&r=g\",\"caption\":\"cpv\"},\"url\":\"https:\/\/cpvsantiago.gob.ar\/web\/author\/h8000593\/\"}]}<\/script>\n<!-- \/ Yoast SEO Premium plugin. -->","yoast_head_json":{"title":"El C.P.V. efectu\u00f3 importantes trabajos a cargo de la Zona Vial 1 B \u201cLa Capilla\u201d - Consejo Provincial de Vialidad de la Provincia de Santiago del Estero","robots":{"index":"index","follow":"follow","max-snippet":"max-snippet:-1","max-image-preview":"max-image-preview:large","max-video-preview":"max-video-preview:-1"},"canonical":"https:\/\/cpvsantiago.gob.ar\/web\/el-c-p-v-efectuo-importantes-trabajos-a-cargo-de-la-zona-vial-1-b-la-capilla\/","og_locale":"es_ES","og_type":"article","og_title":"El C.P.V. efectu\u00f3 importantes trabajos a cargo de la Zona Vial 1 B \u201cLa Capilla\u201d","og_description":"Personal de la Zona Vial 1B \u201cLa Capilla\u201d, en colaboraci\u00f3n con la Municipalidad de Beltr\u00e1n, efectuaron &nbsp;importantes trabajos en el tramo \u00bb Beltr\u00e1n-San Juan\u00bb, Dpto. Robles, en una longitud de 7 kil\u00f3metros que consistieron en rastrado y limpieza en zona de camino, reconstrucci\u00f3n de B.E.G y banquinas, riego en calzada con agua transportada. Tambi\u00e9n se [&hellip;]","og_url":"https:\/\/cpvsantiago.gob.ar\/web\/el-c-p-v-efectuo-importantes-trabajos-a-cargo-de-la-zona-vial-1-b-la-capilla\/","og_site_name":"Consejo Provincial de Vialidad de la Provincia de Santiago del Estero","article_published_time":"2025-06-09T11:08:59+00:00","article_modified_time":"2025-06-09T11:09:03+00:00","og_image":[{"width":944,"height":571,"url":"https:\/\/cpvsantiago.gob.ar\/web\/wp-content\/uploads\/2025\/06\/portada.jpg","type":"image\/jpeg"}],"author":"cpv","twitter_card":"summary_large_image","twitter_misc":{"Escrito por":"cpv","Tiempo de lectura":"2 minutos"},"schema":{"@context":"https:\/\/schema.org","@graph":[{"@type":"Article","@id":"https:\/\/cpvsantiago.gob.ar\/web\/el-c-p-v-efectuo-importantes-trabajos-a-cargo-de-la-zona-vial-1-b-la-capilla\/#article","isPartOf":{"@id":"https:\/\/cpvsantiago.gob.ar\/web\/el-c-p-v-efectuo-importantes-trabajos-a-cargo-de-la-zona-vial-1-b-la-capilla\/"},"author":{"name":"cpv","@id":"https:\/\/cpvsantiago.gob.ar\/web\/#\/schema\/person\/aa59e9835d5eb750d8585c860224dc06"},"headline":"El C.P.V. efectu\u00f3 importantes trabajos a cargo de la Zona Vial 1 B \u201cLa Capilla\u201d","datePublished":"2025-06-09T11:08:59+00:00","dateModified":"2025-06-09T11:09:03+00:00","mainEntityOfPage":{"@id":"https:\/\/cpvsantiago.gob.ar\/web\/el-c-p-v-efectuo-importantes-trabajos-a-cargo-de-la-zona-vial-1-b-la-capilla\/"},"wordCount":177,"commentCount":0,"image":{"@id":"https:\/\/cpvsantiago.gob.ar\/web\/el-c-p-v-efectuo-importantes-trabajos-a-cargo-de-la-zona-vial-1-b-la-capilla\/#primaryimage"},"thumbnailUrl":"https:\/\/cpvsantiago.gob.ar\/web\/wp-content\/uploads\/2025\/06\/portada.jpg","articleSection":["Inicio","Noticias","Zonas Viales"],"inLanguage":"es","potentialAction":[{"@type":"CommentAction","name":"Comment","target":["https:\/\/cpvsantiago.gob.ar\/web\/el-c-p-v-efectuo-importantes-trabajos-a-cargo-de-la-zona-vial-1-b-la-capilla\/#respond"]}]},{"@type":"WebPage","@id":"https:\/\/cpvsantiago.gob.ar\/web\/el-c-p-v-efectuo-importantes-trabajos-a-cargo-de-la-zona-vial-1-b-la-capilla\/","url":"https:\/\/cpvsantiago.gob.ar\/web\/el-c-p-v-efectuo-importantes-trabajos-a-cargo-de-la-zona-vial-1-b-la-capilla\/","name":"El C.P.V. efectu\u00f3 importantes trabajos a cargo de la Zona Vial 1 B \u201cLa Capilla\u201d - Consejo Provincial de Vialidad de la Provincia de Santiago del Estero","isPartOf":{"@id":"https:\/\/cpvsantiago.gob.ar\/web\/#website"},"primaryImageOfPage":{"@id":"https:\/\/cpvsantiago.gob.ar\/web\/el-c-p-v-efectuo-importantes-trabajos-a-cargo-de-la-zona-vial-1-b-la-capilla\/#primaryimage"},"image":{"@id":"https:\/\/cpvsantiago.gob.ar\/web\/el-c-p-v-efectuo-importantes-trabajos-a-cargo-de-la-zona-vial-1-b-la-capilla\/#primaryimage"},"thumbnailUrl":"https:\/\/cpvsantiago.gob.ar\/web\/wp-content\/uploads\/2025\/06\/portada.jpg","datePublished":"2025-06-09T11:08:59+00:00","dateModified":"2025-06-09T11:09:03+00:00","author":{"@id":"https:\/\/cpvsantiago.gob.ar\/web\/#\/schema\/person\/aa59e9835d5eb750d8585c860224dc06"},"breadcrumb":{"@id":"https:\/\/cpvsantiago.gob.ar\/web\/el-c-p-v-efectuo-importantes-trabajos-a-cargo-de-la-zona-vial-1-b-la-capilla\/#breadcrumb"},"inLanguage":"es","potentialAction":[{"@type":"ReadAction","target":["https:\/\/cpvsantiago.gob.ar\/web\/el-c-p-v-efectuo-importantes-trabajos-a-cargo-de-la-zona-vial-1-b-la-capilla\/"]}]},{"@type":"ImageObject","inLanguage":"es","@id":"https:\/\/cpvsantiago.gob.ar\/web\/el-c-p-v-efectuo-importantes-trabajos-a-cargo-de-la-zona-vial-1-b-la-capilla\/#primaryimage","url":"https:\/\/cpvsantiago.gob.ar\/web\/wp-content\/uploads\/2025\/06\/portada.jpg","contentUrl":"https:\/\/cpvsantiago.gob.ar\/web\/wp-content\/uploads\/2025\/06\/portada.jpg","width":944,"height":571},{"@type":"BreadcrumbList","@id":"https:\/\/cpvsantiago.gob.ar\/web\/el-c-p-v-efectuo-importantes-trabajos-a-cargo-de-la-zona-vial-1-b-la-capilla\/#breadcrumb","itemListElement":[{"@type":"ListItem","position":1,"name":"Portada","item":"https:\/\/cpvsantiago.gob.ar\/web\/"},{"@type":"ListItem","position":2,"name":"El C.P.V. efectu\u00f3 importantes trabajos a cargo de la Zona Vial 1 B \u201cLa Capilla\u201d"}]},{"@type":"WebSite","@id":"https:\/\/cpvsantiago.gob.ar\/web\/#website","url":"https:\/\/cpvsantiago.gob.ar\/web\/","name":"Consejo Provincial de Vialidad de la Provincia de Santiago del Estero","description":"CPV Santiago del Estero","potentialAction":[{"@type":"SearchAction","target":{"@type":"EntryPoint","urlTemplate":"https:\/\/cpvsantiago.gob.ar\/web\/?s={search_term_string}"},"query-input":{"@type":"PropertyValueSpecification","valueRequired":true,"valueName":"search_term_string"}}],"inLanguage":"es"},{"@type":"Person","@id":"https:\/\/cpvsantiago.gob.ar\/web\/#\/schema\/person\/aa59e9835d5eb750d8585c860224dc06","name":"cpv","image":{"@type":"ImageObject","inLanguage":"es","@id":"https:\/\/secure.gravatar.com\/avatar\/484802c719c69b738102ad3161a3d525b188c752ad36109725aeae22171ead58?s=96&d=mm&r=g","url":"https:\/\/secure.gravatar.com\/avatar\/484802c719c69b738102ad3161a3d525b188c752ad36109725aeae22171ead58?s=96&d=mm&r=g","contentUrl":"https:\/\/secure.gravatar.com\/avatar\/484802c719c69b738102ad3161a3d525b188c752ad36109725aeae22171ead58?s=96&d=mm&r=g","caption":"cpv"},"url":"https:\/\/cpvsantiago.gob.ar\/web\/author\/h8000593\/"}]}},"_links":{"self":[{"href":"https:\/\/cpvsantiago.gob.ar\/web\/wp-json\/wp\/v2\/posts\/5281","targetHints":{"allow":["GET"]}}],"collection":[{"href":"https:\/\/cpvsantiago.gob.ar\/web\/wp-json\/wp\/v2\/posts"}],"about":[{"href":"https:\/\/cpvsantiago.gob.ar\/web\/wp-json\/wp\/v2\/types\/post"}],"author":[{"embeddable":true,"href":"https:\/\/cpvsantiago.gob.ar\/web\/wp-json\/wp\/v2\/users\/2"}],"replies":[{"embeddable":true,"href":"https:\/\/cpvsantiago.gob.ar\/web\/wp-json\/wp\/v2\/comments?post=5281"}],"version-history":[{"count":1,"href":"https:\/\/cpvsantiago.gob.ar\/web\/wp-json\/wp\/v2\/posts\/5281\/revisions"}],"predecessor-version":[{"id":5288,"href":"https:\/\/cpvsantiago.gob.ar\/web\/wp-json\/wp\/v2\/posts\/5281\/revisions\/5288"}],"wp:featuredmedia":[{"embeddable":true,"href":"https:\/\/cpvsantiago.gob.ar\/web\/wp-json\/wp\/v2\/media\/5287"}],"wp:attachment":[{"href":"https:\/\/cpvsantiago.gob.ar\/web\/wp-json\/wp\/v2\/media?parent=5281"}],"wp:term":[{"taxonomy":"category","embeddable":true,"href":"https:\/\/cpvsantiago.gob.ar\/web\/wp-json\/wp\/v2\/categories?post=5281"},{"taxonomy":"post_tag","embeddable":true,"href":"https:\/\/cpvsantiago.gob.ar\/web\/wp-json\/wp\/v2\/tags?post=5281"}],"curies":[{"name":"wp","href":"https:\/\/api.w.org\/{rel}","templated":true}]}}