{"id":5290,"date":"2025-06-13T10:01:56","date_gmt":"2025-06-13T13:01:56","guid":{"rendered":"https:\/\/cpvsantiago.gob.ar\/web\/?p=5290"},"modified":"2025-06-13T10:07:13","modified_gmt":"2025-06-13T13:07:13","slug":"conmemoracion-del-dia-nacional-de-la-seguridad-vial-en-el-cpv","status":"publish","type":"post","link":"https:\/\/cpvsantiago.gob.ar\/web\/conmemoracion-del-dia-nacional-de-la-seguridad-vial-en-el-cpv\/","title":{"rendered":"Conmemoraci\u00f3n del D\u00eda Nacional de la Seguridad Vial"},"content":{"rendered":"\n<p>El martes 10 de junio se realiz\u00f3 un acto en el Hall de Entrada del Consejo Provincial de Vialidad para conmemorar el D\u00eda Nacional de la Seguridad Vial.\u00a0 En esa instancia, el Presidente del Organismo, el Ing. Jos\u00e9 F\u00e9lix Alfano, se dirigi\u00f3 a la audiencia para hablar sobre la fecha y luego procedi\u00f3 a izar la Bandera de la Naci\u00f3n.\u00a0 A continuaci\u00f3n\u00a0 se llev\u00f3 a cabo en el Sal\u00f3n de Actos\u00a0 la charla sobre\u00a0 \u201cMovilidad e infancia: seguridad hacia el\u00a0 futuro \u00bfC\u00f3mo y qu\u00e9 ense\u00f1arle a los ni\u00f1os y ni\u00f1as para la movilidad segura?\u201d, a cargo de la Lic. Sandra Crescente. \u00a0Participaron de esta jornada conmemorativa los empleados del Consejo y p\u00fablico en general.<\/p>\n\n\n\n<figure class=\"wp-block-gallery has-nested-images columns-default is-cropped wp-block-gallery-1 is-layout-flex wp-block-gallery-is-layout-flex\">\n<figure class=\"wp-block-image size-large\"><a href=\"https:\/\/cpvsantiago.gob.ar\/web\/wp-content\/uploads\/2025\/06\/foto-002.jpg\"><img loading=\"lazy\" decoding=\"async\" width=\"1024\" height=\"768\" data-id=\"5294\" src=\"https:\/\/cpvsantiago.gob.ar\/web\/wp-content\/uploads\/2025\/06\/foto-002-1024x768.jpg\" alt=\"\" class=\"wp-image-5294\" srcset=\"https:\/\/cpvsantiago.gob.ar\/web\/wp-content\/uploads\/2025\/06\/foto-002-1024x768.jpg 1024w, https:\/\/cpvsantiago.gob.ar\/web\/wp-content\/uploads\/2025\/06\/foto-002-300x225.jpg 300w, https:\/\/cpvsantiago.gob.ar\/web\/wp-content\/uploads\/2025\/06\/foto-002-768x576.jpg 768w, https:\/\/cpvsantiago.gob.ar\/web\/wp-content\/uploads\/2025\/06\/foto-002-150x113.jpg 150w, https:\/\/cpvsantiago.gob.ar\/web\/wp-content\/uploads\/2025\/06\/foto-002-696x522.jpg 696w, https:\/\/cpvsantiago.gob.ar\/web\/wp-content\/uploads\/2025\/06\/foto-002-1068x801.jpg 1068w, https:\/\/cpvsantiago.gob.ar\/web\/wp-content\/uploads\/2025\/06\/foto-002.jpg 1280w\" sizes=\"auto, (max-width: 1024px) 100vw, 1024px\" \/><\/a><\/figure>\n\n\n\n<figure class=\"wp-block-image size-large\"><a href=\"https:\/\/cpvsantiago.gob.ar\/web\/wp-content\/uploads\/2025\/06\/foto-003.jpg\"><img loading=\"lazy\" decoding=\"async\" width=\"1024\" height=\"768\" data-id=\"5296\" src=\"https:\/\/cpvsantiago.gob.ar\/web\/wp-content\/uploads\/2025\/06\/foto-003-1024x768.jpg\" alt=\"\" class=\"wp-image-5296\" srcset=\"https:\/\/cpvsantiago.gob.ar\/web\/wp-content\/uploads\/2025\/06\/foto-003-1024x768.jpg 1024w, https:\/\/cpvsantiago.gob.ar\/web\/wp-content\/uploads\/2025\/06\/foto-003-300x225.jpg 300w, https:\/\/cpvsantiago.gob.ar\/web\/wp-content\/uploads\/2025\/06\/foto-003-768x576.jpg 768w, https:\/\/cpvsantiago.gob.ar\/web\/wp-content\/uploads\/2025\/06\/foto-003-150x113.jpg 150w, https:\/\/cpvsantiago.gob.ar\/web\/wp-content\/uploads\/2025\/06\/foto-003-696x522.jpg 696w, https:\/\/cpvsantiago.gob.ar\/web\/wp-content\/uploads\/2025\/06\/foto-003-1068x801.jpg 1068w, https:\/\/cpvsantiago.gob.ar\/web\/wp-content\/uploads\/2025\/06\/foto-003.jpg 1280w\" sizes=\"auto, (max-width: 1024px) 100vw, 1024px\" \/><\/a><\/figure>\n\n\n\n<figure class=\"wp-block-image size-large\"><a href=\"https:\/\/cpvsantiago.gob.ar\/web\/wp-content\/uploads\/2025\/06\/foto-004.jpg\"><img loading=\"lazy\" decoding=\"async\" width=\"989\" height=\"555\" data-id=\"5291\" src=\"https:\/\/cpvsantiago.gob.ar\/web\/wp-content\/uploads\/2025\/06\/foto-004.jpg\" alt=\"\" class=\"wp-image-5291\" srcset=\"https:\/\/cpvsantiago.gob.ar\/web\/wp-content\/uploads\/2025\/06\/foto-004.jpg 989w, https:\/\/cpvsantiago.gob.ar\/web\/wp-content\/uploads\/2025\/06\/foto-004-300x168.jpg 300w, https:\/\/cpvsantiago.gob.ar\/web\/wp-content\/uploads\/2025\/06\/foto-004-768x431.jpg 768w, https:\/\/cpvsantiago.gob.ar\/web\/wp-content\/uploads\/2025\/06\/foto-004-150x84.jpg 150w, https:\/\/cpvsantiago.gob.ar\/web\/wp-content\/uploads\/2025\/06\/foto-004-696x391.jpg 696w\" sizes=\"auto, (max-width: 989px) 100vw, 989px\" \/><\/a><\/figure>\n\n\n\n<figure class=\"wp-block-image size-large\"><a href=\"https:\/\/cpvsantiago.gob.ar\/web\/wp-content\/uploads\/2025\/06\/foto-005.jpg\"><img loading=\"lazy\" decoding=\"async\" width=\"1024\" height=\"429\" data-id=\"5292\" src=\"https:\/\/cpvsantiago.gob.ar\/web\/wp-content\/uploads\/2025\/06\/foto-005-1024x429.jpg\" alt=\"\" class=\"wp-image-5292\" srcset=\"https:\/\/cpvsantiago.gob.ar\/web\/wp-content\/uploads\/2025\/06\/foto-005-1024x429.jpg 1024w, https:\/\/cpvsantiago.gob.ar\/web\/wp-content\/uploads\/2025\/06\/foto-005-300x126.jpg 300w, https:\/\/cpvsantiago.gob.ar\/web\/wp-content\/uploads\/2025\/06\/foto-005-768x322.jpg 768w, https:\/\/cpvsantiago.gob.ar\/web\/wp-content\/uploads\/2025\/06\/foto-005-150x63.jpg 150w, https:\/\/cpvsantiago.gob.ar\/web\/wp-content\/uploads\/2025\/06\/foto-005-696x292.jpg 696w, https:\/\/cpvsantiago.gob.ar\/web\/wp-content\/uploads\/2025\/06\/foto-005-1068x448.jpg 1068w, https:\/\/cpvsantiago.gob.ar\/web\/wp-content\/uploads\/2025\/06\/foto-005.jpg 1197w\" sizes=\"auto, (max-width: 1024px) 100vw, 1024px\" \/><\/a><\/figure>\n\n\n\n<figure class=\"wp-block-image size-large\"><a href=\"https:\/\/cpvsantiago.gob.ar\/web\/wp-content\/uploads\/2025\/06\/foto-006.jpg\"><img loading=\"lazy\" decoding=\"async\" width=\"1024\" height=\"466\" data-id=\"5295\" src=\"https:\/\/cpvsantiago.gob.ar\/web\/wp-content\/uploads\/2025\/06\/foto-006-1024x466.jpg\" alt=\"\" class=\"wp-image-5295\" srcset=\"https:\/\/cpvsantiago.gob.ar\/web\/wp-content\/uploads\/2025\/06\/foto-006-1024x466.jpg 1024w, https:\/\/cpvsantiago.gob.ar\/web\/wp-content\/uploads\/2025\/06\/foto-006-300x136.jpg 300w, https:\/\/cpvsantiago.gob.ar\/web\/wp-content\/uploads\/2025\/06\/foto-006-768x349.jpg 768w, https:\/\/cpvsantiago.gob.ar\/web\/wp-content\/uploads\/2025\/06\/foto-006-150x68.jpg 150w, https:\/\/cpvsantiago.gob.ar\/web\/wp-content\/uploads\/2025\/06\/foto-006-696x316.jpg 696w, https:\/\/cpvsantiago.gob.ar\/web\/wp-content\/uploads\/2025\/06\/foto-006-1068x486.jpg 1068w, https:\/\/cpvsantiago.gob.ar\/web\/wp-content\/uploads\/2025\/06\/foto-006.jpg 1267w\" sizes=\"auto, (max-width: 1024px) 100vw, 1024px\" \/><\/a><\/figure>\n\n\n\n<figure class=\"wp-block-image size-large\"><a href=\"https:\/\/cpvsantiago.gob.ar\/web\/wp-content\/uploads\/2025\/06\/foto-007.jpg\"><img loading=\"lazy\" decoding=\"async\" width=\"731\" height=\"425\" data-id=\"5293\" src=\"https:\/\/cpvsantiago.gob.ar\/web\/wp-content\/uploads\/2025\/06\/foto-007.jpg\" alt=\"\" class=\"wp-image-5293\" srcset=\"https:\/\/cpvsantiago.gob.ar\/web\/wp-content\/uploads\/2025\/06\/foto-007.jpg 731w, https:\/\/cpvsantiago.gob.ar\/web\/wp-content\/uploads\/2025\/06\/foto-007-300x174.jpg 300w, https:\/\/cpvsantiago.gob.ar\/web\/wp-content\/uploads\/2025\/06\/foto-007-150x87.jpg 150w, https:\/\/cpvsantiago.gob.ar\/web\/wp-content\/uploads\/2025\/06\/foto-007-696x405.jpg 696w\" sizes=\"auto, (max-width: 731px) 100vw, 731px\" \/><\/a><\/figure>\n<\/figure>\n","protected":false},"excerpt":{"rendered":"<p>El martes 10 de junio se realiz\u00f3 un acto en el Hall de Entrada del Consejo Provincial de Vialidad para conmemorar el D\u00eda Nacional de la Seguridad Vial.\u00a0 En esa instancia, el Presidente del Organismo, el Ing. Jos\u00e9 F\u00e9lix Alfano, se dirigi\u00f3 a la audiencia para hablar sobre la fecha y luego procedi\u00f3 a izar [&hellip;]<\/p>\n","protected":false},"author":2,"featured_media":5297,"comment_status":"open","ping_status":"open","sticky":false,"template":"","format":"standard","meta":{"footnotes":""},"categories":[7,5],"tags":[],"class_list":{"0":"post-5290","1":"post","2":"type-post","3":"status-publish","4":"format-standard","5":"has-post-thumbnail","7":"category-eventos","8":"category-noticias"},"yoast_head":"<!-- This site is optimized with the Yoast SEO Premium plugin v24.8 (Yoast SEO v27.2) - https:\/\/yoast.com\/product\/yoast-seo-premium-wordpress\/ -->\n<title>Conmemoraci\u00f3n del D\u00eda Nacional de la Seguridad Vial - Consejo Provincial de Vialidad de la Provincia de Santiago del Estero<\/title>\n<meta name=\"robots\" content=\"index, follow, max-snippet:-1, max-image-preview:large, max-video-preview:-1\" \/>\n<link rel=\"canonical\" href=\"https:\/\/cpvsantiago.gob.ar\/web\/conmemoracion-del-dia-nacional-de-la-seguridad-vial-en-el-cpv\/\" \/>\n<meta property=\"og:locale\" content=\"es_ES\" \/>\n<meta property=\"og:type\" content=\"article\" \/>\n<meta property=\"og:title\" content=\"Conmemoraci\u00f3n del D\u00eda Nacional de la Seguridad Vial\" \/>\n<meta property=\"og:description\" content=\"El martes 10 de junio se realiz\u00f3 un acto en el Hall de Entrada del Consejo Provincial de Vialidad para conmemorar el D\u00eda Nacional de la Seguridad Vial.\u00a0 En esa instancia, el Presidente del Organismo, el Ing. Jos\u00e9 F\u00e9lix Alfano, se dirigi\u00f3 a la audiencia para hablar sobre la fecha y luego procedi\u00f3 a izar [&hellip;]\" \/>\n<meta property=\"og:url\" content=\"https:\/\/cpvsantiago.gob.ar\/web\/conmemoracion-del-dia-nacional-de-la-seguridad-vial-en-el-cpv\/\" \/>\n<meta property=\"og:site_name\" content=\"Consejo Provincial de Vialidad de la Provincia de Santiago del Estero\" \/>\n<meta property=\"article:published_time\" content=\"2025-06-13T13:01:56+00:00\" \/>\n<meta property=\"article:modified_time\" content=\"2025-06-13T13:07:13+00:00\" \/>\n<meta property=\"og:image\" content=\"https:\/\/cpvsantiago.gob.ar\/web\/wp-content\/uploads\/2025\/06\/portada.jpeg\" \/>\n\t<meta property=\"og:image:width\" content=\"989\" \/>\n\t<meta property=\"og:image:height\" content=\"555\" \/>\n\t<meta property=\"og:image:type\" content=\"image\/jpeg\" \/>\n<meta name=\"author\" content=\"cpv\" \/>\n<meta name=\"twitter:card\" content=\"summary_large_image\" \/>\n<meta name=\"twitter:label1\" content=\"Escrito por\" \/>\n\t<meta name=\"twitter:data1\" content=\"cpv\" \/>\n\t<meta name=\"twitter:label2\" content=\"Tiempo de lectura\" \/>\n\t<meta name=\"twitter:data2\" content=\"2 minutos\" \/>\n<script type=\"application\/ld+json\" class=\"yoast-schema-graph\">{\"@context\":\"https:\/\/schema.org\",\"@graph\":[{\"@type\":\"Article\",\"@id\":\"https:\/\/cpvsantiago.gob.ar\/web\/conmemoracion-del-dia-nacional-de-la-seguridad-vial-en-el-cpv\/#article\",\"isPartOf\":{\"@id\":\"https:\/\/cpvsantiago.gob.ar\/web\/conmemoracion-del-dia-nacional-de-la-seguridad-vial-en-el-cpv\/\"},\"author\":{\"name\":\"cpv\",\"@id\":\"https:\/\/cpvsantiago.gob.ar\/web\/#\/schema\/person\/aa59e9835d5eb750d8585c860224dc06\"},\"headline\":\"Conmemoraci\u00f3n del D\u00eda Nacional de la Seguridad Vial\",\"datePublished\":\"2025-06-13T13:01:56+00:00\",\"dateModified\":\"2025-06-13T13:07:13+00:00\",\"mainEntityOfPage\":{\"@id\":\"https:\/\/cpvsantiago.gob.ar\/web\/conmemoracion-del-dia-nacional-de-la-seguridad-vial-en-el-cpv\/\"},\"wordCount\":133,\"commentCount\":0,\"image\":{\"@id\":\"https:\/\/cpvsantiago.gob.ar\/web\/conmemoracion-del-dia-nacional-de-la-seguridad-vial-en-el-cpv\/#primaryimage\"},\"thumbnailUrl\":\"https:\/\/cpvsantiago.gob.ar\/web\/wp-content\/uploads\/2025\/06\/portada.jpeg\",\"articleSection\":[\"Eventos\",\"Noticias\"],\"inLanguage\":\"es\",\"potentialAction\":[{\"@type\":\"CommentAction\",\"name\":\"Comment\",\"target\":[\"https:\/\/cpvsantiago.gob.ar\/web\/conmemoracion-del-dia-nacional-de-la-seguridad-vial-en-el-cpv\/#respond\"]}]},{\"@type\":\"WebPage\",\"@id\":\"https:\/\/cpvsantiago.gob.ar\/web\/conmemoracion-del-dia-nacional-de-la-seguridad-vial-en-el-cpv\/\",\"url\":\"https:\/\/cpvsantiago.gob.ar\/web\/conmemoracion-del-dia-nacional-de-la-seguridad-vial-en-el-cpv\/\",\"name\":\"Conmemoraci\u00f3n del D\u00eda Nacional de la Seguridad Vial - Consejo Provincial de Vialidad de la Provincia de Santiago del Estero\",\"isPartOf\":{\"@id\":\"https:\/\/cpvsantiago.gob.ar\/web\/#website\"},\"primaryImageOfPage\":{\"@id\":\"https:\/\/cpvsantiago.gob.ar\/web\/conmemoracion-del-dia-nacional-de-la-seguridad-vial-en-el-cpv\/#primaryimage\"},\"image\":{\"@id\":\"https:\/\/cpvsantiago.gob.ar\/web\/conmemoracion-del-dia-nacional-de-la-seguridad-vial-en-el-cpv\/#primaryimage\"},\"thumbnailUrl\":\"https:\/\/cpvsantiago.gob.ar\/web\/wp-content\/uploads\/2025\/06\/portada.jpeg\",\"datePublished\":\"2025-06-13T13:01:56+00:00\",\"dateModified\":\"2025-06-13T13:07:13+00:00\",\"author\":{\"@id\":\"https:\/\/cpvsantiago.gob.ar\/web\/#\/schema\/person\/aa59e9835d5eb750d8585c860224dc06\"},\"breadcrumb\":{\"@id\":\"https:\/\/cpvsantiago.gob.ar\/web\/conmemoracion-del-dia-nacional-de-la-seguridad-vial-en-el-cpv\/#breadcrumb\"},\"inLanguage\":\"es\",\"potentialAction\":[{\"@type\":\"ReadAction\",\"target\":[\"https:\/\/cpvsantiago.gob.ar\/web\/conmemoracion-del-dia-nacional-de-la-seguridad-vial-en-el-cpv\/\"]}]},{\"@type\":\"ImageObject\",\"inLanguage\":\"es\",\"@id\":\"https:\/\/cpvsantiago.gob.ar\/web\/conmemoracion-del-dia-nacional-de-la-seguridad-vial-en-el-cpv\/#primaryimage\",\"url\":\"https:\/\/cpvsantiago.gob.ar\/web\/wp-content\/uploads\/2025\/06\/portada.jpeg\",\"contentUrl\":\"https:\/\/cpvsantiago.gob.ar\/web\/wp-content\/uploads\/2025\/06\/portada.jpeg\",\"width\":989,\"height\":555},{\"@type\":\"BreadcrumbList\",\"@id\":\"https:\/\/cpvsantiago.gob.ar\/web\/conmemoracion-del-dia-nacional-de-la-seguridad-vial-en-el-cpv\/#breadcrumb\",\"itemListElement\":[{\"@type\":\"ListItem\",\"position\":1,\"name\":\"Portada\",\"item\":\"https:\/\/cpvsantiago.gob.ar\/web\/\"},{\"@type\":\"ListItem\",\"position\":2,\"name\":\"Conmemoraci\u00f3n del D\u00eda Nacional de la Seguridad Vial\"}]},{\"@type\":\"WebSite\",\"@id\":\"https:\/\/cpvsantiago.gob.ar\/web\/#website\",\"url\":\"https:\/\/cpvsantiago.gob.ar\/web\/\",\"name\":\"Consejo Provincial de Vialidad de la Provincia de Santiago del Estero\",\"description\":\"CPV Santiago del Estero\",\"potentialAction\":[{\"@type\":\"SearchAction\",\"target\":{\"@type\":\"EntryPoint\",\"urlTemplate\":\"https:\/\/cpvsantiago.gob.ar\/web\/?s={search_term_string}\"},\"query-input\":{\"@type\":\"PropertyValueSpecification\",\"valueRequired\":true,\"valueName\":\"search_term_string\"}}],\"inLanguage\":\"es\"},{\"@type\":\"Person\",\"@id\":\"https:\/\/cpvsantiago.gob.ar\/web\/#\/schema\/person\/aa59e9835d5eb750d8585c860224dc06\",\"name\":\"cpv\",\"image\":{\"@type\":\"ImageObject\",\"inLanguage\":\"es\",\"@id\":\"https:\/\/secure.gravatar.com\/avatar\/484802c719c69b738102ad3161a3d525b188c752ad36109725aeae22171ead58?s=96&d=mm&r=g\",\"url\":\"https:\/\/secure.gravatar.com\/avatar\/484802c719c69b738102ad3161a3d525b188c752ad36109725aeae22171ead58?s=96&d=mm&r=g\",\"contentUrl\":\"https:\/\/secure.gravatar.com\/avatar\/484802c719c69b738102ad3161a3d525b188c752ad36109725aeae22171ead58?s=96&d=mm&r=g\",\"caption\":\"cpv\"},\"url\":\"https:\/\/cpvsantiago.gob.ar\/web\/author\/h8000593\/\"}]}<\/script>\n<!-- \/ Yoast SEO Premium plugin. -->","yoast_head_json":{"title":"Conmemoraci\u00f3n del D\u00eda Nacional de la Seguridad Vial - Consejo Provincial de Vialidad de la Provincia de Santiago del Estero","robots":{"index":"index","follow":"follow","max-snippet":"max-snippet:-1","max-image-preview":"max-image-preview:large","max-video-preview":"max-video-preview:-1"},"canonical":"https:\/\/cpvsantiago.gob.ar\/web\/conmemoracion-del-dia-nacional-de-la-seguridad-vial-en-el-cpv\/","og_locale":"es_ES","og_type":"article","og_title":"Conmemoraci\u00f3n del D\u00eda Nacional de la Seguridad Vial","og_description":"El martes 10 de junio se realiz\u00f3 un acto en el Hall de Entrada del Consejo Provincial de Vialidad para conmemorar el D\u00eda Nacional de la Seguridad Vial.\u00a0 En esa instancia, el Presidente del Organismo, el Ing. Jos\u00e9 F\u00e9lix Alfano, se dirigi\u00f3 a la audiencia para hablar sobre la fecha y luego procedi\u00f3 a izar [&hellip;]","og_url":"https:\/\/cpvsantiago.gob.ar\/web\/conmemoracion-del-dia-nacional-de-la-seguridad-vial-en-el-cpv\/","og_site_name":"Consejo Provincial de Vialidad de la Provincia de Santiago del Estero","article_published_time":"2025-06-13T13:01:56+00:00","article_modified_time":"2025-06-13T13:07:13+00:00","og_image":[{"width":989,"height":555,"url":"https:\/\/cpvsantiago.gob.ar\/web\/wp-content\/uploads\/2025\/06\/portada.jpeg","type":"image\/jpeg"}],"author":"cpv","twitter_card":"summary_large_image","twitter_misc":{"Escrito por":"cpv","Tiempo de lectura":"2 minutos"},"schema":{"@context":"https:\/\/schema.org","@graph":[{"@type":"Article","@id":"https:\/\/cpvsantiago.gob.ar\/web\/conmemoracion-del-dia-nacional-de-la-seguridad-vial-en-el-cpv\/#article","isPartOf":{"@id":"https:\/\/cpvsantiago.gob.ar\/web\/conmemoracion-del-dia-nacional-de-la-seguridad-vial-en-el-cpv\/"},"author":{"name":"cpv","@id":"https:\/\/cpvsantiago.gob.ar\/web\/#\/schema\/person\/aa59e9835d5eb750d8585c860224dc06"},"headline":"Conmemoraci\u00f3n del D\u00eda Nacional de la Seguridad Vial","datePublished":"2025-06-13T13:01:56+00:00","dateModified":"2025-06-13T13:07:13+00:00","mainEntityOfPage":{"@id":"https:\/\/cpvsantiago.gob.ar\/web\/conmemoracion-del-dia-nacional-de-la-seguridad-vial-en-el-cpv\/"},"wordCount":133,"commentCount":0,"image":{"@id":"https:\/\/cpvsantiago.gob.ar\/web\/conmemoracion-del-dia-nacional-de-la-seguridad-vial-en-el-cpv\/#primaryimage"},"thumbnailUrl":"https:\/\/cpvsantiago.gob.ar\/web\/wp-content\/uploads\/2025\/06\/portada.jpeg","articleSection":["Eventos","Noticias"],"inLanguage":"es","potentialAction":[{"@type":"CommentAction","name":"Comment","target":["https:\/\/cpvsantiago.gob.ar\/web\/conmemoracion-del-dia-nacional-de-la-seguridad-vial-en-el-cpv\/#respond"]}]},{"@type":"WebPage","@id":"https:\/\/cpvsantiago.gob.ar\/web\/conmemoracion-del-dia-nacional-de-la-seguridad-vial-en-el-cpv\/","url":"https:\/\/cpvsantiago.gob.ar\/web\/conmemoracion-del-dia-nacional-de-la-seguridad-vial-en-el-cpv\/","name":"Conmemoraci\u00f3n del D\u00eda Nacional de la Seguridad Vial - Consejo Provincial de Vialidad de la Provincia de Santiago del Estero","isPartOf":{"@id":"https:\/\/cpvsantiago.gob.ar\/web\/#website"},"primaryImageOfPage":{"@id":"https:\/\/cpvsantiago.gob.ar\/web\/conmemoracion-del-dia-nacional-de-la-seguridad-vial-en-el-cpv\/#primaryimage"},"image":{"@id":"https:\/\/cpvsantiago.gob.ar\/web\/conmemoracion-del-dia-nacional-de-la-seguridad-vial-en-el-cpv\/#primaryimage"},"thumbnailUrl":"https:\/\/cpvsantiago.gob.ar\/web\/wp-content\/uploads\/2025\/06\/portada.jpeg","datePublished":"2025-06-13T13:01:56+00:00","dateModified":"2025-06-13T13:07:13+00:00","author":{"@id":"https:\/\/cpvsantiago.gob.ar\/web\/#\/schema\/person\/aa59e9835d5eb750d8585c860224dc06"},"breadcrumb":{"@id":"https:\/\/cpvsantiago.gob.ar\/web\/conmemoracion-del-dia-nacional-de-la-seguridad-vial-en-el-cpv\/#breadcrumb"},"inLanguage":"es","potentialAction":[{"@type":"ReadAction","target":["https:\/\/cpvsantiago.gob.ar\/web\/conmemoracion-del-dia-nacional-de-la-seguridad-vial-en-el-cpv\/"]}]},{"@type":"ImageObject","inLanguage":"es","@id":"https:\/\/cpvsantiago.gob.ar\/web\/conmemoracion-del-dia-nacional-de-la-seguridad-vial-en-el-cpv\/#primaryimage","url":"https:\/\/cpvsantiago.gob.ar\/web\/wp-content\/uploads\/2025\/06\/portada.jpeg","contentUrl":"https:\/\/cpvsantiago.gob.ar\/web\/wp-content\/uploads\/2025\/06\/portada.jpeg","width":989,"height":555},{"@type":"BreadcrumbList","@id":"https:\/\/cpvsantiago.gob.ar\/web\/conmemoracion-del-dia-nacional-de-la-seguridad-vial-en-el-cpv\/#breadcrumb","itemListElement":[{"@type":"ListItem","position":1,"name":"Portada","item":"https:\/\/cpvsantiago.gob.ar\/web\/"},{"@type":"ListItem","position":2,"name":"Conmemoraci\u00f3n del D\u00eda Nacional de la Seguridad Vial"}]},{"@type":"WebSite","@id":"https:\/\/cpvsantiago.gob.ar\/web\/#website","url":"https:\/\/cpvsantiago.gob.ar\/web\/","name":"Consejo Provincial de Vialidad de la Provincia de Santiago del Estero","description":"CPV Santiago del Estero","potentialAction":[{"@type":"SearchAction","target":{"@type":"EntryPoint","urlTemplate":"https:\/\/cpvsantiago.gob.ar\/web\/?s={search_term_string}"},"query-input":{"@type":"PropertyValueSpecification","valueRequired":true,"valueName":"search_term_string"}}],"inLanguage":"es"},{"@type":"Person","@id":"https:\/\/cpvsantiago.gob.ar\/web\/#\/schema\/person\/aa59e9835d5eb750d8585c860224dc06","name":"cpv","image":{"@type":"ImageObject","inLanguage":"es","@id":"https:\/\/secure.gravatar.com\/avatar\/484802c719c69b738102ad3161a3d525b188c752ad36109725aeae22171ead58?s=96&d=mm&r=g","url":"https:\/\/secure.gravatar.com\/avatar\/484802c719c69b738102ad3161a3d525b188c752ad36109725aeae22171ead58?s=96&d=mm&r=g","contentUrl":"https:\/\/secure.gravatar.com\/avatar\/484802c719c69b738102ad3161a3d525b188c752ad36109725aeae22171ead58?s=96&d=mm&r=g","caption":"cpv"},"url":"https:\/\/cpvsantiago.gob.ar\/web\/author\/h8000593\/"}]}},"_links":{"self":[{"href":"https:\/\/cpvsantiago.gob.ar\/web\/wp-json\/wp\/v2\/posts\/5290","targetHints":{"allow":["GET"]}}],"collection":[{"href":"https:\/\/cpvsantiago.gob.ar\/web\/wp-json\/wp\/v2\/posts"}],"about":[{"href":"https:\/\/cpvsantiago.gob.ar\/web\/wp-json\/wp\/v2\/types\/post"}],"author":[{"embeddable":true,"href":"https:\/\/cpvsantiago.gob.ar\/web\/wp-json\/wp\/v2\/users\/2"}],"replies":[{"embeddable":true,"href":"https:\/\/cpvsantiago.gob.ar\/web\/wp-json\/wp\/v2\/comments?post=5290"}],"version-history":[{"count":2,"href":"https:\/\/cpvsantiago.gob.ar\/web\/wp-json\/wp\/v2\/posts\/5290\/revisions"}],"predecessor-version":[{"id":5299,"href":"https:\/\/cpvsantiago.gob.ar\/web\/wp-json\/wp\/v2\/posts\/5290\/revisions\/5299"}],"wp:featuredmedia":[{"embeddable":true,"href":"https:\/\/cpvsantiago.gob.ar\/web\/wp-json\/wp\/v2\/media\/5297"}],"wp:attachment":[{"href":"https:\/\/cpvsantiago.gob.ar\/web\/wp-json\/wp\/v2\/media?parent=5290"}],"wp:term":[{"taxonomy":"category","embeddable":true,"href":"https:\/\/cpvsantiago.gob.ar\/web\/wp-json\/wp\/v2\/categories?post=5290"},{"taxonomy":"post_tag","embeddable":true,"href":"https:\/\/cpvsantiago.gob.ar\/web\/wp-json\/wp\/v2\/tags?post=5290"}],"curies":[{"name":"wp","href":"https:\/\/api.w.org\/{rel}","templated":true}]}}