{"id":5348,"date":"2025-07-21T12:25:10","date_gmt":"2025-07-21T15:25:10","guid":{"rendered":"https:\/\/cpvsantiago.gob.ar\/web\/?p=5348"},"modified":"2025-07-21T12:29:36","modified_gmt":"2025-07-21T15:29:36","slug":"acciones-de-mejoramiento-efectuadas-por-operarios-del-c-p-v-de-zona-vial-1a-san-pedro","status":"publish","type":"post","link":"https:\/\/cpvsantiago.gob.ar\/web\/acciones-de-mejoramiento-efectuadas-por-operarios-del-c-p-v-de-zona-vial-1a-san-pedro\/","title":{"rendered":"Acciones de mejoramiento efectuadas por operarios del C.P.V. de Zona Vial 1A San Pedro\u00a0"},"content":{"rendered":"\n<p>En consonancia con las l\u00edneas de acci\u00f3n de mejoramiento de la red vial provincial del Gobierno de la Provincia, el Consejo Provincial de Vialidad mediante operarios de la Zona Vial N\u00b0 1 A \u201cSan Pedro\u201d realizaron acciones que mejoran y garantizan una circulaci\u00f3n m\u00e1s segura de vecinos, turistas, productores\u00a0 y transportistas.\u00a0<\/p>\n\n\n\n<p>Para ello, en el trayecto del Camino Real que une las localidades de Manogasta con Sil\u00edpica se trabaj\u00f3 efectuando limpieza de pr\u00e9stamo y reconstrucci\u00f3n de camino con riego trasportado y compactaci\u00f3n con rollo neum\u00e1tico en una longitud de 12 kil\u00f3metros.&nbsp;<\/p>\n\n\n\n<p>Tambi\u00e9n se hicieron tareas de desmalezado en Independencia Prolongaci\u00f3n desde Manogasta a Campo Alegre, de Campo Alegre a Sil\u00edpica y desde Sil\u00edpica a R.N. N\u00b0&nbsp; 9 en una longitud de 28 Kil\u00f3metros.<\/p>\n\n\n\n<figure class=\"wp-block-gallery has-nested-images columns-default is-cropped wp-block-gallery-1 is-layout-flex wp-block-gallery-is-layout-flex\">\n<figure class=\"wp-block-image size-large\"><a href=\"https:\/\/cpvsantiago.gob.ar\/web\/wp-content\/uploads\/2025\/07\/001-1.jpg\"><img loading=\"lazy\" decoding=\"async\" width=\"450\" height=\"800\" data-id=\"5354\" src=\"https:\/\/cpvsantiago.gob.ar\/web\/wp-content\/uploads\/2025\/07\/001-1.jpg\" alt=\"\" class=\"wp-image-5354\" srcset=\"https:\/\/cpvsantiago.gob.ar\/web\/wp-content\/uploads\/2025\/07\/001-1.jpg 450w, https:\/\/cpvsantiago.gob.ar\/web\/wp-content\/uploads\/2025\/07\/001-1-169x300.jpg 169w, https:\/\/cpvsantiago.gob.ar\/web\/wp-content\/uploads\/2025\/07\/001-1-150x267.jpg 150w, https:\/\/cpvsantiago.gob.ar\/web\/wp-content\/uploads\/2025\/07\/001-1-300x533.jpg 300w\" sizes=\"auto, (max-width: 450px) 100vw, 450px\" \/><\/a><\/figure>\n\n\n\n<figure class=\"wp-block-image size-large\"><a href=\"https:\/\/cpvsantiago.gob.ar\/web\/wp-content\/uploads\/2025\/07\/001-2.jpg\"><img loading=\"lazy\" decoding=\"async\" width=\"600\" height=\"800\" data-id=\"5355\" src=\"https:\/\/cpvsantiago.gob.ar\/web\/wp-content\/uploads\/2025\/07\/001-2.jpg\" alt=\"\" class=\"wp-image-5355\" srcset=\"https:\/\/cpvsantiago.gob.ar\/web\/wp-content\/uploads\/2025\/07\/001-2.jpg 600w, https:\/\/cpvsantiago.gob.ar\/web\/wp-content\/uploads\/2025\/07\/001-2-225x300.jpg 225w, https:\/\/cpvsantiago.gob.ar\/web\/wp-content\/uploads\/2025\/07\/001-2-150x200.jpg 150w, https:\/\/cpvsantiago.gob.ar\/web\/wp-content\/uploads\/2025\/07\/001-2-300x400.jpg 300w\" sizes=\"auto, (max-width: 600px) 100vw, 600px\" \/><\/a><\/figure>\n\n\n\n<figure class=\"wp-block-image size-large\"><a href=\"https:\/\/cpvsantiago.gob.ar\/web\/wp-content\/uploads\/2025\/07\/002-4.jpg\"><img loading=\"lazy\" decoding=\"async\" width=\"600\" height=\"800\" data-id=\"5356\" src=\"https:\/\/cpvsantiago.gob.ar\/web\/wp-content\/uploads\/2025\/07\/002-4.jpg\" alt=\"\" class=\"wp-image-5356\" srcset=\"https:\/\/cpvsantiago.gob.ar\/web\/wp-content\/uploads\/2025\/07\/002-4.jpg 600w, https:\/\/cpvsantiago.gob.ar\/web\/wp-content\/uploads\/2025\/07\/002-4-225x300.jpg 225w, https:\/\/cpvsantiago.gob.ar\/web\/wp-content\/uploads\/2025\/07\/002-4-150x200.jpg 150w, https:\/\/cpvsantiago.gob.ar\/web\/wp-content\/uploads\/2025\/07\/002-4-300x400.jpg 300w\" sizes=\"auto, (max-width: 600px) 100vw, 600px\" \/><\/a><\/figure>\n\n\n\n<figure class=\"wp-block-image size-large\"><a href=\"https:\/\/cpvsantiago.gob.ar\/web\/wp-content\/uploads\/2025\/07\/002-3.jpg\"><img loading=\"lazy\" decoding=\"async\" width=\"450\" height=\"800\" data-id=\"5352\" src=\"https:\/\/cpvsantiago.gob.ar\/web\/wp-content\/uploads\/2025\/07\/002-3.jpg\" alt=\"\" class=\"wp-image-5352\" srcset=\"https:\/\/cpvsantiago.gob.ar\/web\/wp-content\/uploads\/2025\/07\/002-3.jpg 450w, https:\/\/cpvsantiago.gob.ar\/web\/wp-content\/uploads\/2025\/07\/002-3-169x300.jpg 169w, https:\/\/cpvsantiago.gob.ar\/web\/wp-content\/uploads\/2025\/07\/002-3-150x267.jpg 150w, https:\/\/cpvsantiago.gob.ar\/web\/wp-content\/uploads\/2025\/07\/002-3-300x533.jpg 300w\" sizes=\"auto, (max-width: 450px) 100vw, 450px\" \/><\/a><\/figure>\n\n\n\n<figure class=\"wp-block-image size-large\"><a href=\"https:\/\/cpvsantiago.gob.ar\/web\/wp-content\/uploads\/2025\/07\/003-3.jpg\"><img loading=\"lazy\" decoding=\"async\" width=\"450\" height=\"800\" data-id=\"5353\" src=\"https:\/\/cpvsantiago.gob.ar\/web\/wp-content\/uploads\/2025\/07\/003-3.jpg\" alt=\"\" class=\"wp-image-5353\" srcset=\"https:\/\/cpvsantiago.gob.ar\/web\/wp-content\/uploads\/2025\/07\/003-3.jpg 450w, https:\/\/cpvsantiago.gob.ar\/web\/wp-content\/uploads\/2025\/07\/003-3-169x300.jpg 169w, https:\/\/cpvsantiago.gob.ar\/web\/wp-content\/uploads\/2025\/07\/003-3-150x267.jpg 150w, https:\/\/cpvsantiago.gob.ar\/web\/wp-content\/uploads\/2025\/07\/003-3-300x533.jpg 300w\" sizes=\"auto, (max-width: 450px) 100vw, 450px\" \/><\/a><\/figure>\n<\/figure>\n\n\n\n<figure class=\"wp-block-video\"><video height=\"360\" style=\"aspect-ratio: 636 \/ 360;\" width=\"636\" controls src=\"https:\/\/cpvsantiago.gob.ar\/web\/wp-content\/uploads\/2025\/07\/WhatsApp-Video-2025-07-17-at-7.27.29-PM-Compressed-with-FlexClip.mp4\"><\/video><\/figure>\n\n\n\n<figure class=\"wp-block-video\"><video height=\"360\" style=\"aspect-ratio: 636 \/ 360;\" width=\"636\" controls src=\"https:\/\/cpvsantiago.gob.ar\/web\/wp-content\/uploads\/2025\/07\/WhatsApp-Video-2025-07-17-at-7.27.30-PM-Compressed-with-FlexClip.mp4\"><\/video><\/figure>\n\n\n\n<figure class=\"wp-block-video\"><video height=\"360\" style=\"aspect-ratio: 646 \/ 360;\" width=\"646\" controls src=\"https:\/\/cpvsantiago.gob.ar\/web\/wp-content\/uploads\/2025\/07\/WhatsApp-Video-2025-07-17-at-7.27.29-PM-1-Compressed-with-FlexClip.mp4\"><\/video><\/figure>\n\n\n\n<figure class=\"wp-block-video\"><video height=\"360\" style=\"aspect-ratio: 636 \/ 360;\" width=\"636\" controls src=\"https:\/\/cpvsantiago.gob.ar\/web\/wp-content\/uploads\/2025\/07\/WhatsApp-Video-2025-07-17-at-7.27.29-PM-Compressed-with-FlexClip-1.mp4\"><\/video><\/figure>\n","protected":false},"excerpt":{"rendered":"<p>En consonancia con las l\u00edneas de acci\u00f3n de mejoramiento de la red vial provincial del Gobierno de la Provincia, el Consejo Provincial de Vialidad mediante operarios de la Zona Vial N\u00b0 1 A \u201cSan Pedro\u201d realizaron acciones que mejoran y garantizan una circulaci\u00f3n m\u00e1s segura de vecinos, turistas, productores\u00a0 y transportistas.\u00a0 Para ello, en el [&hellip;]<\/p>\n","protected":false},"author":2,"featured_media":5364,"comment_status":"open","ping_status":"open","sticky":false,"template":"","format":"standard","meta":{"footnotes":""},"categories":[5,3],"tags":[],"class_list":{"0":"post-5348","1":"post","2":"type-post","3":"status-publish","4":"format-standard","5":"has-post-thumbnail","7":"category-noticias","8":"category-zonas_viales"},"yoast_head":"<!-- This site is optimized with the Yoast SEO Premium plugin v24.8 (Yoast SEO v27.2) - https:\/\/yoast.com\/product\/yoast-seo-premium-wordpress\/ -->\n<title>Acciones de mejoramiento efectuadas por operarios del C.P.V. de Zona Vial 1A San Pedro\u00a0 - Consejo Provincial de Vialidad de la Provincia de Santiago del Estero<\/title>\n<meta name=\"robots\" content=\"index, follow, max-snippet:-1, max-image-preview:large, max-video-preview:-1\" \/>\n<link rel=\"canonical\" href=\"https:\/\/cpvsantiago.gob.ar\/web\/acciones-de-mejoramiento-efectuadas-por-operarios-del-c-p-v-de-zona-vial-1a-san-pedro\/\" \/>\n<meta property=\"og:locale\" content=\"es_ES\" \/>\n<meta property=\"og:type\" content=\"article\" \/>\n<meta property=\"og:title\" content=\"Acciones de mejoramiento efectuadas por operarios del C.P.V. de Zona Vial 1A San Pedro\u00a0\" \/>\n<meta property=\"og:description\" content=\"En consonancia con las l\u00edneas de acci\u00f3n de mejoramiento de la red vial provincial del Gobierno de la Provincia, el Consejo Provincial de Vialidad mediante operarios de la Zona Vial N\u00b0 1 A \u201cSan Pedro\u201d realizaron acciones que mejoran y garantizan una circulaci\u00f3n m\u00e1s segura de vecinos, turistas, productores\u00a0 y transportistas.\u00a0 Para ello, en el [&hellip;]\" \/>\n<meta property=\"og:url\" content=\"https:\/\/cpvsantiago.gob.ar\/web\/acciones-de-mejoramiento-efectuadas-por-operarios-del-c-p-v-de-zona-vial-1a-san-pedro\/\" \/>\n<meta property=\"og:site_name\" content=\"Consejo Provincial de Vialidad de la Provincia de Santiago del Estero\" \/>\n<meta property=\"article:published_time\" content=\"2025-07-21T15:25:10+00:00\" \/>\n<meta property=\"article:modified_time\" content=\"2025-07-21T15:29:36+00:00\" \/>\n<meta property=\"og:image\" content=\"https:\/\/cpvsantiago.gob.ar\/web\/wp-content\/uploads\/2025\/07\/portada-web-03.jpeg\" \/>\n\t<meta property=\"og:image:width\" content=\"960\" \/>\n\t<meta property=\"og:image:height\" content=\"624\" \/>\n\t<meta property=\"og:image:type\" content=\"image\/jpeg\" \/>\n<meta name=\"author\" content=\"cpv\" \/>\n<meta name=\"twitter:card\" content=\"summary_large_image\" \/>\n<meta name=\"twitter:label1\" content=\"Escrito por\" \/>\n\t<meta name=\"twitter:data1\" content=\"cpv\" \/>\n\t<meta name=\"twitter:label2\" content=\"Tiempo de lectura\" \/>\n\t<meta name=\"twitter:data2\" content=\"2 minutos\" \/>\n<script type=\"application\/ld+json\" class=\"yoast-schema-graph\">{\"@context\":\"https:\/\/schema.org\",\"@graph\":[{\"@type\":\"Article\",\"@id\":\"https:\/\/cpvsantiago.gob.ar\/web\/acciones-de-mejoramiento-efectuadas-por-operarios-del-c-p-v-de-zona-vial-1a-san-pedro\/#article\",\"isPartOf\":{\"@id\":\"https:\/\/cpvsantiago.gob.ar\/web\/acciones-de-mejoramiento-efectuadas-por-operarios-del-c-p-v-de-zona-vial-1a-san-pedro\/\"},\"author\":{\"name\":\"cpv\",\"@id\":\"https:\/\/cpvsantiago.gob.ar\/web\/#\/schema\/person\/aa59e9835d5eb750d8585c860224dc06\"},\"headline\":\"Acciones de mejoramiento efectuadas por operarios del C.P.V. de Zona Vial 1A San Pedro\u00a0\",\"datePublished\":\"2025-07-21T15:25:10+00:00\",\"dateModified\":\"2025-07-21T15:29:36+00:00\",\"mainEntityOfPage\":{\"@id\":\"https:\/\/cpvsantiago.gob.ar\/web\/acciones-de-mejoramiento-efectuadas-por-operarios-del-c-p-v-de-zona-vial-1a-san-pedro\/\"},\"wordCount\":153,\"commentCount\":0,\"image\":{\"@id\":\"https:\/\/cpvsantiago.gob.ar\/web\/acciones-de-mejoramiento-efectuadas-por-operarios-del-c-p-v-de-zona-vial-1a-san-pedro\/#primaryimage\"},\"thumbnailUrl\":\"https:\/\/cpvsantiago.gob.ar\/web\/wp-content\/uploads\/2025\/07\/portada-web-03.jpeg\",\"articleSection\":[\"Noticias\",\"Zonas Viales\"],\"inLanguage\":\"es\",\"potentialAction\":[{\"@type\":\"CommentAction\",\"name\":\"Comment\",\"target\":[\"https:\/\/cpvsantiago.gob.ar\/web\/acciones-de-mejoramiento-efectuadas-por-operarios-del-c-p-v-de-zona-vial-1a-san-pedro\/#respond\"]}]},{\"@type\":\"WebPage\",\"@id\":\"https:\/\/cpvsantiago.gob.ar\/web\/acciones-de-mejoramiento-efectuadas-por-operarios-del-c-p-v-de-zona-vial-1a-san-pedro\/\",\"url\":\"https:\/\/cpvsantiago.gob.ar\/web\/acciones-de-mejoramiento-efectuadas-por-operarios-del-c-p-v-de-zona-vial-1a-san-pedro\/\",\"name\":\"Acciones de mejoramiento efectuadas por operarios del C.P.V. de Zona Vial 1A San Pedro\u00a0 - Consejo Provincial de Vialidad de la Provincia de Santiago del Estero\",\"isPartOf\":{\"@id\":\"https:\/\/cpvsantiago.gob.ar\/web\/#website\"},\"primaryImageOfPage\":{\"@id\":\"https:\/\/cpvsantiago.gob.ar\/web\/acciones-de-mejoramiento-efectuadas-por-operarios-del-c-p-v-de-zona-vial-1a-san-pedro\/#primaryimage\"},\"image\":{\"@id\":\"https:\/\/cpvsantiago.gob.ar\/web\/acciones-de-mejoramiento-efectuadas-por-operarios-del-c-p-v-de-zona-vial-1a-san-pedro\/#primaryimage\"},\"thumbnailUrl\":\"https:\/\/cpvsantiago.gob.ar\/web\/wp-content\/uploads\/2025\/07\/portada-web-03.jpeg\",\"datePublished\":\"2025-07-21T15:25:10+00:00\",\"dateModified\":\"2025-07-21T15:29:36+00:00\",\"author\":{\"@id\":\"https:\/\/cpvsantiago.gob.ar\/web\/#\/schema\/person\/aa59e9835d5eb750d8585c860224dc06\"},\"breadcrumb\":{\"@id\":\"https:\/\/cpvsantiago.gob.ar\/web\/acciones-de-mejoramiento-efectuadas-por-operarios-del-c-p-v-de-zona-vial-1a-san-pedro\/#breadcrumb\"},\"inLanguage\":\"es\",\"potentialAction\":[{\"@type\":\"ReadAction\",\"target\":[\"https:\/\/cpvsantiago.gob.ar\/web\/acciones-de-mejoramiento-efectuadas-por-operarios-del-c-p-v-de-zona-vial-1a-san-pedro\/\"]}]},{\"@type\":\"ImageObject\",\"inLanguage\":\"es\",\"@id\":\"https:\/\/cpvsantiago.gob.ar\/web\/acciones-de-mejoramiento-efectuadas-por-operarios-del-c-p-v-de-zona-vial-1a-san-pedro\/#primaryimage\",\"url\":\"https:\/\/cpvsantiago.gob.ar\/web\/wp-content\/uploads\/2025\/07\/portada-web-03.jpeg\",\"contentUrl\":\"https:\/\/cpvsantiago.gob.ar\/web\/wp-content\/uploads\/2025\/07\/portada-web-03.jpeg\",\"width\":960,\"height\":624},{\"@type\":\"BreadcrumbList\",\"@id\":\"https:\/\/cpvsantiago.gob.ar\/web\/acciones-de-mejoramiento-efectuadas-por-operarios-del-c-p-v-de-zona-vial-1a-san-pedro\/#breadcrumb\",\"itemListElement\":[{\"@type\":\"ListItem\",\"position\":1,\"name\":\"Portada\",\"item\":\"https:\/\/cpvsantiago.gob.ar\/web\/\"},{\"@type\":\"ListItem\",\"position\":2,\"name\":\"Acciones de mejoramiento efectuadas por operarios del C.P.V. de Zona Vial 1A San Pedro\u00a0\"}]},{\"@type\":\"WebSite\",\"@id\":\"https:\/\/cpvsantiago.gob.ar\/web\/#website\",\"url\":\"https:\/\/cpvsantiago.gob.ar\/web\/\",\"name\":\"Consejo Provincial de Vialidad de la Provincia de Santiago del Estero\",\"description\":\"CPV Santiago del Estero\",\"potentialAction\":[{\"@type\":\"SearchAction\",\"target\":{\"@type\":\"EntryPoint\",\"urlTemplate\":\"https:\/\/cpvsantiago.gob.ar\/web\/?s={search_term_string}\"},\"query-input\":{\"@type\":\"PropertyValueSpecification\",\"valueRequired\":true,\"valueName\":\"search_term_string\"}}],\"inLanguage\":\"es\"},{\"@type\":\"Person\",\"@id\":\"https:\/\/cpvsantiago.gob.ar\/web\/#\/schema\/person\/aa59e9835d5eb750d8585c860224dc06\",\"name\":\"cpv\",\"image\":{\"@type\":\"ImageObject\",\"inLanguage\":\"es\",\"@id\":\"https:\/\/secure.gravatar.com\/avatar\/484802c719c69b738102ad3161a3d525b188c752ad36109725aeae22171ead58?s=96&d=mm&r=g\",\"url\":\"https:\/\/secure.gravatar.com\/avatar\/484802c719c69b738102ad3161a3d525b188c752ad36109725aeae22171ead58?s=96&d=mm&r=g\",\"contentUrl\":\"https:\/\/secure.gravatar.com\/avatar\/484802c719c69b738102ad3161a3d525b188c752ad36109725aeae22171ead58?s=96&d=mm&r=g\",\"caption\":\"cpv\"},\"url\":\"https:\/\/cpvsantiago.gob.ar\/web\/author\/h8000593\/\"}]}<\/script>\n<!-- \/ Yoast SEO Premium plugin. -->","yoast_head_json":{"title":"Acciones de mejoramiento efectuadas por operarios del C.P.V. de Zona Vial 1A San Pedro\u00a0 - Consejo Provincial de Vialidad de la Provincia de Santiago del Estero","robots":{"index":"index","follow":"follow","max-snippet":"max-snippet:-1","max-image-preview":"max-image-preview:large","max-video-preview":"max-video-preview:-1"},"canonical":"https:\/\/cpvsantiago.gob.ar\/web\/acciones-de-mejoramiento-efectuadas-por-operarios-del-c-p-v-de-zona-vial-1a-san-pedro\/","og_locale":"es_ES","og_type":"article","og_title":"Acciones de mejoramiento efectuadas por operarios del C.P.V. de Zona Vial 1A San Pedro\u00a0","og_description":"En consonancia con las l\u00edneas de acci\u00f3n de mejoramiento de la red vial provincial del Gobierno de la Provincia, el Consejo Provincial de Vialidad mediante operarios de la Zona Vial N\u00b0 1 A \u201cSan Pedro\u201d realizaron acciones que mejoran y garantizan una circulaci\u00f3n m\u00e1s segura de vecinos, turistas, productores\u00a0 y transportistas.\u00a0 Para ello, en el [&hellip;]","og_url":"https:\/\/cpvsantiago.gob.ar\/web\/acciones-de-mejoramiento-efectuadas-por-operarios-del-c-p-v-de-zona-vial-1a-san-pedro\/","og_site_name":"Consejo Provincial de Vialidad de la Provincia de Santiago del Estero","article_published_time":"2025-07-21T15:25:10+00:00","article_modified_time":"2025-07-21T15:29:36+00:00","og_image":[{"width":960,"height":624,"url":"https:\/\/cpvsantiago.gob.ar\/web\/wp-content\/uploads\/2025\/07\/portada-web-03.jpeg","type":"image\/jpeg"}],"author":"cpv","twitter_card":"summary_large_image","twitter_misc":{"Escrito por":"cpv","Tiempo de lectura":"2 minutos"},"schema":{"@context":"https:\/\/schema.org","@graph":[{"@type":"Article","@id":"https:\/\/cpvsantiago.gob.ar\/web\/acciones-de-mejoramiento-efectuadas-por-operarios-del-c-p-v-de-zona-vial-1a-san-pedro\/#article","isPartOf":{"@id":"https:\/\/cpvsantiago.gob.ar\/web\/acciones-de-mejoramiento-efectuadas-por-operarios-del-c-p-v-de-zona-vial-1a-san-pedro\/"},"author":{"name":"cpv","@id":"https:\/\/cpvsantiago.gob.ar\/web\/#\/schema\/person\/aa59e9835d5eb750d8585c860224dc06"},"headline":"Acciones de mejoramiento efectuadas por operarios del C.P.V. de Zona Vial 1A San Pedro\u00a0","datePublished":"2025-07-21T15:25:10+00:00","dateModified":"2025-07-21T15:29:36+00:00","mainEntityOfPage":{"@id":"https:\/\/cpvsantiago.gob.ar\/web\/acciones-de-mejoramiento-efectuadas-por-operarios-del-c-p-v-de-zona-vial-1a-san-pedro\/"},"wordCount":153,"commentCount":0,"image":{"@id":"https:\/\/cpvsantiago.gob.ar\/web\/acciones-de-mejoramiento-efectuadas-por-operarios-del-c-p-v-de-zona-vial-1a-san-pedro\/#primaryimage"},"thumbnailUrl":"https:\/\/cpvsantiago.gob.ar\/web\/wp-content\/uploads\/2025\/07\/portada-web-03.jpeg","articleSection":["Noticias","Zonas Viales"],"inLanguage":"es","potentialAction":[{"@type":"CommentAction","name":"Comment","target":["https:\/\/cpvsantiago.gob.ar\/web\/acciones-de-mejoramiento-efectuadas-por-operarios-del-c-p-v-de-zona-vial-1a-san-pedro\/#respond"]}]},{"@type":"WebPage","@id":"https:\/\/cpvsantiago.gob.ar\/web\/acciones-de-mejoramiento-efectuadas-por-operarios-del-c-p-v-de-zona-vial-1a-san-pedro\/","url":"https:\/\/cpvsantiago.gob.ar\/web\/acciones-de-mejoramiento-efectuadas-por-operarios-del-c-p-v-de-zona-vial-1a-san-pedro\/","name":"Acciones de mejoramiento efectuadas por operarios del C.P.V. de Zona Vial 1A San Pedro\u00a0 - Consejo Provincial de Vialidad de la Provincia de Santiago del Estero","isPartOf":{"@id":"https:\/\/cpvsantiago.gob.ar\/web\/#website"},"primaryImageOfPage":{"@id":"https:\/\/cpvsantiago.gob.ar\/web\/acciones-de-mejoramiento-efectuadas-por-operarios-del-c-p-v-de-zona-vial-1a-san-pedro\/#primaryimage"},"image":{"@id":"https:\/\/cpvsantiago.gob.ar\/web\/acciones-de-mejoramiento-efectuadas-por-operarios-del-c-p-v-de-zona-vial-1a-san-pedro\/#primaryimage"},"thumbnailUrl":"https:\/\/cpvsantiago.gob.ar\/web\/wp-content\/uploads\/2025\/07\/portada-web-03.jpeg","datePublished":"2025-07-21T15:25:10+00:00","dateModified":"2025-07-21T15:29:36+00:00","author":{"@id":"https:\/\/cpvsantiago.gob.ar\/web\/#\/schema\/person\/aa59e9835d5eb750d8585c860224dc06"},"breadcrumb":{"@id":"https:\/\/cpvsantiago.gob.ar\/web\/acciones-de-mejoramiento-efectuadas-por-operarios-del-c-p-v-de-zona-vial-1a-san-pedro\/#breadcrumb"},"inLanguage":"es","potentialAction":[{"@type":"ReadAction","target":["https:\/\/cpvsantiago.gob.ar\/web\/acciones-de-mejoramiento-efectuadas-por-operarios-del-c-p-v-de-zona-vial-1a-san-pedro\/"]}]},{"@type":"ImageObject","inLanguage":"es","@id":"https:\/\/cpvsantiago.gob.ar\/web\/acciones-de-mejoramiento-efectuadas-por-operarios-del-c-p-v-de-zona-vial-1a-san-pedro\/#primaryimage","url":"https:\/\/cpvsantiago.gob.ar\/web\/wp-content\/uploads\/2025\/07\/portada-web-03.jpeg","contentUrl":"https:\/\/cpvsantiago.gob.ar\/web\/wp-content\/uploads\/2025\/07\/portada-web-03.jpeg","width":960,"height":624},{"@type":"BreadcrumbList","@id":"https:\/\/cpvsantiago.gob.ar\/web\/acciones-de-mejoramiento-efectuadas-por-operarios-del-c-p-v-de-zona-vial-1a-san-pedro\/#breadcrumb","itemListElement":[{"@type":"ListItem","position":1,"name":"Portada","item":"https:\/\/cpvsantiago.gob.ar\/web\/"},{"@type":"ListItem","position":2,"name":"Acciones de mejoramiento efectuadas por operarios del C.P.V. de Zona Vial 1A San Pedro\u00a0"}]},{"@type":"WebSite","@id":"https:\/\/cpvsantiago.gob.ar\/web\/#website","url":"https:\/\/cpvsantiago.gob.ar\/web\/","name":"Consejo Provincial de Vialidad de la Provincia de Santiago del Estero","description":"CPV Santiago del Estero","potentialAction":[{"@type":"SearchAction","target":{"@type":"EntryPoint","urlTemplate":"https:\/\/cpvsantiago.gob.ar\/web\/?s={search_term_string}"},"query-input":{"@type":"PropertyValueSpecification","valueRequired":true,"valueName":"search_term_string"}}],"inLanguage":"es"},{"@type":"Person","@id":"https:\/\/cpvsantiago.gob.ar\/web\/#\/schema\/person\/aa59e9835d5eb750d8585c860224dc06","name":"cpv","image":{"@type":"ImageObject","inLanguage":"es","@id":"https:\/\/secure.gravatar.com\/avatar\/484802c719c69b738102ad3161a3d525b188c752ad36109725aeae22171ead58?s=96&d=mm&r=g","url":"https:\/\/secure.gravatar.com\/avatar\/484802c719c69b738102ad3161a3d525b188c752ad36109725aeae22171ead58?s=96&d=mm&r=g","contentUrl":"https:\/\/secure.gravatar.com\/avatar\/484802c719c69b738102ad3161a3d525b188c752ad36109725aeae22171ead58?s=96&d=mm&r=g","caption":"cpv"},"url":"https:\/\/cpvsantiago.gob.ar\/web\/author\/h8000593\/"}]}},"_links":{"self":[{"href":"https:\/\/cpvsantiago.gob.ar\/web\/wp-json\/wp\/v2\/posts\/5348","targetHints":{"allow":["GET"]}}],"collection":[{"href":"https:\/\/cpvsantiago.gob.ar\/web\/wp-json\/wp\/v2\/posts"}],"about":[{"href":"https:\/\/cpvsantiago.gob.ar\/web\/wp-json\/wp\/v2\/types\/post"}],"author":[{"embeddable":true,"href":"https:\/\/cpvsantiago.gob.ar\/web\/wp-json\/wp\/v2\/users\/2"}],"replies":[{"embeddable":true,"href":"https:\/\/cpvsantiago.gob.ar\/web\/wp-json\/wp\/v2\/comments?post=5348"}],"version-history":[{"count":1,"href":"https:\/\/cpvsantiago.gob.ar\/web\/wp-json\/wp\/v2\/posts\/5348\/revisions"}],"predecessor-version":[{"id":5362,"href":"https:\/\/cpvsantiago.gob.ar\/web\/wp-json\/wp\/v2\/posts\/5348\/revisions\/5362"}],"wp:featuredmedia":[{"embeddable":true,"href":"https:\/\/cpvsantiago.gob.ar\/web\/wp-json\/wp\/v2\/media\/5364"}],"wp:attachment":[{"href":"https:\/\/cpvsantiago.gob.ar\/web\/wp-json\/wp\/v2\/media?parent=5348"}],"wp:term":[{"taxonomy":"category","embeddable":true,"href":"https:\/\/cpvsantiago.gob.ar\/web\/wp-json\/wp\/v2\/categories?post=5348"},{"taxonomy":"post_tag","embeddable":true,"href":"https:\/\/cpvsantiago.gob.ar\/web\/wp-json\/wp\/v2\/tags?post=5348"}],"curies":[{"name":"wp","href":"https:\/\/api.w.org\/{rel}","templated":true}]}}